{"id":136930,"date":"2026-03-14T18:47:38","date_gmt":"2026-03-14T18:47:38","guid":{"rendered":"https:\/\/www.africa-press.net\/congo-kinshasa\/politique\/tshisekedi-limite-creation-structures-publiques"},"modified":"2026-03-15T23:26:31","modified_gmt":"2026-03-15T23:26:31","slug":"tshisekedi-limite-creation-structures-publiques","status":"publish","type":"post","link":"https:\/\/www.africa-press.net\/congo-kinshasa\/politique\/tshisekedi-limite-creation-structures-publiques","title":{"rendered":"Tshisekedi Limite Cr\u00e9ation Structures Publiques"},"content":{"rendered":"<p><span class=\"ap-article-header-tag\"> <strong>Africa-Press &#8211; Congo Kinshasa. <\/strong> <\/span><b>Le Pre\u0301sident de la Re\u0301publique, Fe\u0301lix Tshisekedi, a place\u0301 la rationalisation des de\u0301penses publiques au c\u0153ur des priorite\u0301s du Gouvernement, lors de la 82e re\u0301union du Conseil des ministres, tenue, vendredi 13 mars 2026, a\u0300 la Cite\u0301 de l\u2019Union africaine. Face a\u0300 la prolife\u0301ration des fonds, commissions, cellules et autres structures publiques, le chef de l\u2019E\u0301tat a de\u0301cide\u0301 de renforcer leur encadrement pour pre\u0301server les e\u0301quilibres macroe\u0301conomiques du pays.<\/b><\/p>\n<p>Selon le compte-rendu officiel lu par le porte-parole du Gouvernement, Patrick Muyaya Katembwe, le Pre\u0301sident Tshisekedi a insiste\u0301 sur la ne\u0301cessite\u0301 d\u2019allouer les ressources publiques de manie\u0300re efficiente, en e\u0301liminant les de\u0301penses non prioritaires ou insuffisamment justifie\u0301es et en renforc\u0327ant la discipline dans l\u2019organisation de l\u2019action publique.<\/p>\n<p>Pour garantir la cohe\u0301rence et la soutenabilite\u0301 financie\u0300re de ces structures, toute cre\u0301ation future devra de\u0301sormais e\u0302tre valide\u0301e pre\u0301alablement par la Premie\u0300re Ministre, qui e\u0301valuera la pertinence strate\u0301gique, la valeur ajoute\u0301e institutionnelle et l\u2019impact budge\u0301taire avant de soumettre le projet a\u0300 l\u2019arbitrage final du Pre\u0301sident de la Re\u0301publique.<\/p>\n<p>Paralle\u0300lement, le Gouvernement proce\u0301dera a\u0300 une e\u0301valuation globale des structures existantes. L\u2019exercice visera a\u0300 distinguer celles dont l\u2019utilite\u0301 est ave\u0301re\u0301e et qui contribuent efficacement a\u0300 la mise en \u0153uvre des politiques publiques, de celles dont la pertinence est limite\u0301e ou dont les missions peuvent e\u0302tre absorbe\u0301es par des structures de\u0301ja\u0300 en place, afin de re\u0301duire les doublons et optimiser les ressources de l\u2019E\u0301tat.<\/p>\n<p>Cette de\u0301cision traduit la volonte\u0301 de Kinshasa de renforcer la discipline budge\u0301taire et d\u2019assurer une gestion plus rationnelle des fonds publics, dans un contexte ou\u0300 la mai\u0302trise des de\u0301penses apparai\u0302t comme un levier essentiel pour la stabilite\u0301 e\u0301conomique et le financement des priorite\u0301s nationales.<\/p>\n<p class=\"ap-article-footer-note\">Retrouvez plus d\u2019actualit\u00e9s et d\u2019analyses sur <span class=\"ap-highlight-country\">Congo Kinshasa<\/span> sur le site <span class=\"ap-highlight-brand\">Africa Press<\/span><\/p>\n","protected":false},"excerpt":{"rendered":"<p>Africa-Press &#8211; Congo Kinshasa. Le Pre\u0301sident de la Re\u0301publique, Fe\u0301lix Tshisekedi, a place\u0301 la rationalisation des de\u0301penses publiques au c\u0153ur des priorite\u0301s du Gouvernement, lors de la 82e re\u0301union du Conseil des ministres, tenue, vendredi 13 mars 2026, a\u0300 la Cite\u0301 de l\u2019Union africaine. Face a\u0300 la prolife\u0301ration des fonds, commissions, cellules et autres structures [&hellip;]<\/p>\n","protected":false},"author":82,"featured_media":136929,"comment_status":"open","ping_status":"closed","sticky":false,"template":"","format":"standard","meta":{"footnotes":""},"categories":[3,2,10],"tags":[46],"class_list":["post-136930","post","type-post","status-publish","format-standard","has-post-thumbnail","hentry","category-economie","category-politique","category-toutes-les-actualites","tag-congo-kinshasa"],"yoast_head":"<!-- This site is optimized with the Yoast SEO Premium plugin v26.1 (Yoast SEO v27.0) - https:\/\/yoast.com\/product\/yoast-seo-premium-wordpress\/ -->\n<title>Tshisekedi Limite Cr\u00e9ation Structures Publiques - Congo-kinshasa<\/title>\n<meta name=\"description\" content=\"-article-header-tag&quot;&gt; Africa-Press - Congo Kinshasa. Le Pre\u0301sident de la R ...\" \/>\n<meta name=\"robots\" content=\"index, follow, max-snippet:-1, max-image-preview:large, max-video-preview:-1\" \/>\n<link rel=\"canonical\" href=\"https:\/\/www.africa-press.net\/congo-kinshasa\/politique\/tshisekedi-limite-creation-structures-publiques\" \/>\n<meta property=\"og:locale\" content=\"fr_FR\" \/>\n<meta property=\"og:type\" content=\"article\" \/>\n<meta property=\"og:title\" content=\"Tshisekedi Limite Cr\u00e9ation Structures Publiques\" \/>\n<meta property=\"og:description\" content=\"-article-header-tag&quot;&gt; Africa-Press - Congo Kinshasa. Le Pre\u0301sident de la R ...\" \/>\n<meta property=\"og:url\" content=\"https:\/\/www.africa-press.net\/congo-kinshasa\/politique\/tshisekedi-limite-creation-structures-publiques\" \/>\n<meta property=\"og:site_name\" content=\"Congo-kinshasa\" \/>\n<meta property=\"article:published_time\" content=\"2026-03-14T18:47:38+00:00\" \/>\n<meta property=\"article:modified_time\" content=\"2026-03-15T23:26:31+00:00\" \/>\n<meta property=\"og:image\" content=\"https:\/\/static.africa-press.net\/congo-kinshasa\/sites\/49\/2026\/03\/sm_1773516625.079791.jpg\" \/>\n\t<meta property=\"og:image:width\" content=\"1044\" \/>\n\t<meta property=\"og:image:height\" content=\"696\" \/>\n\t<meta property=\"og:image:type\" content=\"image\/jpeg\" \/>\n<meta name=\"author\" content=\"cfeditorfr\" \/>\n<meta name=\"twitter:card\" content=\"summary_large_image\" \/>\n<meta name=\"twitter:label1\" content=\"\u00c9crit par\" \/>\n\t<meta name=\"twitter:data1\" content=\"cfeditorfr\" \/>\n\t<meta name=\"twitter:label2\" content=\"Dur\u00e9e de lecture estim\u00e9e\" \/>\n\t<meta name=\"twitter:data2\" content=\"2 minutes\" \/>\n<script type=\"application\/ld+json\" class=\"yoast-schema-graph\">{\"@context\":\"https:\/\/schema.org\",\"@graph\":[{\"@type\":\"Article\",\"@id\":\"https:\/\/www.africa-press.net\/congo-kinshasa\/politique\/tshisekedi-limite-creation-structures-publiques#article\",\"isPartOf\":{\"@id\":\"https:\/\/www.africa-press.net\/congo-kinshasa\/politique\/tshisekedi-limite-creation-structures-publiques\"},\"author\":{\"name\":\"cfeditorfr\",\"@id\":\"https:\/\/www.africa-press.net\/congo-kinshasa\/#\/schema\/person\/2b1cf3cd81a31e3cd26889ca66d677f1\"},\"headline\":\"Tshisekedi Limite Cr\u00e9ation Structures Publiques\",\"datePublished\":\"2026-03-14T18:47:38+00:00\",\"dateModified\":\"2026-03-15T23:26:31+00:00\",\"mainEntityOfPage\":{\"@id\":\"https:\/\/www.africa-press.net\/congo-kinshasa\/politique\/tshisekedi-limite-creation-structures-publiques\"},\"wordCount\":358,\"commentCount\":0,\"image\":{\"@id\":\"https:\/\/www.africa-press.net\/congo-kinshasa\/politique\/tshisekedi-limite-creation-structures-publiques#primaryimage\"},\"thumbnailUrl\":\"https:\/\/static.africa-press.net\/congo-kinshasa\/sites\/49\/2026\/03\/sm_1773516625.079791.jpg\",\"keywords\":[\"Congo Kinshasa\"],\"articleSection\":[\"\u00c9conomie\",\"Politique\",\"Toutes les actualit\u00e9s\"],\"inLanguage\":\"fr-FR\",\"potentialAction\":[{\"@type\":\"CommentAction\",\"name\":\"Comment\",\"target\":[\"https:\/\/www.africa-press.net\/congo-kinshasa\/politique\/tshisekedi-limite-creation-structures-publiques#respond\"]}]},{\"@type\":\"WebPage\",\"@id\":\"https:\/\/www.africa-press.net\/congo-kinshasa\/politique\/tshisekedi-limite-creation-structures-publiques\",\"url\":\"https:\/\/www.africa-press.net\/congo-kinshasa\/politique\/tshisekedi-limite-creation-structures-publiques\",\"name\":\"Tshisekedi Limite Cr\u00e9ation Structures Publiques - Congo-kinshasa\",\"isPartOf\":{\"@id\":\"https:\/\/www.africa-press.net\/congo-kinshasa\/#website\"},\"primaryImageOfPage\":{\"@id\":\"https:\/\/www.africa-press.net\/congo-kinshasa\/politique\/tshisekedi-limite-creation-structures-publiques#primaryimage\"},\"image\":{\"@id\":\"https:\/\/www.africa-press.net\/congo-kinshasa\/politique\/tshisekedi-limite-creation-structures-publiques#primaryimage\"},\"thumbnailUrl\":\"https:\/\/static.africa-press.net\/congo-kinshasa\/sites\/49\/2026\/03\/sm_1773516625.079791.jpg\",\"datePublished\":\"2026-03-14T18:47:38+00:00\",\"dateModified\":\"2026-03-15T23:26:31+00:00\",\"author\":{\"@id\":\"https:\/\/www.africa-press.net\/congo-kinshasa\/#\/schema\/person\/2b1cf3cd81a31e3cd26889ca66d677f1\"},\"description\":\"-article-header-tag\\\"> Africa-Press - Congo Kinshasa. Le Pre\u0301sident de la R ...\",\"breadcrumb\":{\"@id\":\"https:\/\/www.africa-press.net\/congo-kinshasa\/politique\/tshisekedi-limite-creation-structures-publiques#breadcrumb\"},\"inLanguage\":\"fr-FR\",\"potentialAction\":[{\"@type\":\"ReadAction\",\"target\":[\"https:\/\/www.africa-press.net\/congo-kinshasa\/politique\/tshisekedi-limite-creation-structures-publiques\"]}]},{\"@type\":\"ImageObject\",\"inLanguage\":\"fr-FR\",\"@id\":\"https:\/\/www.africa-press.net\/congo-kinshasa\/politique\/tshisekedi-limite-creation-structures-publiques#primaryimage\",\"url\":\"https:\/\/static.africa-press.net\/congo-kinshasa\/sites\/49\/2026\/03\/sm_1773516625.079791.jpg\",\"contentUrl\":\"https:\/\/static.africa-press.net\/congo-kinshasa\/sites\/49\/2026\/03\/sm_1773516625.079791.jpg\",\"width\":1044,\"height\":696,\"caption\":\"Tshisekedi Limite Cr\u00e9ation Structures Publiques\"},{\"@type\":\"BreadcrumbList\",\"@id\":\"https:\/\/www.africa-press.net\/congo-kinshasa\/politique\/tshisekedi-limite-creation-structures-publiques#breadcrumb\",\"itemListElement\":[{\"@type\":\"ListItem\",\"position\":1,\"name\":\"Accueil\",\"item\":\"https:\/\/www.africa-press.net\/congo-kinshasa\/\"},{\"@type\":\"ListItem\",\"position\":2,\"name\":\"Tshisekedi Limite Cr\u00e9ation Structures Publiques\"}]},{\"@type\":\"WebSite\",\"@id\":\"https:\/\/www.africa-press.net\/congo-kinshasa\/#website\",\"url\":\"https:\/\/www.africa-press.net\/congo-kinshasa\/\",\"name\":\"Congo-kinshasa\",\"description\":\"Just another Africa News Agency Sites site\",\"potentialAction\":[{\"@type\":\"SearchAction\",\"target\":{\"@type\":\"EntryPoint\",\"urlTemplate\":\"https:\/\/www.africa-press.net\/congo-kinshasa\/?s={search_term_string}\"},\"query-input\":{\"@type\":\"PropertyValueSpecification\",\"valueRequired\":true,\"valueName\":\"search_term_string\"}}],\"inLanguage\":\"fr-FR\"},{\"@type\":\"Person\",\"@id\":\"https:\/\/www.africa-press.net\/congo-kinshasa\/#\/schema\/person\/2b1cf3cd81a31e3cd26889ca66d677f1\",\"name\":\"cfeditorfr\"}]}<\/script>\n<!-- \/ Yoast SEO Premium plugin. -->","yoast_head_json":{"title":"Tshisekedi Limite Cr\u00e9ation Structures Publiques - Congo-kinshasa","description":"-article-header-tag\"> Africa-Press - Congo Kinshasa. Le Pre\u0301sident de la R ...","robots":{"index":"index","follow":"follow","max-snippet":"max-snippet:-1","max-image-preview":"max-image-preview:large","max-video-preview":"max-video-preview:-1"},"canonical":"https:\/\/www.africa-press.net\/congo-kinshasa\/politique\/tshisekedi-limite-creation-structures-publiques","og_locale":"fr_FR","og_type":"article","og_title":"Tshisekedi Limite Cr\u00e9ation Structures Publiques","og_description":"-article-header-tag\"> Africa-Press - Congo Kinshasa. Le Pre\u0301sident de la R ...","og_url":"https:\/\/www.africa-press.net\/congo-kinshasa\/politique\/tshisekedi-limite-creation-structures-publiques","og_site_name":"Congo-kinshasa","article_published_time":"2026-03-14T18:47:38+00:00","article_modified_time":"2026-03-15T23:26:31+00:00","og_image":[{"width":1044,"height":696,"url":"https:\/\/static.africa-press.net\/congo-kinshasa\/sites\/49\/2026\/03\/sm_1773516625.079791.jpg","type":"image\/jpeg"}],"author":"cfeditorfr","twitter_card":"summary_large_image","twitter_misc":{"\u00c9crit par":"cfeditorfr","Dur\u00e9e de lecture estim\u00e9e":"2 minutes"},"schema":{"@context":"https:\/\/schema.org","@graph":[{"@type":"Article","@id":"https:\/\/www.africa-press.net\/congo-kinshasa\/politique\/tshisekedi-limite-creation-structures-publiques#article","isPartOf":{"@id":"https:\/\/www.africa-press.net\/congo-kinshasa\/politique\/tshisekedi-limite-creation-structures-publiques"},"author":{"name":"cfeditorfr","@id":"https:\/\/www.africa-press.net\/congo-kinshasa\/#\/schema\/person\/2b1cf3cd81a31e3cd26889ca66d677f1"},"headline":"Tshisekedi Limite Cr\u00e9ation Structures Publiques","datePublished":"2026-03-14T18:47:38+00:00","dateModified":"2026-03-15T23:26:31+00:00","mainEntityOfPage":{"@id":"https:\/\/www.africa-press.net\/congo-kinshasa\/politique\/tshisekedi-limite-creation-structures-publiques"},"wordCount":358,"commentCount":0,"image":{"@id":"https:\/\/www.africa-press.net\/congo-kinshasa\/politique\/tshisekedi-limite-creation-structures-publiques#primaryimage"},"thumbnailUrl":"https:\/\/static.africa-press.net\/congo-kinshasa\/sites\/49\/2026\/03\/sm_1773516625.079791.jpg","keywords":["Congo Kinshasa"],"articleSection":["\u00c9conomie","Politique","Toutes les actualit\u00e9s"],"inLanguage":"fr-FR","potentialAction":[{"@type":"CommentAction","name":"Comment","target":["https:\/\/www.africa-press.net\/congo-kinshasa\/politique\/tshisekedi-limite-creation-structures-publiques#respond"]}]},{"@type":"WebPage","@id":"https:\/\/www.africa-press.net\/congo-kinshasa\/politique\/tshisekedi-limite-creation-structures-publiques","url":"https:\/\/www.africa-press.net\/congo-kinshasa\/politique\/tshisekedi-limite-creation-structures-publiques","name":"Tshisekedi Limite Cr\u00e9ation Structures Publiques - Congo-kinshasa","isPartOf":{"@id":"https:\/\/www.africa-press.net\/congo-kinshasa\/#website"},"primaryImageOfPage":{"@id":"https:\/\/www.africa-press.net\/congo-kinshasa\/politique\/tshisekedi-limite-creation-structures-publiques#primaryimage"},"image":{"@id":"https:\/\/www.africa-press.net\/congo-kinshasa\/politique\/tshisekedi-limite-creation-structures-publiques#primaryimage"},"thumbnailUrl":"https:\/\/static.africa-press.net\/congo-kinshasa\/sites\/49\/2026\/03\/sm_1773516625.079791.jpg","datePublished":"2026-03-14T18:47:38+00:00","dateModified":"2026-03-15T23:26:31+00:00","author":{"@id":"https:\/\/www.africa-press.net\/congo-kinshasa\/#\/schema\/person\/2b1cf3cd81a31e3cd26889ca66d677f1"},"description":"-article-header-tag\"> Africa-Press - Congo Kinshasa. Le Pre\u0301sident de la R ...","breadcrumb":{"@id":"https:\/\/www.africa-press.net\/congo-kinshasa\/politique\/tshisekedi-limite-creation-structures-publiques#breadcrumb"},"inLanguage":"fr-FR","potentialAction":[{"@type":"ReadAction","target":["https:\/\/www.africa-press.net\/congo-kinshasa\/politique\/tshisekedi-limite-creation-structures-publiques"]}]},{"@type":"ImageObject","inLanguage":"fr-FR","@id":"https:\/\/www.africa-press.net\/congo-kinshasa\/politique\/tshisekedi-limite-creation-structures-publiques#primaryimage","url":"https:\/\/static.africa-press.net\/congo-kinshasa\/sites\/49\/2026\/03\/sm_1773516625.079791.jpg","contentUrl":"https:\/\/static.africa-press.net\/congo-kinshasa\/sites\/49\/2026\/03\/sm_1773516625.079791.jpg","width":1044,"height":696,"caption":"Tshisekedi Limite Cr\u00e9ation Structures Publiques"},{"@type":"BreadcrumbList","@id":"https:\/\/www.africa-press.net\/congo-kinshasa\/politique\/tshisekedi-limite-creation-structures-publiques#breadcrumb","itemListElement":[{"@type":"ListItem","position":1,"name":"Accueil","item":"https:\/\/www.africa-press.net\/congo-kinshasa\/"},{"@type":"ListItem","position":2,"name":"Tshisekedi Limite Cr\u00e9ation Structures Publiques"}]},{"@type":"WebSite","@id":"https:\/\/www.africa-press.net\/congo-kinshasa\/#website","url":"https:\/\/www.africa-press.net\/congo-kinshasa\/","name":"Congo-kinshasa","description":"Just another Africa News Agency Sites site","potentialAction":[{"@type":"SearchAction","target":{"@type":"EntryPoint","urlTemplate":"https:\/\/www.africa-press.net\/congo-kinshasa\/?s={search_term_string}"},"query-input":{"@type":"PropertyValueSpecification","valueRequired":true,"valueName":"search_term_string"}}],"inLanguage":"fr-FR"},{"@type":"Person","@id":"https:\/\/www.africa-press.net\/congo-kinshasa\/#\/schema\/person\/2b1cf3cd81a31e3cd26889ca66d677f1","name":"cfeditorfr"}]}},"_links":{"self":[{"href":"https:\/\/www.africa-press.net\/congo-kinshasa\/wp-json\/wp\/v2\/posts\/136930","targetHints":{"allow":["GET"]}}],"collection":[{"href":"https:\/\/www.africa-press.net\/congo-kinshasa\/wp-json\/wp\/v2\/posts"}],"about":[{"href":"https:\/\/www.africa-press.net\/congo-kinshasa\/wp-json\/wp\/v2\/types\/post"}],"author":[{"embeddable":true,"href":"https:\/\/www.africa-press.net\/congo-kinshasa\/wp-json\/wp\/v2\/users\/82"}],"replies":[{"embeddable":true,"href":"https:\/\/www.africa-press.net\/congo-kinshasa\/wp-json\/wp\/v2\/comments?post=136930"}],"version-history":[{"count":0,"href":"https:\/\/www.africa-press.net\/congo-kinshasa\/wp-json\/wp\/v2\/posts\/136930\/revisions"}],"wp:featuredmedia":[{"embeddable":true,"href":"https:\/\/www.africa-press.net\/congo-kinshasa\/wp-json\/wp\/v2\/media\/136929"}],"wp:attachment":[{"href":"https:\/\/www.africa-press.net\/congo-kinshasa\/wp-json\/wp\/v2\/media?parent=136930"}],"wp:term":[{"taxonomy":"category","embeddable":true,"href":"https:\/\/www.africa-press.net\/congo-kinshasa\/wp-json\/wp\/v2\/categories?post=136930"},{"taxonomy":"post_tag","embeddable":true,"href":"https:\/\/www.africa-press.net\/congo-kinshasa\/wp-json\/wp\/v2\/tags?post=136930"}],"curies":[{"name":"wp","href":"https:\/\/api.w.org\/{rel}","templated":true}]}}