{"id":136932,"date":"2026-03-14T18:47:53","date_gmt":"2026-03-14T18:47:53","guid":{"rendered":"https:\/\/www.africa-press.net\/congo-kinshasa\/politique\/sud-ubangi-annule-decisions-assemblee-provinciale-2025"},"modified":"2026-03-15T23:26:54","modified_gmt":"2026-03-15T23:26:54","slug":"sud-ubangi-annule-decisions-assemblee-provinciale-2025","status":"publish","type":"post","link":"https:\/\/www.africa-press.net\/congo-kinshasa\/politique\/sud-ubangi-annule-decisions-assemblee-provinciale-2025","title":{"rendered":"Sud-Ubangi Annule D\u00e9cisions Assembl\u00e9e Provinciale 2025"},"content":{"rendered":"<p><span class=\"ap-article-header-tag\"> <strong>Africa-Press &#8211; Congo Kinshasa. <\/strong> <\/span><b>La Cour constitutionnelle a annule\u0301 toutes les de\u0301cisions prises par l\u2019Assemble\u0301e provinciale du Sud-Ubangi lors de la session ordinaire de septembre 2025. L\u2019arre\u0302t de la haute juridiction a e\u0301te\u0301 rendu vendredi 13 mars 2026, a\u0300 la suite d\u2019une reque\u0302te introduite par un groupe de de\u0301pute\u0301s provinciaux qualifie\u0301s de \u00ab le\u0301galistes \u00bb.<\/b><\/p>\n<p>Ces e\u0301lus reprochaient a\u0300 l\u2019Assemble\u0301e provinciale de ne pas avoir exe\u0301cute\u0301 les arre\u0302ts de la Cour constitutionnelle ordonnant la re\u0301habilitation de cinq de\u0301pute\u0301s provinciaux. Pendant ce temps, les e\u0301lus qui devaient quitter l\u2019he\u0301micycle ont continue\u0301 a\u0300 sie\u0301ger et ont participe\u0301 a\u0300 l\u2019adoption de plusieurs de\u0301cisions au cours de cette session.<\/p>\n<p>Selon un membre du collectif des avocats des de\u0301pute\u0301s le\u0301galistes, la reque\u0302te visait notamment le calendrier de la session ordinaire de septembre 2025 ainsi que les re\u0301solutions adopte\u0301es durant cette pe\u0301riode.<\/p>\n<p>\u00ab La Cour constitutionnelle s\u2019est prononce\u0301e sur les me\u0301rites de cette reque\u0302te et a annule\u0301 le calendrier de la session de septembre 2025 ainsi que toutes les re\u0301solutions prises par l\u2019Assemble\u0301e provinciale du Sud-Ubangi. Elle estime que ce calendrier n\u2019avait pas inte\u0301gre\u0301, parmi les points inscrits a\u0300 l\u2019ordre du jour, la question de la re\u0301habilitation des cinq de\u0301pute\u0301s de\u0301ja\u0300 re\u0301habilite\u0301s par la Cour \u00bb, a-t-il explique\u0301.<\/p>\n<p>Parmi les de\u0301cisions de\u0301sormais annule\u0301es figurent notamment l\u2019invalidation du de\u0301pute\u0301 provincial Dieudonne\u0301 Ligbakelo, la mise en accusation du gouverneur de province Miche\u0301e Mobonga, ainsi que l\u2019ensemble des re\u0301solutions adopte\u0301es durant cette session.<\/p>\n<p class=\"ap-article-footer-note\">Retrouvez plus d\u2019actualit\u00e9s et d\u2019analyses sur <span class=\"ap-highlight-country\">Congo Kinshasa<\/span> sur le site <span class=\"ap-highlight-brand\">Africa Press<\/span><\/p>\n","protected":false},"excerpt":{"rendered":"<p>Africa-Press &#8211; Congo Kinshasa. La Cour constitutionnelle a annule\u0301 toutes les de\u0301cisions prises par l\u2019Assemble\u0301e provinciale du Sud-Ubangi lors de la session ordinaire de septembre 2025. L\u2019arre\u0302t de la haute juridiction a e\u0301te\u0301 rendu vendredi 13 mars 2026, a\u0300 la suite d\u2019une reque\u0302te introduite par un groupe de de\u0301pute\u0301s provinciaux qualifie\u0301s de \u00ab le\u0301galistes \u00bb. [&hellip;]<\/p>\n","protected":false},"author":82,"featured_media":136931,"comment_status":"open","ping_status":"closed","sticky":false,"template":"","format":"standard","meta":{"footnotes":""},"categories":[2,10],"tags":[46],"class_list":["post-136932","post","type-post","status-publish","format-standard","has-post-thumbnail","hentry","category-politique","category-toutes-les-actualites","tag-congo-kinshasa"],"yoast_head":"<!-- This site is optimized with the Yoast SEO Premium plugin v26.1 (Yoast SEO v27.0) - https:\/\/yoast.com\/product\/yoast-seo-premium-wordpress\/ -->\n<title>Sud-Ubangi Annule D\u00e9cisions Assembl\u00e9e Provinciale 2025 - Congo-kinshasa<\/title>\n<meta name=\"description\" content=\"-article-header-tag&quot;&gt; Africa-Press - Congo Kinshasa. La Cour constitutionn ...\" \/>\n<meta name=\"robots\" content=\"index, follow, max-snippet:-1, max-image-preview:large, max-video-preview:-1\" \/>\n<link rel=\"canonical\" href=\"https:\/\/www.africa-press.net\/congo-kinshasa\/politique\/sud-ubangi-annule-decisions-assemblee-provinciale-2025\" \/>\n<meta property=\"og:locale\" content=\"fr_FR\" \/>\n<meta property=\"og:type\" content=\"article\" \/>\n<meta property=\"og:title\" content=\"Sud-Ubangi Annule D\u00e9cisions Assembl\u00e9e Provinciale 2025\" \/>\n<meta property=\"og:description\" content=\"-article-header-tag&quot;&gt; Africa-Press - Congo Kinshasa. La Cour constitutionn ...\" \/>\n<meta property=\"og:url\" content=\"https:\/\/www.africa-press.net\/congo-kinshasa\/politique\/sud-ubangi-annule-decisions-assemblee-provinciale-2025\" \/>\n<meta property=\"og:site_name\" content=\"Congo-kinshasa\" \/>\n<meta property=\"article:published_time\" content=\"2026-03-14T18:47:53+00:00\" \/>\n<meta property=\"article:modified_time\" content=\"2026-03-15T23:26:54+00:00\" \/>\n<meta property=\"og:image\" content=\"https:\/\/static.africa-press.net\/congo-kinshasa\/sites\/49\/2026\/03\/sm_1773516651.698639.jpg\" \/>\n\t<meta property=\"og:image:width\" content=\"720\" \/>\n\t<meta property=\"og:image:height\" content=\"343\" \/>\n\t<meta property=\"og:image:type\" content=\"image\/jpeg\" \/>\n<meta name=\"author\" content=\"cfeditorfr\" \/>\n<meta name=\"twitter:card\" content=\"summary_large_image\" \/>\n<meta name=\"twitter:label1\" content=\"\u00c9crit par\" \/>\n\t<meta name=\"twitter:data1\" content=\"cfeditorfr\" \/>\n\t<meta name=\"twitter:label2\" content=\"Dur\u00e9e de lecture estim\u00e9e\" \/>\n\t<meta name=\"twitter:data2\" content=\"2 minutes\" \/>\n<script type=\"application\/ld+json\" class=\"yoast-schema-graph\">{\"@context\":\"https:\/\/schema.org\",\"@graph\":[{\"@type\":\"Article\",\"@id\":\"https:\/\/www.africa-press.net\/congo-kinshasa\/politique\/sud-ubangi-annule-decisions-assemblee-provinciale-2025#article\",\"isPartOf\":{\"@id\":\"https:\/\/www.africa-press.net\/congo-kinshasa\/politique\/sud-ubangi-annule-decisions-assemblee-provinciale-2025\"},\"author\":{\"name\":\"cfeditorfr\",\"@id\":\"https:\/\/www.africa-press.net\/congo-kinshasa\/#\/schema\/person\/2b1cf3cd81a31e3cd26889ca66d677f1\"},\"headline\":\"Sud-Ubangi Annule D\u00e9cisions Assembl\u00e9e Provinciale 2025\",\"datePublished\":\"2026-03-14T18:47:53+00:00\",\"dateModified\":\"2026-03-15T23:26:54+00:00\",\"mainEntityOfPage\":{\"@id\":\"https:\/\/www.africa-press.net\/congo-kinshasa\/politique\/sud-ubangi-annule-decisions-assemblee-provinciale-2025\"},\"wordCount\":306,\"commentCount\":0,\"image\":{\"@id\":\"https:\/\/www.africa-press.net\/congo-kinshasa\/politique\/sud-ubangi-annule-decisions-assemblee-provinciale-2025#primaryimage\"},\"thumbnailUrl\":\"https:\/\/static.africa-press.net\/congo-kinshasa\/sites\/49\/2026\/03\/sm_1773516651.698639.jpg\",\"keywords\":[\"Congo Kinshasa\"],\"articleSection\":[\"Politique\",\"Toutes les actualit\u00e9s\"],\"inLanguage\":\"fr-FR\",\"potentialAction\":[{\"@type\":\"CommentAction\",\"name\":\"Comment\",\"target\":[\"https:\/\/www.africa-press.net\/congo-kinshasa\/politique\/sud-ubangi-annule-decisions-assemblee-provinciale-2025#respond\"]}]},{\"@type\":\"WebPage\",\"@id\":\"https:\/\/www.africa-press.net\/congo-kinshasa\/politique\/sud-ubangi-annule-decisions-assemblee-provinciale-2025\",\"url\":\"https:\/\/www.africa-press.net\/congo-kinshasa\/politique\/sud-ubangi-annule-decisions-assemblee-provinciale-2025\",\"name\":\"Sud-Ubangi Annule D\u00e9cisions Assembl\u00e9e Provinciale 2025 - Congo-kinshasa\",\"isPartOf\":{\"@id\":\"https:\/\/www.africa-press.net\/congo-kinshasa\/#website\"},\"primaryImageOfPage\":{\"@id\":\"https:\/\/www.africa-press.net\/congo-kinshasa\/politique\/sud-ubangi-annule-decisions-assemblee-provinciale-2025#primaryimage\"},\"image\":{\"@id\":\"https:\/\/www.africa-press.net\/congo-kinshasa\/politique\/sud-ubangi-annule-decisions-assemblee-provinciale-2025#primaryimage\"},\"thumbnailUrl\":\"https:\/\/static.africa-press.net\/congo-kinshasa\/sites\/49\/2026\/03\/sm_1773516651.698639.jpg\",\"datePublished\":\"2026-03-14T18:47:53+00:00\",\"dateModified\":\"2026-03-15T23:26:54+00:00\",\"author\":{\"@id\":\"https:\/\/www.africa-press.net\/congo-kinshasa\/#\/schema\/person\/2b1cf3cd81a31e3cd26889ca66d677f1\"},\"description\":\"-article-header-tag\\\"> Africa-Press - Congo Kinshasa. La Cour constitutionn ...\",\"breadcrumb\":{\"@id\":\"https:\/\/www.africa-press.net\/congo-kinshasa\/politique\/sud-ubangi-annule-decisions-assemblee-provinciale-2025#breadcrumb\"},\"inLanguage\":\"fr-FR\",\"potentialAction\":[{\"@type\":\"ReadAction\",\"target\":[\"https:\/\/www.africa-press.net\/congo-kinshasa\/politique\/sud-ubangi-annule-decisions-assemblee-provinciale-2025\"]}]},{\"@type\":\"ImageObject\",\"inLanguage\":\"fr-FR\",\"@id\":\"https:\/\/www.africa-press.net\/congo-kinshasa\/politique\/sud-ubangi-annule-decisions-assemblee-provinciale-2025#primaryimage\",\"url\":\"https:\/\/static.africa-press.net\/congo-kinshasa\/sites\/49\/2026\/03\/sm_1773516651.698639.jpg\",\"contentUrl\":\"https:\/\/static.africa-press.net\/congo-kinshasa\/sites\/49\/2026\/03\/sm_1773516651.698639.jpg\",\"width\":720,\"height\":343,\"caption\":\"Sud-Ubangi Annule D\u00e9cisions Assembl\u00e9e Provinciale 2025\"},{\"@type\":\"BreadcrumbList\",\"@id\":\"https:\/\/www.africa-press.net\/congo-kinshasa\/politique\/sud-ubangi-annule-decisions-assemblee-provinciale-2025#breadcrumb\",\"itemListElement\":[{\"@type\":\"ListItem\",\"position\":1,\"name\":\"Accueil\",\"item\":\"https:\/\/www.africa-press.net\/congo-kinshasa\/\"},{\"@type\":\"ListItem\",\"position\":2,\"name\":\"Sud-Ubangi Annule D\u00e9cisions Assembl\u00e9e Provinciale 2025\"}]},{\"@type\":\"WebSite\",\"@id\":\"https:\/\/www.africa-press.net\/congo-kinshasa\/#website\",\"url\":\"https:\/\/www.africa-press.net\/congo-kinshasa\/\",\"name\":\"Congo-kinshasa\",\"description\":\"Just another Africa News Agency Sites site\",\"potentialAction\":[{\"@type\":\"SearchAction\",\"target\":{\"@type\":\"EntryPoint\",\"urlTemplate\":\"https:\/\/www.africa-press.net\/congo-kinshasa\/?s={search_term_string}\"},\"query-input\":{\"@type\":\"PropertyValueSpecification\",\"valueRequired\":true,\"valueName\":\"search_term_string\"}}],\"inLanguage\":\"fr-FR\"},{\"@type\":\"Person\",\"@id\":\"https:\/\/www.africa-press.net\/congo-kinshasa\/#\/schema\/person\/2b1cf3cd81a31e3cd26889ca66d677f1\",\"name\":\"cfeditorfr\"}]}<\/script>\n<!-- \/ Yoast SEO Premium plugin. -->","yoast_head_json":{"title":"Sud-Ubangi Annule D\u00e9cisions Assembl\u00e9e Provinciale 2025 - Congo-kinshasa","description":"-article-header-tag\"> Africa-Press - Congo Kinshasa. La Cour constitutionn ...","robots":{"index":"index","follow":"follow","max-snippet":"max-snippet:-1","max-image-preview":"max-image-preview:large","max-video-preview":"max-video-preview:-1"},"canonical":"https:\/\/www.africa-press.net\/congo-kinshasa\/politique\/sud-ubangi-annule-decisions-assemblee-provinciale-2025","og_locale":"fr_FR","og_type":"article","og_title":"Sud-Ubangi Annule D\u00e9cisions Assembl\u00e9e Provinciale 2025","og_description":"-article-header-tag\"> Africa-Press - Congo Kinshasa. La Cour constitutionn ...","og_url":"https:\/\/www.africa-press.net\/congo-kinshasa\/politique\/sud-ubangi-annule-decisions-assemblee-provinciale-2025","og_site_name":"Congo-kinshasa","article_published_time":"2026-03-14T18:47:53+00:00","article_modified_time":"2026-03-15T23:26:54+00:00","og_image":[{"width":720,"height":343,"url":"https:\/\/static.africa-press.net\/congo-kinshasa\/sites\/49\/2026\/03\/sm_1773516651.698639.jpg","type":"image\/jpeg"}],"author":"cfeditorfr","twitter_card":"summary_large_image","twitter_misc":{"\u00c9crit par":"cfeditorfr","Dur\u00e9e de lecture estim\u00e9e":"2 minutes"},"schema":{"@context":"https:\/\/schema.org","@graph":[{"@type":"Article","@id":"https:\/\/www.africa-press.net\/congo-kinshasa\/politique\/sud-ubangi-annule-decisions-assemblee-provinciale-2025#article","isPartOf":{"@id":"https:\/\/www.africa-press.net\/congo-kinshasa\/politique\/sud-ubangi-annule-decisions-assemblee-provinciale-2025"},"author":{"name":"cfeditorfr","@id":"https:\/\/www.africa-press.net\/congo-kinshasa\/#\/schema\/person\/2b1cf3cd81a31e3cd26889ca66d677f1"},"headline":"Sud-Ubangi Annule D\u00e9cisions Assembl\u00e9e Provinciale 2025","datePublished":"2026-03-14T18:47:53+00:00","dateModified":"2026-03-15T23:26:54+00:00","mainEntityOfPage":{"@id":"https:\/\/www.africa-press.net\/congo-kinshasa\/politique\/sud-ubangi-annule-decisions-assemblee-provinciale-2025"},"wordCount":306,"commentCount":0,"image":{"@id":"https:\/\/www.africa-press.net\/congo-kinshasa\/politique\/sud-ubangi-annule-decisions-assemblee-provinciale-2025#primaryimage"},"thumbnailUrl":"https:\/\/static.africa-press.net\/congo-kinshasa\/sites\/49\/2026\/03\/sm_1773516651.698639.jpg","keywords":["Congo Kinshasa"],"articleSection":["Politique","Toutes les actualit\u00e9s"],"inLanguage":"fr-FR","potentialAction":[{"@type":"CommentAction","name":"Comment","target":["https:\/\/www.africa-press.net\/congo-kinshasa\/politique\/sud-ubangi-annule-decisions-assemblee-provinciale-2025#respond"]}]},{"@type":"WebPage","@id":"https:\/\/www.africa-press.net\/congo-kinshasa\/politique\/sud-ubangi-annule-decisions-assemblee-provinciale-2025","url":"https:\/\/www.africa-press.net\/congo-kinshasa\/politique\/sud-ubangi-annule-decisions-assemblee-provinciale-2025","name":"Sud-Ubangi Annule D\u00e9cisions Assembl\u00e9e Provinciale 2025 - Congo-kinshasa","isPartOf":{"@id":"https:\/\/www.africa-press.net\/congo-kinshasa\/#website"},"primaryImageOfPage":{"@id":"https:\/\/www.africa-press.net\/congo-kinshasa\/politique\/sud-ubangi-annule-decisions-assemblee-provinciale-2025#primaryimage"},"image":{"@id":"https:\/\/www.africa-press.net\/congo-kinshasa\/politique\/sud-ubangi-annule-decisions-assemblee-provinciale-2025#primaryimage"},"thumbnailUrl":"https:\/\/static.africa-press.net\/congo-kinshasa\/sites\/49\/2026\/03\/sm_1773516651.698639.jpg","datePublished":"2026-03-14T18:47:53+00:00","dateModified":"2026-03-15T23:26:54+00:00","author":{"@id":"https:\/\/www.africa-press.net\/congo-kinshasa\/#\/schema\/person\/2b1cf3cd81a31e3cd26889ca66d677f1"},"description":"-article-header-tag\"> Africa-Press - Congo Kinshasa. La Cour constitutionn ...","breadcrumb":{"@id":"https:\/\/www.africa-press.net\/congo-kinshasa\/politique\/sud-ubangi-annule-decisions-assemblee-provinciale-2025#breadcrumb"},"inLanguage":"fr-FR","potentialAction":[{"@type":"ReadAction","target":["https:\/\/www.africa-press.net\/congo-kinshasa\/politique\/sud-ubangi-annule-decisions-assemblee-provinciale-2025"]}]},{"@type":"ImageObject","inLanguage":"fr-FR","@id":"https:\/\/www.africa-press.net\/congo-kinshasa\/politique\/sud-ubangi-annule-decisions-assemblee-provinciale-2025#primaryimage","url":"https:\/\/static.africa-press.net\/congo-kinshasa\/sites\/49\/2026\/03\/sm_1773516651.698639.jpg","contentUrl":"https:\/\/static.africa-press.net\/congo-kinshasa\/sites\/49\/2026\/03\/sm_1773516651.698639.jpg","width":720,"height":343,"caption":"Sud-Ubangi Annule D\u00e9cisions Assembl\u00e9e Provinciale 2025"},{"@type":"BreadcrumbList","@id":"https:\/\/www.africa-press.net\/congo-kinshasa\/politique\/sud-ubangi-annule-decisions-assemblee-provinciale-2025#breadcrumb","itemListElement":[{"@type":"ListItem","position":1,"name":"Accueil","item":"https:\/\/www.africa-press.net\/congo-kinshasa\/"},{"@type":"ListItem","position":2,"name":"Sud-Ubangi Annule D\u00e9cisions Assembl\u00e9e Provinciale 2025"}]},{"@type":"WebSite","@id":"https:\/\/www.africa-press.net\/congo-kinshasa\/#website","url":"https:\/\/www.africa-press.net\/congo-kinshasa\/","name":"Congo-kinshasa","description":"Just another Africa News Agency Sites site","potentialAction":[{"@type":"SearchAction","target":{"@type":"EntryPoint","urlTemplate":"https:\/\/www.africa-press.net\/congo-kinshasa\/?s={search_term_string}"},"query-input":{"@type":"PropertyValueSpecification","valueRequired":true,"valueName":"search_term_string"}}],"inLanguage":"fr-FR"},{"@type":"Person","@id":"https:\/\/www.africa-press.net\/congo-kinshasa\/#\/schema\/person\/2b1cf3cd81a31e3cd26889ca66d677f1","name":"cfeditorfr"}]}},"_links":{"self":[{"href":"https:\/\/www.africa-press.net\/congo-kinshasa\/wp-json\/wp\/v2\/posts\/136932","targetHints":{"allow":["GET"]}}],"collection":[{"href":"https:\/\/www.africa-press.net\/congo-kinshasa\/wp-json\/wp\/v2\/posts"}],"about":[{"href":"https:\/\/www.africa-press.net\/congo-kinshasa\/wp-json\/wp\/v2\/types\/post"}],"author":[{"embeddable":true,"href":"https:\/\/www.africa-press.net\/congo-kinshasa\/wp-json\/wp\/v2\/users\/82"}],"replies":[{"embeddable":true,"href":"https:\/\/www.africa-press.net\/congo-kinshasa\/wp-json\/wp\/v2\/comments?post=136932"}],"version-history":[{"count":0,"href":"https:\/\/www.africa-press.net\/congo-kinshasa\/wp-json\/wp\/v2\/posts\/136932\/revisions"}],"wp:featuredmedia":[{"embeddable":true,"href":"https:\/\/www.africa-press.net\/congo-kinshasa\/wp-json\/wp\/v2\/media\/136931"}],"wp:attachment":[{"href":"https:\/\/www.africa-press.net\/congo-kinshasa\/wp-json\/wp\/v2\/media?parent=136932"}],"wp:term":[{"taxonomy":"category","embeddable":true,"href":"https:\/\/www.africa-press.net\/congo-kinshasa\/wp-json\/wp\/v2\/categories?post=136932"},{"taxonomy":"post_tag","embeddable":true,"href":"https:\/\/www.africa-press.net\/congo-kinshasa\/wp-json\/wp\/v2\/tags?post=136932"}],"curies":[{"name":"wp","href":"https:\/\/api.w.org\/{rel}","templated":true}]}}