{"id":136934,"date":"2026-03-14T18:48:07","date_gmt":"2026-03-14T18:48:07","guid":{"rendered":"https:\/\/www.africa-press.net\/congo-kinshasa\/politique\/mongala-rehabilitation-du-vice-gouverneur-cedric-ayaka-kuma"},"modified":"2026-03-15T23:27:37","modified_gmt":"2026-03-15T23:27:37","slug":"mongala-rehabilitation-du-vice-gouverneur-cedric-ayaka-kuma","status":"publish","type":"post","link":"https:\/\/www.africa-press.net\/congo-kinshasa\/politique\/mongala-rehabilitation-du-vice-gouverneur-cedric-ayaka-kuma","title":{"rendered":"Mongala R\u00e9habilitation du Vice-Gouverneur C\u00e9dric Ayaka Kuma"},"content":{"rendered":"<p><span class=\"ap-article-header-tag\"> <strong>Africa-Press &#8211; Congo Kinshasa. <\/strong> <\/span><b>La Cour constitutionnelle a re\u0301habilite\u0301, vendredi 13 mars 2026, Ce\u0301dric Ayaka Kuma dans ses fonctions de vice-gouverneur de la province de la Mongala.<\/b><\/p>\n<p>Cette de\u0301cision fait suite a\u0300 une reque\u0302te en inconstitutionnalite\u0301 introduite par l\u2019inte\u0301resse\u0301 contre la motion incidentielle et la re\u0301solution de l\u2019Assemble\u0301e provinciale qui avaient constate\u0301 la vacance de son poste.<\/p>\n<p>Selon les informations disponibles, la Cour constitutionnelle a estime\u0301 que la proce\u0301dure ayant conduit a\u0300 la destitution de Ce\u0301dric Ayaka Kuma ne respectait pas les exigences de constitutionnalite\u0301. Cette de\u0301cision ouvre ainsi la voie a\u0300 son retour a\u0300 la te\u0302te de l\u2019exe\u0301cutif provincial en tant que vice-gouverneur.<\/p>\n<p>Pour rappel, Ce\u0301dric Ayaka Kuma avait e\u0301te\u0301 de\u0301chu de ses fonctions en novembre 2025 a\u0300 la suite d\u2019accusations d\u2019escroquerie, d\u2019abus de confiance et d\u2019usage de faux en e\u0301criture. Sa re\u0301habilitation par la Cour constitutionnelle met fin a\u0300 cette pe\u0301riode d\u2019incertitude institutionnelle et lui permet de reprendre ses fonctions.<\/p>\n<p class=\"ap-article-footer-note\">Retrouvez plus d\u2019actualit\u00e9s et d\u2019analyses sur <span class=\"ap-highlight-country\">Congo Kinshasa<\/span> sur le site <span class=\"ap-highlight-brand\">Africa Press<\/span><\/p>\n","protected":false},"excerpt":{"rendered":"<p>Africa-Press &#8211; Congo Kinshasa. La Cour constitutionnelle a re\u0301habilite\u0301, vendredi 13 mars 2026, Ce\u0301dric Ayaka Kuma dans ses fonctions de vice-gouverneur de la province de la Mongala. Cette de\u0301cision fait suite a\u0300 une reque\u0302te en inconstitutionnalite\u0301 introduite par l\u2019inte\u0301resse\u0301 contre la motion incidentielle et la re\u0301solution de l\u2019Assemble\u0301e provinciale qui avaient constate\u0301 la vacance de [&hellip;]<\/p>\n","protected":false},"author":82,"featured_media":136933,"comment_status":"open","ping_status":"closed","sticky":false,"template":"","format":"standard","meta":{"footnotes":""},"categories":[2,10],"tags":[46],"class_list":["post-136934","post","type-post","status-publish","format-standard","has-post-thumbnail","hentry","category-politique","category-toutes-les-actualites","tag-congo-kinshasa"],"yoast_head":"<!-- This site is optimized with the Yoast SEO Premium plugin v26.1 (Yoast SEO v27.0) - https:\/\/yoast.com\/product\/yoast-seo-premium-wordpress\/ -->\n<title>Mongala R\u00e9habilitation du Vice-Gouverneur C\u00e9dric Ayaka Kuma - Congo-kinshasa<\/title>\n<meta name=\"description\" content=\"-article-header-tag&quot;&gt; Africa-Press - Congo Kinshasa. La Cour constitutionn ...\" \/>\n<meta name=\"robots\" content=\"index, follow, max-snippet:-1, max-image-preview:large, max-video-preview:-1\" \/>\n<link rel=\"canonical\" href=\"https:\/\/www.africa-press.net\/congo-kinshasa\/politique\/mongala-rehabilitation-du-vice-gouverneur-cedric-ayaka-kuma\" \/>\n<meta property=\"og:locale\" content=\"fr_FR\" \/>\n<meta property=\"og:type\" content=\"article\" \/>\n<meta property=\"og:title\" content=\"Mongala R\u00e9habilitation du Vice-Gouverneur C\u00e9dric Ayaka Kuma\" \/>\n<meta property=\"og:description\" content=\"-article-header-tag&quot;&gt; Africa-Press - Congo Kinshasa. La Cour constitutionn ...\" \/>\n<meta property=\"og:url\" content=\"https:\/\/www.africa-press.net\/congo-kinshasa\/politique\/mongala-rehabilitation-du-vice-gouverneur-cedric-ayaka-kuma\" \/>\n<meta property=\"og:site_name\" content=\"Congo-kinshasa\" \/>\n<meta property=\"article:published_time\" content=\"2026-03-14T18:48:07+00:00\" \/>\n<meta property=\"article:modified_time\" content=\"2026-03-15T23:27:37+00:00\" \/>\n<meta property=\"og:image\" content=\"https:\/\/static.africa-press.net\/congo-kinshasa\/sites\/49\/2026\/03\/sm_1773516682.992949.jpg\" \/>\n\t<meta property=\"og:image:width\" content=\"1073\" \/>\n\t<meta property=\"og:image:height\" content=\"800\" \/>\n\t<meta property=\"og:image:type\" content=\"image\/jpeg\" \/>\n<meta name=\"author\" content=\"cfeditorfr\" \/>\n<meta name=\"twitter:card\" content=\"summary_large_image\" \/>\n<meta name=\"twitter:label1\" content=\"\u00c9crit par\" \/>\n\t<meta name=\"twitter:data1\" content=\"cfeditorfr\" \/>\n\t<meta name=\"twitter:label2\" content=\"Dur\u00e9e de lecture estim\u00e9e\" \/>\n\t<meta name=\"twitter:data2\" content=\"2 minutes\" \/>\n<script type=\"application\/ld+json\" class=\"yoast-schema-graph\">{\"@context\":\"https:\/\/schema.org\",\"@graph\":[{\"@type\":\"Article\",\"@id\":\"https:\/\/www.africa-press.net\/congo-kinshasa\/politique\/mongala-rehabilitation-du-vice-gouverneur-cedric-ayaka-kuma#article\",\"isPartOf\":{\"@id\":\"https:\/\/www.africa-press.net\/congo-kinshasa\/politique\/mongala-rehabilitation-du-vice-gouverneur-cedric-ayaka-kuma\"},\"author\":{\"name\":\"cfeditorfr\",\"@id\":\"https:\/\/www.africa-press.net\/congo-kinshasa\/#\/schema\/person\/2b1cf3cd81a31e3cd26889ca66d677f1\"},\"headline\":\"Mongala R\u00e9habilitation du Vice-Gouverneur C\u00e9dric Ayaka Kuma\",\"datePublished\":\"2026-03-14T18:48:07+00:00\",\"dateModified\":\"2026-03-15T23:27:37+00:00\",\"mainEntityOfPage\":{\"@id\":\"https:\/\/www.africa-press.net\/congo-kinshasa\/politique\/mongala-rehabilitation-du-vice-gouverneur-cedric-ayaka-kuma\"},\"wordCount\":200,\"commentCount\":0,\"image\":{\"@id\":\"https:\/\/www.africa-press.net\/congo-kinshasa\/politique\/mongala-rehabilitation-du-vice-gouverneur-cedric-ayaka-kuma#primaryimage\"},\"thumbnailUrl\":\"https:\/\/static.africa-press.net\/congo-kinshasa\/sites\/49\/2026\/03\/sm_1773516682.992949.jpg\",\"keywords\":[\"Congo Kinshasa\"],\"articleSection\":[\"Politique\",\"Toutes les actualit\u00e9s\"],\"inLanguage\":\"fr-FR\",\"potentialAction\":[{\"@type\":\"CommentAction\",\"name\":\"Comment\",\"target\":[\"https:\/\/www.africa-press.net\/congo-kinshasa\/politique\/mongala-rehabilitation-du-vice-gouverneur-cedric-ayaka-kuma#respond\"]}]},{\"@type\":\"WebPage\",\"@id\":\"https:\/\/www.africa-press.net\/congo-kinshasa\/politique\/mongala-rehabilitation-du-vice-gouverneur-cedric-ayaka-kuma\",\"url\":\"https:\/\/www.africa-press.net\/congo-kinshasa\/politique\/mongala-rehabilitation-du-vice-gouverneur-cedric-ayaka-kuma\",\"name\":\"Mongala R\u00e9habilitation du Vice-Gouverneur C\u00e9dric Ayaka Kuma - Congo-kinshasa\",\"isPartOf\":{\"@id\":\"https:\/\/www.africa-press.net\/congo-kinshasa\/#website\"},\"primaryImageOfPage\":{\"@id\":\"https:\/\/www.africa-press.net\/congo-kinshasa\/politique\/mongala-rehabilitation-du-vice-gouverneur-cedric-ayaka-kuma#primaryimage\"},\"image\":{\"@id\":\"https:\/\/www.africa-press.net\/congo-kinshasa\/politique\/mongala-rehabilitation-du-vice-gouverneur-cedric-ayaka-kuma#primaryimage\"},\"thumbnailUrl\":\"https:\/\/static.africa-press.net\/congo-kinshasa\/sites\/49\/2026\/03\/sm_1773516682.992949.jpg\",\"datePublished\":\"2026-03-14T18:48:07+00:00\",\"dateModified\":\"2026-03-15T23:27:37+00:00\",\"author\":{\"@id\":\"https:\/\/www.africa-press.net\/congo-kinshasa\/#\/schema\/person\/2b1cf3cd81a31e3cd26889ca66d677f1\"},\"description\":\"-article-header-tag\\\"> Africa-Press - Congo Kinshasa. La Cour constitutionn ...\",\"breadcrumb\":{\"@id\":\"https:\/\/www.africa-press.net\/congo-kinshasa\/politique\/mongala-rehabilitation-du-vice-gouverneur-cedric-ayaka-kuma#breadcrumb\"},\"inLanguage\":\"fr-FR\",\"potentialAction\":[{\"@type\":\"ReadAction\",\"target\":[\"https:\/\/www.africa-press.net\/congo-kinshasa\/politique\/mongala-rehabilitation-du-vice-gouverneur-cedric-ayaka-kuma\"]}]},{\"@type\":\"ImageObject\",\"inLanguage\":\"fr-FR\",\"@id\":\"https:\/\/www.africa-press.net\/congo-kinshasa\/politique\/mongala-rehabilitation-du-vice-gouverneur-cedric-ayaka-kuma#primaryimage\",\"url\":\"https:\/\/static.africa-press.net\/congo-kinshasa\/sites\/49\/2026\/03\/sm_1773516682.992949.jpg\",\"contentUrl\":\"https:\/\/static.africa-press.net\/congo-kinshasa\/sites\/49\/2026\/03\/sm_1773516682.992949.jpg\",\"width\":1073,\"height\":800,\"caption\":\"Mongala R\u00e9habilitation du Vice-Gouverneur C\u00e9dric Ayaka Kuma\"},{\"@type\":\"BreadcrumbList\",\"@id\":\"https:\/\/www.africa-press.net\/congo-kinshasa\/politique\/mongala-rehabilitation-du-vice-gouverneur-cedric-ayaka-kuma#breadcrumb\",\"itemListElement\":[{\"@type\":\"ListItem\",\"position\":1,\"name\":\"Accueil\",\"item\":\"https:\/\/www.africa-press.net\/congo-kinshasa\/\"},{\"@type\":\"ListItem\",\"position\":2,\"name\":\"Mongala R\u00e9habilitation du Vice-Gouverneur C\u00e9dric Ayaka Kuma\"}]},{\"@type\":\"WebSite\",\"@id\":\"https:\/\/www.africa-press.net\/congo-kinshasa\/#website\",\"url\":\"https:\/\/www.africa-press.net\/congo-kinshasa\/\",\"name\":\"Congo-kinshasa\",\"description\":\"Just another Africa News Agency Sites site\",\"potentialAction\":[{\"@type\":\"SearchAction\",\"target\":{\"@type\":\"EntryPoint\",\"urlTemplate\":\"https:\/\/www.africa-press.net\/congo-kinshasa\/?s={search_term_string}\"},\"query-input\":{\"@type\":\"PropertyValueSpecification\",\"valueRequired\":true,\"valueName\":\"search_term_string\"}}],\"inLanguage\":\"fr-FR\"},{\"@type\":\"Person\",\"@id\":\"https:\/\/www.africa-press.net\/congo-kinshasa\/#\/schema\/person\/2b1cf3cd81a31e3cd26889ca66d677f1\",\"name\":\"cfeditorfr\"}]}<\/script>\n<!-- \/ Yoast SEO Premium plugin. -->","yoast_head_json":{"title":"Mongala R\u00e9habilitation du Vice-Gouverneur C\u00e9dric Ayaka Kuma - Congo-kinshasa","description":"-article-header-tag\"> Africa-Press - Congo Kinshasa. La Cour constitutionn ...","robots":{"index":"index","follow":"follow","max-snippet":"max-snippet:-1","max-image-preview":"max-image-preview:large","max-video-preview":"max-video-preview:-1"},"canonical":"https:\/\/www.africa-press.net\/congo-kinshasa\/politique\/mongala-rehabilitation-du-vice-gouverneur-cedric-ayaka-kuma","og_locale":"fr_FR","og_type":"article","og_title":"Mongala R\u00e9habilitation du Vice-Gouverneur C\u00e9dric Ayaka Kuma","og_description":"-article-header-tag\"> Africa-Press - Congo Kinshasa. La Cour constitutionn ...","og_url":"https:\/\/www.africa-press.net\/congo-kinshasa\/politique\/mongala-rehabilitation-du-vice-gouverneur-cedric-ayaka-kuma","og_site_name":"Congo-kinshasa","article_published_time":"2026-03-14T18:48:07+00:00","article_modified_time":"2026-03-15T23:27:37+00:00","og_image":[{"width":1073,"height":800,"url":"https:\/\/static.africa-press.net\/congo-kinshasa\/sites\/49\/2026\/03\/sm_1773516682.992949.jpg","type":"image\/jpeg"}],"author":"cfeditorfr","twitter_card":"summary_large_image","twitter_misc":{"\u00c9crit par":"cfeditorfr","Dur\u00e9e de lecture estim\u00e9e":"2 minutes"},"schema":{"@context":"https:\/\/schema.org","@graph":[{"@type":"Article","@id":"https:\/\/www.africa-press.net\/congo-kinshasa\/politique\/mongala-rehabilitation-du-vice-gouverneur-cedric-ayaka-kuma#article","isPartOf":{"@id":"https:\/\/www.africa-press.net\/congo-kinshasa\/politique\/mongala-rehabilitation-du-vice-gouverneur-cedric-ayaka-kuma"},"author":{"name":"cfeditorfr","@id":"https:\/\/www.africa-press.net\/congo-kinshasa\/#\/schema\/person\/2b1cf3cd81a31e3cd26889ca66d677f1"},"headline":"Mongala R\u00e9habilitation du Vice-Gouverneur C\u00e9dric Ayaka Kuma","datePublished":"2026-03-14T18:48:07+00:00","dateModified":"2026-03-15T23:27:37+00:00","mainEntityOfPage":{"@id":"https:\/\/www.africa-press.net\/congo-kinshasa\/politique\/mongala-rehabilitation-du-vice-gouverneur-cedric-ayaka-kuma"},"wordCount":200,"commentCount":0,"image":{"@id":"https:\/\/www.africa-press.net\/congo-kinshasa\/politique\/mongala-rehabilitation-du-vice-gouverneur-cedric-ayaka-kuma#primaryimage"},"thumbnailUrl":"https:\/\/static.africa-press.net\/congo-kinshasa\/sites\/49\/2026\/03\/sm_1773516682.992949.jpg","keywords":["Congo Kinshasa"],"articleSection":["Politique","Toutes les actualit\u00e9s"],"inLanguage":"fr-FR","potentialAction":[{"@type":"CommentAction","name":"Comment","target":["https:\/\/www.africa-press.net\/congo-kinshasa\/politique\/mongala-rehabilitation-du-vice-gouverneur-cedric-ayaka-kuma#respond"]}]},{"@type":"WebPage","@id":"https:\/\/www.africa-press.net\/congo-kinshasa\/politique\/mongala-rehabilitation-du-vice-gouverneur-cedric-ayaka-kuma","url":"https:\/\/www.africa-press.net\/congo-kinshasa\/politique\/mongala-rehabilitation-du-vice-gouverneur-cedric-ayaka-kuma","name":"Mongala R\u00e9habilitation du Vice-Gouverneur C\u00e9dric Ayaka Kuma - Congo-kinshasa","isPartOf":{"@id":"https:\/\/www.africa-press.net\/congo-kinshasa\/#website"},"primaryImageOfPage":{"@id":"https:\/\/www.africa-press.net\/congo-kinshasa\/politique\/mongala-rehabilitation-du-vice-gouverneur-cedric-ayaka-kuma#primaryimage"},"image":{"@id":"https:\/\/www.africa-press.net\/congo-kinshasa\/politique\/mongala-rehabilitation-du-vice-gouverneur-cedric-ayaka-kuma#primaryimage"},"thumbnailUrl":"https:\/\/static.africa-press.net\/congo-kinshasa\/sites\/49\/2026\/03\/sm_1773516682.992949.jpg","datePublished":"2026-03-14T18:48:07+00:00","dateModified":"2026-03-15T23:27:37+00:00","author":{"@id":"https:\/\/www.africa-press.net\/congo-kinshasa\/#\/schema\/person\/2b1cf3cd81a31e3cd26889ca66d677f1"},"description":"-article-header-tag\"> Africa-Press - Congo Kinshasa. La Cour constitutionn ...","breadcrumb":{"@id":"https:\/\/www.africa-press.net\/congo-kinshasa\/politique\/mongala-rehabilitation-du-vice-gouverneur-cedric-ayaka-kuma#breadcrumb"},"inLanguage":"fr-FR","potentialAction":[{"@type":"ReadAction","target":["https:\/\/www.africa-press.net\/congo-kinshasa\/politique\/mongala-rehabilitation-du-vice-gouverneur-cedric-ayaka-kuma"]}]},{"@type":"ImageObject","inLanguage":"fr-FR","@id":"https:\/\/www.africa-press.net\/congo-kinshasa\/politique\/mongala-rehabilitation-du-vice-gouverneur-cedric-ayaka-kuma#primaryimage","url":"https:\/\/static.africa-press.net\/congo-kinshasa\/sites\/49\/2026\/03\/sm_1773516682.992949.jpg","contentUrl":"https:\/\/static.africa-press.net\/congo-kinshasa\/sites\/49\/2026\/03\/sm_1773516682.992949.jpg","width":1073,"height":800,"caption":"Mongala R\u00e9habilitation du Vice-Gouverneur C\u00e9dric Ayaka Kuma"},{"@type":"BreadcrumbList","@id":"https:\/\/www.africa-press.net\/congo-kinshasa\/politique\/mongala-rehabilitation-du-vice-gouverneur-cedric-ayaka-kuma#breadcrumb","itemListElement":[{"@type":"ListItem","position":1,"name":"Accueil","item":"https:\/\/www.africa-press.net\/congo-kinshasa\/"},{"@type":"ListItem","position":2,"name":"Mongala R\u00e9habilitation du Vice-Gouverneur C\u00e9dric Ayaka Kuma"}]},{"@type":"WebSite","@id":"https:\/\/www.africa-press.net\/congo-kinshasa\/#website","url":"https:\/\/www.africa-press.net\/congo-kinshasa\/","name":"Congo-kinshasa","description":"Just another Africa News Agency Sites site","potentialAction":[{"@type":"SearchAction","target":{"@type":"EntryPoint","urlTemplate":"https:\/\/www.africa-press.net\/congo-kinshasa\/?s={search_term_string}"},"query-input":{"@type":"PropertyValueSpecification","valueRequired":true,"valueName":"search_term_string"}}],"inLanguage":"fr-FR"},{"@type":"Person","@id":"https:\/\/www.africa-press.net\/congo-kinshasa\/#\/schema\/person\/2b1cf3cd81a31e3cd26889ca66d677f1","name":"cfeditorfr"}]}},"_links":{"self":[{"href":"https:\/\/www.africa-press.net\/congo-kinshasa\/wp-json\/wp\/v2\/posts\/136934","targetHints":{"allow":["GET"]}}],"collection":[{"href":"https:\/\/www.africa-press.net\/congo-kinshasa\/wp-json\/wp\/v2\/posts"}],"about":[{"href":"https:\/\/www.africa-press.net\/congo-kinshasa\/wp-json\/wp\/v2\/types\/post"}],"author":[{"embeddable":true,"href":"https:\/\/www.africa-press.net\/congo-kinshasa\/wp-json\/wp\/v2\/users\/82"}],"replies":[{"embeddable":true,"href":"https:\/\/www.africa-press.net\/congo-kinshasa\/wp-json\/wp\/v2\/comments?post=136934"}],"version-history":[{"count":0,"href":"https:\/\/www.africa-press.net\/congo-kinshasa\/wp-json\/wp\/v2\/posts\/136934\/revisions"}],"wp:featuredmedia":[{"embeddable":true,"href":"https:\/\/www.africa-press.net\/congo-kinshasa\/wp-json\/wp\/v2\/media\/136933"}],"wp:attachment":[{"href":"https:\/\/www.africa-press.net\/congo-kinshasa\/wp-json\/wp\/v2\/media?parent=136934"}],"wp:term":[{"taxonomy":"category","embeddable":true,"href":"https:\/\/www.africa-press.net\/congo-kinshasa\/wp-json\/wp\/v2\/categories?post=136934"},{"taxonomy":"post_tag","embeddable":true,"href":"https:\/\/www.africa-press.net\/congo-kinshasa\/wp-json\/wp\/v2\/tags?post=136934"}],"curies":[{"name":"wp","href":"https:\/\/api.w.org\/{rel}","templated":true}]}}