{"id":136936,"date":"2026-03-14T18:48:15","date_gmt":"2026-03-14T18:48:15","guid":{"rendered":"https:\/\/www.africa-press.net\/congo-kinshasa\/politique\/changement-de-la-constitution-et-appel-a-lapaisement"},"modified":"2026-03-15T23:28:00","modified_gmt":"2026-03-15T23:28:00","slug":"changement-de-la-constitution-et-appel-a-lapaisement","status":"publish","type":"post","link":"https:\/\/www.africa-press.net\/congo-kinshasa\/politique\/changement-de-la-constitution-et-appel-a-lapaisement","title":{"rendered":"Changement de la Constitution et appel \u00e0 l&rsquo;apaisement"},"content":{"rendered":"<p><span class=\"ap-article-header-tag\"> <strong>Africa-Press &#8211; Congo Kinshasa. <\/strong> <\/span><b>Les chefs des confessions religieuses de la Re\u0301publique de\u0301mocratique du Congo ont appele\u0301, ce vendredi 13 mars, la classe politique a\u0300 l\u2019apaisement dans le de\u0301bat autour d\u2019un e\u0301ventuel changement ou d\u2019une re\u0301vision de la Constitution.<\/b><\/p>\n<p>Dans une de\u0301claration lue a\u0300 Kinshasa par Evariste Ejiba Yamapia, les responsables religieux ont exhorte\u0301 les acteurs politiques a\u0300 e\u0301viter toute surenche\u0300re et a\u0300 privile\u0301gier la stabilite\u0301 du pays dans un contexte juge\u0301 critique. Ils ont e\u0301galement invite\u0301 la population congolaise a\u0300 faire preuve de patriotisme et de citoyennete\u0301 responsable.<\/p>\n<p>Abordant la situation se\u0301curitaire dans l\u2019Est du pays, les confessions religieuses ont appele\u0301 a\u0300 la mobilisation de la communaute\u0301 internationale pour l\u2019application effective de la re\u0301solution 2773 du Conseil de se\u0301curite\u0301 de l\u2019ONU, qui exige notamment le retrait de l\u2019arme\u0301e rwandaise et de ses allie\u0301s du M23 des zones occupe\u0301es.<\/p>\n<p>Par ailleurs, les chefs religieux ont de\u0301nonce\u0301 la diffusion d\u2019un faux compte rendu leur e\u0301tant attribue\u0301. Ils confirment avoir tenu une re\u0301union le 10 mars dernier, tout en pre\u0301cisant qu\u2019aucun compte rendu officiel n\u2019avait e\u0301te\u0301 re\u0301dige\u0301 ni publie\u0301 a\u0300 l\u2019issue de cette rencontre.<\/p>\n<p>Les confessions religieuses disent toutefois se re\u0301server le droit d\u2019engager des poursuites judiciaires contre les auteurs de ce document juge\u0301 frauduleux.<\/p>\n<p class=\"ap-article-footer-note\">Retrouvez plus d\u2019actualit\u00e9s et d\u2019analyses sur <span class=\"ap-highlight-country\">Congo Kinshasa<\/span> sur le site <span class=\"ap-highlight-brand\">Africa Press<\/span><\/p>\n","protected":false},"excerpt":{"rendered":"<p>Africa-Press &#8211; Congo Kinshasa. Les chefs des confessions religieuses de la Re\u0301publique de\u0301mocratique du Congo ont appele\u0301, ce vendredi 13 mars, la classe politique a\u0300 l\u2019apaisement dans le de\u0301bat autour d\u2019un e\u0301ventuel changement ou d\u2019une re\u0301vision de la Constitution. Dans une de\u0301claration lue a\u0300 Kinshasa par Evariste Ejiba Yamapia, les responsables religieux ont exhorte\u0301 les [&hellip;]<\/p>\n","protected":false},"author":82,"featured_media":136935,"comment_status":"open","ping_status":"closed","sticky":false,"template":"","format":"standard","meta":{"footnotes":""},"categories":[2,10],"tags":[46],"class_list":["post-136936","post","type-post","status-publish","format-standard","has-post-thumbnail","hentry","category-politique","category-toutes-les-actualites","tag-congo-kinshasa"],"yoast_head":"<!-- This site is optimized with the Yoast SEO Premium plugin v26.1 (Yoast SEO v27.0) - https:\/\/yoast.com\/product\/yoast-seo-premium-wordpress\/ -->\n<title>Changement de la Constitution et appel \u00e0 l&#039;apaisement - Congo-kinshasa<\/title>\n<meta name=\"description\" content=\"-article-header-tag&quot;&gt; Africa-Press - Congo Kinshasa. Les chefs des confess ...\" \/>\n<meta name=\"robots\" content=\"index, follow, max-snippet:-1, max-image-preview:large, max-video-preview:-1\" \/>\n<link rel=\"canonical\" href=\"https:\/\/www.africa-press.net\/congo-kinshasa\/politique\/changement-de-la-constitution-et-appel-a-lapaisement\" \/>\n<meta property=\"og:locale\" content=\"fr_FR\" \/>\n<meta property=\"og:type\" content=\"article\" \/>\n<meta property=\"og:title\" content=\"Changement de la Constitution et appel \u00e0 l&#039;apaisement\" \/>\n<meta property=\"og:description\" content=\"-article-header-tag&quot;&gt; Africa-Press - Congo Kinshasa. Les chefs des confess ...\" \/>\n<meta property=\"og:url\" content=\"https:\/\/www.africa-press.net\/congo-kinshasa\/politique\/changement-de-la-constitution-et-appel-a-lapaisement\" \/>\n<meta property=\"og:site_name\" content=\"Congo-kinshasa\" \/>\n<meta property=\"article:published_time\" content=\"2026-03-14T18:48:15+00:00\" \/>\n<meta property=\"article:modified_time\" content=\"2026-03-15T23:28:00+00:00\" \/>\n<meta property=\"og:image\" content=\"https:\/\/static.africa-press.net\/congo-kinshasa\/sites\/49\/2026\/03\/sm_1773516716.004781.jpg\" \/>\n\t<meta property=\"og:image:width\" content=\"873\" \/>\n\t<meta property=\"og:image:height\" content=\"561\" \/>\n\t<meta property=\"og:image:type\" content=\"image\/jpeg\" \/>\n<meta name=\"author\" content=\"cfeditorfr\" \/>\n<meta name=\"twitter:card\" content=\"summary_large_image\" \/>\n<meta name=\"twitter:label1\" content=\"\u00c9crit par\" \/>\n\t<meta name=\"twitter:data1\" content=\"cfeditorfr\" \/>\n\t<meta name=\"twitter:label2\" content=\"Dur\u00e9e de lecture estim\u00e9e\" \/>\n\t<meta name=\"twitter:data2\" content=\"2 minutes\" \/>\n<script type=\"application\/ld+json\" class=\"yoast-schema-graph\">{\"@context\":\"https:\/\/schema.org\",\"@graph\":[{\"@type\":\"Article\",\"@id\":\"https:\/\/www.africa-press.net\/congo-kinshasa\/politique\/changement-de-la-constitution-et-appel-a-lapaisement#article\",\"isPartOf\":{\"@id\":\"https:\/\/www.africa-press.net\/congo-kinshasa\/politique\/changement-de-la-constitution-et-appel-a-lapaisement\"},\"author\":{\"name\":\"cfeditorfr\",\"@id\":\"https:\/\/www.africa-press.net\/congo-kinshasa\/#\/schema\/person\/2b1cf3cd81a31e3cd26889ca66d677f1\"},\"headline\":\"Changement de la Constitution et appel \u00e0 l&rsquo;apaisement\",\"datePublished\":\"2026-03-14T18:48:15+00:00\",\"dateModified\":\"2026-03-15T23:28:00+00:00\",\"mainEntityOfPage\":{\"@id\":\"https:\/\/www.africa-press.net\/congo-kinshasa\/politique\/changement-de-la-constitution-et-appel-a-lapaisement\"},\"wordCount\":259,\"commentCount\":0,\"image\":{\"@id\":\"https:\/\/www.africa-press.net\/congo-kinshasa\/politique\/changement-de-la-constitution-et-appel-a-lapaisement#primaryimage\"},\"thumbnailUrl\":\"https:\/\/static.africa-press.net\/congo-kinshasa\/sites\/49\/2026\/03\/sm_1773516716.004781.jpg\",\"keywords\":[\"Congo Kinshasa\"],\"articleSection\":[\"Politique\",\"Toutes les actualit\u00e9s\"],\"inLanguage\":\"fr-FR\",\"potentialAction\":[{\"@type\":\"CommentAction\",\"name\":\"Comment\",\"target\":[\"https:\/\/www.africa-press.net\/congo-kinshasa\/politique\/changement-de-la-constitution-et-appel-a-lapaisement#respond\"]}]},{\"@type\":\"WebPage\",\"@id\":\"https:\/\/www.africa-press.net\/congo-kinshasa\/politique\/changement-de-la-constitution-et-appel-a-lapaisement\",\"url\":\"https:\/\/www.africa-press.net\/congo-kinshasa\/politique\/changement-de-la-constitution-et-appel-a-lapaisement\",\"name\":\"Changement de la Constitution et appel \u00e0 l'apaisement - Congo-kinshasa\",\"isPartOf\":{\"@id\":\"https:\/\/www.africa-press.net\/congo-kinshasa\/#website\"},\"primaryImageOfPage\":{\"@id\":\"https:\/\/www.africa-press.net\/congo-kinshasa\/politique\/changement-de-la-constitution-et-appel-a-lapaisement#primaryimage\"},\"image\":{\"@id\":\"https:\/\/www.africa-press.net\/congo-kinshasa\/politique\/changement-de-la-constitution-et-appel-a-lapaisement#primaryimage\"},\"thumbnailUrl\":\"https:\/\/static.africa-press.net\/congo-kinshasa\/sites\/49\/2026\/03\/sm_1773516716.004781.jpg\",\"datePublished\":\"2026-03-14T18:48:15+00:00\",\"dateModified\":\"2026-03-15T23:28:00+00:00\",\"author\":{\"@id\":\"https:\/\/www.africa-press.net\/congo-kinshasa\/#\/schema\/person\/2b1cf3cd81a31e3cd26889ca66d677f1\"},\"description\":\"-article-header-tag\\\"> Africa-Press - Congo Kinshasa. Les chefs des confess ...\",\"breadcrumb\":{\"@id\":\"https:\/\/www.africa-press.net\/congo-kinshasa\/politique\/changement-de-la-constitution-et-appel-a-lapaisement#breadcrumb\"},\"inLanguage\":\"fr-FR\",\"potentialAction\":[{\"@type\":\"ReadAction\",\"target\":[\"https:\/\/www.africa-press.net\/congo-kinshasa\/politique\/changement-de-la-constitution-et-appel-a-lapaisement\"]}]},{\"@type\":\"ImageObject\",\"inLanguage\":\"fr-FR\",\"@id\":\"https:\/\/www.africa-press.net\/congo-kinshasa\/politique\/changement-de-la-constitution-et-appel-a-lapaisement#primaryimage\",\"url\":\"https:\/\/static.africa-press.net\/congo-kinshasa\/sites\/49\/2026\/03\/sm_1773516716.004781.jpg\",\"contentUrl\":\"https:\/\/static.africa-press.net\/congo-kinshasa\/sites\/49\/2026\/03\/sm_1773516716.004781.jpg\",\"width\":873,\"height\":561,\"caption\":\"Changement de la Constitution et appel \u00e0 l'apaisement\"},{\"@type\":\"BreadcrumbList\",\"@id\":\"https:\/\/www.africa-press.net\/congo-kinshasa\/politique\/changement-de-la-constitution-et-appel-a-lapaisement#breadcrumb\",\"itemListElement\":[{\"@type\":\"ListItem\",\"position\":1,\"name\":\"Accueil\",\"item\":\"https:\/\/www.africa-press.net\/congo-kinshasa\/\"},{\"@type\":\"ListItem\",\"position\":2,\"name\":\"Changement de la Constitution et appel \u00e0 l&#8217;apaisement\"}]},{\"@type\":\"WebSite\",\"@id\":\"https:\/\/www.africa-press.net\/congo-kinshasa\/#website\",\"url\":\"https:\/\/www.africa-press.net\/congo-kinshasa\/\",\"name\":\"Congo-kinshasa\",\"description\":\"Just another Africa News Agency Sites site\",\"potentialAction\":[{\"@type\":\"SearchAction\",\"target\":{\"@type\":\"EntryPoint\",\"urlTemplate\":\"https:\/\/www.africa-press.net\/congo-kinshasa\/?s={search_term_string}\"},\"query-input\":{\"@type\":\"PropertyValueSpecification\",\"valueRequired\":true,\"valueName\":\"search_term_string\"}}],\"inLanguage\":\"fr-FR\"},{\"@type\":\"Person\",\"@id\":\"https:\/\/www.africa-press.net\/congo-kinshasa\/#\/schema\/person\/2b1cf3cd81a31e3cd26889ca66d677f1\",\"name\":\"cfeditorfr\"}]}<\/script>\n<!-- \/ Yoast SEO Premium plugin. -->","yoast_head_json":{"title":"Changement de la Constitution et appel \u00e0 l'apaisement - Congo-kinshasa","description":"-article-header-tag\"> Africa-Press - Congo Kinshasa. Les chefs des confess ...","robots":{"index":"index","follow":"follow","max-snippet":"max-snippet:-1","max-image-preview":"max-image-preview:large","max-video-preview":"max-video-preview:-1"},"canonical":"https:\/\/www.africa-press.net\/congo-kinshasa\/politique\/changement-de-la-constitution-et-appel-a-lapaisement","og_locale":"fr_FR","og_type":"article","og_title":"Changement de la Constitution et appel \u00e0 l'apaisement","og_description":"-article-header-tag\"> Africa-Press - Congo Kinshasa. Les chefs des confess ...","og_url":"https:\/\/www.africa-press.net\/congo-kinshasa\/politique\/changement-de-la-constitution-et-appel-a-lapaisement","og_site_name":"Congo-kinshasa","article_published_time":"2026-03-14T18:48:15+00:00","article_modified_time":"2026-03-15T23:28:00+00:00","og_image":[{"width":873,"height":561,"url":"https:\/\/static.africa-press.net\/congo-kinshasa\/sites\/49\/2026\/03\/sm_1773516716.004781.jpg","type":"image\/jpeg"}],"author":"cfeditorfr","twitter_card":"summary_large_image","twitter_misc":{"\u00c9crit par":"cfeditorfr","Dur\u00e9e de lecture estim\u00e9e":"2 minutes"},"schema":{"@context":"https:\/\/schema.org","@graph":[{"@type":"Article","@id":"https:\/\/www.africa-press.net\/congo-kinshasa\/politique\/changement-de-la-constitution-et-appel-a-lapaisement#article","isPartOf":{"@id":"https:\/\/www.africa-press.net\/congo-kinshasa\/politique\/changement-de-la-constitution-et-appel-a-lapaisement"},"author":{"name":"cfeditorfr","@id":"https:\/\/www.africa-press.net\/congo-kinshasa\/#\/schema\/person\/2b1cf3cd81a31e3cd26889ca66d677f1"},"headline":"Changement de la Constitution et appel \u00e0 l&rsquo;apaisement","datePublished":"2026-03-14T18:48:15+00:00","dateModified":"2026-03-15T23:28:00+00:00","mainEntityOfPage":{"@id":"https:\/\/www.africa-press.net\/congo-kinshasa\/politique\/changement-de-la-constitution-et-appel-a-lapaisement"},"wordCount":259,"commentCount":0,"image":{"@id":"https:\/\/www.africa-press.net\/congo-kinshasa\/politique\/changement-de-la-constitution-et-appel-a-lapaisement#primaryimage"},"thumbnailUrl":"https:\/\/static.africa-press.net\/congo-kinshasa\/sites\/49\/2026\/03\/sm_1773516716.004781.jpg","keywords":["Congo Kinshasa"],"articleSection":["Politique","Toutes les actualit\u00e9s"],"inLanguage":"fr-FR","potentialAction":[{"@type":"CommentAction","name":"Comment","target":["https:\/\/www.africa-press.net\/congo-kinshasa\/politique\/changement-de-la-constitution-et-appel-a-lapaisement#respond"]}]},{"@type":"WebPage","@id":"https:\/\/www.africa-press.net\/congo-kinshasa\/politique\/changement-de-la-constitution-et-appel-a-lapaisement","url":"https:\/\/www.africa-press.net\/congo-kinshasa\/politique\/changement-de-la-constitution-et-appel-a-lapaisement","name":"Changement de la Constitution et appel \u00e0 l'apaisement - Congo-kinshasa","isPartOf":{"@id":"https:\/\/www.africa-press.net\/congo-kinshasa\/#website"},"primaryImageOfPage":{"@id":"https:\/\/www.africa-press.net\/congo-kinshasa\/politique\/changement-de-la-constitution-et-appel-a-lapaisement#primaryimage"},"image":{"@id":"https:\/\/www.africa-press.net\/congo-kinshasa\/politique\/changement-de-la-constitution-et-appel-a-lapaisement#primaryimage"},"thumbnailUrl":"https:\/\/static.africa-press.net\/congo-kinshasa\/sites\/49\/2026\/03\/sm_1773516716.004781.jpg","datePublished":"2026-03-14T18:48:15+00:00","dateModified":"2026-03-15T23:28:00+00:00","author":{"@id":"https:\/\/www.africa-press.net\/congo-kinshasa\/#\/schema\/person\/2b1cf3cd81a31e3cd26889ca66d677f1"},"description":"-article-header-tag\"> Africa-Press - Congo Kinshasa. Les chefs des confess ...","breadcrumb":{"@id":"https:\/\/www.africa-press.net\/congo-kinshasa\/politique\/changement-de-la-constitution-et-appel-a-lapaisement#breadcrumb"},"inLanguage":"fr-FR","potentialAction":[{"@type":"ReadAction","target":["https:\/\/www.africa-press.net\/congo-kinshasa\/politique\/changement-de-la-constitution-et-appel-a-lapaisement"]}]},{"@type":"ImageObject","inLanguage":"fr-FR","@id":"https:\/\/www.africa-press.net\/congo-kinshasa\/politique\/changement-de-la-constitution-et-appel-a-lapaisement#primaryimage","url":"https:\/\/static.africa-press.net\/congo-kinshasa\/sites\/49\/2026\/03\/sm_1773516716.004781.jpg","contentUrl":"https:\/\/static.africa-press.net\/congo-kinshasa\/sites\/49\/2026\/03\/sm_1773516716.004781.jpg","width":873,"height":561,"caption":"Changement de la Constitution et appel \u00e0 l'apaisement"},{"@type":"BreadcrumbList","@id":"https:\/\/www.africa-press.net\/congo-kinshasa\/politique\/changement-de-la-constitution-et-appel-a-lapaisement#breadcrumb","itemListElement":[{"@type":"ListItem","position":1,"name":"Accueil","item":"https:\/\/www.africa-press.net\/congo-kinshasa\/"},{"@type":"ListItem","position":2,"name":"Changement de la Constitution et appel \u00e0 l&#8217;apaisement"}]},{"@type":"WebSite","@id":"https:\/\/www.africa-press.net\/congo-kinshasa\/#website","url":"https:\/\/www.africa-press.net\/congo-kinshasa\/","name":"Congo-kinshasa","description":"Just another Africa News Agency Sites site","potentialAction":[{"@type":"SearchAction","target":{"@type":"EntryPoint","urlTemplate":"https:\/\/www.africa-press.net\/congo-kinshasa\/?s={search_term_string}"},"query-input":{"@type":"PropertyValueSpecification","valueRequired":true,"valueName":"search_term_string"}}],"inLanguage":"fr-FR"},{"@type":"Person","@id":"https:\/\/www.africa-press.net\/congo-kinshasa\/#\/schema\/person\/2b1cf3cd81a31e3cd26889ca66d677f1","name":"cfeditorfr"}]}},"_links":{"self":[{"href":"https:\/\/www.africa-press.net\/congo-kinshasa\/wp-json\/wp\/v2\/posts\/136936","targetHints":{"allow":["GET"]}}],"collection":[{"href":"https:\/\/www.africa-press.net\/congo-kinshasa\/wp-json\/wp\/v2\/posts"}],"about":[{"href":"https:\/\/www.africa-press.net\/congo-kinshasa\/wp-json\/wp\/v2\/types\/post"}],"author":[{"embeddable":true,"href":"https:\/\/www.africa-press.net\/congo-kinshasa\/wp-json\/wp\/v2\/users\/82"}],"replies":[{"embeddable":true,"href":"https:\/\/www.africa-press.net\/congo-kinshasa\/wp-json\/wp\/v2\/comments?post=136936"}],"version-history":[{"count":0,"href":"https:\/\/www.africa-press.net\/congo-kinshasa\/wp-json\/wp\/v2\/posts\/136936\/revisions"}],"wp:featuredmedia":[{"embeddable":true,"href":"https:\/\/www.africa-press.net\/congo-kinshasa\/wp-json\/wp\/v2\/media\/136935"}],"wp:attachment":[{"href":"https:\/\/www.africa-press.net\/congo-kinshasa\/wp-json\/wp\/v2\/media?parent=136936"}],"wp:term":[{"taxonomy":"category","embeddable":true,"href":"https:\/\/www.africa-press.net\/congo-kinshasa\/wp-json\/wp\/v2\/categories?post=136936"},{"taxonomy":"post_tag","embeddable":true,"href":"https:\/\/www.africa-press.net\/congo-kinshasa\/wp-json\/wp\/v2\/tags?post=136936"}],"curies":[{"name":"wp","href":"https:\/\/api.w.org\/{rel}","templated":true}]}}