{"id":136938,"date":"2026-03-14T18:48:26","date_gmt":"2026-03-14T18:48:26","guid":{"rendered":"https:\/\/www.africa-press.net\/congo-kinshasa\/politique\/dialogue-intergenerationnel-avec-jeunes-filles-leaders"},"modified":"2026-03-15T23:28:25","modified_gmt":"2026-03-15T23:28:25","slug":"dialogue-intergenerationnel-avec-jeunes-filles-leaders","status":"publish","type":"post","link":"https:\/\/www.africa-press.net\/congo-kinshasa\/politique\/dialogue-intergenerationnel-avec-jeunes-filles-leaders","title":{"rendered":"Dialogue Interg\u00e9n\u00e9rationnel Avec Jeunes Filles Leaders"},"content":{"rendered":"<p><span class=\"ap-article-header-tag\"> <strong>Africa-Press &#8211; Congo Kinshasa. <\/strong> <\/span><b>A\u0300 l\u2019occasion du mois de\u0301die\u0301 aux droits des femmes, ONU Femmes a organise\u0301, ce vendredi 13 mars, un dialogue interge\u0301ne\u0301rationnel entre la de\u0301pute\u0301e Clotilde Mutita, rapporteure adjointe de l\u2019Assemble\u0301e nationale de la Re\u0301publique de\u0301mocratique du Congo, et les jeunes filles apprenantes du centre professionnel Centre professionnel Don Bosco, dirige\u0301 par des s\u0153urs religieuses.<\/b><\/p>\n<p>A\u0300 travers ce forum, l\u2019agence onusienne a voulu renforcer les e\u0301changes entre les femmes leaders et la jeune ge\u0301ne\u0301ration, afin d\u2019encourager les jeunes filles a\u0300 s\u2019exprimer sur les the\u0301matiques qui les pre\u0301occupent et a\u0300 faire entendre leur voix aupre\u0300s des de\u0301cideuses.<\/p>\n<p>Prenant la parole devant une assistance majoritairement compose\u0301e de jeunes filles, la de\u0301pute\u0301e Clotilde Mutita a partage\u0301 son parcours inspirant, depuis sa ville natale de Kipushi, dans la province du Haut-Katanga, jusqu\u2019a\u0300 l\u2019Assemble\u0301e nationale, ou\u0300 elle figure parmi les membres du Bureau de cette deuxie\u0300me institution de la Re\u0301publique de\u0301mocratique du Congo.<\/p>\n<p>Femme politique et enseignante dans plusieurs universite\u0301s prive\u0301es de Lubumbashi, Clotilde Mutita s\u2019est adresse\u0301e aux jeunes filles du centre Don Bosco en ces termes:<\/p>\n<p>\u00ab La re\u0301ussite dans la vie n\u2019est pas un long fleuve tranquille. Vous devez vous battre, che\u0300res jeunes femmes. Pour re\u0301ussir sur cette terre d\u2019hommes, il est important de se connai\u0302tre soi-me\u0302me, de connai\u0302tre ses forces et ses faiblesses. Une autre chose importante est de savoir saisir les opportunite\u0301s qui se pre\u0301sentent a\u0300 vous et d\u2019entretenir de bonnes relations, car Dieu passe souvent par une personne pour vous be\u0301nir. Durant votre parcours, me\u0302me lorsque les choses ne marchent pas comme pre\u0301vu, perse\u0301ve\u0301rez. Il ne faut surtout pas abandonner. La vie n\u2019offre pas de cadeaux ; il faut travailler avec abne\u0301gation et de\u0301termination pour re\u0301ussir \u00bb, a-t-elle de\u0301clare\u0301.<\/p>\n<p>Apre\u0300s cette intervention, les jeunes filles pre\u0301sentes dans la salle ont pris l\u2019engagement de suivre se\u0301rieusement leur formation professionnelle afin de se distinguer dans la socie\u0301te\u0301. Certaines ont me\u0302me exprime\u0301 leur ambition de se lancer plus tard en politique afin d\u2019avoir un impact positif et de contribuer a\u0300 la construction d\u2019un Congo prospe\u0300re.<\/p>\n<p class=\"ap-article-footer-note\">Retrouvez plus d\u2019actualit\u00e9s et d\u2019analyses sur <span class=\"ap-highlight-country\">Congo Kinshasa<\/span> sur le site <span class=\"ap-highlight-brand\">Africa Press<\/span><\/p>\n","protected":false},"excerpt":{"rendered":"<p>Africa-Press &#8211; Congo Kinshasa. A\u0300 l\u2019occasion du mois de\u0301die\u0301 aux droits des femmes, ONU Femmes a organise\u0301, ce vendredi 13 mars, un dialogue interge\u0301ne\u0301rationnel entre la de\u0301pute\u0301e Clotilde Mutita, rapporteure adjointe de l\u2019Assemble\u0301e nationale de la Re\u0301publique de\u0301mocratique du Congo, et les jeunes filles apprenantes du centre professionnel Centre professionnel Don Bosco, dirige\u0301 par des [&hellip;]<\/p>\n","protected":false},"author":82,"featured_media":136937,"comment_status":"open","ping_status":"closed","sticky":false,"template":"","format":"standard","meta":{"footnotes":""},"categories":[2,10],"tags":[46],"class_list":["post-136938","post","type-post","status-publish","format-standard","has-post-thumbnail","hentry","category-politique","category-toutes-les-actualites","tag-congo-kinshasa"],"yoast_head":"<!-- This site is optimized with the Yoast SEO Premium plugin v26.1 (Yoast SEO v27.0) - https:\/\/yoast.com\/product\/yoast-seo-premium-wordpress\/ -->\n<title>Dialogue Interg\u00e9n\u00e9rationnel Avec Jeunes Filles Leaders - Congo-kinshasa<\/title>\n<meta name=\"description\" content=\"-article-header-tag&quot;&gt; Africa-Press - Congo Kinshasa. A\u0300 l\u2019occasion du mois ...\" \/>\n<meta name=\"robots\" content=\"index, follow, max-snippet:-1, max-image-preview:large, max-video-preview:-1\" \/>\n<link rel=\"canonical\" href=\"https:\/\/www.africa-press.net\/congo-kinshasa\/politique\/dialogue-intergenerationnel-avec-jeunes-filles-leaders\" \/>\n<meta property=\"og:locale\" content=\"fr_FR\" \/>\n<meta property=\"og:type\" content=\"article\" \/>\n<meta property=\"og:title\" content=\"Dialogue Interg\u00e9n\u00e9rationnel Avec Jeunes Filles Leaders\" \/>\n<meta property=\"og:description\" content=\"-article-header-tag&quot;&gt; Africa-Press - Congo Kinshasa. A\u0300 l\u2019occasion du mois ...\" \/>\n<meta property=\"og:url\" content=\"https:\/\/www.africa-press.net\/congo-kinshasa\/politique\/dialogue-intergenerationnel-avec-jeunes-filles-leaders\" \/>\n<meta property=\"og:site_name\" content=\"Congo-kinshasa\" \/>\n<meta property=\"article:published_time\" content=\"2026-03-14T18:48:26+00:00\" \/>\n<meta property=\"article:modified_time\" content=\"2026-03-15T23:28:25+00:00\" \/>\n<meta property=\"og:image\" content=\"https:\/\/static.africa-press.net\/congo-kinshasa\/sites\/49\/2026\/03\/sm_1773516730.905222.jpg\" \/>\n\t<meta property=\"og:image:width\" content=\"1020\" \/>\n\t<meta property=\"og:image:height\" content=\"765\" \/>\n\t<meta property=\"og:image:type\" content=\"image\/jpeg\" \/>\n<meta name=\"author\" content=\"cfeditorfr\" \/>\n<meta name=\"twitter:card\" content=\"summary_large_image\" \/>\n<meta name=\"twitter:label1\" content=\"\u00c9crit par\" \/>\n\t<meta name=\"twitter:data1\" content=\"cfeditorfr\" \/>\n\t<meta name=\"twitter:label2\" content=\"Dur\u00e9e de lecture estim\u00e9e\" \/>\n\t<meta name=\"twitter:data2\" content=\"2 minutes\" \/>\n<script type=\"application\/ld+json\" class=\"yoast-schema-graph\">{\"@context\":\"https:\/\/schema.org\",\"@graph\":[{\"@type\":\"Article\",\"@id\":\"https:\/\/www.africa-press.net\/congo-kinshasa\/politique\/dialogue-intergenerationnel-avec-jeunes-filles-leaders#article\",\"isPartOf\":{\"@id\":\"https:\/\/www.africa-press.net\/congo-kinshasa\/politique\/dialogue-intergenerationnel-avec-jeunes-filles-leaders\"},\"author\":{\"name\":\"cfeditorfr\",\"@id\":\"https:\/\/www.africa-press.net\/congo-kinshasa\/#\/schema\/person\/2b1cf3cd81a31e3cd26889ca66d677f1\"},\"headline\":\"Dialogue Interg\u00e9n\u00e9rationnel Avec Jeunes Filles Leaders\",\"datePublished\":\"2026-03-14T18:48:26+00:00\",\"dateModified\":\"2026-03-15T23:28:25+00:00\",\"mainEntityOfPage\":{\"@id\":\"https:\/\/www.africa-press.net\/congo-kinshasa\/politique\/dialogue-intergenerationnel-avec-jeunes-filles-leaders\"},\"wordCount\":418,\"commentCount\":0,\"image\":{\"@id\":\"https:\/\/www.africa-press.net\/congo-kinshasa\/politique\/dialogue-intergenerationnel-avec-jeunes-filles-leaders#primaryimage\"},\"thumbnailUrl\":\"https:\/\/static.africa-press.net\/congo-kinshasa\/sites\/49\/2026\/03\/sm_1773516730.905222.jpg\",\"keywords\":[\"Congo Kinshasa\"],\"articleSection\":[\"Politique\",\"Toutes les actualit\u00e9s\"],\"inLanguage\":\"fr-FR\",\"potentialAction\":[{\"@type\":\"CommentAction\",\"name\":\"Comment\",\"target\":[\"https:\/\/www.africa-press.net\/congo-kinshasa\/politique\/dialogue-intergenerationnel-avec-jeunes-filles-leaders#respond\"]}]},{\"@type\":\"WebPage\",\"@id\":\"https:\/\/www.africa-press.net\/congo-kinshasa\/politique\/dialogue-intergenerationnel-avec-jeunes-filles-leaders\",\"url\":\"https:\/\/www.africa-press.net\/congo-kinshasa\/politique\/dialogue-intergenerationnel-avec-jeunes-filles-leaders\",\"name\":\"Dialogue Interg\u00e9n\u00e9rationnel Avec Jeunes Filles Leaders - Congo-kinshasa\",\"isPartOf\":{\"@id\":\"https:\/\/www.africa-press.net\/congo-kinshasa\/#website\"},\"primaryImageOfPage\":{\"@id\":\"https:\/\/www.africa-press.net\/congo-kinshasa\/politique\/dialogue-intergenerationnel-avec-jeunes-filles-leaders#primaryimage\"},\"image\":{\"@id\":\"https:\/\/www.africa-press.net\/congo-kinshasa\/politique\/dialogue-intergenerationnel-avec-jeunes-filles-leaders#primaryimage\"},\"thumbnailUrl\":\"https:\/\/static.africa-press.net\/congo-kinshasa\/sites\/49\/2026\/03\/sm_1773516730.905222.jpg\",\"datePublished\":\"2026-03-14T18:48:26+00:00\",\"dateModified\":\"2026-03-15T23:28:25+00:00\",\"author\":{\"@id\":\"https:\/\/www.africa-press.net\/congo-kinshasa\/#\/schema\/person\/2b1cf3cd81a31e3cd26889ca66d677f1\"},\"description\":\"-article-header-tag\\\"> Africa-Press - Congo Kinshasa. A\u0300 l\u2019occasion du mois ...\",\"breadcrumb\":{\"@id\":\"https:\/\/www.africa-press.net\/congo-kinshasa\/politique\/dialogue-intergenerationnel-avec-jeunes-filles-leaders#breadcrumb\"},\"inLanguage\":\"fr-FR\",\"potentialAction\":[{\"@type\":\"ReadAction\",\"target\":[\"https:\/\/www.africa-press.net\/congo-kinshasa\/politique\/dialogue-intergenerationnel-avec-jeunes-filles-leaders\"]}]},{\"@type\":\"ImageObject\",\"inLanguage\":\"fr-FR\",\"@id\":\"https:\/\/www.africa-press.net\/congo-kinshasa\/politique\/dialogue-intergenerationnel-avec-jeunes-filles-leaders#primaryimage\",\"url\":\"https:\/\/static.africa-press.net\/congo-kinshasa\/sites\/49\/2026\/03\/sm_1773516730.905222.jpg\",\"contentUrl\":\"https:\/\/static.africa-press.net\/congo-kinshasa\/sites\/49\/2026\/03\/sm_1773516730.905222.jpg\",\"width\":1020,\"height\":765,\"caption\":\"Dialogue Interg\u00e9n\u00e9rationnel Avec Jeunes Filles Leaders\"},{\"@type\":\"BreadcrumbList\",\"@id\":\"https:\/\/www.africa-press.net\/congo-kinshasa\/politique\/dialogue-intergenerationnel-avec-jeunes-filles-leaders#breadcrumb\",\"itemListElement\":[{\"@type\":\"ListItem\",\"position\":1,\"name\":\"Accueil\",\"item\":\"https:\/\/www.africa-press.net\/congo-kinshasa\/\"},{\"@type\":\"ListItem\",\"position\":2,\"name\":\"Dialogue Interg\u00e9n\u00e9rationnel Avec Jeunes Filles Leaders\"}]},{\"@type\":\"WebSite\",\"@id\":\"https:\/\/www.africa-press.net\/congo-kinshasa\/#website\",\"url\":\"https:\/\/www.africa-press.net\/congo-kinshasa\/\",\"name\":\"Congo-kinshasa\",\"description\":\"Just another Africa News Agency Sites site\",\"potentialAction\":[{\"@type\":\"SearchAction\",\"target\":{\"@type\":\"EntryPoint\",\"urlTemplate\":\"https:\/\/www.africa-press.net\/congo-kinshasa\/?s={search_term_string}\"},\"query-input\":{\"@type\":\"PropertyValueSpecification\",\"valueRequired\":true,\"valueName\":\"search_term_string\"}}],\"inLanguage\":\"fr-FR\"},{\"@type\":\"Person\",\"@id\":\"https:\/\/www.africa-press.net\/congo-kinshasa\/#\/schema\/person\/2b1cf3cd81a31e3cd26889ca66d677f1\",\"name\":\"cfeditorfr\"}]}<\/script>\n<!-- \/ Yoast SEO Premium plugin. -->","yoast_head_json":{"title":"Dialogue Interg\u00e9n\u00e9rationnel Avec Jeunes Filles Leaders - Congo-kinshasa","description":"-article-header-tag\"> Africa-Press - Congo Kinshasa. A\u0300 l\u2019occasion du mois ...","robots":{"index":"index","follow":"follow","max-snippet":"max-snippet:-1","max-image-preview":"max-image-preview:large","max-video-preview":"max-video-preview:-1"},"canonical":"https:\/\/www.africa-press.net\/congo-kinshasa\/politique\/dialogue-intergenerationnel-avec-jeunes-filles-leaders","og_locale":"fr_FR","og_type":"article","og_title":"Dialogue Interg\u00e9n\u00e9rationnel Avec Jeunes Filles Leaders","og_description":"-article-header-tag\"> Africa-Press - Congo Kinshasa. A\u0300 l\u2019occasion du mois ...","og_url":"https:\/\/www.africa-press.net\/congo-kinshasa\/politique\/dialogue-intergenerationnel-avec-jeunes-filles-leaders","og_site_name":"Congo-kinshasa","article_published_time":"2026-03-14T18:48:26+00:00","article_modified_time":"2026-03-15T23:28:25+00:00","og_image":[{"width":1020,"height":765,"url":"https:\/\/static.africa-press.net\/congo-kinshasa\/sites\/49\/2026\/03\/sm_1773516730.905222.jpg","type":"image\/jpeg"}],"author":"cfeditorfr","twitter_card":"summary_large_image","twitter_misc":{"\u00c9crit par":"cfeditorfr","Dur\u00e9e de lecture estim\u00e9e":"2 minutes"},"schema":{"@context":"https:\/\/schema.org","@graph":[{"@type":"Article","@id":"https:\/\/www.africa-press.net\/congo-kinshasa\/politique\/dialogue-intergenerationnel-avec-jeunes-filles-leaders#article","isPartOf":{"@id":"https:\/\/www.africa-press.net\/congo-kinshasa\/politique\/dialogue-intergenerationnel-avec-jeunes-filles-leaders"},"author":{"name":"cfeditorfr","@id":"https:\/\/www.africa-press.net\/congo-kinshasa\/#\/schema\/person\/2b1cf3cd81a31e3cd26889ca66d677f1"},"headline":"Dialogue Interg\u00e9n\u00e9rationnel Avec Jeunes Filles Leaders","datePublished":"2026-03-14T18:48:26+00:00","dateModified":"2026-03-15T23:28:25+00:00","mainEntityOfPage":{"@id":"https:\/\/www.africa-press.net\/congo-kinshasa\/politique\/dialogue-intergenerationnel-avec-jeunes-filles-leaders"},"wordCount":418,"commentCount":0,"image":{"@id":"https:\/\/www.africa-press.net\/congo-kinshasa\/politique\/dialogue-intergenerationnel-avec-jeunes-filles-leaders#primaryimage"},"thumbnailUrl":"https:\/\/static.africa-press.net\/congo-kinshasa\/sites\/49\/2026\/03\/sm_1773516730.905222.jpg","keywords":["Congo Kinshasa"],"articleSection":["Politique","Toutes les actualit\u00e9s"],"inLanguage":"fr-FR","potentialAction":[{"@type":"CommentAction","name":"Comment","target":["https:\/\/www.africa-press.net\/congo-kinshasa\/politique\/dialogue-intergenerationnel-avec-jeunes-filles-leaders#respond"]}]},{"@type":"WebPage","@id":"https:\/\/www.africa-press.net\/congo-kinshasa\/politique\/dialogue-intergenerationnel-avec-jeunes-filles-leaders","url":"https:\/\/www.africa-press.net\/congo-kinshasa\/politique\/dialogue-intergenerationnel-avec-jeunes-filles-leaders","name":"Dialogue Interg\u00e9n\u00e9rationnel Avec Jeunes Filles Leaders - Congo-kinshasa","isPartOf":{"@id":"https:\/\/www.africa-press.net\/congo-kinshasa\/#website"},"primaryImageOfPage":{"@id":"https:\/\/www.africa-press.net\/congo-kinshasa\/politique\/dialogue-intergenerationnel-avec-jeunes-filles-leaders#primaryimage"},"image":{"@id":"https:\/\/www.africa-press.net\/congo-kinshasa\/politique\/dialogue-intergenerationnel-avec-jeunes-filles-leaders#primaryimage"},"thumbnailUrl":"https:\/\/static.africa-press.net\/congo-kinshasa\/sites\/49\/2026\/03\/sm_1773516730.905222.jpg","datePublished":"2026-03-14T18:48:26+00:00","dateModified":"2026-03-15T23:28:25+00:00","author":{"@id":"https:\/\/www.africa-press.net\/congo-kinshasa\/#\/schema\/person\/2b1cf3cd81a31e3cd26889ca66d677f1"},"description":"-article-header-tag\"> Africa-Press - Congo Kinshasa. A\u0300 l\u2019occasion du mois ...","breadcrumb":{"@id":"https:\/\/www.africa-press.net\/congo-kinshasa\/politique\/dialogue-intergenerationnel-avec-jeunes-filles-leaders#breadcrumb"},"inLanguage":"fr-FR","potentialAction":[{"@type":"ReadAction","target":["https:\/\/www.africa-press.net\/congo-kinshasa\/politique\/dialogue-intergenerationnel-avec-jeunes-filles-leaders"]}]},{"@type":"ImageObject","inLanguage":"fr-FR","@id":"https:\/\/www.africa-press.net\/congo-kinshasa\/politique\/dialogue-intergenerationnel-avec-jeunes-filles-leaders#primaryimage","url":"https:\/\/static.africa-press.net\/congo-kinshasa\/sites\/49\/2026\/03\/sm_1773516730.905222.jpg","contentUrl":"https:\/\/static.africa-press.net\/congo-kinshasa\/sites\/49\/2026\/03\/sm_1773516730.905222.jpg","width":1020,"height":765,"caption":"Dialogue Interg\u00e9n\u00e9rationnel Avec Jeunes Filles Leaders"},{"@type":"BreadcrumbList","@id":"https:\/\/www.africa-press.net\/congo-kinshasa\/politique\/dialogue-intergenerationnel-avec-jeunes-filles-leaders#breadcrumb","itemListElement":[{"@type":"ListItem","position":1,"name":"Accueil","item":"https:\/\/www.africa-press.net\/congo-kinshasa\/"},{"@type":"ListItem","position":2,"name":"Dialogue Interg\u00e9n\u00e9rationnel Avec Jeunes Filles Leaders"}]},{"@type":"WebSite","@id":"https:\/\/www.africa-press.net\/congo-kinshasa\/#website","url":"https:\/\/www.africa-press.net\/congo-kinshasa\/","name":"Congo-kinshasa","description":"Just another Africa News Agency Sites site","potentialAction":[{"@type":"SearchAction","target":{"@type":"EntryPoint","urlTemplate":"https:\/\/www.africa-press.net\/congo-kinshasa\/?s={search_term_string}"},"query-input":{"@type":"PropertyValueSpecification","valueRequired":true,"valueName":"search_term_string"}}],"inLanguage":"fr-FR"},{"@type":"Person","@id":"https:\/\/www.africa-press.net\/congo-kinshasa\/#\/schema\/person\/2b1cf3cd81a31e3cd26889ca66d677f1","name":"cfeditorfr"}]}},"_links":{"self":[{"href":"https:\/\/www.africa-press.net\/congo-kinshasa\/wp-json\/wp\/v2\/posts\/136938","targetHints":{"allow":["GET"]}}],"collection":[{"href":"https:\/\/www.africa-press.net\/congo-kinshasa\/wp-json\/wp\/v2\/posts"}],"about":[{"href":"https:\/\/www.africa-press.net\/congo-kinshasa\/wp-json\/wp\/v2\/types\/post"}],"author":[{"embeddable":true,"href":"https:\/\/www.africa-press.net\/congo-kinshasa\/wp-json\/wp\/v2\/users\/82"}],"replies":[{"embeddable":true,"href":"https:\/\/www.africa-press.net\/congo-kinshasa\/wp-json\/wp\/v2\/comments?post=136938"}],"version-history":[{"count":0,"href":"https:\/\/www.africa-press.net\/congo-kinshasa\/wp-json\/wp\/v2\/posts\/136938\/revisions"}],"wp:featuredmedia":[{"embeddable":true,"href":"https:\/\/www.africa-press.net\/congo-kinshasa\/wp-json\/wp\/v2\/media\/136937"}],"wp:attachment":[{"href":"https:\/\/www.africa-press.net\/congo-kinshasa\/wp-json\/wp\/v2\/media?parent=136938"}],"wp:term":[{"taxonomy":"category","embeddable":true,"href":"https:\/\/www.africa-press.net\/congo-kinshasa\/wp-json\/wp\/v2\/categories?post=136938"},{"taxonomy":"post_tag","embeddable":true,"href":"https:\/\/www.africa-press.net\/congo-kinshasa\/wp-json\/wp\/v2\/tags?post=136938"}],"curies":[{"name":"wp","href":"https:\/\/api.w.org\/{rel}","templated":true}]}}