{"id":136942,"date":"2026-03-14T18:49:06","date_gmt":"2026-03-14T18:49:06","guid":{"rendered":"https:\/\/www.africa-press.net\/congo-kinshasa\/politique\/fecofa-reamenage-son-calendrier-electoral"},"modified":"2026-03-15T23:29:10","modified_gmt":"2026-03-15T23:29:10","slug":"fecofa-reamenage-son-calendrier-electoral","status":"publish","type":"post","link":"https:\/\/www.africa-press.net\/congo-kinshasa\/sports\/fecofa-reamenage-son-calendrier-electoral","title":{"rendered":"Fecofa R\u00e9am\u00e9nage Son Calendrier \u00c9lectoral"},"content":{"rendered":"<p><span class=\"ap-article-header-tag\"> <strong>Africa-Press &#8211; Congo Kinshasa. <\/strong> <\/span><b>La Fe\u0301de\u0301ration congolaise de football association (FECOFA) se pre\u0301pare a\u0300 franchir une nouvelle e\u0301tape dans son processus e\u0301lectoral. La Commission e\u0301lectorale, en collaboration avec la Commission de recours e\u0301lectoral, a de\u0301voile\u0301 un calendrier re\u0301ame\u0301nage\u0301 pour l\u2019organisation des scrutins qui devront conduire a\u0300 la mise en place d\u2019un nouveau comite\u0301 dirigeant.<\/b><\/p>\n<p>Selon ce nouveau chronogramme, les 2, 3 et 4 mai prochains seront consacre\u0301s a\u0300 l\u2019organisation des e\u0301lections au sein des ligues nationales, une e\u0301tape importante du processus visant a\u0300 renouveler les diffe\u0301rentes instances du football congolais.<\/p>\n<p>L\u2019e\u0301lection du comite\u0301 exe\u0301cutif de la FECOFA est, quant a\u0300 elle, programme\u0301e pour le 20 mai. Ce scrutin devra permettre de de\u0301signer les nouveaux responsables appele\u0301s a\u0300 diriger l\u2019instance fai\u0302tie\u0300re du football en Re\u0301publique de\u0301mocratique du Congo.<\/p>\n<p>Enfin, la ce\u0301re\u0301monie de remise et reprise entre le Comite\u0301 de normalisation de la FECOFA (CONOR) et le nouveau comite\u0301 e\u0301lu est pre\u0301vue le 21 mai, marquant ainsi la fin de la mission du comite\u0301 de normalisation et le retour a\u0300 une gestion e\u0301lue de la fe\u0301de\u0301ration.<\/p>\n<p>Ce calendrier re\u0301ame\u0301nage\u0301 intervient dans un contexte ou\u0300 plusieurs acteurs du football congolais attendent la mise en place d\u2019une nouvelle gouvernance afin de relancer durablement le de\u0301veloppement du football national.<\/p>\n<p class=\"ap-article-footer-note\">Retrouvez plus d\u2019actualit\u00e9s et d\u2019analyses sur <span class=\"ap-highlight-country\">Congo Kinshasa<\/span> sur le site <span class=\"ap-highlight-brand\">Africa Press<\/span><\/p>\n","protected":false},"excerpt":{"rendered":"<p>Africa-Press &#8211; Congo Kinshasa. La Fe\u0301de\u0301ration congolaise de football association (FECOFA) se pre\u0301pare a\u0300 franchir une nouvelle e\u0301tape dans son processus e\u0301lectoral. La Commission e\u0301lectorale, en collaboration avec la Commission de recours e\u0301lectoral, a de\u0301voile\u0301 un calendrier re\u0301ame\u0301nage\u0301 pour l\u2019organisation des scrutins qui devront conduire a\u0300 la mise en place d\u2019un nouveau comite\u0301 dirigeant. Selon [&hellip;]<\/p>\n","protected":false},"author":82,"featured_media":136941,"comment_status":"open","ping_status":"closed","sticky":false,"template":"","format":"standard","meta":{"footnotes":""},"categories":[6,10],"tags":[46],"class_list":["post-136942","post","type-post","status-publish","format-standard","has-post-thumbnail","hentry","category-sports","category-toutes-les-actualites","tag-congo-kinshasa"],"yoast_head":"<!-- This site is optimized with the Yoast SEO Premium plugin v26.1 (Yoast SEO v27.0) - https:\/\/yoast.com\/product\/yoast-seo-premium-wordpress\/ -->\n<title>Fecofa R\u00e9am\u00e9nage Son Calendrier \u00c9lectoral - Congo-kinshasa<\/title>\n<meta name=\"description\" content=\"-article-header-tag&quot;&gt; Africa-Press - Congo Kinshasa. La Fe\u0301de\u0301ration congo ...\" \/>\n<meta name=\"robots\" content=\"index, follow, max-snippet:-1, max-image-preview:large, max-video-preview:-1\" \/>\n<link rel=\"canonical\" href=\"https:\/\/www.africa-press.net\/congo-kinshasa\/sports\/fecofa-reamenage-son-calendrier-electoral\" \/>\n<meta property=\"og:locale\" content=\"fr_FR\" \/>\n<meta property=\"og:type\" content=\"article\" \/>\n<meta property=\"og:title\" content=\"Fecofa R\u00e9am\u00e9nage Son Calendrier \u00c9lectoral\" \/>\n<meta property=\"og:description\" content=\"-article-header-tag&quot;&gt; Africa-Press - Congo Kinshasa. La Fe\u0301de\u0301ration congo ...\" \/>\n<meta property=\"og:url\" content=\"https:\/\/www.africa-press.net\/congo-kinshasa\/sports\/fecofa-reamenage-son-calendrier-electoral\" \/>\n<meta property=\"og:site_name\" content=\"Congo-kinshasa\" \/>\n<meta property=\"article:published_time\" content=\"2026-03-14T18:49:06+00:00\" \/>\n<meta property=\"article:modified_time\" content=\"2026-03-15T23:29:10+00:00\" \/>\n<meta property=\"og:image\" content=\"https:\/\/static.africa-press.net\/congo-kinshasa\/sites\/49\/2026\/03\/sm_1773516785.817312.jpg\" \/>\n\t<meta property=\"og:image:width\" content=\"1016\" \/>\n\t<meta property=\"og:image:height\" content=\"762\" \/>\n\t<meta property=\"og:image:type\" content=\"image\/jpeg\" \/>\n<meta name=\"author\" content=\"cfeditorfr\" \/>\n<meta name=\"twitter:card\" content=\"summary_large_image\" \/>\n<meta name=\"twitter:label1\" content=\"\u00c9crit par\" \/>\n\t<meta name=\"twitter:data1\" content=\"cfeditorfr\" \/>\n\t<meta name=\"twitter:label2\" content=\"Dur\u00e9e de lecture estim\u00e9e\" \/>\n\t<meta name=\"twitter:data2\" content=\"2 minutes\" \/>\n<script type=\"application\/ld+json\" class=\"yoast-schema-graph\">{\"@context\":\"https:\/\/schema.org\",\"@graph\":[{\"@type\":\"Article\",\"@id\":\"https:\/\/www.africa-press.net\/congo-kinshasa\/sports\/fecofa-reamenage-son-calendrier-electoral#article\",\"isPartOf\":{\"@id\":\"https:\/\/www.africa-press.net\/congo-kinshasa\/sports\/fecofa-reamenage-son-calendrier-electoral\"},\"author\":{\"name\":\"cfeditorfr\",\"@id\":\"https:\/\/www.africa-press.net\/congo-kinshasa\/#\/schema\/person\/2b1cf3cd81a31e3cd26889ca66d677f1\"},\"headline\":\"Fecofa R\u00e9am\u00e9nage Son Calendrier \u00c9lectoral\",\"datePublished\":\"2026-03-14T18:49:06+00:00\",\"dateModified\":\"2026-03-15T23:29:10+00:00\",\"mainEntityOfPage\":{\"@id\":\"https:\/\/www.africa-press.net\/congo-kinshasa\/sports\/fecofa-reamenage-son-calendrier-electoral\"},\"wordCount\":261,\"commentCount\":0,\"image\":{\"@id\":\"https:\/\/www.africa-press.net\/congo-kinshasa\/sports\/fecofa-reamenage-son-calendrier-electoral#primaryimage\"},\"thumbnailUrl\":\"https:\/\/static.africa-press.net\/congo-kinshasa\/sites\/49\/2026\/03\/sm_1773516785.817312.jpg\",\"keywords\":[\"Congo Kinshasa\"],\"articleSection\":[\"Sports\",\"Toutes les actualit\u00e9s\"],\"inLanguage\":\"fr-FR\",\"potentialAction\":[{\"@type\":\"CommentAction\",\"name\":\"Comment\",\"target\":[\"https:\/\/www.africa-press.net\/congo-kinshasa\/sports\/fecofa-reamenage-son-calendrier-electoral#respond\"]}]},{\"@type\":\"WebPage\",\"@id\":\"https:\/\/www.africa-press.net\/congo-kinshasa\/sports\/fecofa-reamenage-son-calendrier-electoral\",\"url\":\"https:\/\/www.africa-press.net\/congo-kinshasa\/sports\/fecofa-reamenage-son-calendrier-electoral\",\"name\":\"Fecofa R\u00e9am\u00e9nage Son Calendrier \u00c9lectoral - Congo-kinshasa\",\"isPartOf\":{\"@id\":\"https:\/\/www.africa-press.net\/congo-kinshasa\/#website\"},\"primaryImageOfPage\":{\"@id\":\"https:\/\/www.africa-press.net\/congo-kinshasa\/sports\/fecofa-reamenage-son-calendrier-electoral#primaryimage\"},\"image\":{\"@id\":\"https:\/\/www.africa-press.net\/congo-kinshasa\/sports\/fecofa-reamenage-son-calendrier-electoral#primaryimage\"},\"thumbnailUrl\":\"https:\/\/static.africa-press.net\/congo-kinshasa\/sites\/49\/2026\/03\/sm_1773516785.817312.jpg\",\"datePublished\":\"2026-03-14T18:49:06+00:00\",\"dateModified\":\"2026-03-15T23:29:10+00:00\",\"author\":{\"@id\":\"https:\/\/www.africa-press.net\/congo-kinshasa\/#\/schema\/person\/2b1cf3cd81a31e3cd26889ca66d677f1\"},\"description\":\"-article-header-tag\\\"> Africa-Press - Congo Kinshasa. La Fe\u0301de\u0301ration congo ...\",\"breadcrumb\":{\"@id\":\"https:\/\/www.africa-press.net\/congo-kinshasa\/sports\/fecofa-reamenage-son-calendrier-electoral#breadcrumb\"},\"inLanguage\":\"fr-FR\",\"potentialAction\":[{\"@type\":\"ReadAction\",\"target\":[\"https:\/\/www.africa-press.net\/congo-kinshasa\/sports\/fecofa-reamenage-son-calendrier-electoral\"]}]},{\"@type\":\"ImageObject\",\"inLanguage\":\"fr-FR\",\"@id\":\"https:\/\/www.africa-press.net\/congo-kinshasa\/sports\/fecofa-reamenage-son-calendrier-electoral#primaryimage\",\"url\":\"https:\/\/static.africa-press.net\/congo-kinshasa\/sites\/49\/2026\/03\/sm_1773516785.817312.jpg\",\"contentUrl\":\"https:\/\/static.africa-press.net\/congo-kinshasa\/sites\/49\/2026\/03\/sm_1773516785.817312.jpg\",\"width\":1016,\"height\":762,\"caption\":\"Fecofa R\u00e9am\u00e9nage Son Calendrier \u00c9lectoral\"},{\"@type\":\"BreadcrumbList\",\"@id\":\"https:\/\/www.africa-press.net\/congo-kinshasa\/sports\/fecofa-reamenage-son-calendrier-electoral#breadcrumb\",\"itemListElement\":[{\"@type\":\"ListItem\",\"position\":1,\"name\":\"Accueil\",\"item\":\"https:\/\/www.africa-press.net\/congo-kinshasa\/\"},{\"@type\":\"ListItem\",\"position\":2,\"name\":\"Fecofa R\u00e9am\u00e9nage Son Calendrier \u00c9lectoral\"}]},{\"@type\":\"WebSite\",\"@id\":\"https:\/\/www.africa-press.net\/congo-kinshasa\/#website\",\"url\":\"https:\/\/www.africa-press.net\/congo-kinshasa\/\",\"name\":\"Congo-kinshasa\",\"description\":\"Just another Africa News Agency Sites site\",\"potentialAction\":[{\"@type\":\"SearchAction\",\"target\":{\"@type\":\"EntryPoint\",\"urlTemplate\":\"https:\/\/www.africa-press.net\/congo-kinshasa\/?s={search_term_string}\"},\"query-input\":{\"@type\":\"PropertyValueSpecification\",\"valueRequired\":true,\"valueName\":\"search_term_string\"}}],\"inLanguage\":\"fr-FR\"},{\"@type\":\"Person\",\"@id\":\"https:\/\/www.africa-press.net\/congo-kinshasa\/#\/schema\/person\/2b1cf3cd81a31e3cd26889ca66d677f1\",\"name\":\"cfeditorfr\"}]}<\/script>\n<!-- \/ Yoast SEO Premium plugin. -->","yoast_head_json":{"title":"Fecofa R\u00e9am\u00e9nage Son Calendrier \u00c9lectoral - Congo-kinshasa","description":"-article-header-tag\"> Africa-Press - Congo Kinshasa. La Fe\u0301de\u0301ration congo ...","robots":{"index":"index","follow":"follow","max-snippet":"max-snippet:-1","max-image-preview":"max-image-preview:large","max-video-preview":"max-video-preview:-1"},"canonical":"https:\/\/www.africa-press.net\/congo-kinshasa\/sports\/fecofa-reamenage-son-calendrier-electoral","og_locale":"fr_FR","og_type":"article","og_title":"Fecofa R\u00e9am\u00e9nage Son Calendrier \u00c9lectoral","og_description":"-article-header-tag\"> Africa-Press - Congo Kinshasa. La Fe\u0301de\u0301ration congo ...","og_url":"https:\/\/www.africa-press.net\/congo-kinshasa\/sports\/fecofa-reamenage-son-calendrier-electoral","og_site_name":"Congo-kinshasa","article_published_time":"2026-03-14T18:49:06+00:00","article_modified_time":"2026-03-15T23:29:10+00:00","og_image":[{"width":1016,"height":762,"url":"https:\/\/static.africa-press.net\/congo-kinshasa\/sites\/49\/2026\/03\/sm_1773516785.817312.jpg","type":"image\/jpeg"}],"author":"cfeditorfr","twitter_card":"summary_large_image","twitter_misc":{"\u00c9crit par":"cfeditorfr","Dur\u00e9e de lecture estim\u00e9e":"2 minutes"},"schema":{"@context":"https:\/\/schema.org","@graph":[{"@type":"Article","@id":"https:\/\/www.africa-press.net\/congo-kinshasa\/sports\/fecofa-reamenage-son-calendrier-electoral#article","isPartOf":{"@id":"https:\/\/www.africa-press.net\/congo-kinshasa\/sports\/fecofa-reamenage-son-calendrier-electoral"},"author":{"name":"cfeditorfr","@id":"https:\/\/www.africa-press.net\/congo-kinshasa\/#\/schema\/person\/2b1cf3cd81a31e3cd26889ca66d677f1"},"headline":"Fecofa R\u00e9am\u00e9nage Son Calendrier \u00c9lectoral","datePublished":"2026-03-14T18:49:06+00:00","dateModified":"2026-03-15T23:29:10+00:00","mainEntityOfPage":{"@id":"https:\/\/www.africa-press.net\/congo-kinshasa\/sports\/fecofa-reamenage-son-calendrier-electoral"},"wordCount":261,"commentCount":0,"image":{"@id":"https:\/\/www.africa-press.net\/congo-kinshasa\/sports\/fecofa-reamenage-son-calendrier-electoral#primaryimage"},"thumbnailUrl":"https:\/\/static.africa-press.net\/congo-kinshasa\/sites\/49\/2026\/03\/sm_1773516785.817312.jpg","keywords":["Congo Kinshasa"],"articleSection":["Sports","Toutes les actualit\u00e9s"],"inLanguage":"fr-FR","potentialAction":[{"@type":"CommentAction","name":"Comment","target":["https:\/\/www.africa-press.net\/congo-kinshasa\/sports\/fecofa-reamenage-son-calendrier-electoral#respond"]}]},{"@type":"WebPage","@id":"https:\/\/www.africa-press.net\/congo-kinshasa\/sports\/fecofa-reamenage-son-calendrier-electoral","url":"https:\/\/www.africa-press.net\/congo-kinshasa\/sports\/fecofa-reamenage-son-calendrier-electoral","name":"Fecofa R\u00e9am\u00e9nage Son Calendrier \u00c9lectoral - Congo-kinshasa","isPartOf":{"@id":"https:\/\/www.africa-press.net\/congo-kinshasa\/#website"},"primaryImageOfPage":{"@id":"https:\/\/www.africa-press.net\/congo-kinshasa\/sports\/fecofa-reamenage-son-calendrier-electoral#primaryimage"},"image":{"@id":"https:\/\/www.africa-press.net\/congo-kinshasa\/sports\/fecofa-reamenage-son-calendrier-electoral#primaryimage"},"thumbnailUrl":"https:\/\/static.africa-press.net\/congo-kinshasa\/sites\/49\/2026\/03\/sm_1773516785.817312.jpg","datePublished":"2026-03-14T18:49:06+00:00","dateModified":"2026-03-15T23:29:10+00:00","author":{"@id":"https:\/\/www.africa-press.net\/congo-kinshasa\/#\/schema\/person\/2b1cf3cd81a31e3cd26889ca66d677f1"},"description":"-article-header-tag\"> Africa-Press - Congo Kinshasa. La Fe\u0301de\u0301ration congo ...","breadcrumb":{"@id":"https:\/\/www.africa-press.net\/congo-kinshasa\/sports\/fecofa-reamenage-son-calendrier-electoral#breadcrumb"},"inLanguage":"fr-FR","potentialAction":[{"@type":"ReadAction","target":["https:\/\/www.africa-press.net\/congo-kinshasa\/sports\/fecofa-reamenage-son-calendrier-electoral"]}]},{"@type":"ImageObject","inLanguage":"fr-FR","@id":"https:\/\/www.africa-press.net\/congo-kinshasa\/sports\/fecofa-reamenage-son-calendrier-electoral#primaryimage","url":"https:\/\/static.africa-press.net\/congo-kinshasa\/sites\/49\/2026\/03\/sm_1773516785.817312.jpg","contentUrl":"https:\/\/static.africa-press.net\/congo-kinshasa\/sites\/49\/2026\/03\/sm_1773516785.817312.jpg","width":1016,"height":762,"caption":"Fecofa R\u00e9am\u00e9nage Son Calendrier \u00c9lectoral"},{"@type":"BreadcrumbList","@id":"https:\/\/www.africa-press.net\/congo-kinshasa\/sports\/fecofa-reamenage-son-calendrier-electoral#breadcrumb","itemListElement":[{"@type":"ListItem","position":1,"name":"Accueil","item":"https:\/\/www.africa-press.net\/congo-kinshasa\/"},{"@type":"ListItem","position":2,"name":"Fecofa R\u00e9am\u00e9nage Son Calendrier \u00c9lectoral"}]},{"@type":"WebSite","@id":"https:\/\/www.africa-press.net\/congo-kinshasa\/#website","url":"https:\/\/www.africa-press.net\/congo-kinshasa\/","name":"Congo-kinshasa","description":"Just another Africa News Agency Sites site","potentialAction":[{"@type":"SearchAction","target":{"@type":"EntryPoint","urlTemplate":"https:\/\/www.africa-press.net\/congo-kinshasa\/?s={search_term_string}"},"query-input":{"@type":"PropertyValueSpecification","valueRequired":true,"valueName":"search_term_string"}}],"inLanguage":"fr-FR"},{"@type":"Person","@id":"https:\/\/www.africa-press.net\/congo-kinshasa\/#\/schema\/person\/2b1cf3cd81a31e3cd26889ca66d677f1","name":"cfeditorfr"}]}},"_links":{"self":[{"href":"https:\/\/www.africa-press.net\/congo-kinshasa\/wp-json\/wp\/v2\/posts\/136942","targetHints":{"allow":["GET"]}}],"collection":[{"href":"https:\/\/www.africa-press.net\/congo-kinshasa\/wp-json\/wp\/v2\/posts"}],"about":[{"href":"https:\/\/www.africa-press.net\/congo-kinshasa\/wp-json\/wp\/v2\/types\/post"}],"author":[{"embeddable":true,"href":"https:\/\/www.africa-press.net\/congo-kinshasa\/wp-json\/wp\/v2\/users\/82"}],"replies":[{"embeddable":true,"href":"https:\/\/www.africa-press.net\/congo-kinshasa\/wp-json\/wp\/v2\/comments?post=136942"}],"version-history":[{"count":0,"href":"https:\/\/www.africa-press.net\/congo-kinshasa\/wp-json\/wp\/v2\/posts\/136942\/revisions"}],"wp:featuredmedia":[{"embeddable":true,"href":"https:\/\/www.africa-press.net\/congo-kinshasa\/wp-json\/wp\/v2\/media\/136941"}],"wp:attachment":[{"href":"https:\/\/www.africa-press.net\/congo-kinshasa\/wp-json\/wp\/v2\/media?parent=136942"}],"wp:term":[{"taxonomy":"category","embeddable":true,"href":"https:\/\/www.africa-press.net\/congo-kinshasa\/wp-json\/wp\/v2\/categories?post=136942"},{"taxonomy":"post_tag","embeddable":true,"href":"https:\/\/www.africa-press.net\/congo-kinshasa\/wp-json\/wp\/v2\/tags?post=136942"}],"curies":[{"name":"wp","href":"https:\/\/api.w.org\/{rel}","templated":true}]}}