{"id":136981,"date":"2026-03-15T23:36:27","date_gmt":"2026-03-15T23:36:27","guid":{"rendered":"https:\/\/www.africa-press.net\/congo-kinshasa\/politique\/creation-du-tribunal-penal-economique-et-financier"},"modified":"2026-03-18T23:02:19","modified_gmt":"2026-03-18T23:02:19","slug":"creation-du-tribunal-penal-economique-et-financier","status":"publish","type":"post","link":"https:\/\/www.africa-press.net\/congo-kinshasa\/politique\/creation-du-tribunal-penal-economique-et-financier","title":{"rendered":"Cr\u00e9ation du Tribunal P\u00e9nal \u00c9conomique et Financier"},"content":{"rendered":"<p><span class=\"ap-article-header-tag\"> <strong>Africa-Press &#8211; Congo Kinshasa. <\/strong> <\/span><b>La Re\u0301publique de\u0301mocratique du Congo dispose de\u0301sormais d\u2019 un \u00ab Tribunal pe\u0301nal e\u0301conomique et financier \u00ab (TPEF) spe\u0301cialise\u0301 dans la re\u0301pression des infractions graves en matie\u0300re e\u0301conomique et financie\u0300re, selon une Ordonnance presidentielle lue samedi, a\u0300 la Television nationale.<\/b><\/p>\n<p>\u00ab Il est cre\u0301e\u0301 (&#8230;) au sein de l\u2019 ordre des juridictions juridictiaires, une juridiction spe\u0301cialise\u0301e dans la re\u0301pression des infractions graves en matie\u0300re e\u0301conomique et financie\u0300re(..) de\u0301nomme\u0301e: Tribunal pe\u0301nal e\u0301conomique et financier \u00bb (TPEF), a lu le porte-parole adjoint du Pre\u0301sident de la Re\u0301publique, Roger Kalenga.<\/p>\n<p>\u00ab Le TPEF jouit d\u2019une autonomie fonctionnelle et dispose d\u2019un budget e\u0301margeant du budget national et est dote\u0301 d\u2019un re\u0300glement inte\u0301rieur. Les infractions relevant du Tribunal pe\u0301nal e\u0301conomique et financier sont recherche\u0301es, instruites, suivies et juge\u0301es \u00bb, a-t-il ajoute\u0301.<\/p>\n<p>Il a pre\u0301cise\u0301 que cette nouvelle juridiction, se veut un cadre sructurel approprie\u0301 et spe\u0301cialise\u0301 dans la re\u0301pression de ces infractions grave en matie\u0300re e\u0301conomique et financie\u0300re, tel que vise\u0301 a\u0300 l\u2019article 6 de la pre\u0301senteordonnance loi.<\/p>\n<p>Selon cette ordonnance , il va se charger des infractions telles que la contrefac\u0327on, la falsification et l\u2019imitation des signes mone\u0301taires ou des sous timbres,et autres marques tels que pre\u0301vus et punis par les articles 116 a\u0300 122 du Code pe\u0301nal, ainsi que les infractions lie\u0301es aux autres instruments et proce\u0301de\u0301s e\u0301lectroniques de paiement conforme\u0301ment aux le\u0301gislations particulie\u0300res.<\/p>\n<p>S\u2019agissant de sa composition, le porte-parole adjoint du Chef de l\u2019E\u0301tat a fait savoir qu\u2019il est constitue\u0301 de deux instances spe\u0301cifiques a\u0300 savoir: la chambre de premie\u0300re instance et la chambre d\u2019appel.<\/p>\n<p>\u00ab La chambre de premie\u0300re instance est compose\u0301e d\u2019un pre\u0301sident de juge et des juges assesseurs. En cas d\u2019empe\u0302chement, le pre\u0301sident est remplace\u0301 par le juge le plus ancienApre\u0300s la date et l\u2019ordre des nominations, la chambre de premie\u0300re instance sie\u0300ge a\u0300 trois juges, dont un juge des carrie\u0300res et deux juges assesseurs. Article 15. La chambre d\u2019appel est compose\u0301e d\u2019un premier ministre, d\u2019un premier pre\u0301sident, des pre\u0301sidents, des conseillers, des magistrats, des carrie\u0300res et des juges assesseurs \u00bb, a-t-il explique\u0301.<\/p>\n<p>D\u2019apre\u0300s toujours cet document, la chambre de premie\u0300re instance est divise\u0301e en cinq sections, reparties selon les diffe\u0301rentes branches de l\u2019e\u0301conomie congolaise.<\/p>\n<p>Il s\u2019agit de la section en charge des infractions dans le domaine des mine\u0301rais, de la section en charge des infractions dans le domaine bancaire,la section en charge des infractions fiscales et des fraudes douanie\u0300res, ainsi que de toutes autres formes de fraudes relatives aux recettes publiques.<\/p>\n<p>Elle regorge aussi la section en charge des infractions lie\u0301es a\u0300 la corruption et pratiques assimile\u0301es aux de\u0301tournements et concussions, ainsi qu\u2019a\u0300 la re\u0301glementation des marche\u0301s publics ainsi que la section en charge de la re\u0301pression des infractions dans les domaines des te\u0301le\u0301communications.<\/p>\n<p>La cre\u0301ation de ce TPEF vient daventage prouver l\u2019engagement du Gouvernement congolais , a\u0300 reprimer la corruption ,le de\u0301tournement des fonds et les autres infractions similaires. Il s\u2019ajoute aux autres existantes nouvellement cre\u0301e\u0301es ou redynamise\u0301es , sous le leaderdhip du Pre\u0301sident Tshisekedi, a\u0300 l\u2019instar de l\u2019 Inspection ge\u0301ne\u0301rale des Finances, de la Cour des Comptes ainsi que le De\u0301partement d\u2019intelligence e\u0301conomique et financie\u0300re de l\u2019 Agence nationale des renseignements, ope\u0301rationnel depuis aou\u0302t 2024.<\/p>\n<p class=\"ap-article-footer-note\">Retrouvez plus d\u2019actualit\u00e9s et d\u2019analyses sur <span class=\"ap-highlight-country\">Congo Kinshasa<\/span> sur le site <span class=\"ap-highlight-brand\">Africa Press<\/span><\/p>\n","protected":false},"excerpt":{"rendered":"<p>Africa-Press &#8211; Congo Kinshasa. La Re\u0301publique de\u0301mocratique du Congo dispose de\u0301sormais d\u2019 un \u00ab Tribunal pe\u0301nal e\u0301conomique et financier \u00ab (TPEF) spe\u0301cialise\u0301 dans la re\u0301pression des infractions graves en matie\u0300re e\u0301conomique et financie\u0300re, selon une Ordonnance presidentielle lue samedi, a\u0300 la Television nationale. \u00ab Il est cre\u0301e\u0301 (&#8230;) au sein de l\u2019 ordre des juridictions [&hellip;]<\/p>\n","protected":false},"author":82,"featured_media":136980,"comment_status":"open","ping_status":"closed","sticky":false,"template":"","format":"standard","meta":{"footnotes":""},"categories":[2,20,10],"tags":[46],"class_list":["post-136981","post","type-post","status-publish","format-standard","has-post-thumbnail","hentry","category-politique","category-top-nouvelles","category-toutes-les-actualites","tag-congo-kinshasa"],"yoast_head":"<!-- This site is optimized with the Yoast SEO Premium plugin v26.1 (Yoast SEO v27.0) - https:\/\/yoast.com\/product\/yoast-seo-premium-wordpress\/ -->\n<title>Cr\u00e9ation du Tribunal P\u00e9nal \u00c9conomique et Financier - Congo-kinshasa<\/title>\n<meta name=\"description\" content=\"-article-header-tag&quot;&gt; Africa-Press - Congo Kinshasa. La Re\u0301publique de\u0301moc ...\" \/>\n<meta name=\"robots\" content=\"index, follow, max-snippet:-1, max-image-preview:large, max-video-preview:-1\" \/>\n<link rel=\"canonical\" href=\"https:\/\/www.africa-press.net\/congo-kinshasa\/politique\/creation-du-tribunal-penal-economique-et-financier\" \/>\n<meta property=\"og:locale\" content=\"fr_FR\" \/>\n<meta property=\"og:type\" content=\"article\" \/>\n<meta property=\"og:title\" content=\"Cr\u00e9ation du Tribunal P\u00e9nal \u00c9conomique et Financier\" \/>\n<meta property=\"og:description\" content=\"-article-header-tag&quot;&gt; Africa-Press - Congo Kinshasa. La Re\u0301publique de\u0301moc ...\" \/>\n<meta property=\"og:url\" content=\"https:\/\/www.africa-press.net\/congo-kinshasa\/politique\/creation-du-tribunal-penal-economique-et-financier\" \/>\n<meta property=\"og:site_name\" content=\"Congo-kinshasa\" \/>\n<meta property=\"article:published_time\" content=\"2026-03-15T23:36:27+00:00\" \/>\n<meta property=\"article:modified_time\" content=\"2026-03-18T23:02:19+00:00\" \/>\n<meta property=\"og:image\" content=\"https:\/\/static.africa-press.net\/congo-kinshasa\/sites\/49\/2026\/03\/sm_1773619716.611395.jpg\" \/>\n\t<meta property=\"og:image:width\" content=\"720\" \/>\n\t<meta property=\"og:image:height\" content=\"478\" \/>\n\t<meta property=\"og:image:type\" content=\"image\/jpeg\" \/>\n<meta name=\"author\" content=\"cfeditorfr\" \/>\n<meta name=\"twitter:card\" content=\"summary_large_image\" \/>\n<meta name=\"twitter:label1\" content=\"\u00c9crit par\" \/>\n\t<meta name=\"twitter:data1\" content=\"cfeditorfr\" \/>\n\t<meta name=\"twitter:label2\" content=\"Dur\u00e9e de lecture estim\u00e9e\" \/>\n\t<meta name=\"twitter:data2\" content=\"3 minutes\" \/>\n<script type=\"application\/ld+json\" class=\"yoast-schema-graph\">{\"@context\":\"https:\/\/schema.org\",\"@graph\":[{\"@type\":\"Article\",\"@id\":\"https:\/\/www.africa-press.net\/congo-kinshasa\/politique\/creation-du-tribunal-penal-economique-et-financier#article\",\"isPartOf\":{\"@id\":\"https:\/\/www.africa-press.net\/congo-kinshasa\/politique\/creation-du-tribunal-penal-economique-et-financier\"},\"author\":{\"name\":\"cfeditorfr\",\"@id\":\"https:\/\/www.africa-press.net\/congo-kinshasa\/#\/schema\/person\/2b1cf3cd81a31e3cd26889ca66d677f1\"},\"headline\":\"Cr\u00e9ation du Tribunal P\u00e9nal \u00c9conomique et Financier\",\"datePublished\":\"2026-03-15T23:36:27+00:00\",\"dateModified\":\"2026-03-18T23:02:19+00:00\",\"mainEntityOfPage\":{\"@id\":\"https:\/\/www.africa-press.net\/congo-kinshasa\/politique\/creation-du-tribunal-penal-economique-et-financier\"},\"wordCount\":647,\"commentCount\":0,\"image\":{\"@id\":\"https:\/\/www.africa-press.net\/congo-kinshasa\/politique\/creation-du-tribunal-penal-economique-et-financier#primaryimage\"},\"thumbnailUrl\":\"https:\/\/static.africa-press.net\/congo-kinshasa\/sites\/49\/2026\/03\/sm_1773619716.611395.jpg\",\"keywords\":[\"Congo Kinshasa\"],\"articleSection\":[\"Politique\",\"Top Nouvelles\",\"Toutes les actualit\u00e9s\"],\"inLanguage\":\"fr-FR\",\"potentialAction\":[{\"@type\":\"CommentAction\",\"name\":\"Comment\",\"target\":[\"https:\/\/www.africa-press.net\/congo-kinshasa\/politique\/creation-du-tribunal-penal-economique-et-financier#respond\"]}]},{\"@type\":\"WebPage\",\"@id\":\"https:\/\/www.africa-press.net\/congo-kinshasa\/politique\/creation-du-tribunal-penal-economique-et-financier\",\"url\":\"https:\/\/www.africa-press.net\/congo-kinshasa\/politique\/creation-du-tribunal-penal-economique-et-financier\",\"name\":\"Cr\u00e9ation du Tribunal P\u00e9nal \u00c9conomique et Financier - Congo-kinshasa\",\"isPartOf\":{\"@id\":\"https:\/\/www.africa-press.net\/congo-kinshasa\/#website\"},\"primaryImageOfPage\":{\"@id\":\"https:\/\/www.africa-press.net\/congo-kinshasa\/politique\/creation-du-tribunal-penal-economique-et-financier#primaryimage\"},\"image\":{\"@id\":\"https:\/\/www.africa-press.net\/congo-kinshasa\/politique\/creation-du-tribunal-penal-economique-et-financier#primaryimage\"},\"thumbnailUrl\":\"https:\/\/static.africa-press.net\/congo-kinshasa\/sites\/49\/2026\/03\/sm_1773619716.611395.jpg\",\"datePublished\":\"2026-03-15T23:36:27+00:00\",\"dateModified\":\"2026-03-18T23:02:19+00:00\",\"author\":{\"@id\":\"https:\/\/www.africa-press.net\/congo-kinshasa\/#\/schema\/person\/2b1cf3cd81a31e3cd26889ca66d677f1\"},\"description\":\"-article-header-tag\\\"> Africa-Press - Congo Kinshasa. La Re\u0301publique de\u0301moc ...\",\"breadcrumb\":{\"@id\":\"https:\/\/www.africa-press.net\/congo-kinshasa\/politique\/creation-du-tribunal-penal-economique-et-financier#breadcrumb\"},\"inLanguage\":\"fr-FR\",\"potentialAction\":[{\"@type\":\"ReadAction\",\"target\":[\"https:\/\/www.africa-press.net\/congo-kinshasa\/politique\/creation-du-tribunal-penal-economique-et-financier\"]}]},{\"@type\":\"ImageObject\",\"inLanguage\":\"fr-FR\",\"@id\":\"https:\/\/www.africa-press.net\/congo-kinshasa\/politique\/creation-du-tribunal-penal-economique-et-financier#primaryimage\",\"url\":\"https:\/\/static.africa-press.net\/congo-kinshasa\/sites\/49\/2026\/03\/sm_1773619716.611395.jpg\",\"contentUrl\":\"https:\/\/static.africa-press.net\/congo-kinshasa\/sites\/49\/2026\/03\/sm_1773619716.611395.jpg\",\"width\":720,\"height\":478,\"caption\":\"Cr\u00e9ation du Tribunal P\u00e9nal \u00c9conomique et Financier\"},{\"@type\":\"BreadcrumbList\",\"@id\":\"https:\/\/www.africa-press.net\/congo-kinshasa\/politique\/creation-du-tribunal-penal-economique-et-financier#breadcrumb\",\"itemListElement\":[{\"@type\":\"ListItem\",\"position\":1,\"name\":\"Accueil\",\"item\":\"https:\/\/www.africa-press.net\/congo-kinshasa\/\"},{\"@type\":\"ListItem\",\"position\":2,\"name\":\"Cr\u00e9ation du Tribunal P\u00e9nal \u00c9conomique et Financier\"}]},{\"@type\":\"WebSite\",\"@id\":\"https:\/\/www.africa-press.net\/congo-kinshasa\/#website\",\"url\":\"https:\/\/www.africa-press.net\/congo-kinshasa\/\",\"name\":\"Congo-kinshasa\",\"description\":\"Just another Africa News Agency Sites site\",\"potentialAction\":[{\"@type\":\"SearchAction\",\"target\":{\"@type\":\"EntryPoint\",\"urlTemplate\":\"https:\/\/www.africa-press.net\/congo-kinshasa\/?s={search_term_string}\"},\"query-input\":{\"@type\":\"PropertyValueSpecification\",\"valueRequired\":true,\"valueName\":\"search_term_string\"}}],\"inLanguage\":\"fr-FR\"},{\"@type\":\"Person\",\"@id\":\"https:\/\/www.africa-press.net\/congo-kinshasa\/#\/schema\/person\/2b1cf3cd81a31e3cd26889ca66d677f1\",\"name\":\"cfeditorfr\"}]}<\/script>\n<!-- \/ Yoast SEO Premium plugin. -->","yoast_head_json":{"title":"Cr\u00e9ation du Tribunal P\u00e9nal \u00c9conomique et Financier - Congo-kinshasa","description":"-article-header-tag\"> Africa-Press - Congo Kinshasa. La Re\u0301publique de\u0301moc ...","robots":{"index":"index","follow":"follow","max-snippet":"max-snippet:-1","max-image-preview":"max-image-preview:large","max-video-preview":"max-video-preview:-1"},"canonical":"https:\/\/www.africa-press.net\/congo-kinshasa\/politique\/creation-du-tribunal-penal-economique-et-financier","og_locale":"fr_FR","og_type":"article","og_title":"Cr\u00e9ation du Tribunal P\u00e9nal \u00c9conomique et Financier","og_description":"-article-header-tag\"> Africa-Press - Congo Kinshasa. La Re\u0301publique de\u0301moc ...","og_url":"https:\/\/www.africa-press.net\/congo-kinshasa\/politique\/creation-du-tribunal-penal-economique-et-financier","og_site_name":"Congo-kinshasa","article_published_time":"2026-03-15T23:36:27+00:00","article_modified_time":"2026-03-18T23:02:19+00:00","og_image":[{"width":720,"height":478,"url":"https:\/\/static.africa-press.net\/congo-kinshasa\/sites\/49\/2026\/03\/sm_1773619716.611395.jpg","type":"image\/jpeg"}],"author":"cfeditorfr","twitter_card":"summary_large_image","twitter_misc":{"\u00c9crit par":"cfeditorfr","Dur\u00e9e de lecture estim\u00e9e":"3 minutes"},"schema":{"@context":"https:\/\/schema.org","@graph":[{"@type":"Article","@id":"https:\/\/www.africa-press.net\/congo-kinshasa\/politique\/creation-du-tribunal-penal-economique-et-financier#article","isPartOf":{"@id":"https:\/\/www.africa-press.net\/congo-kinshasa\/politique\/creation-du-tribunal-penal-economique-et-financier"},"author":{"name":"cfeditorfr","@id":"https:\/\/www.africa-press.net\/congo-kinshasa\/#\/schema\/person\/2b1cf3cd81a31e3cd26889ca66d677f1"},"headline":"Cr\u00e9ation du Tribunal P\u00e9nal \u00c9conomique et Financier","datePublished":"2026-03-15T23:36:27+00:00","dateModified":"2026-03-18T23:02:19+00:00","mainEntityOfPage":{"@id":"https:\/\/www.africa-press.net\/congo-kinshasa\/politique\/creation-du-tribunal-penal-economique-et-financier"},"wordCount":647,"commentCount":0,"image":{"@id":"https:\/\/www.africa-press.net\/congo-kinshasa\/politique\/creation-du-tribunal-penal-economique-et-financier#primaryimage"},"thumbnailUrl":"https:\/\/static.africa-press.net\/congo-kinshasa\/sites\/49\/2026\/03\/sm_1773619716.611395.jpg","keywords":["Congo Kinshasa"],"articleSection":["Politique","Top Nouvelles","Toutes les actualit\u00e9s"],"inLanguage":"fr-FR","potentialAction":[{"@type":"CommentAction","name":"Comment","target":["https:\/\/www.africa-press.net\/congo-kinshasa\/politique\/creation-du-tribunal-penal-economique-et-financier#respond"]}]},{"@type":"WebPage","@id":"https:\/\/www.africa-press.net\/congo-kinshasa\/politique\/creation-du-tribunal-penal-economique-et-financier","url":"https:\/\/www.africa-press.net\/congo-kinshasa\/politique\/creation-du-tribunal-penal-economique-et-financier","name":"Cr\u00e9ation du Tribunal P\u00e9nal \u00c9conomique et Financier - Congo-kinshasa","isPartOf":{"@id":"https:\/\/www.africa-press.net\/congo-kinshasa\/#website"},"primaryImageOfPage":{"@id":"https:\/\/www.africa-press.net\/congo-kinshasa\/politique\/creation-du-tribunal-penal-economique-et-financier#primaryimage"},"image":{"@id":"https:\/\/www.africa-press.net\/congo-kinshasa\/politique\/creation-du-tribunal-penal-economique-et-financier#primaryimage"},"thumbnailUrl":"https:\/\/static.africa-press.net\/congo-kinshasa\/sites\/49\/2026\/03\/sm_1773619716.611395.jpg","datePublished":"2026-03-15T23:36:27+00:00","dateModified":"2026-03-18T23:02:19+00:00","author":{"@id":"https:\/\/www.africa-press.net\/congo-kinshasa\/#\/schema\/person\/2b1cf3cd81a31e3cd26889ca66d677f1"},"description":"-article-header-tag\"> Africa-Press - Congo Kinshasa. La Re\u0301publique de\u0301moc ...","breadcrumb":{"@id":"https:\/\/www.africa-press.net\/congo-kinshasa\/politique\/creation-du-tribunal-penal-economique-et-financier#breadcrumb"},"inLanguage":"fr-FR","potentialAction":[{"@type":"ReadAction","target":["https:\/\/www.africa-press.net\/congo-kinshasa\/politique\/creation-du-tribunal-penal-economique-et-financier"]}]},{"@type":"ImageObject","inLanguage":"fr-FR","@id":"https:\/\/www.africa-press.net\/congo-kinshasa\/politique\/creation-du-tribunal-penal-economique-et-financier#primaryimage","url":"https:\/\/static.africa-press.net\/congo-kinshasa\/sites\/49\/2026\/03\/sm_1773619716.611395.jpg","contentUrl":"https:\/\/static.africa-press.net\/congo-kinshasa\/sites\/49\/2026\/03\/sm_1773619716.611395.jpg","width":720,"height":478,"caption":"Cr\u00e9ation du Tribunal P\u00e9nal \u00c9conomique et Financier"},{"@type":"BreadcrumbList","@id":"https:\/\/www.africa-press.net\/congo-kinshasa\/politique\/creation-du-tribunal-penal-economique-et-financier#breadcrumb","itemListElement":[{"@type":"ListItem","position":1,"name":"Accueil","item":"https:\/\/www.africa-press.net\/congo-kinshasa\/"},{"@type":"ListItem","position":2,"name":"Cr\u00e9ation du Tribunal P\u00e9nal \u00c9conomique et Financier"}]},{"@type":"WebSite","@id":"https:\/\/www.africa-press.net\/congo-kinshasa\/#website","url":"https:\/\/www.africa-press.net\/congo-kinshasa\/","name":"Congo-kinshasa","description":"Just another Africa News Agency Sites site","potentialAction":[{"@type":"SearchAction","target":{"@type":"EntryPoint","urlTemplate":"https:\/\/www.africa-press.net\/congo-kinshasa\/?s={search_term_string}"},"query-input":{"@type":"PropertyValueSpecification","valueRequired":true,"valueName":"search_term_string"}}],"inLanguage":"fr-FR"},{"@type":"Person","@id":"https:\/\/www.africa-press.net\/congo-kinshasa\/#\/schema\/person\/2b1cf3cd81a31e3cd26889ca66d677f1","name":"cfeditorfr"}]}},"_links":{"self":[{"href":"https:\/\/www.africa-press.net\/congo-kinshasa\/wp-json\/wp\/v2\/posts\/136981","targetHints":{"allow":["GET"]}}],"collection":[{"href":"https:\/\/www.africa-press.net\/congo-kinshasa\/wp-json\/wp\/v2\/posts"}],"about":[{"href":"https:\/\/www.africa-press.net\/congo-kinshasa\/wp-json\/wp\/v2\/types\/post"}],"author":[{"embeddable":true,"href":"https:\/\/www.africa-press.net\/congo-kinshasa\/wp-json\/wp\/v2\/users\/82"}],"replies":[{"embeddable":true,"href":"https:\/\/www.africa-press.net\/congo-kinshasa\/wp-json\/wp\/v2\/comments?post=136981"}],"version-history":[{"count":0,"href":"https:\/\/www.africa-press.net\/congo-kinshasa\/wp-json\/wp\/v2\/posts\/136981\/revisions"}],"wp:featuredmedia":[{"embeddable":true,"href":"https:\/\/www.africa-press.net\/congo-kinshasa\/wp-json\/wp\/v2\/media\/136980"}],"wp:attachment":[{"href":"https:\/\/www.africa-press.net\/congo-kinshasa\/wp-json\/wp\/v2\/media?parent=136981"}],"wp:term":[{"taxonomy":"category","embeddable":true,"href":"https:\/\/www.africa-press.net\/congo-kinshasa\/wp-json\/wp\/v2\/categories?post=136981"},{"taxonomy":"post_tag","embeddable":true,"href":"https:\/\/www.africa-press.net\/congo-kinshasa\/wp-json\/wp\/v2\/tags?post=136981"}],"curies":[{"name":"wp","href":"https:\/\/api.w.org\/{rel}","templated":true}]}}