{"id":137529,"date":"2026-03-31T02:04:00","date_gmt":"2026-03-31T02:04:00","guid":{"rendered":"https:\/\/www.africa-press.net\/congo-kinshasa\/politique\/le-m23-au-pied-du-mur"},"modified":"2026-04-19T09:03:17","modified_gmt":"2026-04-19T09:03:17","slug":"le-m23-au-pied-du-mur","status":"publish","type":"post","link":"https:\/\/www.africa-press.net\/congo-kinshasa\/politique\/le-m23-au-pied-du-mur","title":{"rendered":"Le M23 au pied du mur"},"content":{"rendered":"<p><span class=\"ap-article-header-tag\"> <strong>Africa-Press &#8211; Congo Kinshasa. <\/strong> <\/span><b>Sous la pression croissante de la diplomatie internationale, notamment des E\u0301tats-Unis, le mouvement rebelle AFC\/M23 se retrouve contraint de quitter plusieurs positions qu\u2019il occupait dans l\u2019est de la Re\u0301publique de\u0301mocratique du Congo. Dans les Nord et Sud-Kivu, des localite\u0301s comme Pitakongo, Bunyatenge et Minova sont progressivement e\u0301vacue\u0301es, marquant un recul significatif sur le terrain.<\/b><br \/>\n<b>Un retrait qui se confirme sur plusieurs axes <\/b><\/p>\n<p>C\u2019est donc un revers pour les insurge\u0301s qui ont pris les armes contre la Re\u0301publique. Un mouvement de retrait des troupes de l\u2019AFC-M23 a e\u0301te\u0301 observe\u0301 ce samedi 28 mars 2026 dans plusieurs localite\u0301s strate\u0301giques de l\u2019est du pays. Dans la province du Nord-Kivu, les villages de Pitakongo et Bunyatenge, situe\u0301s a\u0300 l\u2019ouest de Kirumba dans le territoire de Lubero, ont e\u0301te\u0301 abandonne\u0301s par les combattants.<\/p>\n<p>Dans la province voisine du Sud-Kivu, la localite\u0301 de Minova, dans le territoire de Kalehe, a e\u0301galement e\u0301te\u0301 e\u0301vacue\u0301e. Dans le territoire de Walikale, les groupes Wazalendo ont pris position a\u0300 Mpeti. Ils sont e\u0301galement entre\u0301s dans plusieurs villages du groupement Ikobo, notamment Kanune, Kateku, Bukumbirwa et Rusamambu, consolidant leur pre\u0301sence apre\u0300s le retrait des e\u0301le\u0301ments du M23.<\/p>\n<p>D\u2019autres de\u0301ploiements ont e\u0301te\u0301 signale\u0301s a\u0300 Buleusa et Miriki dans le territoire de Lubero, confirmant une recomposition rapide des lignes de contro\u0302le. Ces retraits interviennent apre\u0300s ceux de\u0301ja\u0300 enregistre\u0301s la veille dans une dizaine de villages des territoires de Lubero et Walikale, apre\u0300s environ une anne\u0301e d\u2019occupation par la re\u0301bellion.<\/p>\n<p>Les combattants de l\u2019AFC-M23 quittent ces zones avec leur arsenal militaire, incluant des armes lourdes et des e\u0301quipements d\u2019appui. Les structures administratives paralle\u0300les installe\u0301es dans ces localite\u0301s ont e\u0301galement e\u0301te\u0301 abandonne\u0301es.<\/p>\n<p>Dans le vide se\u0301curitaire laisse\u0301 par ce retrait, les groupes Wazalendo ont imme\u0301diatement re\u0301investi plusieurs villages, parmi lesquels Vukununu, Ilambula, Ivatama, Luseke, Lunyasenge et Kipese, acce\u0301le\u0301rant une transition rapide du contro\u0302le territorial. Selon des sources locales, ces mouvements visent a\u0300 cre\u0301er un climat propice a\u0300 une de\u0301sescalade dans la re\u0301gion.<\/p>\n<p><b>Washington, e\u0301picentre d\u2019un basculement diplomatique <\/b><\/p>\n<p>A\u0300 l\u2019approche du 1er avril 2026, une date de\u0301sormais perc\u0327ue comme critique, la pression diplomatique ame\u0301ricaine s\u2019intensifie autour du dossier se\u0301curitaire dans l\u2019est de la RDC. Les sanctions annonce\u0301es contre les Forces rwandaises de de\u0301fense (RDF), apre\u0300s une pe\u0301riode de gra\u0302ce de\u0301bute\u0301e le 2 mars, doivent entrer pleinement en application.<\/p>\n<p>Dans ce contexte, une re\u0301union tenue a\u0300 Washington les 17 et 18 mars 2026, sous me\u0301diation ame\u0301ricaine, a permis l\u2019e\u0301laboration d\u2019un chronogramme de de\u0301sengagement impliquant Kinshasa et Kigali. Celui-ci pre\u0301voit un retrait progressif des forces et la leve\u0301e de certaines mesures dites de\u0301fensives dans des zones identifie\u0301es. Ce processus, qualifie\u0301 de technique et se\u0301curitaire, a rassemble\u0301 des responsables militaires de diffe\u0301rentes parties autour de discussions directes.<\/p>\n<p>Au cours de ces e\u0301changes, une intervention du ge\u0301ne\u0301ral Patrick Sasa Nzita, responsable du renseignement militaire congolais, a marque\u0301 une e\u0301tape importante dans les discussions. Face aux accusations re\u0301currentes concernant une pre\u0301tendue inte\u0301gration des FDLR au sein des FARDC, la partie congolaise a exige\u0301 des e\u0301le\u0301ments pre\u0301cis: unite\u0301s, structures et identifications ve\u0301rifiables. Aucune preuve ope\u0301rationnelle de\u0301taille\u0301e n\u2019ayant e\u0301te\u0301 pre\u0301sente\u0301e, ces alle\u0301gations ont perdu en consistance dans le cadre des discussions.<\/p>\n<p>Cette e\u0301tape a contribue\u0301 a\u0300 figer un cadre de de\u0301sengagement progressif, de\u0301sormais suivi par des mouvements observables sur le terrain. Si Kigali entame le retrait de ses forces, dans le me\u0302me temps, une dynamique paralle\u0300le s\u2019observe du co\u0302te\u0301 des forces ougandaises. Le 25 mars, le ge\u0301ne\u0301ral Muhoozi Kainerugaba, chef de l\u2019arme\u0301e ougandaise, a annonce\u0301 la disposition de l\u2019UPDF a\u0300 se retirer de plusieurs positions allant de Lubero a\u0300 Mahagi, en coordination avec les autorite\u0301s congolaises.<\/p>\n<p>Pre\u0301sente dans le cadre de l\u2019ope\u0301ration Shujaa contre les ADF, l\u2019arme\u0301e ougandaise s\u2019aligne ainsi dans une logique de repositionnement progressif, au moment ou\u0300 les e\u0301quilibres re\u0301gionaux e\u0301voluent sous pression diplomatique. C\u2019est une victoire pour Kinshasa, estiment certains observateurs. Le M23 croyait pouvoir diviser le Congo. Fe\u0301lix Tshisekedi a visiblement joue\u0301 un grand coup contre les rebelles.<\/p>\n<p>Une source interne au sein de l\u2019AFC, ayant requis l\u2019anonymat, de\u0301crit une situation de plus en plus critique au sein du mouvement rebelle. Re\u0301unis autour de leurs principaux responsables, les cadres du M23\/AFC auraient e\u0301te\u0301 informe\u0301s d\u2019un tournant majeur dans la posture de Rwanda. Selon cette source, un e\u0301missaire rwandais ayant pris part aux re\u0301centes discussions de Washington aurait officiellement signifie\u0301 aux dirigeants rebelles la de\u0301cision de Kigali de se retirer progressivement de toutes les zones occupe\u0301es sur le territoire congolais.<\/p>\n<p>Un signal de\u0301ja\u0300 perceptible depuis le de\u0301but de la semaine, avec le retrait amorce\u0301 des e\u0301le\u0301ments des Forces de de\u0301fense rwandaises (RDF). En conjuguant pression diplomatique, mobilisation internationale et affirmation de la souverainete\u0301 nationale, Tshisekedi semble avoir re\u0301ussi la\u0300 ou\u0300 tant d\u2019initiatives s\u2019e\u0301taient jusque-la\u0300 heurte\u0301es a\u0300 l\u2019inertie. Biento\u0302t, affirme un membre de l\u2019Udps, le Congo retrouvera son inte\u0301grite\u0301 territoriale.<\/p>\n<p class=\"ap-article-footer-note\">Retrouvez plus d\u2019actualit\u00e9s et d\u2019analyses sur <span class=\"ap-highlight-country\">Congo Kinshasa<\/span> sur le site <span class=\"ap-highlight-brand\">Africa Press<\/span><\/p>\n","protected":false},"excerpt":{"rendered":"<p>Africa-Press &#8211; Congo Kinshasa. Sous la pression croissante de la diplomatie internationale, notamment des E\u0301tats-Unis, le mouvement rebelle AFC\/M23 se retrouve contraint de quitter plusieurs positions qu\u2019il occupait dans l\u2019est de la Re\u0301publique de\u0301mocratique du Congo. Dans les Nord et Sud-Kivu, des localite\u0301s comme Pitakongo, Bunyatenge et Minova sont progressivement e\u0301vacue\u0301es, marquant un recul significatif [&hellip;]<\/p>\n","protected":false},"author":82,"featured_media":137528,"comment_status":"open","ping_status":"closed","sticky":false,"template":"","format":"standard","meta":{"footnotes":""},"categories":[7,2,10],"tags":[46],"class_list":["post-137529","post","type-post","status-publish","format-standard","has-post-thumbnail","hentry","category-dossiers","category-politique","category-toutes-les-actualites","tag-congo-kinshasa"],"yoast_head":"<!-- This site is optimized with the Yoast SEO Premium plugin v26.1 (Yoast SEO v27.0) - https:\/\/yoast.com\/product\/yoast-seo-premium-wordpress\/ -->\n<title>Le M23 au pied du mur - Congo-kinshasa<\/title>\n<meta name=\"description\" content=\"-article-header-tag&quot;&gt; Africa-Press - Congo Kinshasa. Sous la pression croi ...\" \/>\n<meta name=\"robots\" content=\"index, follow, max-snippet:-1, max-image-preview:large, max-video-preview:-1\" \/>\n<link rel=\"canonical\" href=\"https:\/\/www.africa-press.net\/congo-kinshasa\/politique\/le-m23-au-pied-du-mur\" \/>\n<meta property=\"og:locale\" content=\"fr_FR\" \/>\n<meta property=\"og:type\" content=\"article\" \/>\n<meta property=\"og:title\" content=\"Le M23 au pied du mur\" \/>\n<meta property=\"og:description\" content=\"-article-header-tag&quot;&gt; Africa-Press - Congo Kinshasa. Sous la pression croi ...\" \/>\n<meta property=\"og:url\" content=\"https:\/\/www.africa-press.net\/congo-kinshasa\/politique\/le-m23-au-pied-du-mur\" \/>\n<meta property=\"og:site_name\" content=\"Congo-kinshasa\" \/>\n<meta property=\"article:published_time\" content=\"2026-03-31T02:04:00+00:00\" \/>\n<meta property=\"article:modified_time\" content=\"2026-04-19T09:03:17+00:00\" \/>\n<meta property=\"og:image\" content=\"https:\/\/static.africa-press.net\/congo-kinshasa\/sites\/49\/2026\/04\/sm_1776569781.655764.jpg\" \/>\n\t<meta property=\"og:image:width\" content=\"720\" \/>\n\t<meta property=\"og:image:height\" content=\"407\" \/>\n\t<meta property=\"og:image:type\" content=\"image\/jpeg\" \/>\n<meta name=\"author\" content=\"cfeditorfr\" \/>\n<meta name=\"twitter:card\" content=\"summary_large_image\" \/>\n<meta name=\"twitter:label1\" content=\"\u00c9crit par\" \/>\n\t<meta name=\"twitter:data1\" content=\"cfeditorfr\" \/>\n\t<meta name=\"twitter:label2\" content=\"Dur\u00e9e de lecture estim\u00e9e\" \/>\n\t<meta name=\"twitter:data2\" content=\"5 minutes\" \/>\n<script type=\"application\/ld+json\" class=\"yoast-schema-graph\">{\"@context\":\"https:\/\/schema.org\",\"@graph\":[{\"@type\":\"Article\",\"@id\":\"https:\/\/www.africa-press.net\/congo-kinshasa\/politique\/le-m23-au-pied-du-mur#article\",\"isPartOf\":{\"@id\":\"https:\/\/www.africa-press.net\/congo-kinshasa\/politique\/le-m23-au-pied-du-mur\"},\"author\":{\"name\":\"cfeditorfr\",\"@id\":\"https:\/\/www.africa-press.net\/congo-kinshasa\/#\/schema\/person\/2b1cf3cd81a31e3cd26889ca66d677f1\"},\"headline\":\"Le M23 au pied du mur\",\"datePublished\":\"2026-03-31T02:04:00+00:00\",\"dateModified\":\"2026-04-19T09:03:17+00:00\",\"mainEntityOfPage\":{\"@id\":\"https:\/\/www.africa-press.net\/congo-kinshasa\/politique\/le-m23-au-pied-du-mur\"},\"wordCount\":957,\"commentCount\":0,\"image\":{\"@id\":\"https:\/\/www.africa-press.net\/congo-kinshasa\/politique\/le-m23-au-pied-du-mur#primaryimage\"},\"thumbnailUrl\":\"https:\/\/static.africa-press.net\/congo-kinshasa\/sites\/49\/2026\/04\/sm_1776569781.655764.jpg\",\"keywords\":[\"Congo Kinshasa\"],\"articleSection\":[\"Dossiers\",\"Politique\",\"Toutes les actualit\u00e9s\"],\"inLanguage\":\"fr-FR\",\"potentialAction\":[{\"@type\":\"CommentAction\",\"name\":\"Comment\",\"target\":[\"https:\/\/www.africa-press.net\/congo-kinshasa\/politique\/le-m23-au-pied-du-mur#respond\"]}]},{\"@type\":\"WebPage\",\"@id\":\"https:\/\/www.africa-press.net\/congo-kinshasa\/politique\/le-m23-au-pied-du-mur\",\"url\":\"https:\/\/www.africa-press.net\/congo-kinshasa\/politique\/le-m23-au-pied-du-mur\",\"name\":\"Le M23 au pied du mur - Congo-kinshasa\",\"isPartOf\":{\"@id\":\"https:\/\/www.africa-press.net\/congo-kinshasa\/#website\"},\"primaryImageOfPage\":{\"@id\":\"https:\/\/www.africa-press.net\/congo-kinshasa\/politique\/le-m23-au-pied-du-mur#primaryimage\"},\"image\":{\"@id\":\"https:\/\/www.africa-press.net\/congo-kinshasa\/politique\/le-m23-au-pied-du-mur#primaryimage\"},\"thumbnailUrl\":\"https:\/\/static.africa-press.net\/congo-kinshasa\/sites\/49\/2026\/04\/sm_1776569781.655764.jpg\",\"datePublished\":\"2026-03-31T02:04:00+00:00\",\"dateModified\":\"2026-04-19T09:03:17+00:00\",\"author\":{\"@id\":\"https:\/\/www.africa-press.net\/congo-kinshasa\/#\/schema\/person\/2b1cf3cd81a31e3cd26889ca66d677f1\"},\"description\":\"-article-header-tag\\\"> Africa-Press - Congo Kinshasa. Sous la pression croi ...\",\"breadcrumb\":{\"@id\":\"https:\/\/www.africa-press.net\/congo-kinshasa\/politique\/le-m23-au-pied-du-mur#breadcrumb\"},\"inLanguage\":\"fr-FR\",\"potentialAction\":[{\"@type\":\"ReadAction\",\"target\":[\"https:\/\/www.africa-press.net\/congo-kinshasa\/politique\/le-m23-au-pied-du-mur\"]}]},{\"@type\":\"ImageObject\",\"inLanguage\":\"fr-FR\",\"@id\":\"https:\/\/www.africa-press.net\/congo-kinshasa\/politique\/le-m23-au-pied-du-mur#primaryimage\",\"url\":\"https:\/\/static.africa-press.net\/congo-kinshasa\/sites\/49\/2026\/04\/sm_1776569781.655764.jpg\",\"contentUrl\":\"https:\/\/static.africa-press.net\/congo-kinshasa\/sites\/49\/2026\/04\/sm_1776569781.655764.jpg\",\"width\":720,\"height\":407,\"caption\":\"Le M23 au pied du mur\"},{\"@type\":\"BreadcrumbList\",\"@id\":\"https:\/\/www.africa-press.net\/congo-kinshasa\/politique\/le-m23-au-pied-du-mur#breadcrumb\",\"itemListElement\":[{\"@type\":\"ListItem\",\"position\":1,\"name\":\"Accueil\",\"item\":\"https:\/\/www.africa-press.net\/congo-kinshasa\/\"},{\"@type\":\"ListItem\",\"position\":2,\"name\":\"Le M23 au pied du mur\"}]},{\"@type\":\"WebSite\",\"@id\":\"https:\/\/www.africa-press.net\/congo-kinshasa\/#website\",\"url\":\"https:\/\/www.africa-press.net\/congo-kinshasa\/\",\"name\":\"Congo-kinshasa\",\"description\":\"Just another Africa News Agency Sites site\",\"potentialAction\":[{\"@type\":\"SearchAction\",\"target\":{\"@type\":\"EntryPoint\",\"urlTemplate\":\"https:\/\/www.africa-press.net\/congo-kinshasa\/?s={search_term_string}\"},\"query-input\":{\"@type\":\"PropertyValueSpecification\",\"valueRequired\":true,\"valueName\":\"search_term_string\"}}],\"inLanguage\":\"fr-FR\"},{\"@type\":\"Person\",\"@id\":\"https:\/\/www.africa-press.net\/congo-kinshasa\/#\/schema\/person\/2b1cf3cd81a31e3cd26889ca66d677f1\",\"name\":\"cfeditorfr\"}]}<\/script>\n<!-- \/ Yoast SEO Premium plugin. -->","yoast_head_json":{"title":"Le M23 au pied du mur - Congo-kinshasa","description":"-article-header-tag\"> Africa-Press - Congo Kinshasa. Sous la pression croi ...","robots":{"index":"index","follow":"follow","max-snippet":"max-snippet:-1","max-image-preview":"max-image-preview:large","max-video-preview":"max-video-preview:-1"},"canonical":"https:\/\/www.africa-press.net\/congo-kinshasa\/politique\/le-m23-au-pied-du-mur","og_locale":"fr_FR","og_type":"article","og_title":"Le M23 au pied du mur","og_description":"-article-header-tag\"> Africa-Press - Congo Kinshasa. Sous la pression croi ...","og_url":"https:\/\/www.africa-press.net\/congo-kinshasa\/politique\/le-m23-au-pied-du-mur","og_site_name":"Congo-kinshasa","article_published_time":"2026-03-31T02:04:00+00:00","article_modified_time":"2026-04-19T09:03:17+00:00","og_image":[{"width":720,"height":407,"url":"https:\/\/static.africa-press.net\/congo-kinshasa\/sites\/49\/2026\/04\/sm_1776569781.655764.jpg","type":"image\/jpeg"}],"author":"cfeditorfr","twitter_card":"summary_large_image","twitter_misc":{"\u00c9crit par":"cfeditorfr","Dur\u00e9e de lecture estim\u00e9e":"5 minutes"},"schema":{"@context":"https:\/\/schema.org","@graph":[{"@type":"Article","@id":"https:\/\/www.africa-press.net\/congo-kinshasa\/politique\/le-m23-au-pied-du-mur#article","isPartOf":{"@id":"https:\/\/www.africa-press.net\/congo-kinshasa\/politique\/le-m23-au-pied-du-mur"},"author":{"name":"cfeditorfr","@id":"https:\/\/www.africa-press.net\/congo-kinshasa\/#\/schema\/person\/2b1cf3cd81a31e3cd26889ca66d677f1"},"headline":"Le M23 au pied du mur","datePublished":"2026-03-31T02:04:00+00:00","dateModified":"2026-04-19T09:03:17+00:00","mainEntityOfPage":{"@id":"https:\/\/www.africa-press.net\/congo-kinshasa\/politique\/le-m23-au-pied-du-mur"},"wordCount":957,"commentCount":0,"image":{"@id":"https:\/\/www.africa-press.net\/congo-kinshasa\/politique\/le-m23-au-pied-du-mur#primaryimage"},"thumbnailUrl":"https:\/\/static.africa-press.net\/congo-kinshasa\/sites\/49\/2026\/04\/sm_1776569781.655764.jpg","keywords":["Congo Kinshasa"],"articleSection":["Dossiers","Politique","Toutes les actualit\u00e9s"],"inLanguage":"fr-FR","potentialAction":[{"@type":"CommentAction","name":"Comment","target":["https:\/\/www.africa-press.net\/congo-kinshasa\/politique\/le-m23-au-pied-du-mur#respond"]}]},{"@type":"WebPage","@id":"https:\/\/www.africa-press.net\/congo-kinshasa\/politique\/le-m23-au-pied-du-mur","url":"https:\/\/www.africa-press.net\/congo-kinshasa\/politique\/le-m23-au-pied-du-mur","name":"Le M23 au pied du mur - Congo-kinshasa","isPartOf":{"@id":"https:\/\/www.africa-press.net\/congo-kinshasa\/#website"},"primaryImageOfPage":{"@id":"https:\/\/www.africa-press.net\/congo-kinshasa\/politique\/le-m23-au-pied-du-mur#primaryimage"},"image":{"@id":"https:\/\/www.africa-press.net\/congo-kinshasa\/politique\/le-m23-au-pied-du-mur#primaryimage"},"thumbnailUrl":"https:\/\/static.africa-press.net\/congo-kinshasa\/sites\/49\/2026\/04\/sm_1776569781.655764.jpg","datePublished":"2026-03-31T02:04:00+00:00","dateModified":"2026-04-19T09:03:17+00:00","author":{"@id":"https:\/\/www.africa-press.net\/congo-kinshasa\/#\/schema\/person\/2b1cf3cd81a31e3cd26889ca66d677f1"},"description":"-article-header-tag\"> Africa-Press - Congo Kinshasa. Sous la pression croi ...","breadcrumb":{"@id":"https:\/\/www.africa-press.net\/congo-kinshasa\/politique\/le-m23-au-pied-du-mur#breadcrumb"},"inLanguage":"fr-FR","potentialAction":[{"@type":"ReadAction","target":["https:\/\/www.africa-press.net\/congo-kinshasa\/politique\/le-m23-au-pied-du-mur"]}]},{"@type":"ImageObject","inLanguage":"fr-FR","@id":"https:\/\/www.africa-press.net\/congo-kinshasa\/politique\/le-m23-au-pied-du-mur#primaryimage","url":"https:\/\/static.africa-press.net\/congo-kinshasa\/sites\/49\/2026\/04\/sm_1776569781.655764.jpg","contentUrl":"https:\/\/static.africa-press.net\/congo-kinshasa\/sites\/49\/2026\/04\/sm_1776569781.655764.jpg","width":720,"height":407,"caption":"Le M23 au pied du mur"},{"@type":"BreadcrumbList","@id":"https:\/\/www.africa-press.net\/congo-kinshasa\/politique\/le-m23-au-pied-du-mur#breadcrumb","itemListElement":[{"@type":"ListItem","position":1,"name":"Accueil","item":"https:\/\/www.africa-press.net\/congo-kinshasa\/"},{"@type":"ListItem","position":2,"name":"Le M23 au pied du mur"}]},{"@type":"WebSite","@id":"https:\/\/www.africa-press.net\/congo-kinshasa\/#website","url":"https:\/\/www.africa-press.net\/congo-kinshasa\/","name":"Congo-kinshasa","description":"Just another Africa News Agency Sites site","potentialAction":[{"@type":"SearchAction","target":{"@type":"EntryPoint","urlTemplate":"https:\/\/www.africa-press.net\/congo-kinshasa\/?s={search_term_string}"},"query-input":{"@type":"PropertyValueSpecification","valueRequired":true,"valueName":"search_term_string"}}],"inLanguage":"fr-FR"},{"@type":"Person","@id":"https:\/\/www.africa-press.net\/congo-kinshasa\/#\/schema\/person\/2b1cf3cd81a31e3cd26889ca66d677f1","name":"cfeditorfr"}]}},"_links":{"self":[{"href":"https:\/\/www.africa-press.net\/congo-kinshasa\/wp-json\/wp\/v2\/posts\/137529","targetHints":{"allow":["GET"]}}],"collection":[{"href":"https:\/\/www.africa-press.net\/congo-kinshasa\/wp-json\/wp\/v2\/posts"}],"about":[{"href":"https:\/\/www.africa-press.net\/congo-kinshasa\/wp-json\/wp\/v2\/types\/post"}],"author":[{"embeddable":true,"href":"https:\/\/www.africa-press.net\/congo-kinshasa\/wp-json\/wp\/v2\/users\/82"}],"replies":[{"embeddable":true,"href":"https:\/\/www.africa-press.net\/congo-kinshasa\/wp-json\/wp\/v2\/comments?post=137529"}],"version-history":[{"count":1,"href":"https:\/\/www.africa-press.net\/congo-kinshasa\/wp-json\/wp\/v2\/posts\/137529\/revisions"}],"predecessor-version":[{"id":137738,"href":"https:\/\/www.africa-press.net\/congo-kinshasa\/wp-json\/wp\/v2\/posts\/137529\/revisions\/137738"}],"wp:featuredmedia":[{"embeddable":true,"href":"https:\/\/www.africa-press.net\/congo-kinshasa\/wp-json\/wp\/v2\/media\/137528"}],"wp:attachment":[{"href":"https:\/\/www.africa-press.net\/congo-kinshasa\/wp-json\/wp\/v2\/media?parent=137529"}],"wp:term":[{"taxonomy":"category","embeddable":true,"href":"https:\/\/www.africa-press.net\/congo-kinshasa\/wp-json\/wp\/v2\/categories?post=137529"},{"taxonomy":"post_tag","embeddable":true,"href":"https:\/\/www.africa-press.net\/congo-kinshasa\/wp-json\/wp\/v2\/tags?post=137529"}],"curies":[{"name":"wp","href":"https:\/\/api.w.org\/{rel}","templated":true}]}}