{"id":137543,"date":"2026-03-31T12:18:00","date_gmt":"2026-03-31T12:18:00","guid":{"rendered":"https:\/\/www.africa-press.net\/congo-kinshasa\/politique\/repression-et-censure-dans-le-rapport-de-rsf-sur-le-rwanda"},"modified":"2026-04-19T09:05:37","modified_gmt":"2026-04-19T09:05:37","slug":"repression-et-censure-dans-le-rapport-de-rsf-sur-le-rwanda","status":"publish","type":"post","link":"https:\/\/www.africa-press.net\/congo-kinshasa\/politique\/repression-et-censure-dans-le-rapport-de-rsf-sur-le-rwanda","title":{"rendered":"R\u00e9pression Et Censure Dans Le Rapport De RSF Sur Le Rwanda"},"content":{"rendered":"<p><span class=\"ap-article-header-tag\"> <strong>Africa-Press &#8211; Congo Kinshasa. <\/strong> <\/span><b>Intitule\u0301 \u00ab Dans la peau d\u2019un journaliste dans les Grands Lacs: immersion dans le quotidien des reporters dans une re\u0301gion marque\u0301e par l\u2019instabilite\u0301 \u00bb, le rapport explosif de Reporters sans frontie\u0300res met en lumie\u0300re l\u2019augmentation des hostilite\u0301s du re\u0301gime de Kigali sur les journalistes.<\/b><\/p>\n<p>Le Rwanda caracole en te\u0302te des pays des Grands Lacs mal cote\u0301s en matie\u0300re de liberte\u0301 de la presse et d\u2019expression. Mine\u0301 par des de\u0301cennies de re\u0301pression, le paysage me\u0301diatique rwandais est l\u2019un des plus pauvres du continent africain, re\u0301ve\u0300le l\u2019enque\u0302te, avant de poursuivre que les chai\u0302nes de te\u0301le\u0301vision sont contro\u0302le\u0301es par le re\u0301gime ou par le biais d\u2019actionnaires membres du parti au pouvoir. Mais aussi, la plupart des radios orientent leurs programmes vers la musique et le sport pour e\u0301viter d\u2019avoir des proble\u0300mes.<\/p>\n<p>Reporters sans frontie\u0300res souligne que dans un pays qui compte 13 millions d\u2019habitants, il existe tre\u0300s peu de journaux, et certains me\u0301dias en ligne qui s\u2019efforcent de fournir une information e\u0301quilibre\u0301e sont a\u0300 l\u2019e\u0301tranger. \u00ab La pratique du journalisme d\u2019investigation est peu re\u0301pandue et, ces dernie\u0300res anne\u0301es, les journalistes qui ont tente\u0301 de diffuser des informations sensibles ou critiques via les me\u0301dias en ligne, notamment sur YouTube, ont e\u0301te\u0301 lourdement condamne\u0301s \u00bb, s\u2019indigne RSF.<\/p>\n<p><b>Contexte politique<\/b><\/p>\n<p>L\u2019e\u0301tude indique que la re\u0301e\u0301lection de Paul Kagame pour un quatrie\u0300me mandat a renforce\u0301 un re\u0301gime re\u0301pressif et de censure. Les proprie\u0301taires des me\u0301dias doivent faire alle\u0301geance au gouvernement, et de nombreux journalistes ont e\u0301te\u0301 contraints de suivre un programme de\u0301die\u0301 au patriotisme ou de devenir membre du parti au pouvoir. \u00ab Les autorite\u0301s peuvent directement intervenir pour faire licencier ceux qui re\u0301sisteraient. Le souvenir du ge\u0301nocide et des me\u0301dias de la haine, comme Radio Mille Collines, est largement instrumentalise\u0301 pour empe\u0302cher toute voix dissidente et critique de s\u2019exprimer \u00bb, de\u0301plore l\u2019organisation.<\/p>\n<p><b>Cadre le\u0301gal <\/b><\/p>\n<p>Si la diffamation a e\u0301te\u0301 de\u0301criminalise\u0301e au Rwanda, RSF souligne que la re\u0301forme du Code pe\u0301nal de 2018 a maintenu des peines de prison pour outrage et pour diffamation du chef de l\u2019E\u0301tat par voie de presse. Ainsi, les journalistes sont souvent poursuivis pour des motifs qui ne rele\u0300vent pas de l\u2019exercice de leur fonction ou sont conside\u0301re\u0301s comme des activistes, une technique classique pour se pre\u0301valoir de ne pas de\u0301tenir de journaliste en prison. L\u2019enque\u0302te de\u0301plore que la surveillance en toute ille\u0301galite\u0301 des communications te\u0301le\u0301phoniques de journalistes rend la confidentialite\u0301 de leurs conversations et la protection des sources inope\u0301rantes.<\/p>\n<p><b>Contexte se\u0301curitaire <\/b><\/p>\n<p>Surveillance, espionnage, arrestations, disparitions force\u0301es&#8230; selon RSF, au Rwanda, tout est fait pour que les journalistes ne puissent pas exercer librement. Le rapport rappelle que depuis 1996, neuf professionnels des me\u0301dias ont e\u0301te\u0301 tue\u0301s ou porte\u0301s disparus, et 35 ont e\u0301te\u0301 contraints a\u0300 l\u2019exil. Plusieurs, y compris a\u0300 l\u2019e\u0301tranger, ont e\u0301galement fait partie des cibles du re\u0301gime dans l\u2019affaire Pe\u0301gasus, nom d\u2019un logiciel de surveillance.<\/p>\n<p>D\u2019apre\u0300s l\u2019organisation, il est e\u0301galement fre\u0301quent au pays de Paul Kagame que des agents du renseignement suivent des journalistes en reportage. \u00ab Ces dernie\u0300res anne\u0301es, les arrestations et de\u0301tentions arbitraires se sont multiplie\u0301es et les journalistes qui exercent en ligne ont e\u0301te\u0301 l\u2019objet d\u2019une intense re\u0301pression. Cela alors que le pays connai\u0302t un haut degre\u0301 d\u2019impunite\u0301 pour les crimes commis contre les professionnels des me\u0301dias \u00bb, regrette Reporters sans frontie\u0300res.<\/p>\n<p>La liberte\u0301 de la presse dans les six pays des Grands Lacs est soit \u201cdifficile\u201d soit \u201ctre\u0300s grave\u201d. De la RDC (133e) au Kenya (102e), en passant par le Rwanda (146e), l\u2019Ouganda (143e) , le Burundi (125e) et la Tanzanie (95e), informer reste un de\u0301fi quotidien. Dans son nouveau rapport, dans la peau d\u2019un journaliste dans les Grands Lacs, RSF a re\u0301ve\u0301le\u0301 les violences multiformes auxquelles sont confronte\u0301s les professionnels des me\u0301dias de la re\u0301gion.<\/p>\n<p class=\"ap-article-footer-note\">Retrouvez plus d\u2019actualit\u00e9s et d\u2019analyses sur <span class=\"ap-highlight-country\">Congo Kinshasa<\/span> sur le site <span class=\"ap-highlight-brand\">Africa Press<\/span><\/p>\n","protected":false},"excerpt":{"rendered":"<p>Africa-Press &#8211; Congo Kinshasa. Intitule\u0301 \u00ab Dans la peau d\u2019un journaliste dans les Grands Lacs: immersion dans le quotidien des reporters dans une re\u0301gion marque\u0301e par l\u2019instabilite\u0301 \u00bb, le rapport explosif de Reporters sans frontie\u0300res met en lumie\u0300re l\u2019augmentation des hostilite\u0301s du re\u0301gime de Kigali sur les journalistes. Le Rwanda caracole en te\u0302te des pays [&hellip;]<\/p>\n","protected":false},"author":82,"featured_media":137542,"comment_status":"open","ping_status":"closed","sticky":false,"template":"","format":"standard","meta":{"footnotes":""},"categories":[2,20,10],"tags":[46],"class_list":["post-137543","post","type-post","status-publish","format-standard","has-post-thumbnail","hentry","category-politique","category-top-nouvelles","category-toutes-les-actualites","tag-congo-kinshasa"],"yoast_head":"<!-- This site is optimized with the Yoast SEO Premium plugin v26.1 (Yoast SEO v27.0) - https:\/\/yoast.com\/product\/yoast-seo-premium-wordpress\/ -->\n<title>R\u00e9pression Et Censure Dans Le Rapport De RSF Sur Le Rwanda - Congo-kinshasa<\/title>\n<meta name=\"description\" content=\"-article-header-tag&quot;&gt; Africa-Press - Congo Kinshasa. Intitule\u0301 \u00ab Dans la p ...\" \/>\n<meta name=\"robots\" content=\"index, follow, max-snippet:-1, max-image-preview:large, max-video-preview:-1\" \/>\n<link rel=\"canonical\" href=\"https:\/\/www.africa-press.net\/congo-kinshasa\/politique\/repression-et-censure-dans-le-rapport-de-rsf-sur-le-rwanda\" \/>\n<meta property=\"og:locale\" content=\"fr_FR\" \/>\n<meta property=\"og:type\" content=\"article\" \/>\n<meta property=\"og:title\" content=\"R\u00e9pression Et Censure Dans Le Rapport De RSF Sur Le Rwanda\" \/>\n<meta property=\"og:description\" content=\"-article-header-tag&quot;&gt; Africa-Press - Congo Kinshasa. Intitule\u0301 \u00ab Dans la p ...\" \/>\n<meta property=\"og:url\" content=\"https:\/\/www.africa-press.net\/congo-kinshasa\/politique\/repression-et-censure-dans-le-rapport-de-rsf-sur-le-rwanda\" \/>\n<meta property=\"og:site_name\" content=\"Congo-kinshasa\" \/>\n<meta property=\"article:published_time\" content=\"2026-03-31T12:18:00+00:00\" \/>\n<meta property=\"article:modified_time\" content=\"2026-04-19T09:05:37+00:00\" \/>\n<meta property=\"og:image\" content=\"https:\/\/static.africa-press.net\/congo-kinshasa\/sites\/49\/2026\/04\/sm_1776569971.814686.jpg\" \/>\n\t<meta property=\"og:image:width\" content=\"1000\" \/>\n\t<meta property=\"og:image:height\" content=\"580\" \/>\n\t<meta property=\"og:image:type\" content=\"image\/jpeg\" \/>\n<meta name=\"author\" content=\"cfeditorfr\" \/>\n<meta name=\"twitter:card\" content=\"summary_large_image\" \/>\n<meta name=\"twitter:label1\" content=\"\u00c9crit par\" \/>\n\t<meta name=\"twitter:data1\" content=\"cfeditorfr\" \/>\n\t<meta name=\"twitter:label2\" content=\"Dur\u00e9e de lecture estim\u00e9e\" \/>\n\t<meta name=\"twitter:data2\" content=\"4 minutes\" \/>\n<script type=\"application\/ld+json\" class=\"yoast-schema-graph\">{\"@context\":\"https:\/\/schema.org\",\"@graph\":[{\"@type\":\"Article\",\"@id\":\"https:\/\/www.africa-press.net\/congo-kinshasa\/politique\/repression-et-censure-dans-le-rapport-de-rsf-sur-le-rwanda#article\",\"isPartOf\":{\"@id\":\"https:\/\/www.africa-press.net\/congo-kinshasa\/politique\/repression-et-censure-dans-le-rapport-de-rsf-sur-le-rwanda\"},\"author\":{\"name\":\"cfeditorfr\",\"@id\":\"https:\/\/www.africa-press.net\/congo-kinshasa\/#\/schema\/person\/2b1cf3cd81a31e3cd26889ca66d677f1\"},\"headline\":\"R\u00e9pression Et Censure Dans Le Rapport De RSF Sur Le Rwanda\",\"datePublished\":\"2026-03-31T12:18:00+00:00\",\"dateModified\":\"2026-04-19T09:05:37+00:00\",\"mainEntityOfPage\":{\"@id\":\"https:\/\/www.africa-press.net\/congo-kinshasa\/politique\/repression-et-censure-dans-le-rapport-de-rsf-sur-le-rwanda\"},\"wordCount\":759,\"commentCount\":0,\"image\":{\"@id\":\"https:\/\/www.africa-press.net\/congo-kinshasa\/politique\/repression-et-censure-dans-le-rapport-de-rsf-sur-le-rwanda#primaryimage\"},\"thumbnailUrl\":\"https:\/\/static.africa-press.net\/congo-kinshasa\/sites\/49\/2026\/04\/sm_1776569971.814686.jpg\",\"keywords\":[\"Congo Kinshasa\"],\"articleSection\":[\"Politique\",\"Top Nouvelles\",\"Toutes les actualit\u00e9s\"],\"inLanguage\":\"fr-FR\",\"potentialAction\":[{\"@type\":\"CommentAction\",\"name\":\"Comment\",\"target\":[\"https:\/\/www.africa-press.net\/congo-kinshasa\/politique\/repression-et-censure-dans-le-rapport-de-rsf-sur-le-rwanda#respond\"]}]},{\"@type\":\"WebPage\",\"@id\":\"https:\/\/www.africa-press.net\/congo-kinshasa\/politique\/repression-et-censure-dans-le-rapport-de-rsf-sur-le-rwanda\",\"url\":\"https:\/\/www.africa-press.net\/congo-kinshasa\/politique\/repression-et-censure-dans-le-rapport-de-rsf-sur-le-rwanda\",\"name\":\"R\u00e9pression Et Censure Dans Le Rapport De RSF Sur Le Rwanda - Congo-kinshasa\",\"isPartOf\":{\"@id\":\"https:\/\/www.africa-press.net\/congo-kinshasa\/#website\"},\"primaryImageOfPage\":{\"@id\":\"https:\/\/www.africa-press.net\/congo-kinshasa\/politique\/repression-et-censure-dans-le-rapport-de-rsf-sur-le-rwanda#primaryimage\"},\"image\":{\"@id\":\"https:\/\/www.africa-press.net\/congo-kinshasa\/politique\/repression-et-censure-dans-le-rapport-de-rsf-sur-le-rwanda#primaryimage\"},\"thumbnailUrl\":\"https:\/\/static.africa-press.net\/congo-kinshasa\/sites\/49\/2026\/04\/sm_1776569971.814686.jpg\",\"datePublished\":\"2026-03-31T12:18:00+00:00\",\"dateModified\":\"2026-04-19T09:05:37+00:00\",\"author\":{\"@id\":\"https:\/\/www.africa-press.net\/congo-kinshasa\/#\/schema\/person\/2b1cf3cd81a31e3cd26889ca66d677f1\"},\"description\":\"-article-header-tag\\\"> Africa-Press - Congo Kinshasa. Intitule\u0301 \u00ab Dans la p ...\",\"breadcrumb\":{\"@id\":\"https:\/\/www.africa-press.net\/congo-kinshasa\/politique\/repression-et-censure-dans-le-rapport-de-rsf-sur-le-rwanda#breadcrumb\"},\"inLanguage\":\"fr-FR\",\"potentialAction\":[{\"@type\":\"ReadAction\",\"target\":[\"https:\/\/www.africa-press.net\/congo-kinshasa\/politique\/repression-et-censure-dans-le-rapport-de-rsf-sur-le-rwanda\"]}]},{\"@type\":\"ImageObject\",\"inLanguage\":\"fr-FR\",\"@id\":\"https:\/\/www.africa-press.net\/congo-kinshasa\/politique\/repression-et-censure-dans-le-rapport-de-rsf-sur-le-rwanda#primaryimage\",\"url\":\"https:\/\/static.africa-press.net\/congo-kinshasa\/sites\/49\/2026\/04\/sm_1776569971.814686.jpg\",\"contentUrl\":\"https:\/\/static.africa-press.net\/congo-kinshasa\/sites\/49\/2026\/04\/sm_1776569971.814686.jpg\",\"width\":1000,\"height\":580,\"caption\":\"R\u00e9pression Et Censure Dans Le Rapport De RSF Sur Le Rwanda\"},{\"@type\":\"BreadcrumbList\",\"@id\":\"https:\/\/www.africa-press.net\/congo-kinshasa\/politique\/repression-et-censure-dans-le-rapport-de-rsf-sur-le-rwanda#breadcrumb\",\"itemListElement\":[{\"@type\":\"ListItem\",\"position\":1,\"name\":\"Accueil\",\"item\":\"https:\/\/www.africa-press.net\/congo-kinshasa\/\"},{\"@type\":\"ListItem\",\"position\":2,\"name\":\"R\u00e9pression Et Censure Dans Le Rapport De RSF Sur Le Rwanda\"}]},{\"@type\":\"WebSite\",\"@id\":\"https:\/\/www.africa-press.net\/congo-kinshasa\/#website\",\"url\":\"https:\/\/www.africa-press.net\/congo-kinshasa\/\",\"name\":\"Congo-kinshasa\",\"description\":\"Just another Africa News Agency Sites site\",\"potentialAction\":[{\"@type\":\"SearchAction\",\"target\":{\"@type\":\"EntryPoint\",\"urlTemplate\":\"https:\/\/www.africa-press.net\/congo-kinshasa\/?s={search_term_string}\"},\"query-input\":{\"@type\":\"PropertyValueSpecification\",\"valueRequired\":true,\"valueName\":\"search_term_string\"}}],\"inLanguage\":\"fr-FR\"},{\"@type\":\"Person\",\"@id\":\"https:\/\/www.africa-press.net\/congo-kinshasa\/#\/schema\/person\/2b1cf3cd81a31e3cd26889ca66d677f1\",\"name\":\"cfeditorfr\"}]}<\/script>\n<!-- \/ Yoast SEO Premium plugin. -->","yoast_head_json":{"title":"R\u00e9pression Et Censure Dans Le Rapport De RSF Sur Le Rwanda - Congo-kinshasa","description":"-article-header-tag\"> Africa-Press - Congo Kinshasa. Intitule\u0301 \u00ab Dans la p ...","robots":{"index":"index","follow":"follow","max-snippet":"max-snippet:-1","max-image-preview":"max-image-preview:large","max-video-preview":"max-video-preview:-1"},"canonical":"https:\/\/www.africa-press.net\/congo-kinshasa\/politique\/repression-et-censure-dans-le-rapport-de-rsf-sur-le-rwanda","og_locale":"fr_FR","og_type":"article","og_title":"R\u00e9pression Et Censure Dans Le Rapport De RSF Sur Le Rwanda","og_description":"-article-header-tag\"> Africa-Press - Congo Kinshasa. Intitule\u0301 \u00ab Dans la p ...","og_url":"https:\/\/www.africa-press.net\/congo-kinshasa\/politique\/repression-et-censure-dans-le-rapport-de-rsf-sur-le-rwanda","og_site_name":"Congo-kinshasa","article_published_time":"2026-03-31T12:18:00+00:00","article_modified_time":"2026-04-19T09:05:37+00:00","og_image":[{"width":1000,"height":580,"url":"https:\/\/static.africa-press.net\/congo-kinshasa\/sites\/49\/2026\/04\/sm_1776569971.814686.jpg","type":"image\/jpeg"}],"author":"cfeditorfr","twitter_card":"summary_large_image","twitter_misc":{"\u00c9crit par":"cfeditorfr","Dur\u00e9e de lecture estim\u00e9e":"4 minutes"},"schema":{"@context":"https:\/\/schema.org","@graph":[{"@type":"Article","@id":"https:\/\/www.africa-press.net\/congo-kinshasa\/politique\/repression-et-censure-dans-le-rapport-de-rsf-sur-le-rwanda#article","isPartOf":{"@id":"https:\/\/www.africa-press.net\/congo-kinshasa\/politique\/repression-et-censure-dans-le-rapport-de-rsf-sur-le-rwanda"},"author":{"name":"cfeditorfr","@id":"https:\/\/www.africa-press.net\/congo-kinshasa\/#\/schema\/person\/2b1cf3cd81a31e3cd26889ca66d677f1"},"headline":"R\u00e9pression Et Censure Dans Le Rapport De RSF Sur Le Rwanda","datePublished":"2026-03-31T12:18:00+00:00","dateModified":"2026-04-19T09:05:37+00:00","mainEntityOfPage":{"@id":"https:\/\/www.africa-press.net\/congo-kinshasa\/politique\/repression-et-censure-dans-le-rapport-de-rsf-sur-le-rwanda"},"wordCount":759,"commentCount":0,"image":{"@id":"https:\/\/www.africa-press.net\/congo-kinshasa\/politique\/repression-et-censure-dans-le-rapport-de-rsf-sur-le-rwanda#primaryimage"},"thumbnailUrl":"https:\/\/static.africa-press.net\/congo-kinshasa\/sites\/49\/2026\/04\/sm_1776569971.814686.jpg","keywords":["Congo Kinshasa"],"articleSection":["Politique","Top Nouvelles","Toutes les actualit\u00e9s"],"inLanguage":"fr-FR","potentialAction":[{"@type":"CommentAction","name":"Comment","target":["https:\/\/www.africa-press.net\/congo-kinshasa\/politique\/repression-et-censure-dans-le-rapport-de-rsf-sur-le-rwanda#respond"]}]},{"@type":"WebPage","@id":"https:\/\/www.africa-press.net\/congo-kinshasa\/politique\/repression-et-censure-dans-le-rapport-de-rsf-sur-le-rwanda","url":"https:\/\/www.africa-press.net\/congo-kinshasa\/politique\/repression-et-censure-dans-le-rapport-de-rsf-sur-le-rwanda","name":"R\u00e9pression Et Censure Dans Le Rapport De RSF Sur Le Rwanda - Congo-kinshasa","isPartOf":{"@id":"https:\/\/www.africa-press.net\/congo-kinshasa\/#website"},"primaryImageOfPage":{"@id":"https:\/\/www.africa-press.net\/congo-kinshasa\/politique\/repression-et-censure-dans-le-rapport-de-rsf-sur-le-rwanda#primaryimage"},"image":{"@id":"https:\/\/www.africa-press.net\/congo-kinshasa\/politique\/repression-et-censure-dans-le-rapport-de-rsf-sur-le-rwanda#primaryimage"},"thumbnailUrl":"https:\/\/static.africa-press.net\/congo-kinshasa\/sites\/49\/2026\/04\/sm_1776569971.814686.jpg","datePublished":"2026-03-31T12:18:00+00:00","dateModified":"2026-04-19T09:05:37+00:00","author":{"@id":"https:\/\/www.africa-press.net\/congo-kinshasa\/#\/schema\/person\/2b1cf3cd81a31e3cd26889ca66d677f1"},"description":"-article-header-tag\"> Africa-Press - Congo Kinshasa. Intitule\u0301 \u00ab Dans la p ...","breadcrumb":{"@id":"https:\/\/www.africa-press.net\/congo-kinshasa\/politique\/repression-et-censure-dans-le-rapport-de-rsf-sur-le-rwanda#breadcrumb"},"inLanguage":"fr-FR","potentialAction":[{"@type":"ReadAction","target":["https:\/\/www.africa-press.net\/congo-kinshasa\/politique\/repression-et-censure-dans-le-rapport-de-rsf-sur-le-rwanda"]}]},{"@type":"ImageObject","inLanguage":"fr-FR","@id":"https:\/\/www.africa-press.net\/congo-kinshasa\/politique\/repression-et-censure-dans-le-rapport-de-rsf-sur-le-rwanda#primaryimage","url":"https:\/\/static.africa-press.net\/congo-kinshasa\/sites\/49\/2026\/04\/sm_1776569971.814686.jpg","contentUrl":"https:\/\/static.africa-press.net\/congo-kinshasa\/sites\/49\/2026\/04\/sm_1776569971.814686.jpg","width":1000,"height":580,"caption":"R\u00e9pression Et Censure Dans Le Rapport De RSF Sur Le Rwanda"},{"@type":"BreadcrumbList","@id":"https:\/\/www.africa-press.net\/congo-kinshasa\/politique\/repression-et-censure-dans-le-rapport-de-rsf-sur-le-rwanda#breadcrumb","itemListElement":[{"@type":"ListItem","position":1,"name":"Accueil","item":"https:\/\/www.africa-press.net\/congo-kinshasa\/"},{"@type":"ListItem","position":2,"name":"R\u00e9pression Et Censure Dans Le Rapport De RSF Sur Le Rwanda"}]},{"@type":"WebSite","@id":"https:\/\/www.africa-press.net\/congo-kinshasa\/#website","url":"https:\/\/www.africa-press.net\/congo-kinshasa\/","name":"Congo-kinshasa","description":"Just another Africa News Agency Sites site","potentialAction":[{"@type":"SearchAction","target":{"@type":"EntryPoint","urlTemplate":"https:\/\/www.africa-press.net\/congo-kinshasa\/?s={search_term_string}"},"query-input":{"@type":"PropertyValueSpecification","valueRequired":true,"valueName":"search_term_string"}}],"inLanguage":"fr-FR"},{"@type":"Person","@id":"https:\/\/www.africa-press.net\/congo-kinshasa\/#\/schema\/person\/2b1cf3cd81a31e3cd26889ca66d677f1","name":"cfeditorfr"}]}},"_links":{"self":[{"href":"https:\/\/www.africa-press.net\/congo-kinshasa\/wp-json\/wp\/v2\/posts\/137543","targetHints":{"allow":["GET"]}}],"collection":[{"href":"https:\/\/www.africa-press.net\/congo-kinshasa\/wp-json\/wp\/v2\/posts"}],"about":[{"href":"https:\/\/www.africa-press.net\/congo-kinshasa\/wp-json\/wp\/v2\/types\/post"}],"author":[{"embeddable":true,"href":"https:\/\/www.africa-press.net\/congo-kinshasa\/wp-json\/wp\/v2\/users\/82"}],"replies":[{"embeddable":true,"href":"https:\/\/www.africa-press.net\/congo-kinshasa\/wp-json\/wp\/v2\/comments?post=137543"}],"version-history":[{"count":1,"href":"https:\/\/www.africa-press.net\/congo-kinshasa\/wp-json\/wp\/v2\/posts\/137543\/revisions"}],"predecessor-version":[{"id":137765,"href":"https:\/\/www.africa-press.net\/congo-kinshasa\/wp-json\/wp\/v2\/posts\/137543\/revisions\/137765"}],"wp:featuredmedia":[{"embeddable":true,"href":"https:\/\/www.africa-press.net\/congo-kinshasa\/wp-json\/wp\/v2\/media\/137542"}],"wp:attachment":[{"href":"https:\/\/www.africa-press.net\/congo-kinshasa\/wp-json\/wp\/v2\/media?parent=137543"}],"wp:term":[{"taxonomy":"category","embeddable":true,"href":"https:\/\/www.africa-press.net\/congo-kinshasa\/wp-json\/wp\/v2\/categories?post=137543"},{"taxonomy":"post_tag","embeddable":true,"href":"https:\/\/www.africa-press.net\/congo-kinshasa\/wp-json\/wp\/v2\/tags?post=137543"}],"curies":[{"name":"wp","href":"https:\/\/api.w.org\/{rel}","templated":true}]}}