{"id":137553,"date":"2026-03-31T12:28:00","date_gmt":"2026-03-31T12:28:00","guid":{"rendered":"https:\/\/www.africa-press.net\/congo-kinshasa\/politique\/aime-boji-sangara-represente-tshisekedi-a-bangui"},"modified":"2026-04-19T09:07:24","modified_gmt":"2026-04-19T09:07:24","slug":"aime-boji-sangara-represente-tshisekedi-a-bangui","status":"publish","type":"post","link":"https:\/\/www.africa-press.net\/congo-kinshasa\/politique\/aime-boji-sangara-represente-tshisekedi-a-bangui","title":{"rendered":"Aim\u00e9 Boji Sangara Repr\u00e9sente Tshisekedi \u00e0 Bangui"},"content":{"rendered":"<p><span class=\"ap-article-header-tag\"> <strong>Africa-Press &#8211; Congo Kinshasa. <\/strong> <\/span><b>Faustin-Archange Touadera a officiellement entame\u0301 son troisie\u0300me mandat a\u0300 la te\u0302te de la Re\u0301publique centrafricaine ce lundi, lors d\u2019une ce\u0301re\u0301monie au stade de 20 000 places de Bangui.<\/b><\/p>\n<p>Parmi les invite\u0301s de marque, Aime\u0301 Boji Sangara, pre\u0301sident de l\u2019Assemble\u0301e nationale de la Re\u0301publique de\u0301mocratique du Congo, repre\u0301sentait le pre\u0301sident Fe\u0301lix-Antoine Tshisekedi Tshilombo. Il a transmis un message de fe\u0301licitations et les salutations du peuple congolais a\u0300 leurs fre\u0300res centrafricains, soulignant la volonte\u0301 de renforcer les liens bilate\u0301raux.<\/p>\n<p>Accompagne\u0301 d\u2019une de\u0301le\u0301gation de de\u0301pute\u0301s, dont la questeure adjointe Gra\u0302ce Neema, Aime\u0301 Boji a assiste\u0301 a\u0300 une investiture symbolisant e\u0301galement l\u2019entre\u0301e de la Centrafrique dans la 7e Re\u0301publique, conforme\u0301ment a\u0300 la Constitution de 2023 qui fixe le mandat pre\u0301sidentiel a\u0300 7 ans, renouvelable.<\/p>\n<p>Re\u0301e\u0301lu en de\u0301cembre 2025, le pre\u0301sident Touadera ouvre ainsi un nouveau chapitre politique dans un contexte institutionnel ine\u0301dit, devant des chefs d\u2019E\u0301tat et de\u0301le\u0301gations venus de toute la re\u0301gion.<\/p>\n<p class=\"ap-article-footer-note\">Retrouvez plus d\u2019actualit\u00e9s et d\u2019analyses sur <span class=\"ap-highlight-country\">Congo Kinshasa<\/span> sur le site <span class=\"ap-highlight-brand\">Africa Press<\/span><\/p>\n","protected":false},"excerpt":{"rendered":"<p>Africa-Press &#8211; Congo Kinshasa. Faustin-Archange Touadera a officiellement entame\u0301 son troisie\u0300me mandat a\u0300 la te\u0302te de la Re\u0301publique centrafricaine ce lundi, lors d\u2019une ce\u0301re\u0301monie au stade de 20 000 places de Bangui. Parmi les invite\u0301s de marque, Aime\u0301 Boji Sangara, pre\u0301sident de l\u2019Assemble\u0301e nationale de la Re\u0301publique de\u0301mocratique du Congo, repre\u0301sentait le pre\u0301sident Fe\u0301lix-Antoine Tshisekedi [&hellip;]<\/p>\n","protected":false},"author":82,"featured_media":137552,"comment_status":"open","ping_status":"closed","sticky":false,"template":"","format":"standard","meta":{"footnotes":""},"categories":[2,10],"tags":[46],"class_list":["post-137553","post","type-post","status-publish","format-standard","has-post-thumbnail","hentry","category-politique","category-toutes-les-actualites","tag-congo-kinshasa"],"yoast_head":"<!-- This site is optimized with the Yoast SEO Premium plugin v26.1 (Yoast SEO v27.0) - https:\/\/yoast.com\/product\/yoast-seo-premium-wordpress\/ -->\n<title>Aim\u00e9 Boji Sangara Repr\u00e9sente Tshisekedi \u00e0 Bangui - Congo-kinshasa<\/title>\n<meta name=\"description\" content=\"-article-header-tag&quot;&gt; Africa-Press - Congo Kinshasa. Faustin-Archange Toua ...\" \/>\n<meta name=\"robots\" content=\"index, follow, max-snippet:-1, max-image-preview:large, max-video-preview:-1\" \/>\n<link rel=\"canonical\" href=\"https:\/\/www.africa-press.net\/congo-kinshasa\/politique\/aime-boji-sangara-represente-tshisekedi-a-bangui\" \/>\n<meta property=\"og:locale\" content=\"fr_FR\" \/>\n<meta property=\"og:type\" content=\"article\" \/>\n<meta property=\"og:title\" content=\"Aim\u00e9 Boji Sangara Repr\u00e9sente Tshisekedi \u00e0 Bangui\" \/>\n<meta property=\"og:description\" content=\"-article-header-tag&quot;&gt; Africa-Press - Congo Kinshasa. Faustin-Archange Toua ...\" \/>\n<meta property=\"og:url\" content=\"https:\/\/www.africa-press.net\/congo-kinshasa\/politique\/aime-boji-sangara-represente-tshisekedi-a-bangui\" \/>\n<meta property=\"og:site_name\" content=\"Congo-kinshasa\" \/>\n<meta property=\"article:published_time\" content=\"2026-03-31T12:28:00+00:00\" \/>\n<meta property=\"article:modified_time\" content=\"2026-04-19T09:07:24+00:00\" \/>\n<meta property=\"og:image\" content=\"https:\/\/static.africa-press.net\/congo-kinshasa\/sites\/49\/2026\/04\/sm_1776570096.590798.jpg\" \/>\n\t<meta property=\"og:image:width\" content=\"1080\" \/>\n\t<meta property=\"og:image:height\" content=\"720\" \/>\n\t<meta property=\"og:image:type\" content=\"image\/jpeg\" \/>\n<meta name=\"author\" content=\"cfeditorfr\" \/>\n<meta name=\"twitter:card\" content=\"summary_large_image\" \/>\n<meta name=\"twitter:label1\" content=\"\u00c9crit par\" \/>\n\t<meta name=\"twitter:data1\" content=\"cfeditorfr\" \/>\n\t<meta name=\"twitter:label2\" content=\"Dur\u00e9e de lecture estim\u00e9e\" \/>\n\t<meta name=\"twitter:data2\" content=\"2 minutes\" \/>\n<script type=\"application\/ld+json\" class=\"yoast-schema-graph\">{\"@context\":\"https:\/\/schema.org\",\"@graph\":[{\"@type\":\"Article\",\"@id\":\"https:\/\/www.africa-press.net\/congo-kinshasa\/politique\/aime-boji-sangara-represente-tshisekedi-a-bangui#article\",\"isPartOf\":{\"@id\":\"https:\/\/www.africa-press.net\/congo-kinshasa\/politique\/aime-boji-sangara-represente-tshisekedi-a-bangui\"},\"author\":{\"name\":\"cfeditorfr\",\"@id\":\"https:\/\/www.africa-press.net\/congo-kinshasa\/#\/schema\/person\/2b1cf3cd81a31e3cd26889ca66d677f1\"},\"headline\":\"Aim\u00e9 Boji Sangara Repr\u00e9sente Tshisekedi \u00e0 Bangui\",\"datePublished\":\"2026-03-31T12:28:00+00:00\",\"dateModified\":\"2026-04-19T09:07:24+00:00\",\"mainEntityOfPage\":{\"@id\":\"https:\/\/www.africa-press.net\/congo-kinshasa\/politique\/aime-boji-sangara-represente-tshisekedi-a-bangui\"},\"wordCount\":211,\"commentCount\":0,\"image\":{\"@id\":\"https:\/\/www.africa-press.net\/congo-kinshasa\/politique\/aime-boji-sangara-represente-tshisekedi-a-bangui#primaryimage\"},\"thumbnailUrl\":\"https:\/\/static.africa-press.net\/congo-kinshasa\/sites\/49\/2026\/04\/sm_1776570096.590798.jpg\",\"keywords\":[\"Congo Kinshasa\"],\"articleSection\":[\"Politique\",\"Toutes les actualit\u00e9s\"],\"inLanguage\":\"fr-FR\",\"potentialAction\":[{\"@type\":\"CommentAction\",\"name\":\"Comment\",\"target\":[\"https:\/\/www.africa-press.net\/congo-kinshasa\/politique\/aime-boji-sangara-represente-tshisekedi-a-bangui#respond\"]}]},{\"@type\":\"WebPage\",\"@id\":\"https:\/\/www.africa-press.net\/congo-kinshasa\/politique\/aime-boji-sangara-represente-tshisekedi-a-bangui\",\"url\":\"https:\/\/www.africa-press.net\/congo-kinshasa\/politique\/aime-boji-sangara-represente-tshisekedi-a-bangui\",\"name\":\"Aim\u00e9 Boji Sangara Repr\u00e9sente Tshisekedi \u00e0 Bangui - Congo-kinshasa\",\"isPartOf\":{\"@id\":\"https:\/\/www.africa-press.net\/congo-kinshasa\/#website\"},\"primaryImageOfPage\":{\"@id\":\"https:\/\/www.africa-press.net\/congo-kinshasa\/politique\/aime-boji-sangara-represente-tshisekedi-a-bangui#primaryimage\"},\"image\":{\"@id\":\"https:\/\/www.africa-press.net\/congo-kinshasa\/politique\/aime-boji-sangara-represente-tshisekedi-a-bangui#primaryimage\"},\"thumbnailUrl\":\"https:\/\/static.africa-press.net\/congo-kinshasa\/sites\/49\/2026\/04\/sm_1776570096.590798.jpg\",\"datePublished\":\"2026-03-31T12:28:00+00:00\",\"dateModified\":\"2026-04-19T09:07:24+00:00\",\"author\":{\"@id\":\"https:\/\/www.africa-press.net\/congo-kinshasa\/#\/schema\/person\/2b1cf3cd81a31e3cd26889ca66d677f1\"},\"description\":\"-article-header-tag\\\"> Africa-Press - Congo Kinshasa. Faustin-Archange Toua ...\",\"breadcrumb\":{\"@id\":\"https:\/\/www.africa-press.net\/congo-kinshasa\/politique\/aime-boji-sangara-represente-tshisekedi-a-bangui#breadcrumb\"},\"inLanguage\":\"fr-FR\",\"potentialAction\":[{\"@type\":\"ReadAction\",\"target\":[\"https:\/\/www.africa-press.net\/congo-kinshasa\/politique\/aime-boji-sangara-represente-tshisekedi-a-bangui\"]}]},{\"@type\":\"ImageObject\",\"inLanguage\":\"fr-FR\",\"@id\":\"https:\/\/www.africa-press.net\/congo-kinshasa\/politique\/aime-boji-sangara-represente-tshisekedi-a-bangui#primaryimage\",\"url\":\"https:\/\/static.africa-press.net\/congo-kinshasa\/sites\/49\/2026\/04\/sm_1776570096.590798.jpg\",\"contentUrl\":\"https:\/\/static.africa-press.net\/congo-kinshasa\/sites\/49\/2026\/04\/sm_1776570096.590798.jpg\",\"width\":1080,\"height\":720,\"caption\":\"Aim\u00e9 Boji Sangara Repr\u00e9sente Tshisekedi \u00e0 Bangui\"},{\"@type\":\"BreadcrumbList\",\"@id\":\"https:\/\/www.africa-press.net\/congo-kinshasa\/politique\/aime-boji-sangara-represente-tshisekedi-a-bangui#breadcrumb\",\"itemListElement\":[{\"@type\":\"ListItem\",\"position\":1,\"name\":\"Accueil\",\"item\":\"https:\/\/www.africa-press.net\/congo-kinshasa\/\"},{\"@type\":\"ListItem\",\"position\":2,\"name\":\"Aim\u00e9 Boji Sangara Repr\u00e9sente Tshisekedi \u00e0 Bangui\"}]},{\"@type\":\"WebSite\",\"@id\":\"https:\/\/www.africa-press.net\/congo-kinshasa\/#website\",\"url\":\"https:\/\/www.africa-press.net\/congo-kinshasa\/\",\"name\":\"Congo-kinshasa\",\"description\":\"Just another Africa News Agency Sites site\",\"potentialAction\":[{\"@type\":\"SearchAction\",\"target\":{\"@type\":\"EntryPoint\",\"urlTemplate\":\"https:\/\/www.africa-press.net\/congo-kinshasa\/?s={search_term_string}\"},\"query-input\":{\"@type\":\"PropertyValueSpecification\",\"valueRequired\":true,\"valueName\":\"search_term_string\"}}],\"inLanguage\":\"fr-FR\"},{\"@type\":\"Person\",\"@id\":\"https:\/\/www.africa-press.net\/congo-kinshasa\/#\/schema\/person\/2b1cf3cd81a31e3cd26889ca66d677f1\",\"name\":\"cfeditorfr\"}]}<\/script>\n<!-- \/ Yoast SEO Premium plugin. -->","yoast_head_json":{"title":"Aim\u00e9 Boji Sangara Repr\u00e9sente Tshisekedi \u00e0 Bangui - Congo-kinshasa","description":"-article-header-tag\"> Africa-Press - Congo Kinshasa. Faustin-Archange Toua ...","robots":{"index":"index","follow":"follow","max-snippet":"max-snippet:-1","max-image-preview":"max-image-preview:large","max-video-preview":"max-video-preview:-1"},"canonical":"https:\/\/www.africa-press.net\/congo-kinshasa\/politique\/aime-boji-sangara-represente-tshisekedi-a-bangui","og_locale":"fr_FR","og_type":"article","og_title":"Aim\u00e9 Boji Sangara Repr\u00e9sente Tshisekedi \u00e0 Bangui","og_description":"-article-header-tag\"> Africa-Press - Congo Kinshasa. Faustin-Archange Toua ...","og_url":"https:\/\/www.africa-press.net\/congo-kinshasa\/politique\/aime-boji-sangara-represente-tshisekedi-a-bangui","og_site_name":"Congo-kinshasa","article_published_time":"2026-03-31T12:28:00+00:00","article_modified_time":"2026-04-19T09:07:24+00:00","og_image":[{"width":1080,"height":720,"url":"https:\/\/static.africa-press.net\/congo-kinshasa\/sites\/49\/2026\/04\/sm_1776570096.590798.jpg","type":"image\/jpeg"}],"author":"cfeditorfr","twitter_card":"summary_large_image","twitter_misc":{"\u00c9crit par":"cfeditorfr","Dur\u00e9e de lecture estim\u00e9e":"2 minutes"},"schema":{"@context":"https:\/\/schema.org","@graph":[{"@type":"Article","@id":"https:\/\/www.africa-press.net\/congo-kinshasa\/politique\/aime-boji-sangara-represente-tshisekedi-a-bangui#article","isPartOf":{"@id":"https:\/\/www.africa-press.net\/congo-kinshasa\/politique\/aime-boji-sangara-represente-tshisekedi-a-bangui"},"author":{"name":"cfeditorfr","@id":"https:\/\/www.africa-press.net\/congo-kinshasa\/#\/schema\/person\/2b1cf3cd81a31e3cd26889ca66d677f1"},"headline":"Aim\u00e9 Boji Sangara Repr\u00e9sente Tshisekedi \u00e0 Bangui","datePublished":"2026-03-31T12:28:00+00:00","dateModified":"2026-04-19T09:07:24+00:00","mainEntityOfPage":{"@id":"https:\/\/www.africa-press.net\/congo-kinshasa\/politique\/aime-boji-sangara-represente-tshisekedi-a-bangui"},"wordCount":211,"commentCount":0,"image":{"@id":"https:\/\/www.africa-press.net\/congo-kinshasa\/politique\/aime-boji-sangara-represente-tshisekedi-a-bangui#primaryimage"},"thumbnailUrl":"https:\/\/static.africa-press.net\/congo-kinshasa\/sites\/49\/2026\/04\/sm_1776570096.590798.jpg","keywords":["Congo Kinshasa"],"articleSection":["Politique","Toutes les actualit\u00e9s"],"inLanguage":"fr-FR","potentialAction":[{"@type":"CommentAction","name":"Comment","target":["https:\/\/www.africa-press.net\/congo-kinshasa\/politique\/aime-boji-sangara-represente-tshisekedi-a-bangui#respond"]}]},{"@type":"WebPage","@id":"https:\/\/www.africa-press.net\/congo-kinshasa\/politique\/aime-boji-sangara-represente-tshisekedi-a-bangui","url":"https:\/\/www.africa-press.net\/congo-kinshasa\/politique\/aime-boji-sangara-represente-tshisekedi-a-bangui","name":"Aim\u00e9 Boji Sangara Repr\u00e9sente Tshisekedi \u00e0 Bangui - Congo-kinshasa","isPartOf":{"@id":"https:\/\/www.africa-press.net\/congo-kinshasa\/#website"},"primaryImageOfPage":{"@id":"https:\/\/www.africa-press.net\/congo-kinshasa\/politique\/aime-boji-sangara-represente-tshisekedi-a-bangui#primaryimage"},"image":{"@id":"https:\/\/www.africa-press.net\/congo-kinshasa\/politique\/aime-boji-sangara-represente-tshisekedi-a-bangui#primaryimage"},"thumbnailUrl":"https:\/\/static.africa-press.net\/congo-kinshasa\/sites\/49\/2026\/04\/sm_1776570096.590798.jpg","datePublished":"2026-03-31T12:28:00+00:00","dateModified":"2026-04-19T09:07:24+00:00","author":{"@id":"https:\/\/www.africa-press.net\/congo-kinshasa\/#\/schema\/person\/2b1cf3cd81a31e3cd26889ca66d677f1"},"description":"-article-header-tag\"> Africa-Press - Congo Kinshasa. Faustin-Archange Toua ...","breadcrumb":{"@id":"https:\/\/www.africa-press.net\/congo-kinshasa\/politique\/aime-boji-sangara-represente-tshisekedi-a-bangui#breadcrumb"},"inLanguage":"fr-FR","potentialAction":[{"@type":"ReadAction","target":["https:\/\/www.africa-press.net\/congo-kinshasa\/politique\/aime-boji-sangara-represente-tshisekedi-a-bangui"]}]},{"@type":"ImageObject","inLanguage":"fr-FR","@id":"https:\/\/www.africa-press.net\/congo-kinshasa\/politique\/aime-boji-sangara-represente-tshisekedi-a-bangui#primaryimage","url":"https:\/\/static.africa-press.net\/congo-kinshasa\/sites\/49\/2026\/04\/sm_1776570096.590798.jpg","contentUrl":"https:\/\/static.africa-press.net\/congo-kinshasa\/sites\/49\/2026\/04\/sm_1776570096.590798.jpg","width":1080,"height":720,"caption":"Aim\u00e9 Boji Sangara Repr\u00e9sente Tshisekedi \u00e0 Bangui"},{"@type":"BreadcrumbList","@id":"https:\/\/www.africa-press.net\/congo-kinshasa\/politique\/aime-boji-sangara-represente-tshisekedi-a-bangui#breadcrumb","itemListElement":[{"@type":"ListItem","position":1,"name":"Accueil","item":"https:\/\/www.africa-press.net\/congo-kinshasa\/"},{"@type":"ListItem","position":2,"name":"Aim\u00e9 Boji Sangara Repr\u00e9sente Tshisekedi \u00e0 Bangui"}]},{"@type":"WebSite","@id":"https:\/\/www.africa-press.net\/congo-kinshasa\/#website","url":"https:\/\/www.africa-press.net\/congo-kinshasa\/","name":"Congo-kinshasa","description":"Just another Africa News Agency Sites site","potentialAction":[{"@type":"SearchAction","target":{"@type":"EntryPoint","urlTemplate":"https:\/\/www.africa-press.net\/congo-kinshasa\/?s={search_term_string}"},"query-input":{"@type":"PropertyValueSpecification","valueRequired":true,"valueName":"search_term_string"}}],"inLanguage":"fr-FR"},{"@type":"Person","@id":"https:\/\/www.africa-press.net\/congo-kinshasa\/#\/schema\/person\/2b1cf3cd81a31e3cd26889ca66d677f1","name":"cfeditorfr"}]}},"_links":{"self":[{"href":"https:\/\/www.africa-press.net\/congo-kinshasa\/wp-json\/wp\/v2\/posts\/137553","targetHints":{"allow":["GET"]}}],"collection":[{"href":"https:\/\/www.africa-press.net\/congo-kinshasa\/wp-json\/wp\/v2\/posts"}],"about":[{"href":"https:\/\/www.africa-press.net\/congo-kinshasa\/wp-json\/wp\/v2\/types\/post"}],"author":[{"embeddable":true,"href":"https:\/\/www.africa-press.net\/congo-kinshasa\/wp-json\/wp\/v2\/users\/82"}],"replies":[{"embeddable":true,"href":"https:\/\/www.africa-press.net\/congo-kinshasa\/wp-json\/wp\/v2\/comments?post=137553"}],"version-history":[{"count":1,"href":"https:\/\/www.africa-press.net\/congo-kinshasa\/wp-json\/wp\/v2\/posts\/137553\/revisions"}],"predecessor-version":[{"id":137784,"href":"https:\/\/www.africa-press.net\/congo-kinshasa\/wp-json\/wp\/v2\/posts\/137553\/revisions\/137784"}],"wp:featuredmedia":[{"embeddable":true,"href":"https:\/\/www.africa-press.net\/congo-kinshasa\/wp-json\/wp\/v2\/media\/137552"}],"wp:attachment":[{"href":"https:\/\/www.africa-press.net\/congo-kinshasa\/wp-json\/wp\/v2\/media?parent=137553"}],"wp:term":[{"taxonomy":"category","embeddable":true,"href":"https:\/\/www.africa-press.net\/congo-kinshasa\/wp-json\/wp\/v2\/categories?post=137553"},{"taxonomy":"post_tag","embeddable":true,"href":"https:\/\/www.africa-press.net\/congo-kinshasa\/wp-json\/wp\/v2\/tags?post=137553"}],"curies":[{"name":"wp","href":"https:\/\/api.w.org\/{rel}","templated":true}]}}