{"id":137555,"date":"2026-03-31T12:30:00","date_gmt":"2026-03-31T12:30:00","guid":{"rendered":"https:\/\/www.africa-press.net\/congo-kinshasa\/politique\/cinq-personnalites-congolaises-pour-lordre-constitutionnel"},"modified":"2026-04-19T09:07:41","modified_gmt":"2026-04-19T09:07:41","slug":"cinq-personnalites-congolaises-pour-lordre-constitutionnel","status":"publish","type":"post","link":"https:\/\/www.africa-press.net\/congo-kinshasa\/politique\/cinq-personnalites-congolaises-pour-lordre-constitutionnel","title":{"rendered":"Cinq Personnalit\u00e9s Congolaises Pour L&rsquo;Ordre Constitutionnel"},"content":{"rendered":"<p><span class=\"ap-article-header-tag\"> <strong>Africa-Press &#8211; Congo Kinshasa. <\/strong> <\/span><b>Cinq personnalite\u0301s congolaises, a\u0300 savoir Claudel Andre\u0301 Lubaya, Dirk Shaka, Marcel H. K. Kapitene, Bienvenu Matumo et Albert Mukulubundu ont publie\u0301, ce lundi 30 mars, une carte blanche appelant a\u0300 la pre\u0301servation de l\u2019ordre constitutionnel en Re\u0301publique de\u0301mocratique du Congo.<\/b><\/p>\n<p>Dans leur de\u0301claration, les signataires mettent en garde contre ce qu\u2019ils qualifient de \u00ab man\u0153uvre de confiscation du pouvoir et de de\u0301volution monarchique de la Re\u0301publique \u00bb. Ils insistent sur la ne\u0301cessite\u0301 de prote\u0301ger la Constitution du 18 fe\u0301vrier 2006, qu\u2019ils pre\u0301sentent comme un socle fondamental de la stabilite\u0301 institutionnelle du pays.<\/p>\n<p>Les auteurs rappellent que cette Constitution est le fruit d\u2019un long processus de paix, intervenu apre\u0300s des anne\u0301es de conflit arme\u0301. En outre, indiquent-ils, la Constitution s\u2019inscrit notamment dans la continuite\u0301 de dialogue inter-congolais et de l\u2019accord global et inclusif, avant d\u2019e\u0302tre adopte\u0301e par re\u0301fe\u0301rendum en de\u0301cembre 2005 puis promulgue\u0301e en fe\u0301vrier 2006.<\/p>\n<p>Selon eux, toute initiative visant a\u0300 re\u0301viser ce texte fondamental pourrait envoyer \u00ab un message dangereux \u00bb, en particulier dans les zones fragilise\u0301es par des tensions se\u0301curitaires et communautaires. Ils redoutent un retour a\u0300 une pe\u0301riode d\u2019instabilite\u0301 cause\u0301e par l\u2019absence de consensus national.<\/p>\n<p>Dans leur appel, les 5 personnalite\u0301s s\u2019adressent directement au pre\u0301sident de la Re\u0301publique, a\u0300 la majorite\u0301 au pouvoir, a\u0300 l\u2019opposition, a\u0300 la socie\u0301te\u0301 civile ainsi qu\u2019aux responsables religieux. Tous sont invite\u0301s a\u0300 \u00ab se lever avec courage et lucidite\u0301 \u00bb pour de\u0301fendre la Constitution, qu\u2019ils conside\u0300rent comme le seul pacte fondamental valide\u0301 directement par le peuple congolais.<\/p>\n<p>Cette prise de position intervient dans un contexte de de\u0301bats persistants autour d\u2019une e\u0301ventuelle re\u0301vision constitutionnelle.<\/p>\n<p class=\"ap-article-footer-note\">Retrouvez plus d\u2019actualit\u00e9s et d\u2019analyses sur <span class=\"ap-highlight-country\">Congo Kinshasa<\/span> sur le site <span class=\"ap-highlight-brand\">Africa Press<\/span><\/p>\n","protected":false},"excerpt":{"rendered":"<p>Africa-Press &#8211; Congo Kinshasa. Cinq personnalite\u0301s congolaises, a\u0300 savoir Claudel Andre\u0301 Lubaya, Dirk Shaka, Marcel H. K. Kapitene, Bienvenu Matumo et Albert Mukulubundu ont publie\u0301, ce lundi 30 mars, une carte blanche appelant a\u0300 la pre\u0301servation de l\u2019ordre constitutionnel en Re\u0301publique de\u0301mocratique du Congo. Dans leur de\u0301claration, les signataires mettent en garde contre ce qu\u2019ils [&hellip;]<\/p>\n","protected":false},"author":82,"featured_media":137554,"comment_status":"open","ping_status":"closed","sticky":false,"template":"","format":"standard","meta":{"footnotes":""},"categories":[2,10],"tags":[46],"class_list":["post-137555","post","type-post","status-publish","format-standard","has-post-thumbnail","hentry","category-politique","category-toutes-les-actualites","tag-congo-kinshasa"],"yoast_head":"<!-- This site is optimized with the Yoast SEO Premium plugin v26.1 (Yoast SEO v27.0) - https:\/\/yoast.com\/product\/yoast-seo-premium-wordpress\/ -->\n<title>Cinq Personnalit\u00e9s Congolaises Pour L&#039;Ordre Constitutionnel - Congo-kinshasa<\/title>\n<meta name=\"description\" content=\"-article-header-tag&quot;&gt; Africa-Press - Congo Kinshasa. Cinq personnalite\u0301s c ...\" \/>\n<meta name=\"robots\" content=\"index, follow, max-snippet:-1, max-image-preview:large, max-video-preview:-1\" \/>\n<link rel=\"canonical\" href=\"https:\/\/www.africa-press.net\/congo-kinshasa\/politique\/cinq-personnalites-congolaises-pour-lordre-constitutionnel\" \/>\n<meta property=\"og:locale\" content=\"fr_FR\" \/>\n<meta property=\"og:type\" content=\"article\" \/>\n<meta property=\"og:title\" content=\"Cinq Personnalit\u00e9s Congolaises Pour L&#039;Ordre Constitutionnel\" \/>\n<meta property=\"og:description\" content=\"-article-header-tag&quot;&gt; Africa-Press - Congo Kinshasa. Cinq personnalite\u0301s c ...\" \/>\n<meta property=\"og:url\" content=\"https:\/\/www.africa-press.net\/congo-kinshasa\/politique\/cinq-personnalites-congolaises-pour-lordre-constitutionnel\" \/>\n<meta property=\"og:site_name\" content=\"Congo-kinshasa\" \/>\n<meta property=\"article:published_time\" content=\"2026-03-31T12:30:00+00:00\" \/>\n<meta property=\"article:modified_time\" content=\"2026-04-19T09:07:41+00:00\" \/>\n<meta property=\"og:image\" content=\"https:\/\/static.africa-press.net\/congo-kinshasa\/sites\/49\/2026\/04\/sm_1776570118.863246.jpg\" \/>\n\t<meta property=\"og:image:width\" content=\"800\" \/>\n\t<meta property=\"og:image:height\" content=\"600\" \/>\n\t<meta property=\"og:image:type\" content=\"image\/jpeg\" \/>\n<meta name=\"author\" content=\"cfeditorfr\" \/>\n<meta name=\"twitter:card\" content=\"summary_large_image\" \/>\n<meta name=\"twitter:label1\" content=\"\u00c9crit par\" \/>\n\t<meta name=\"twitter:data1\" content=\"cfeditorfr\" \/>\n\t<meta name=\"twitter:label2\" content=\"Dur\u00e9e de lecture estim\u00e9e\" \/>\n\t<meta name=\"twitter:data2\" content=\"2 minutes\" \/>\n<script type=\"application\/ld+json\" class=\"yoast-schema-graph\">{\"@context\":\"https:\/\/schema.org\",\"@graph\":[{\"@type\":\"Article\",\"@id\":\"https:\/\/www.africa-press.net\/congo-kinshasa\/politique\/cinq-personnalites-congolaises-pour-lordre-constitutionnel#article\",\"isPartOf\":{\"@id\":\"https:\/\/www.africa-press.net\/congo-kinshasa\/politique\/cinq-personnalites-congolaises-pour-lordre-constitutionnel\"},\"author\":{\"name\":\"cfeditorfr\",\"@id\":\"https:\/\/www.africa-press.net\/congo-kinshasa\/#\/schema\/person\/2b1cf3cd81a31e3cd26889ca66d677f1\"},\"headline\":\"Cinq Personnalit\u00e9s Congolaises Pour L&rsquo;Ordre Constitutionnel\",\"datePublished\":\"2026-03-31T12:30:00+00:00\",\"dateModified\":\"2026-04-19T09:07:41+00:00\",\"mainEntityOfPage\":{\"@id\":\"https:\/\/www.africa-press.net\/congo-kinshasa\/politique\/cinq-personnalites-congolaises-pour-lordre-constitutionnel\"},\"wordCount\":327,\"commentCount\":0,\"image\":{\"@id\":\"https:\/\/www.africa-press.net\/congo-kinshasa\/politique\/cinq-personnalites-congolaises-pour-lordre-constitutionnel#primaryimage\"},\"thumbnailUrl\":\"https:\/\/static.africa-press.net\/congo-kinshasa\/sites\/49\/2026\/04\/sm_1776570118.863246.jpg\",\"keywords\":[\"Congo Kinshasa\"],\"articleSection\":[\"Politique\",\"Toutes les actualit\u00e9s\"],\"inLanguage\":\"fr-FR\",\"potentialAction\":[{\"@type\":\"CommentAction\",\"name\":\"Comment\",\"target\":[\"https:\/\/www.africa-press.net\/congo-kinshasa\/politique\/cinq-personnalites-congolaises-pour-lordre-constitutionnel#respond\"]}]},{\"@type\":\"WebPage\",\"@id\":\"https:\/\/www.africa-press.net\/congo-kinshasa\/politique\/cinq-personnalites-congolaises-pour-lordre-constitutionnel\",\"url\":\"https:\/\/www.africa-press.net\/congo-kinshasa\/politique\/cinq-personnalites-congolaises-pour-lordre-constitutionnel\",\"name\":\"Cinq Personnalit\u00e9s Congolaises Pour L'Ordre Constitutionnel - Congo-kinshasa\",\"isPartOf\":{\"@id\":\"https:\/\/www.africa-press.net\/congo-kinshasa\/#website\"},\"primaryImageOfPage\":{\"@id\":\"https:\/\/www.africa-press.net\/congo-kinshasa\/politique\/cinq-personnalites-congolaises-pour-lordre-constitutionnel#primaryimage\"},\"image\":{\"@id\":\"https:\/\/www.africa-press.net\/congo-kinshasa\/politique\/cinq-personnalites-congolaises-pour-lordre-constitutionnel#primaryimage\"},\"thumbnailUrl\":\"https:\/\/static.africa-press.net\/congo-kinshasa\/sites\/49\/2026\/04\/sm_1776570118.863246.jpg\",\"datePublished\":\"2026-03-31T12:30:00+00:00\",\"dateModified\":\"2026-04-19T09:07:41+00:00\",\"author\":{\"@id\":\"https:\/\/www.africa-press.net\/congo-kinshasa\/#\/schema\/person\/2b1cf3cd81a31e3cd26889ca66d677f1\"},\"description\":\"-article-header-tag\\\"> Africa-Press - Congo Kinshasa. Cinq personnalite\u0301s c ...\",\"breadcrumb\":{\"@id\":\"https:\/\/www.africa-press.net\/congo-kinshasa\/politique\/cinq-personnalites-congolaises-pour-lordre-constitutionnel#breadcrumb\"},\"inLanguage\":\"fr-FR\",\"potentialAction\":[{\"@type\":\"ReadAction\",\"target\":[\"https:\/\/www.africa-press.net\/congo-kinshasa\/politique\/cinq-personnalites-congolaises-pour-lordre-constitutionnel\"]}]},{\"@type\":\"ImageObject\",\"inLanguage\":\"fr-FR\",\"@id\":\"https:\/\/www.africa-press.net\/congo-kinshasa\/politique\/cinq-personnalites-congolaises-pour-lordre-constitutionnel#primaryimage\",\"url\":\"https:\/\/static.africa-press.net\/congo-kinshasa\/sites\/49\/2026\/04\/sm_1776570118.863246.jpg\",\"contentUrl\":\"https:\/\/static.africa-press.net\/congo-kinshasa\/sites\/49\/2026\/04\/sm_1776570118.863246.jpg\",\"width\":800,\"height\":600,\"caption\":\"Cinq Personnalit\u00e9s Congolaises Pour L'Ordre Constitutionnel\"},{\"@type\":\"BreadcrumbList\",\"@id\":\"https:\/\/www.africa-press.net\/congo-kinshasa\/politique\/cinq-personnalites-congolaises-pour-lordre-constitutionnel#breadcrumb\",\"itemListElement\":[{\"@type\":\"ListItem\",\"position\":1,\"name\":\"Accueil\",\"item\":\"https:\/\/www.africa-press.net\/congo-kinshasa\/\"},{\"@type\":\"ListItem\",\"position\":2,\"name\":\"Cinq Personnalit\u00e9s Congolaises Pour L&#8217;Ordre Constitutionnel\"}]},{\"@type\":\"WebSite\",\"@id\":\"https:\/\/www.africa-press.net\/congo-kinshasa\/#website\",\"url\":\"https:\/\/www.africa-press.net\/congo-kinshasa\/\",\"name\":\"Congo-kinshasa\",\"description\":\"Just another Africa News Agency Sites site\",\"potentialAction\":[{\"@type\":\"SearchAction\",\"target\":{\"@type\":\"EntryPoint\",\"urlTemplate\":\"https:\/\/www.africa-press.net\/congo-kinshasa\/?s={search_term_string}\"},\"query-input\":{\"@type\":\"PropertyValueSpecification\",\"valueRequired\":true,\"valueName\":\"search_term_string\"}}],\"inLanguage\":\"fr-FR\"},{\"@type\":\"Person\",\"@id\":\"https:\/\/www.africa-press.net\/congo-kinshasa\/#\/schema\/person\/2b1cf3cd81a31e3cd26889ca66d677f1\",\"name\":\"cfeditorfr\"}]}<\/script>\n<!-- \/ Yoast SEO Premium plugin. -->","yoast_head_json":{"title":"Cinq Personnalit\u00e9s Congolaises Pour L'Ordre Constitutionnel - Congo-kinshasa","description":"-article-header-tag\"> Africa-Press - Congo Kinshasa. Cinq personnalite\u0301s c ...","robots":{"index":"index","follow":"follow","max-snippet":"max-snippet:-1","max-image-preview":"max-image-preview:large","max-video-preview":"max-video-preview:-1"},"canonical":"https:\/\/www.africa-press.net\/congo-kinshasa\/politique\/cinq-personnalites-congolaises-pour-lordre-constitutionnel","og_locale":"fr_FR","og_type":"article","og_title":"Cinq Personnalit\u00e9s Congolaises Pour L'Ordre Constitutionnel","og_description":"-article-header-tag\"> Africa-Press - Congo Kinshasa. Cinq personnalite\u0301s c ...","og_url":"https:\/\/www.africa-press.net\/congo-kinshasa\/politique\/cinq-personnalites-congolaises-pour-lordre-constitutionnel","og_site_name":"Congo-kinshasa","article_published_time":"2026-03-31T12:30:00+00:00","article_modified_time":"2026-04-19T09:07:41+00:00","og_image":[{"width":800,"height":600,"url":"https:\/\/static.africa-press.net\/congo-kinshasa\/sites\/49\/2026\/04\/sm_1776570118.863246.jpg","type":"image\/jpeg"}],"author":"cfeditorfr","twitter_card":"summary_large_image","twitter_misc":{"\u00c9crit par":"cfeditorfr","Dur\u00e9e de lecture estim\u00e9e":"2 minutes"},"schema":{"@context":"https:\/\/schema.org","@graph":[{"@type":"Article","@id":"https:\/\/www.africa-press.net\/congo-kinshasa\/politique\/cinq-personnalites-congolaises-pour-lordre-constitutionnel#article","isPartOf":{"@id":"https:\/\/www.africa-press.net\/congo-kinshasa\/politique\/cinq-personnalites-congolaises-pour-lordre-constitutionnel"},"author":{"name":"cfeditorfr","@id":"https:\/\/www.africa-press.net\/congo-kinshasa\/#\/schema\/person\/2b1cf3cd81a31e3cd26889ca66d677f1"},"headline":"Cinq Personnalit\u00e9s Congolaises Pour L&rsquo;Ordre Constitutionnel","datePublished":"2026-03-31T12:30:00+00:00","dateModified":"2026-04-19T09:07:41+00:00","mainEntityOfPage":{"@id":"https:\/\/www.africa-press.net\/congo-kinshasa\/politique\/cinq-personnalites-congolaises-pour-lordre-constitutionnel"},"wordCount":327,"commentCount":0,"image":{"@id":"https:\/\/www.africa-press.net\/congo-kinshasa\/politique\/cinq-personnalites-congolaises-pour-lordre-constitutionnel#primaryimage"},"thumbnailUrl":"https:\/\/static.africa-press.net\/congo-kinshasa\/sites\/49\/2026\/04\/sm_1776570118.863246.jpg","keywords":["Congo Kinshasa"],"articleSection":["Politique","Toutes les actualit\u00e9s"],"inLanguage":"fr-FR","potentialAction":[{"@type":"CommentAction","name":"Comment","target":["https:\/\/www.africa-press.net\/congo-kinshasa\/politique\/cinq-personnalites-congolaises-pour-lordre-constitutionnel#respond"]}]},{"@type":"WebPage","@id":"https:\/\/www.africa-press.net\/congo-kinshasa\/politique\/cinq-personnalites-congolaises-pour-lordre-constitutionnel","url":"https:\/\/www.africa-press.net\/congo-kinshasa\/politique\/cinq-personnalites-congolaises-pour-lordre-constitutionnel","name":"Cinq Personnalit\u00e9s Congolaises Pour L'Ordre Constitutionnel - Congo-kinshasa","isPartOf":{"@id":"https:\/\/www.africa-press.net\/congo-kinshasa\/#website"},"primaryImageOfPage":{"@id":"https:\/\/www.africa-press.net\/congo-kinshasa\/politique\/cinq-personnalites-congolaises-pour-lordre-constitutionnel#primaryimage"},"image":{"@id":"https:\/\/www.africa-press.net\/congo-kinshasa\/politique\/cinq-personnalites-congolaises-pour-lordre-constitutionnel#primaryimage"},"thumbnailUrl":"https:\/\/static.africa-press.net\/congo-kinshasa\/sites\/49\/2026\/04\/sm_1776570118.863246.jpg","datePublished":"2026-03-31T12:30:00+00:00","dateModified":"2026-04-19T09:07:41+00:00","author":{"@id":"https:\/\/www.africa-press.net\/congo-kinshasa\/#\/schema\/person\/2b1cf3cd81a31e3cd26889ca66d677f1"},"description":"-article-header-tag\"> Africa-Press - Congo Kinshasa. Cinq personnalite\u0301s c ...","breadcrumb":{"@id":"https:\/\/www.africa-press.net\/congo-kinshasa\/politique\/cinq-personnalites-congolaises-pour-lordre-constitutionnel#breadcrumb"},"inLanguage":"fr-FR","potentialAction":[{"@type":"ReadAction","target":["https:\/\/www.africa-press.net\/congo-kinshasa\/politique\/cinq-personnalites-congolaises-pour-lordre-constitutionnel"]}]},{"@type":"ImageObject","inLanguage":"fr-FR","@id":"https:\/\/www.africa-press.net\/congo-kinshasa\/politique\/cinq-personnalites-congolaises-pour-lordre-constitutionnel#primaryimage","url":"https:\/\/static.africa-press.net\/congo-kinshasa\/sites\/49\/2026\/04\/sm_1776570118.863246.jpg","contentUrl":"https:\/\/static.africa-press.net\/congo-kinshasa\/sites\/49\/2026\/04\/sm_1776570118.863246.jpg","width":800,"height":600,"caption":"Cinq Personnalit\u00e9s Congolaises Pour L'Ordre Constitutionnel"},{"@type":"BreadcrumbList","@id":"https:\/\/www.africa-press.net\/congo-kinshasa\/politique\/cinq-personnalites-congolaises-pour-lordre-constitutionnel#breadcrumb","itemListElement":[{"@type":"ListItem","position":1,"name":"Accueil","item":"https:\/\/www.africa-press.net\/congo-kinshasa\/"},{"@type":"ListItem","position":2,"name":"Cinq Personnalit\u00e9s Congolaises Pour L&#8217;Ordre Constitutionnel"}]},{"@type":"WebSite","@id":"https:\/\/www.africa-press.net\/congo-kinshasa\/#website","url":"https:\/\/www.africa-press.net\/congo-kinshasa\/","name":"Congo-kinshasa","description":"Just another Africa News Agency Sites site","potentialAction":[{"@type":"SearchAction","target":{"@type":"EntryPoint","urlTemplate":"https:\/\/www.africa-press.net\/congo-kinshasa\/?s={search_term_string}"},"query-input":{"@type":"PropertyValueSpecification","valueRequired":true,"valueName":"search_term_string"}}],"inLanguage":"fr-FR"},{"@type":"Person","@id":"https:\/\/www.africa-press.net\/congo-kinshasa\/#\/schema\/person\/2b1cf3cd81a31e3cd26889ca66d677f1","name":"cfeditorfr"}]}},"_links":{"self":[{"href":"https:\/\/www.africa-press.net\/congo-kinshasa\/wp-json\/wp\/v2\/posts\/137555","targetHints":{"allow":["GET"]}}],"collection":[{"href":"https:\/\/www.africa-press.net\/congo-kinshasa\/wp-json\/wp\/v2\/posts"}],"about":[{"href":"https:\/\/www.africa-press.net\/congo-kinshasa\/wp-json\/wp\/v2\/types\/post"}],"author":[{"embeddable":true,"href":"https:\/\/www.africa-press.net\/congo-kinshasa\/wp-json\/wp\/v2\/users\/82"}],"replies":[{"embeddable":true,"href":"https:\/\/www.africa-press.net\/congo-kinshasa\/wp-json\/wp\/v2\/comments?post=137555"}],"version-history":[{"count":1,"href":"https:\/\/www.africa-press.net\/congo-kinshasa\/wp-json\/wp\/v2\/posts\/137555\/revisions"}],"predecessor-version":[{"id":137788,"href":"https:\/\/www.africa-press.net\/congo-kinshasa\/wp-json\/wp\/v2\/posts\/137555\/revisions\/137788"}],"wp:featuredmedia":[{"embeddable":true,"href":"https:\/\/www.africa-press.net\/congo-kinshasa\/wp-json\/wp\/v2\/media\/137554"}],"wp:attachment":[{"href":"https:\/\/www.africa-press.net\/congo-kinshasa\/wp-json\/wp\/v2\/media?parent=137555"}],"wp:term":[{"taxonomy":"category","embeddable":true,"href":"https:\/\/www.africa-press.net\/congo-kinshasa\/wp-json\/wp\/v2\/categories?post=137555"},{"taxonomy":"post_tag","embeddable":true,"href":"https:\/\/www.africa-press.net\/congo-kinshasa\/wp-json\/wp\/v2\/tags?post=137555"}],"curies":[{"name":"wp","href":"https:\/\/api.w.org\/{rel}","templated":true}]}}