{"id":137557,"date":"2026-03-31T12:32:00","date_gmt":"2026-03-31T12:32:00","guid":{"rendered":"https:\/\/www.africa-press.net\/congo-kinshasa\/politique\/mission-pas-mandat-respect-de-la-constitution-par-le-chef-detat"},"modified":"2026-04-19T09:10:41","modified_gmt":"2026-04-19T09:10:41","slug":"mission-pas-mandat-respect-de-la-constitution-par-le-chef-detat","status":"publish","type":"post","link":"https:\/\/www.africa-press.net\/congo-kinshasa\/politique\/mission-pas-mandat-respect-de-la-constitution-par-le-chef-detat","title":{"rendered":"Mission Pas Mandat: Respect de la Constitution par le Chef d&rsquo;E\u0301tat"},"content":{"rendered":"<p><span class=\"ap-article-header-tag\"> <strong>Africa-Press &#8211; Congo Kinshasa. <\/strong> <\/span><b>Lors d\u2019une intervention devant les militantes d\u2019ADESCO a\u0300 l\u2019occasion de la clo\u0302ture du mois des droits de la femme, le Haut Repre\u0301sentant du Chef de l\u2019E\u0301tat, Tony Kanku Shiku, a de\u0301fendu la posture du pre\u0301sident Fe\u0301lix Tshisekedi, rappelant le primat de la Constitution et promettant une alternance de\u0301mocratique pacifique. Un message clair destine\u0301 a\u0300 couper court aux interpre\u0301tations errone\u0301es.<\/b><\/p>\n<p>Le 28 mars, devant un parterre de militantes de l\u2019Alliance des De\u0301mocrates Socialistes Congolais -ADESCO-, Tony Kanku Shiku a joue\u0301 la carte pe\u0301dagogique et institutionnelle. A\u0300 l\u2019occasion de la clo\u0302ture du mois de\u0301die\u0301 aux droits de la femme, il a d\u2019abord salue\u0301 le ro\u0302le central des femmes dans la cohe\u0301sion nationale et dans l\u2019e\u0301ducation des jeunes -soulignant leur contribution essentielle a\u0300 la pre\u0301vention de la de\u0301linquance juve\u0301nile. Il a rendu hommage a\u0300 plusieurs figures fe\u0301minines engage\u0301es, citant en particulier la Premie\u0300re ministre Judith Suminwa Tuluka, la Premie\u0300re dame Denise Nyakeru Tshisekedi et Jolie Yombo Mukendi, pre\u0301sidente d\u2019ADESCO, pour leur action en faveur du de\u0301veloppement et de l\u2019unite\u0301 du pays.<\/p>\n<p><b>De\u0301miner le vocabulaire politique<\/b><\/p>\n<p>C\u2019est cependant sur la question du pouvoir pre\u0301sidentiel que Kanku Shiku a voulu trancher. Re\u0301agissant a\u0300 l\u2019expression selon laquelle \u00able Pre\u0301sident Fe\u0301lix Tshisekedi a une mission et non un mandat\u00bb, il a insiste\u0301 pour que cette formulation ne soit pas lue comme une remise en cause du cadre constitutionnel. \u00abLe Chef de l\u2019E\u0301tat exerce ses fonctions dans le strict respect de la Constitution\u00bb, a\u2010t\u2010il de\u0301clare\u0301, ajoutant qu\u2019il n\u2019y avait aucune intention de se maintenir au\u2010dela\u0300 des dispositions le\u0301gales.<\/p>\n<p>Pour illustrer son propos, il a compare\u0301 l\u2019action pre\u0301sidentielle a\u0300 celle d\u2019un architecte: ba\u0302tir des structures durables au service de l\u2019inte\u0301re\u0302t collectif. Et de rappeler, sur un ton ferme, que \u00able pouvoir est par essence temporaire, tandis que la Constitution demeure. Le Pre\u0301sident de la Re\u0301publique respectera le principe de l\u2019alternance de\u0301mocratique et proce\u0301dera, le moment venu, a\u0300 une passation pacifique du pouvoir\u00bb.<\/p>\n<p><b>Dissiper les e\u0301quivoques<\/b><\/p>\n<p>Le Haut Repre\u0301sentant a re\u0301affirme\u0301 l\u2019engagement du Chef de l\u2019E\u0301tat a\u0300 consolider les institutions, restaurer la stabilite\u0301 et promouvoir une paix durable dans le strict respect de l\u2019ordre constitutionnel. Une mise au point destine\u0301e a\u0300 apaiser les de\u0301bats et a\u0300 offrir une lecture claire et responsable de l\u2019action pre\u0301sidentielle.<\/p>\n<p class=\"ap-article-footer-note\">Retrouvez plus d\u2019actualit\u00e9s et d\u2019analyses sur <span class=\"ap-highlight-country\">Congo Kinshasa<\/span> sur le site <span class=\"ap-highlight-brand\">Africa Press<\/span><\/p>\n","protected":false},"excerpt":{"rendered":"<p>Africa-Press &#8211; Congo Kinshasa. Lors d\u2019une intervention devant les militantes d\u2019ADESCO a\u0300 l\u2019occasion de la clo\u0302ture du mois des droits de la femme, le Haut Repre\u0301sentant du Chef de l\u2019E\u0301tat, Tony Kanku Shiku, a de\u0301fendu la posture du pre\u0301sident Fe\u0301lix Tshisekedi, rappelant le primat de la Constitution et promettant une alternance de\u0301mocratique pacifique. Un message [&hellip;]<\/p>\n","protected":false},"author":82,"featured_media":137556,"comment_status":"open","ping_status":"closed","sticky":false,"template":"","format":"standard","meta":{"footnotes":""},"categories":[2,10],"tags":[46],"class_list":["post-137557","post","type-post","status-publish","format-standard","has-post-thumbnail","hentry","category-politique","category-toutes-les-actualites","tag-congo-kinshasa"],"yoast_head":"<!-- This site is optimized with the Yoast SEO Premium plugin v26.1 (Yoast SEO v27.0) - https:\/\/yoast.com\/product\/yoast-seo-premium-wordpress\/ -->\n<title>Mission Pas Mandat: Respect de la Constitution par le Chef d&#039;E\u0301tat - Congo-kinshasa<\/title>\n<meta name=\"description\" content=\"-article-header-tag&quot;&gt; Africa-Press - Congo Kinshasa. Lors d\u2019une interventi ...\" \/>\n<meta name=\"robots\" content=\"index, follow, max-snippet:-1, max-image-preview:large, max-video-preview:-1\" \/>\n<link rel=\"canonical\" href=\"https:\/\/www.africa-press.net\/congo-kinshasa\/politique\/mission-pas-mandat-respect-de-la-constitution-par-le-chef-detat\" \/>\n<meta property=\"og:locale\" content=\"fr_FR\" \/>\n<meta property=\"og:type\" content=\"article\" \/>\n<meta property=\"og:title\" content=\"Mission Pas Mandat: Respect de la Constitution par le Chef d&#039;E\u0301tat\" \/>\n<meta property=\"og:description\" content=\"-article-header-tag&quot;&gt; Africa-Press - Congo Kinshasa. Lors d\u2019une interventi ...\" \/>\n<meta property=\"og:url\" content=\"https:\/\/www.africa-press.net\/congo-kinshasa\/politique\/mission-pas-mandat-respect-de-la-constitution-par-le-chef-detat\" \/>\n<meta property=\"og:site_name\" content=\"Congo-kinshasa\" \/>\n<meta property=\"article:published_time\" content=\"2026-03-31T12:32:00+00:00\" \/>\n<meta property=\"article:modified_time\" content=\"2026-04-19T09:10:41+00:00\" \/>\n<meta property=\"og:image\" content=\"https:\/\/static.africa-press.net\/congo-kinshasa\/sites\/49\/2026\/04\/sm_1776570133.666703.jpg\" \/>\n\t<meta property=\"og:image:width\" content=\"884\" \/>\n\t<meta property=\"og:image:height\" content=\"645\" \/>\n\t<meta property=\"og:image:type\" content=\"image\/jpeg\" \/>\n<meta name=\"author\" content=\"cfeditorfr\" \/>\n<meta name=\"twitter:card\" content=\"summary_large_image\" \/>\n<meta name=\"twitter:label1\" content=\"\u00c9crit par\" \/>\n\t<meta name=\"twitter:data1\" content=\"cfeditorfr\" \/>\n\t<meta name=\"twitter:label2\" content=\"Dur\u00e9e de lecture estim\u00e9e\" \/>\n\t<meta name=\"twitter:data2\" content=\"3 minutes\" \/>\n<script type=\"application\/ld+json\" class=\"yoast-schema-graph\">{\"@context\":\"https:\/\/schema.org\",\"@graph\":[{\"@type\":\"Article\",\"@id\":\"https:\/\/www.africa-press.net\/congo-kinshasa\/politique\/mission-pas-mandat-respect-de-la-constitution-par-le-chef-detat#article\",\"isPartOf\":{\"@id\":\"https:\/\/www.africa-press.net\/congo-kinshasa\/politique\/mission-pas-mandat-respect-de-la-constitution-par-le-chef-detat\"},\"author\":{\"name\":\"cfeditorfr\",\"@id\":\"https:\/\/www.africa-press.net\/congo-kinshasa\/#\/schema\/person\/2b1cf3cd81a31e3cd26889ca66d677f1\"},\"headline\":\"Mission Pas Mandat: Respect de la Constitution par le Chef d&rsquo;E\u0301tat\",\"datePublished\":\"2026-03-31T12:32:00+00:00\",\"dateModified\":\"2026-04-19T09:10:41+00:00\",\"mainEntityOfPage\":{\"@id\":\"https:\/\/www.africa-press.net\/congo-kinshasa\/politique\/mission-pas-mandat-respect-de-la-constitution-par-le-chef-detat\"},\"wordCount\":471,\"commentCount\":0,\"image\":{\"@id\":\"https:\/\/www.africa-press.net\/congo-kinshasa\/politique\/mission-pas-mandat-respect-de-la-constitution-par-le-chef-detat#primaryimage\"},\"thumbnailUrl\":\"https:\/\/static.africa-press.net\/congo-kinshasa\/sites\/49\/2026\/04\/sm_1776570133.666703.jpg\",\"keywords\":[\"Congo Kinshasa\"],\"articleSection\":[\"Politique\",\"Toutes les actualit\u00e9s\"],\"inLanguage\":\"fr-FR\",\"potentialAction\":[{\"@type\":\"CommentAction\",\"name\":\"Comment\",\"target\":[\"https:\/\/www.africa-press.net\/congo-kinshasa\/politique\/mission-pas-mandat-respect-de-la-constitution-par-le-chef-detat#respond\"]}]},{\"@type\":\"WebPage\",\"@id\":\"https:\/\/www.africa-press.net\/congo-kinshasa\/politique\/mission-pas-mandat-respect-de-la-constitution-par-le-chef-detat\",\"url\":\"https:\/\/www.africa-press.net\/congo-kinshasa\/politique\/mission-pas-mandat-respect-de-la-constitution-par-le-chef-detat\",\"name\":\"Mission Pas Mandat: Respect de la Constitution par le Chef d'E\u0301tat - Congo-kinshasa\",\"isPartOf\":{\"@id\":\"https:\/\/www.africa-press.net\/congo-kinshasa\/#website\"},\"primaryImageOfPage\":{\"@id\":\"https:\/\/www.africa-press.net\/congo-kinshasa\/politique\/mission-pas-mandat-respect-de-la-constitution-par-le-chef-detat#primaryimage\"},\"image\":{\"@id\":\"https:\/\/www.africa-press.net\/congo-kinshasa\/politique\/mission-pas-mandat-respect-de-la-constitution-par-le-chef-detat#primaryimage\"},\"thumbnailUrl\":\"https:\/\/static.africa-press.net\/congo-kinshasa\/sites\/49\/2026\/04\/sm_1776570133.666703.jpg\",\"datePublished\":\"2026-03-31T12:32:00+00:00\",\"dateModified\":\"2026-04-19T09:10:41+00:00\",\"author\":{\"@id\":\"https:\/\/www.africa-press.net\/congo-kinshasa\/#\/schema\/person\/2b1cf3cd81a31e3cd26889ca66d677f1\"},\"description\":\"-article-header-tag\\\"> Africa-Press - Congo Kinshasa. Lors d\u2019une interventi ...\",\"breadcrumb\":{\"@id\":\"https:\/\/www.africa-press.net\/congo-kinshasa\/politique\/mission-pas-mandat-respect-de-la-constitution-par-le-chef-detat#breadcrumb\"},\"inLanguage\":\"fr-FR\",\"potentialAction\":[{\"@type\":\"ReadAction\",\"target\":[\"https:\/\/www.africa-press.net\/congo-kinshasa\/politique\/mission-pas-mandat-respect-de-la-constitution-par-le-chef-detat\"]}]},{\"@type\":\"ImageObject\",\"inLanguage\":\"fr-FR\",\"@id\":\"https:\/\/www.africa-press.net\/congo-kinshasa\/politique\/mission-pas-mandat-respect-de-la-constitution-par-le-chef-detat#primaryimage\",\"url\":\"https:\/\/static.africa-press.net\/congo-kinshasa\/sites\/49\/2026\/04\/sm_1776570133.666703.jpg\",\"contentUrl\":\"https:\/\/static.africa-press.net\/congo-kinshasa\/sites\/49\/2026\/04\/sm_1776570133.666703.jpg\",\"width\":884,\"height\":645,\"caption\":\"Mission Pas Mandat: Respect de la Constitution par le Chef d'E\u0301tat\"},{\"@type\":\"BreadcrumbList\",\"@id\":\"https:\/\/www.africa-press.net\/congo-kinshasa\/politique\/mission-pas-mandat-respect-de-la-constitution-par-le-chef-detat#breadcrumb\",\"itemListElement\":[{\"@type\":\"ListItem\",\"position\":1,\"name\":\"Accueil\",\"item\":\"https:\/\/www.africa-press.net\/congo-kinshasa\/\"},{\"@type\":\"ListItem\",\"position\":2,\"name\":\"Mission Pas Mandat: Respect de la Constitution par le Chef d&#8217;E\u0301tat\"}]},{\"@type\":\"WebSite\",\"@id\":\"https:\/\/www.africa-press.net\/congo-kinshasa\/#website\",\"url\":\"https:\/\/www.africa-press.net\/congo-kinshasa\/\",\"name\":\"Congo-kinshasa\",\"description\":\"Just another Africa News Agency Sites site\",\"potentialAction\":[{\"@type\":\"SearchAction\",\"target\":{\"@type\":\"EntryPoint\",\"urlTemplate\":\"https:\/\/www.africa-press.net\/congo-kinshasa\/?s={search_term_string}\"},\"query-input\":{\"@type\":\"PropertyValueSpecification\",\"valueRequired\":true,\"valueName\":\"search_term_string\"}}],\"inLanguage\":\"fr-FR\"},{\"@type\":\"Person\",\"@id\":\"https:\/\/www.africa-press.net\/congo-kinshasa\/#\/schema\/person\/2b1cf3cd81a31e3cd26889ca66d677f1\",\"name\":\"cfeditorfr\"}]}<\/script>\n<!-- \/ Yoast SEO Premium plugin. -->","yoast_head_json":{"title":"Mission Pas Mandat: Respect de la Constitution par le Chef d'E\u0301tat - Congo-kinshasa","description":"-article-header-tag\"> Africa-Press - Congo Kinshasa. Lors d\u2019une interventi ...","robots":{"index":"index","follow":"follow","max-snippet":"max-snippet:-1","max-image-preview":"max-image-preview:large","max-video-preview":"max-video-preview:-1"},"canonical":"https:\/\/www.africa-press.net\/congo-kinshasa\/politique\/mission-pas-mandat-respect-de-la-constitution-par-le-chef-detat","og_locale":"fr_FR","og_type":"article","og_title":"Mission Pas Mandat: Respect de la Constitution par le Chef d'E\u0301tat","og_description":"-article-header-tag\"> Africa-Press - Congo Kinshasa. Lors d\u2019une interventi ...","og_url":"https:\/\/www.africa-press.net\/congo-kinshasa\/politique\/mission-pas-mandat-respect-de-la-constitution-par-le-chef-detat","og_site_name":"Congo-kinshasa","article_published_time":"2026-03-31T12:32:00+00:00","article_modified_time":"2026-04-19T09:10:41+00:00","og_image":[{"width":884,"height":645,"url":"https:\/\/static.africa-press.net\/congo-kinshasa\/sites\/49\/2026\/04\/sm_1776570133.666703.jpg","type":"image\/jpeg"}],"author":"cfeditorfr","twitter_card":"summary_large_image","twitter_misc":{"\u00c9crit par":"cfeditorfr","Dur\u00e9e de lecture estim\u00e9e":"3 minutes"},"schema":{"@context":"https:\/\/schema.org","@graph":[{"@type":"Article","@id":"https:\/\/www.africa-press.net\/congo-kinshasa\/politique\/mission-pas-mandat-respect-de-la-constitution-par-le-chef-detat#article","isPartOf":{"@id":"https:\/\/www.africa-press.net\/congo-kinshasa\/politique\/mission-pas-mandat-respect-de-la-constitution-par-le-chef-detat"},"author":{"name":"cfeditorfr","@id":"https:\/\/www.africa-press.net\/congo-kinshasa\/#\/schema\/person\/2b1cf3cd81a31e3cd26889ca66d677f1"},"headline":"Mission Pas Mandat: Respect de la Constitution par le Chef d&rsquo;E\u0301tat","datePublished":"2026-03-31T12:32:00+00:00","dateModified":"2026-04-19T09:10:41+00:00","mainEntityOfPage":{"@id":"https:\/\/www.africa-press.net\/congo-kinshasa\/politique\/mission-pas-mandat-respect-de-la-constitution-par-le-chef-detat"},"wordCount":471,"commentCount":0,"image":{"@id":"https:\/\/www.africa-press.net\/congo-kinshasa\/politique\/mission-pas-mandat-respect-de-la-constitution-par-le-chef-detat#primaryimage"},"thumbnailUrl":"https:\/\/static.africa-press.net\/congo-kinshasa\/sites\/49\/2026\/04\/sm_1776570133.666703.jpg","keywords":["Congo Kinshasa"],"articleSection":["Politique","Toutes les actualit\u00e9s"],"inLanguage":"fr-FR","potentialAction":[{"@type":"CommentAction","name":"Comment","target":["https:\/\/www.africa-press.net\/congo-kinshasa\/politique\/mission-pas-mandat-respect-de-la-constitution-par-le-chef-detat#respond"]}]},{"@type":"WebPage","@id":"https:\/\/www.africa-press.net\/congo-kinshasa\/politique\/mission-pas-mandat-respect-de-la-constitution-par-le-chef-detat","url":"https:\/\/www.africa-press.net\/congo-kinshasa\/politique\/mission-pas-mandat-respect-de-la-constitution-par-le-chef-detat","name":"Mission Pas Mandat: Respect de la Constitution par le Chef d'E\u0301tat - Congo-kinshasa","isPartOf":{"@id":"https:\/\/www.africa-press.net\/congo-kinshasa\/#website"},"primaryImageOfPage":{"@id":"https:\/\/www.africa-press.net\/congo-kinshasa\/politique\/mission-pas-mandat-respect-de-la-constitution-par-le-chef-detat#primaryimage"},"image":{"@id":"https:\/\/www.africa-press.net\/congo-kinshasa\/politique\/mission-pas-mandat-respect-de-la-constitution-par-le-chef-detat#primaryimage"},"thumbnailUrl":"https:\/\/static.africa-press.net\/congo-kinshasa\/sites\/49\/2026\/04\/sm_1776570133.666703.jpg","datePublished":"2026-03-31T12:32:00+00:00","dateModified":"2026-04-19T09:10:41+00:00","author":{"@id":"https:\/\/www.africa-press.net\/congo-kinshasa\/#\/schema\/person\/2b1cf3cd81a31e3cd26889ca66d677f1"},"description":"-article-header-tag\"> Africa-Press - Congo Kinshasa. Lors d\u2019une interventi ...","breadcrumb":{"@id":"https:\/\/www.africa-press.net\/congo-kinshasa\/politique\/mission-pas-mandat-respect-de-la-constitution-par-le-chef-detat#breadcrumb"},"inLanguage":"fr-FR","potentialAction":[{"@type":"ReadAction","target":["https:\/\/www.africa-press.net\/congo-kinshasa\/politique\/mission-pas-mandat-respect-de-la-constitution-par-le-chef-detat"]}]},{"@type":"ImageObject","inLanguage":"fr-FR","@id":"https:\/\/www.africa-press.net\/congo-kinshasa\/politique\/mission-pas-mandat-respect-de-la-constitution-par-le-chef-detat#primaryimage","url":"https:\/\/static.africa-press.net\/congo-kinshasa\/sites\/49\/2026\/04\/sm_1776570133.666703.jpg","contentUrl":"https:\/\/static.africa-press.net\/congo-kinshasa\/sites\/49\/2026\/04\/sm_1776570133.666703.jpg","width":884,"height":645,"caption":"Mission Pas Mandat: Respect de la Constitution par le Chef d'E\u0301tat"},{"@type":"BreadcrumbList","@id":"https:\/\/www.africa-press.net\/congo-kinshasa\/politique\/mission-pas-mandat-respect-de-la-constitution-par-le-chef-detat#breadcrumb","itemListElement":[{"@type":"ListItem","position":1,"name":"Accueil","item":"https:\/\/www.africa-press.net\/congo-kinshasa\/"},{"@type":"ListItem","position":2,"name":"Mission Pas Mandat: Respect de la Constitution par le Chef d&#8217;E\u0301tat"}]},{"@type":"WebSite","@id":"https:\/\/www.africa-press.net\/congo-kinshasa\/#website","url":"https:\/\/www.africa-press.net\/congo-kinshasa\/","name":"Congo-kinshasa","description":"Just another Africa News Agency Sites site","potentialAction":[{"@type":"SearchAction","target":{"@type":"EntryPoint","urlTemplate":"https:\/\/www.africa-press.net\/congo-kinshasa\/?s={search_term_string}"},"query-input":{"@type":"PropertyValueSpecification","valueRequired":true,"valueName":"search_term_string"}}],"inLanguage":"fr-FR"},{"@type":"Person","@id":"https:\/\/www.africa-press.net\/congo-kinshasa\/#\/schema\/person\/2b1cf3cd81a31e3cd26889ca66d677f1","name":"cfeditorfr"}]}},"_links":{"self":[{"href":"https:\/\/www.africa-press.net\/congo-kinshasa\/wp-json\/wp\/v2\/posts\/137557","targetHints":{"allow":["GET"]}}],"collection":[{"href":"https:\/\/www.africa-press.net\/congo-kinshasa\/wp-json\/wp\/v2\/posts"}],"about":[{"href":"https:\/\/www.africa-press.net\/congo-kinshasa\/wp-json\/wp\/v2\/types\/post"}],"author":[{"embeddable":true,"href":"https:\/\/www.africa-press.net\/congo-kinshasa\/wp-json\/wp\/v2\/users\/82"}],"replies":[{"embeddable":true,"href":"https:\/\/www.africa-press.net\/congo-kinshasa\/wp-json\/wp\/v2\/comments?post=137557"}],"version-history":[{"count":1,"href":"https:\/\/www.africa-press.net\/congo-kinshasa\/wp-json\/wp\/v2\/posts\/137557\/revisions"}],"predecessor-version":[{"id":137792,"href":"https:\/\/www.africa-press.net\/congo-kinshasa\/wp-json\/wp\/v2\/posts\/137557\/revisions\/137792"}],"wp:featuredmedia":[{"embeddable":true,"href":"https:\/\/www.africa-press.net\/congo-kinshasa\/wp-json\/wp\/v2\/media\/137556"}],"wp:attachment":[{"href":"https:\/\/www.africa-press.net\/congo-kinshasa\/wp-json\/wp\/v2\/media?parent=137557"}],"wp:term":[{"taxonomy":"category","embeddable":true,"href":"https:\/\/www.africa-press.net\/congo-kinshasa\/wp-json\/wp\/v2\/categories?post=137557"},{"taxonomy":"post_tag","embeddable":true,"href":"https:\/\/www.africa-press.net\/congo-kinshasa\/wp-json\/wp\/v2\/tags?post=137557"}],"curies":[{"name":"wp","href":"https:\/\/api.w.org\/{rel}","templated":true}]}}