{"id":137609,"date":"2026-03-28T13:26:00","date_gmt":"2026-03-28T13:26:00","guid":{"rendered":"https:\/\/www.africa-press.net\/congo-kinshasa\/politique\/accord-minier-rdc-chine-pour-exportations-sans-droits"},"modified":"2026-04-19T09:20:12","modified_gmt":"2026-04-19T09:20:12","slug":"accord-minier-rdc-chine-pour-exportations-sans-droits","status":"publish","type":"post","link":"https:\/\/www.africa-press.net\/congo-kinshasa\/politique\/accord-minier-rdc-chine-pour-exportations-sans-droits","title":{"rendered":"Accord Minier RDC-Chine Pour Exportations Sans Droits"},"content":{"rendered":"<p><span class=\"ap-article-header-tag\"> <strong>Africa-Press &#8211; Congo Kinshasa. <\/strong> <\/span><b>La Re\u0301publique de\u0301mocratique du Congo et la Re\u0301publique populaire de Chine ont franchi une nouvelle e\u0301tape dans leur coope\u0301ration e\u0301conomique avec la signature, jeudi 26 mars 2026 a\u0300 Beijing, d\u2019un me\u0301morandum d\u2019accord portant sur la ge\u0301ologie et les ressources mine\u0301rales.<\/b><\/p>\n<p>Le document a e\u0301te\u0301 paraphe\u0301 par Louis Watum Kabamba et Guan Zhi\u2019ou, en pre\u0301sence des de\u0301le\u0301gations officielles des deux pays.<\/p>\n<p>Cet accord s\u2019inscrit dans la continuite\u0301 des orientations de\u0301finies lors des e\u0301changes de haut niveau entre Fe\u0301lix Tshisekedi et Xi Jinping en 2023, et consacre un partenariat pre\u0301sente\u0301 comme pragmatique, e\u0301quilibre\u0301 et tourne\u0301 vers la cre\u0301ation de valeur partage\u0301e.<\/p>\n<p>Le me\u0301morandum e\u0301tablit un cadre de coope\u0301ration structure\u0301, reposant sur la concertation permanente, le respect du cadre le\u0301gal congolais, la protection des investissements et la promotion de la transformation locale des ressources naturelles.<\/p>\n<p>L\u2019une des principales avance\u0301es de cet accord re\u0301side dans l\u2019acce\u0300s en franchise de droits de douane pour les exportations congolaises vers la Chine, a\u0300 partir du 1er mai 2026. Cette mesure devrait renforcer la compe\u0301titivite\u0301 du secteur minier congolais et soutenir les perspectives de croissance e\u0301conomique.<\/p>\n<p>Les deux parties ont e\u0301galement convenu de mettre en place un me\u0301canisme de dialogue et de suivi afin d\u2019assurer la bonne mise en \u0153uvre des projets, dans un environnement d\u2019investissement stable, transparent et se\u0301curise\u0301.<\/p>\n<p>Parmi les projets prioritaires figure celui des Mines de fer de la Grande Orientale (MIFOR), ainsi que plusieurs initiatives de transformation locale. Ces projets be\u0301ne\u0301ficieront d\u2019un accompagnement spe\u0301cifique, avec la mobilisation d\u2019entreprises membres de la chambre de commerce chinoise et le de\u0301ploiement progressif d\u2019unite\u0301s industrielles de valorisation.<\/p>\n<p>A\u0300 travers cet accord, la Re\u0301publique de\u0301mocratique du Congo re\u0301affirme sa volonte\u0301 de ba\u0302tir un secteur minier moderne, responsable et cre\u0301ateur de valeur, au service de son industrialisation, de sa souverainete\u0301 e\u0301conomique et du bien-e\u0302tre durable de sa population.<\/p>\n<p class=\"ap-article-footer-note\">Retrouvez plus d\u2019actualit\u00e9s et d\u2019analyses sur <span class=\"ap-highlight-country\">Congo Kinshasa<\/span> sur le site <span class=\"ap-highlight-brand\">Africa Press<\/span><\/p>\n","protected":false},"excerpt":{"rendered":"<p>Africa-Press &#8211; Congo Kinshasa. La Re\u0301publique de\u0301mocratique du Congo et la Re\u0301publique populaire de Chine ont franchi une nouvelle e\u0301tape dans leur coope\u0301ration e\u0301conomique avec la signature, jeudi 26 mars 2026 a\u0300 Beijing, d\u2019un me\u0301morandum d\u2019accord portant sur la ge\u0301ologie et les ressources mine\u0301rales. Le document a e\u0301te\u0301 paraphe\u0301 par Louis Watum Kabamba et Guan [&hellip;]<\/p>\n","protected":false},"author":82,"featured_media":137608,"comment_status":"open","ping_status":"closed","sticky":false,"template":"","format":"standard","meta":{"footnotes":""},"categories":[2,20,10],"tags":[46],"class_list":["post-137609","post","type-post","status-publish","format-standard","has-post-thumbnail","hentry","category-politique","category-top-nouvelles","category-toutes-les-actualites","tag-congo-kinshasa"],"yoast_head":"<!-- This site is optimized with the Yoast SEO Premium plugin v26.1 (Yoast SEO v27.0) - https:\/\/yoast.com\/product\/yoast-seo-premium-wordpress\/ -->\n<title>Accord Minier RDC-Chine Pour Exportations Sans Droits - Congo-kinshasa<\/title>\n<meta name=\"description\" content=\"-article-header-tag&quot;&gt; Africa-Press - Congo Kinshasa. La Re\u0301publique de\u0301moc ...\" \/>\n<meta name=\"robots\" content=\"index, follow, max-snippet:-1, max-image-preview:large, max-video-preview:-1\" \/>\n<link rel=\"canonical\" href=\"https:\/\/www.africa-press.net\/congo-kinshasa\/politique\/accord-minier-rdc-chine-pour-exportations-sans-droits\" \/>\n<meta property=\"og:locale\" content=\"fr_FR\" \/>\n<meta property=\"og:type\" content=\"article\" \/>\n<meta property=\"og:title\" content=\"Accord Minier RDC-Chine Pour Exportations Sans Droits\" \/>\n<meta property=\"og:description\" content=\"-article-header-tag&quot;&gt; Africa-Press - Congo Kinshasa. La Re\u0301publique de\u0301moc ...\" \/>\n<meta property=\"og:url\" content=\"https:\/\/www.africa-press.net\/congo-kinshasa\/politique\/accord-minier-rdc-chine-pour-exportations-sans-droits\" \/>\n<meta property=\"og:site_name\" content=\"Congo-kinshasa\" \/>\n<meta property=\"article:published_time\" content=\"2026-03-28T13:26:00+00:00\" \/>\n<meta property=\"article:modified_time\" content=\"2026-04-19T09:20:12+00:00\" \/>\n<meta property=\"og:image\" content=\"https:\/\/static.africa-press.net\/congo-kinshasa\/sites\/49\/2026\/04\/sm_1776571013.667269.jpg\" \/>\n\t<meta property=\"og:image:width\" content=\"1024\" \/>\n\t<meta property=\"og:image:height\" content=\"590\" \/>\n\t<meta property=\"og:image:type\" content=\"image\/jpeg\" \/>\n<meta name=\"author\" content=\"cfeditorfr\" \/>\n<meta name=\"twitter:card\" content=\"summary_large_image\" \/>\n<meta name=\"twitter:label1\" content=\"\u00c9crit par\" \/>\n\t<meta name=\"twitter:data1\" content=\"cfeditorfr\" \/>\n\t<meta name=\"twitter:label2\" content=\"Dur\u00e9e de lecture estim\u00e9e\" \/>\n\t<meta name=\"twitter:data2\" content=\"2 minutes\" \/>\n<script type=\"application\/ld+json\" class=\"yoast-schema-graph\">{\"@context\":\"https:\/\/schema.org\",\"@graph\":[{\"@type\":\"Article\",\"@id\":\"https:\/\/www.africa-press.net\/congo-kinshasa\/politique\/accord-minier-rdc-chine-pour-exportations-sans-droits#article\",\"isPartOf\":{\"@id\":\"https:\/\/www.africa-press.net\/congo-kinshasa\/politique\/accord-minier-rdc-chine-pour-exportations-sans-droits\"},\"author\":{\"name\":\"cfeditorfr\",\"@id\":\"https:\/\/www.africa-press.net\/congo-kinshasa\/#\/schema\/person\/2b1cf3cd81a31e3cd26889ca66d677f1\"},\"headline\":\"Accord Minier RDC-Chine Pour Exportations Sans Droits\",\"datePublished\":\"2026-03-28T13:26:00+00:00\",\"dateModified\":\"2026-04-19T09:20:12+00:00\",\"mainEntityOfPage\":{\"@id\":\"https:\/\/www.africa-press.net\/congo-kinshasa\/politique\/accord-minier-rdc-chine-pour-exportations-sans-droits\"},\"wordCount\":376,\"commentCount\":0,\"image\":{\"@id\":\"https:\/\/www.africa-press.net\/congo-kinshasa\/politique\/accord-minier-rdc-chine-pour-exportations-sans-droits#primaryimage\"},\"thumbnailUrl\":\"https:\/\/static.africa-press.net\/congo-kinshasa\/sites\/49\/2026\/04\/sm_1776571013.667269.jpg\",\"keywords\":[\"Congo Kinshasa\"],\"articleSection\":[\"Politique\",\"Top Nouvelles\",\"Toutes les actualit\u00e9s\"],\"inLanguage\":\"fr-FR\",\"potentialAction\":[{\"@type\":\"CommentAction\",\"name\":\"Comment\",\"target\":[\"https:\/\/www.africa-press.net\/congo-kinshasa\/politique\/accord-minier-rdc-chine-pour-exportations-sans-droits#respond\"]}]},{\"@type\":\"WebPage\",\"@id\":\"https:\/\/www.africa-press.net\/congo-kinshasa\/politique\/accord-minier-rdc-chine-pour-exportations-sans-droits\",\"url\":\"https:\/\/www.africa-press.net\/congo-kinshasa\/politique\/accord-minier-rdc-chine-pour-exportations-sans-droits\",\"name\":\"Accord Minier RDC-Chine Pour Exportations Sans Droits - Congo-kinshasa\",\"isPartOf\":{\"@id\":\"https:\/\/www.africa-press.net\/congo-kinshasa\/#website\"},\"primaryImageOfPage\":{\"@id\":\"https:\/\/www.africa-press.net\/congo-kinshasa\/politique\/accord-minier-rdc-chine-pour-exportations-sans-droits#primaryimage\"},\"image\":{\"@id\":\"https:\/\/www.africa-press.net\/congo-kinshasa\/politique\/accord-minier-rdc-chine-pour-exportations-sans-droits#primaryimage\"},\"thumbnailUrl\":\"https:\/\/static.africa-press.net\/congo-kinshasa\/sites\/49\/2026\/04\/sm_1776571013.667269.jpg\",\"datePublished\":\"2026-03-28T13:26:00+00:00\",\"dateModified\":\"2026-04-19T09:20:12+00:00\",\"author\":{\"@id\":\"https:\/\/www.africa-press.net\/congo-kinshasa\/#\/schema\/person\/2b1cf3cd81a31e3cd26889ca66d677f1\"},\"description\":\"-article-header-tag\\\"> Africa-Press - Congo Kinshasa. La Re\u0301publique de\u0301moc ...\",\"breadcrumb\":{\"@id\":\"https:\/\/www.africa-press.net\/congo-kinshasa\/politique\/accord-minier-rdc-chine-pour-exportations-sans-droits#breadcrumb\"},\"inLanguage\":\"fr-FR\",\"potentialAction\":[{\"@type\":\"ReadAction\",\"target\":[\"https:\/\/www.africa-press.net\/congo-kinshasa\/politique\/accord-minier-rdc-chine-pour-exportations-sans-droits\"]}]},{\"@type\":\"ImageObject\",\"inLanguage\":\"fr-FR\",\"@id\":\"https:\/\/www.africa-press.net\/congo-kinshasa\/politique\/accord-minier-rdc-chine-pour-exportations-sans-droits#primaryimage\",\"url\":\"https:\/\/static.africa-press.net\/congo-kinshasa\/sites\/49\/2026\/04\/sm_1776571013.667269.jpg\",\"contentUrl\":\"https:\/\/static.africa-press.net\/congo-kinshasa\/sites\/49\/2026\/04\/sm_1776571013.667269.jpg\",\"width\":1024,\"height\":590,\"caption\":\"Accord Minier RDC-Chine Pour Exportations Sans Droits\"},{\"@type\":\"BreadcrumbList\",\"@id\":\"https:\/\/www.africa-press.net\/congo-kinshasa\/politique\/accord-minier-rdc-chine-pour-exportations-sans-droits#breadcrumb\",\"itemListElement\":[{\"@type\":\"ListItem\",\"position\":1,\"name\":\"Accueil\",\"item\":\"https:\/\/www.africa-press.net\/congo-kinshasa\/\"},{\"@type\":\"ListItem\",\"position\":2,\"name\":\"Accord Minier RDC-Chine Pour Exportations Sans Droits\"}]},{\"@type\":\"WebSite\",\"@id\":\"https:\/\/www.africa-press.net\/congo-kinshasa\/#website\",\"url\":\"https:\/\/www.africa-press.net\/congo-kinshasa\/\",\"name\":\"Congo-kinshasa\",\"description\":\"Just another Africa News Agency Sites site\",\"potentialAction\":[{\"@type\":\"SearchAction\",\"target\":{\"@type\":\"EntryPoint\",\"urlTemplate\":\"https:\/\/www.africa-press.net\/congo-kinshasa\/?s={search_term_string}\"},\"query-input\":{\"@type\":\"PropertyValueSpecification\",\"valueRequired\":true,\"valueName\":\"search_term_string\"}}],\"inLanguage\":\"fr-FR\"},{\"@type\":\"Person\",\"@id\":\"https:\/\/www.africa-press.net\/congo-kinshasa\/#\/schema\/person\/2b1cf3cd81a31e3cd26889ca66d677f1\",\"name\":\"cfeditorfr\"}]}<\/script>\n<!-- \/ Yoast SEO Premium plugin. -->","yoast_head_json":{"title":"Accord Minier RDC-Chine Pour Exportations Sans Droits - Congo-kinshasa","description":"-article-header-tag\"> Africa-Press - Congo Kinshasa. La Re\u0301publique de\u0301moc ...","robots":{"index":"index","follow":"follow","max-snippet":"max-snippet:-1","max-image-preview":"max-image-preview:large","max-video-preview":"max-video-preview:-1"},"canonical":"https:\/\/www.africa-press.net\/congo-kinshasa\/politique\/accord-minier-rdc-chine-pour-exportations-sans-droits","og_locale":"fr_FR","og_type":"article","og_title":"Accord Minier RDC-Chine Pour Exportations Sans Droits","og_description":"-article-header-tag\"> Africa-Press - Congo Kinshasa. La Re\u0301publique de\u0301moc ...","og_url":"https:\/\/www.africa-press.net\/congo-kinshasa\/politique\/accord-minier-rdc-chine-pour-exportations-sans-droits","og_site_name":"Congo-kinshasa","article_published_time":"2026-03-28T13:26:00+00:00","article_modified_time":"2026-04-19T09:20:12+00:00","og_image":[{"width":1024,"height":590,"url":"https:\/\/static.africa-press.net\/congo-kinshasa\/sites\/49\/2026\/04\/sm_1776571013.667269.jpg","type":"image\/jpeg"}],"author":"cfeditorfr","twitter_card":"summary_large_image","twitter_misc":{"\u00c9crit par":"cfeditorfr","Dur\u00e9e de lecture estim\u00e9e":"2 minutes"},"schema":{"@context":"https:\/\/schema.org","@graph":[{"@type":"Article","@id":"https:\/\/www.africa-press.net\/congo-kinshasa\/politique\/accord-minier-rdc-chine-pour-exportations-sans-droits#article","isPartOf":{"@id":"https:\/\/www.africa-press.net\/congo-kinshasa\/politique\/accord-minier-rdc-chine-pour-exportations-sans-droits"},"author":{"name":"cfeditorfr","@id":"https:\/\/www.africa-press.net\/congo-kinshasa\/#\/schema\/person\/2b1cf3cd81a31e3cd26889ca66d677f1"},"headline":"Accord Minier RDC-Chine Pour Exportations Sans Droits","datePublished":"2026-03-28T13:26:00+00:00","dateModified":"2026-04-19T09:20:12+00:00","mainEntityOfPage":{"@id":"https:\/\/www.africa-press.net\/congo-kinshasa\/politique\/accord-minier-rdc-chine-pour-exportations-sans-droits"},"wordCount":376,"commentCount":0,"image":{"@id":"https:\/\/www.africa-press.net\/congo-kinshasa\/politique\/accord-minier-rdc-chine-pour-exportations-sans-droits#primaryimage"},"thumbnailUrl":"https:\/\/static.africa-press.net\/congo-kinshasa\/sites\/49\/2026\/04\/sm_1776571013.667269.jpg","keywords":["Congo Kinshasa"],"articleSection":["Politique","Top Nouvelles","Toutes les actualit\u00e9s"],"inLanguage":"fr-FR","potentialAction":[{"@type":"CommentAction","name":"Comment","target":["https:\/\/www.africa-press.net\/congo-kinshasa\/politique\/accord-minier-rdc-chine-pour-exportations-sans-droits#respond"]}]},{"@type":"WebPage","@id":"https:\/\/www.africa-press.net\/congo-kinshasa\/politique\/accord-minier-rdc-chine-pour-exportations-sans-droits","url":"https:\/\/www.africa-press.net\/congo-kinshasa\/politique\/accord-minier-rdc-chine-pour-exportations-sans-droits","name":"Accord Minier RDC-Chine Pour Exportations Sans Droits - Congo-kinshasa","isPartOf":{"@id":"https:\/\/www.africa-press.net\/congo-kinshasa\/#website"},"primaryImageOfPage":{"@id":"https:\/\/www.africa-press.net\/congo-kinshasa\/politique\/accord-minier-rdc-chine-pour-exportations-sans-droits#primaryimage"},"image":{"@id":"https:\/\/www.africa-press.net\/congo-kinshasa\/politique\/accord-minier-rdc-chine-pour-exportations-sans-droits#primaryimage"},"thumbnailUrl":"https:\/\/static.africa-press.net\/congo-kinshasa\/sites\/49\/2026\/04\/sm_1776571013.667269.jpg","datePublished":"2026-03-28T13:26:00+00:00","dateModified":"2026-04-19T09:20:12+00:00","author":{"@id":"https:\/\/www.africa-press.net\/congo-kinshasa\/#\/schema\/person\/2b1cf3cd81a31e3cd26889ca66d677f1"},"description":"-article-header-tag\"> Africa-Press - Congo Kinshasa. La Re\u0301publique de\u0301moc ...","breadcrumb":{"@id":"https:\/\/www.africa-press.net\/congo-kinshasa\/politique\/accord-minier-rdc-chine-pour-exportations-sans-droits#breadcrumb"},"inLanguage":"fr-FR","potentialAction":[{"@type":"ReadAction","target":["https:\/\/www.africa-press.net\/congo-kinshasa\/politique\/accord-minier-rdc-chine-pour-exportations-sans-droits"]}]},{"@type":"ImageObject","inLanguage":"fr-FR","@id":"https:\/\/www.africa-press.net\/congo-kinshasa\/politique\/accord-minier-rdc-chine-pour-exportations-sans-droits#primaryimage","url":"https:\/\/static.africa-press.net\/congo-kinshasa\/sites\/49\/2026\/04\/sm_1776571013.667269.jpg","contentUrl":"https:\/\/static.africa-press.net\/congo-kinshasa\/sites\/49\/2026\/04\/sm_1776571013.667269.jpg","width":1024,"height":590,"caption":"Accord Minier RDC-Chine Pour Exportations Sans Droits"},{"@type":"BreadcrumbList","@id":"https:\/\/www.africa-press.net\/congo-kinshasa\/politique\/accord-minier-rdc-chine-pour-exportations-sans-droits#breadcrumb","itemListElement":[{"@type":"ListItem","position":1,"name":"Accueil","item":"https:\/\/www.africa-press.net\/congo-kinshasa\/"},{"@type":"ListItem","position":2,"name":"Accord Minier RDC-Chine Pour Exportations Sans Droits"}]},{"@type":"WebSite","@id":"https:\/\/www.africa-press.net\/congo-kinshasa\/#website","url":"https:\/\/www.africa-press.net\/congo-kinshasa\/","name":"Congo-kinshasa","description":"Just another Africa News Agency Sites site","potentialAction":[{"@type":"SearchAction","target":{"@type":"EntryPoint","urlTemplate":"https:\/\/www.africa-press.net\/congo-kinshasa\/?s={search_term_string}"},"query-input":{"@type":"PropertyValueSpecification","valueRequired":true,"valueName":"search_term_string"}}],"inLanguage":"fr-FR"},{"@type":"Person","@id":"https:\/\/www.africa-press.net\/congo-kinshasa\/#\/schema\/person\/2b1cf3cd81a31e3cd26889ca66d677f1","name":"cfeditorfr"}]}},"_links":{"self":[{"href":"https:\/\/www.africa-press.net\/congo-kinshasa\/wp-json\/wp\/v2\/posts\/137609","targetHints":{"allow":["GET"]}}],"collection":[{"href":"https:\/\/www.africa-press.net\/congo-kinshasa\/wp-json\/wp\/v2\/posts"}],"about":[{"href":"https:\/\/www.africa-press.net\/congo-kinshasa\/wp-json\/wp\/v2\/types\/post"}],"author":[{"embeddable":true,"href":"https:\/\/www.africa-press.net\/congo-kinshasa\/wp-json\/wp\/v2\/users\/82"}],"replies":[{"embeddable":true,"href":"https:\/\/www.africa-press.net\/congo-kinshasa\/wp-json\/wp\/v2\/comments?post=137609"}],"version-history":[{"count":1,"href":"https:\/\/www.africa-press.net\/congo-kinshasa\/wp-json\/wp\/v2\/posts\/137609\/revisions"}],"predecessor-version":[{"id":137891,"href":"https:\/\/www.africa-press.net\/congo-kinshasa\/wp-json\/wp\/v2\/posts\/137609\/revisions\/137891"}],"wp:featuredmedia":[{"embeddable":true,"href":"https:\/\/www.africa-press.net\/congo-kinshasa\/wp-json\/wp\/v2\/media\/137608"}],"wp:attachment":[{"href":"https:\/\/www.africa-press.net\/congo-kinshasa\/wp-json\/wp\/v2\/media?parent=137609"}],"wp:term":[{"taxonomy":"category","embeddable":true,"href":"https:\/\/www.africa-press.net\/congo-kinshasa\/wp-json\/wp\/v2\/categories?post=137609"},{"taxonomy":"post_tag","embeddable":true,"href":"https:\/\/www.africa-press.net\/congo-kinshasa\/wp-json\/wp\/v2\/tags?post=137609"}],"curies":[{"name":"wp","href":"https:\/\/api.w.org\/{rel}","templated":true}]}}