{"id":137611,"date":"2026-03-28T13:28:00","date_gmt":"2026-03-28T13:28:00","guid":{"rendered":"https:\/\/www.africa-press.net\/congo-kinshasa\/politique\/washington-exige-le-retrait-des-forces-rwandaises"},"modified":"2026-04-19T09:20:33","modified_gmt":"2026-04-19T09:20:33","slug":"washington-exige-le-retrait-des-forces-rwandaises","status":"publish","type":"post","link":"https:\/\/www.africa-press.net\/congo-kinshasa\/politique\/washington-exige-le-retrait-des-forces-rwandaises","title":{"rendered":"Washington Exige le Retrait des Forces Rwandaises"},"content":{"rendered":"<p><span class=\"ap-article-header-tag\"> <strong>Africa-Press &#8211; Congo Kinshasa. <\/strong> <\/span><b>Les E\u0301tats-Unis ont durci le ton sur la situation se\u0301curitaire dans l\u2019Est de la Re\u0301publique de\u0301mocratique du Congo. Lors de la 10126e se\u0301ance du Conseil de se\u0301curite\u0301 des Nations unies consacre\u0301e a\u0300 la re\u0301gion des Grands Lacs, tenue jeudi, Washington a exige\u0301 le retrait \u00ab imme\u0301diat \u00bb des forces rwandaises du territoire congolais.<\/b><\/p>\n<p>S\u2019exprimant au nom de Washington, Massad Boulos, conseiller principal pour l\u2019Afrique du pre\u0301sident Donald Trump, a insiste\u0301 sur le respect de la souverainete\u0301 congolaise.<\/p>\n<p>\u00ab Nous appelons aujourd\u2019hui au retrait imme\u0301diat des forces rwandaises du territoire de la Re\u0301publique de\u0301mocratique du Congo \u00bb, a-t-il de\u0301clare\u0301, soulignant la ne\u0301cessite\u0301 de pre\u0301server \u00ab l\u2019inte\u0301grite\u0301 et l\u2019inde\u0301pendance politique \u00bb du pays.<\/p>\n<p>Au-dela\u0300 de cet appel, les E\u0301tats-Unis ont mis en avant l\u2019urgence de restaurer l\u2019autorite\u0301 de l\u2019E\u0301tat dans les provinces du Kivu, toujours confronte\u0301es a\u0300 une inse\u0301curite\u0301 persistante.<\/p>\n<p>\u00ab Pour que la paix soit pe\u0301renne, il faut e\u0301galement re\u0301tablir l\u2019autorite\u0301 de l\u2019E\u0301tat dans les Kivu (&#8230;) Le peuple congolais doit pouvoir compter sur ses institutions le\u0301gitimes pour la se\u0301curite\u0301, la gouvernance et les services de base \u00bb, a ajoute\u0301 Massad Boulos.<\/p>\n<p>Une pression diplomatique accrue<\/p>\n<p>Cette prise de position intervient dans un contexte re\u0301gional particulie\u0300rement tendu, marque\u0301 par la persistance des groupes arme\u0301s dans l\u2019Est de la Re\u0301publique de\u0301mocratique du Congo et des tensions re\u0301currentes avec le Rwanda.<\/p>\n<p>L\u2019appel de Washington pourrait ainsi accentuer la pression diplomatique sur Rwanda, tout en ravivant les attentes autour d\u2019un retour effectif de l\u2019autorite\u0301 de l\u2019E\u0301tat congolais dans les zones affecte\u0301es.<\/p>\n<p>Dans ce contexte, la communaute\u0301 internationale demeure mobilise\u0301e pour favoriser une de\u0301sescalade durable dans la re\u0301gion strate\u0301gique des Grands Lacs.<\/p>\n<p class=\"ap-article-footer-note\">Retrouvez plus d\u2019actualit\u00e9s et d\u2019analyses sur <span class=\"ap-highlight-country\">Congo Kinshasa<\/span> sur le site <span class=\"ap-highlight-brand\">Africa Press<\/span><\/p>\n","protected":false},"excerpt":{"rendered":"<p>Africa-Press &#8211; Congo Kinshasa. Les E\u0301tats-Unis ont durci le ton sur la situation se\u0301curitaire dans l\u2019Est de la Re\u0301publique de\u0301mocratique du Congo. Lors de la 10126e se\u0301ance du Conseil de se\u0301curite\u0301 des Nations unies consacre\u0301e a\u0300 la re\u0301gion des Grands Lacs, tenue jeudi, Washington a exige\u0301 le retrait \u00ab imme\u0301diat \u00bb des forces rwandaises du [&hellip;]<\/p>\n","protected":false},"author":82,"featured_media":137610,"comment_status":"open","ping_status":"closed","sticky":false,"template":"","format":"standard","meta":{"footnotes":""},"categories":[2,20,10],"tags":[46],"class_list":["post-137611","post","type-post","status-publish","format-standard","has-post-thumbnail","hentry","category-politique","category-top-nouvelles","category-toutes-les-actualites","tag-congo-kinshasa"],"yoast_head":"<!-- This site is optimized with the Yoast SEO Premium plugin v26.1 (Yoast SEO v27.0) - https:\/\/yoast.com\/product\/yoast-seo-premium-wordpress\/ -->\n<title>Washington Exige le Retrait des Forces Rwandaises - Congo-kinshasa<\/title>\n<meta name=\"description\" content=\"-article-header-tag&quot;&gt; Africa-Press - Congo Kinshasa. Les E\u0301tats-Unis ont d ...\" \/>\n<meta name=\"robots\" content=\"index, follow, max-snippet:-1, max-image-preview:large, max-video-preview:-1\" \/>\n<link rel=\"canonical\" href=\"https:\/\/www.africa-press.net\/congo-kinshasa\/politique\/washington-exige-le-retrait-des-forces-rwandaises\" \/>\n<meta property=\"og:locale\" content=\"fr_FR\" \/>\n<meta property=\"og:type\" content=\"article\" \/>\n<meta property=\"og:title\" content=\"Washington Exige le Retrait des Forces Rwandaises\" \/>\n<meta property=\"og:description\" content=\"-article-header-tag&quot;&gt; Africa-Press - Congo Kinshasa. Les E\u0301tats-Unis ont d ...\" \/>\n<meta property=\"og:url\" content=\"https:\/\/www.africa-press.net\/congo-kinshasa\/politique\/washington-exige-le-retrait-des-forces-rwandaises\" \/>\n<meta property=\"og:site_name\" content=\"Congo-kinshasa\" \/>\n<meta property=\"article:published_time\" content=\"2026-03-28T13:28:00+00:00\" \/>\n<meta property=\"article:modified_time\" content=\"2026-04-19T09:20:33+00:00\" \/>\n<meta property=\"og:image\" content=\"https:\/\/static.africa-press.net\/congo-kinshasa\/sites\/49\/2026\/04\/sm_1776571037.745634.jpg\" \/>\n\t<meta property=\"og:image:width\" content=\"1024\" \/>\n\t<meta property=\"og:image:height\" content=\"576\" \/>\n\t<meta property=\"og:image:type\" content=\"image\/jpeg\" \/>\n<meta name=\"author\" content=\"cfeditorfr\" \/>\n<meta name=\"twitter:card\" content=\"summary_large_image\" \/>\n<meta name=\"twitter:label1\" content=\"\u00c9crit par\" \/>\n\t<meta name=\"twitter:data1\" content=\"cfeditorfr\" \/>\n\t<meta name=\"twitter:label2\" content=\"Dur\u00e9e de lecture estim\u00e9e\" \/>\n\t<meta name=\"twitter:data2\" content=\"2 minutes\" \/>\n<script type=\"application\/ld+json\" class=\"yoast-schema-graph\">{\"@context\":\"https:\/\/schema.org\",\"@graph\":[{\"@type\":\"Article\",\"@id\":\"https:\/\/www.africa-press.net\/congo-kinshasa\/politique\/washington-exige-le-retrait-des-forces-rwandaises#article\",\"isPartOf\":{\"@id\":\"https:\/\/www.africa-press.net\/congo-kinshasa\/politique\/washington-exige-le-retrait-des-forces-rwandaises\"},\"author\":{\"name\":\"cfeditorfr\",\"@id\":\"https:\/\/www.africa-press.net\/congo-kinshasa\/#\/schema\/person\/2b1cf3cd81a31e3cd26889ca66d677f1\"},\"headline\":\"Washington Exige le Retrait des Forces Rwandaises\",\"datePublished\":\"2026-03-28T13:28:00+00:00\",\"dateModified\":\"2026-04-19T09:20:33+00:00\",\"mainEntityOfPage\":{\"@id\":\"https:\/\/www.africa-press.net\/congo-kinshasa\/politique\/washington-exige-le-retrait-des-forces-rwandaises\"},\"wordCount\":341,\"commentCount\":0,\"image\":{\"@id\":\"https:\/\/www.africa-press.net\/congo-kinshasa\/politique\/washington-exige-le-retrait-des-forces-rwandaises#primaryimage\"},\"thumbnailUrl\":\"https:\/\/static.africa-press.net\/congo-kinshasa\/sites\/49\/2026\/04\/sm_1776571037.745634.jpg\",\"keywords\":[\"Congo Kinshasa\"],\"articleSection\":[\"Politique\",\"Top Nouvelles\",\"Toutes les actualit\u00e9s\"],\"inLanguage\":\"fr-FR\",\"potentialAction\":[{\"@type\":\"CommentAction\",\"name\":\"Comment\",\"target\":[\"https:\/\/www.africa-press.net\/congo-kinshasa\/politique\/washington-exige-le-retrait-des-forces-rwandaises#respond\"]}]},{\"@type\":\"WebPage\",\"@id\":\"https:\/\/www.africa-press.net\/congo-kinshasa\/politique\/washington-exige-le-retrait-des-forces-rwandaises\",\"url\":\"https:\/\/www.africa-press.net\/congo-kinshasa\/politique\/washington-exige-le-retrait-des-forces-rwandaises\",\"name\":\"Washington Exige le Retrait des Forces Rwandaises - Congo-kinshasa\",\"isPartOf\":{\"@id\":\"https:\/\/www.africa-press.net\/congo-kinshasa\/#website\"},\"primaryImageOfPage\":{\"@id\":\"https:\/\/www.africa-press.net\/congo-kinshasa\/politique\/washington-exige-le-retrait-des-forces-rwandaises#primaryimage\"},\"image\":{\"@id\":\"https:\/\/www.africa-press.net\/congo-kinshasa\/politique\/washington-exige-le-retrait-des-forces-rwandaises#primaryimage\"},\"thumbnailUrl\":\"https:\/\/static.africa-press.net\/congo-kinshasa\/sites\/49\/2026\/04\/sm_1776571037.745634.jpg\",\"datePublished\":\"2026-03-28T13:28:00+00:00\",\"dateModified\":\"2026-04-19T09:20:33+00:00\",\"author\":{\"@id\":\"https:\/\/www.africa-press.net\/congo-kinshasa\/#\/schema\/person\/2b1cf3cd81a31e3cd26889ca66d677f1\"},\"description\":\"-article-header-tag\\\"> Africa-Press - Congo Kinshasa. Les E\u0301tats-Unis ont d ...\",\"breadcrumb\":{\"@id\":\"https:\/\/www.africa-press.net\/congo-kinshasa\/politique\/washington-exige-le-retrait-des-forces-rwandaises#breadcrumb\"},\"inLanguage\":\"fr-FR\",\"potentialAction\":[{\"@type\":\"ReadAction\",\"target\":[\"https:\/\/www.africa-press.net\/congo-kinshasa\/politique\/washington-exige-le-retrait-des-forces-rwandaises\"]}]},{\"@type\":\"ImageObject\",\"inLanguage\":\"fr-FR\",\"@id\":\"https:\/\/www.africa-press.net\/congo-kinshasa\/politique\/washington-exige-le-retrait-des-forces-rwandaises#primaryimage\",\"url\":\"https:\/\/static.africa-press.net\/congo-kinshasa\/sites\/49\/2026\/04\/sm_1776571037.745634.jpg\",\"contentUrl\":\"https:\/\/static.africa-press.net\/congo-kinshasa\/sites\/49\/2026\/04\/sm_1776571037.745634.jpg\",\"width\":1024,\"height\":576,\"caption\":\"Washington Exige le Retrait des Forces Rwandaises\"},{\"@type\":\"BreadcrumbList\",\"@id\":\"https:\/\/www.africa-press.net\/congo-kinshasa\/politique\/washington-exige-le-retrait-des-forces-rwandaises#breadcrumb\",\"itemListElement\":[{\"@type\":\"ListItem\",\"position\":1,\"name\":\"Accueil\",\"item\":\"https:\/\/www.africa-press.net\/congo-kinshasa\/\"},{\"@type\":\"ListItem\",\"position\":2,\"name\":\"Washington Exige le Retrait des Forces Rwandaises\"}]},{\"@type\":\"WebSite\",\"@id\":\"https:\/\/www.africa-press.net\/congo-kinshasa\/#website\",\"url\":\"https:\/\/www.africa-press.net\/congo-kinshasa\/\",\"name\":\"Congo-kinshasa\",\"description\":\"Just another Africa News Agency Sites site\",\"potentialAction\":[{\"@type\":\"SearchAction\",\"target\":{\"@type\":\"EntryPoint\",\"urlTemplate\":\"https:\/\/www.africa-press.net\/congo-kinshasa\/?s={search_term_string}\"},\"query-input\":{\"@type\":\"PropertyValueSpecification\",\"valueRequired\":true,\"valueName\":\"search_term_string\"}}],\"inLanguage\":\"fr-FR\"},{\"@type\":\"Person\",\"@id\":\"https:\/\/www.africa-press.net\/congo-kinshasa\/#\/schema\/person\/2b1cf3cd81a31e3cd26889ca66d677f1\",\"name\":\"cfeditorfr\"}]}<\/script>\n<!-- \/ Yoast SEO Premium plugin. -->","yoast_head_json":{"title":"Washington Exige le Retrait des Forces Rwandaises - Congo-kinshasa","description":"-article-header-tag\"> Africa-Press - Congo Kinshasa. Les E\u0301tats-Unis ont d ...","robots":{"index":"index","follow":"follow","max-snippet":"max-snippet:-1","max-image-preview":"max-image-preview:large","max-video-preview":"max-video-preview:-1"},"canonical":"https:\/\/www.africa-press.net\/congo-kinshasa\/politique\/washington-exige-le-retrait-des-forces-rwandaises","og_locale":"fr_FR","og_type":"article","og_title":"Washington Exige le Retrait des Forces Rwandaises","og_description":"-article-header-tag\"> Africa-Press - Congo Kinshasa. Les E\u0301tats-Unis ont d ...","og_url":"https:\/\/www.africa-press.net\/congo-kinshasa\/politique\/washington-exige-le-retrait-des-forces-rwandaises","og_site_name":"Congo-kinshasa","article_published_time":"2026-03-28T13:28:00+00:00","article_modified_time":"2026-04-19T09:20:33+00:00","og_image":[{"width":1024,"height":576,"url":"https:\/\/static.africa-press.net\/congo-kinshasa\/sites\/49\/2026\/04\/sm_1776571037.745634.jpg","type":"image\/jpeg"}],"author":"cfeditorfr","twitter_card":"summary_large_image","twitter_misc":{"\u00c9crit par":"cfeditorfr","Dur\u00e9e de lecture estim\u00e9e":"2 minutes"},"schema":{"@context":"https:\/\/schema.org","@graph":[{"@type":"Article","@id":"https:\/\/www.africa-press.net\/congo-kinshasa\/politique\/washington-exige-le-retrait-des-forces-rwandaises#article","isPartOf":{"@id":"https:\/\/www.africa-press.net\/congo-kinshasa\/politique\/washington-exige-le-retrait-des-forces-rwandaises"},"author":{"name":"cfeditorfr","@id":"https:\/\/www.africa-press.net\/congo-kinshasa\/#\/schema\/person\/2b1cf3cd81a31e3cd26889ca66d677f1"},"headline":"Washington Exige le Retrait des Forces Rwandaises","datePublished":"2026-03-28T13:28:00+00:00","dateModified":"2026-04-19T09:20:33+00:00","mainEntityOfPage":{"@id":"https:\/\/www.africa-press.net\/congo-kinshasa\/politique\/washington-exige-le-retrait-des-forces-rwandaises"},"wordCount":341,"commentCount":0,"image":{"@id":"https:\/\/www.africa-press.net\/congo-kinshasa\/politique\/washington-exige-le-retrait-des-forces-rwandaises#primaryimage"},"thumbnailUrl":"https:\/\/static.africa-press.net\/congo-kinshasa\/sites\/49\/2026\/04\/sm_1776571037.745634.jpg","keywords":["Congo Kinshasa"],"articleSection":["Politique","Top Nouvelles","Toutes les actualit\u00e9s"],"inLanguage":"fr-FR","potentialAction":[{"@type":"CommentAction","name":"Comment","target":["https:\/\/www.africa-press.net\/congo-kinshasa\/politique\/washington-exige-le-retrait-des-forces-rwandaises#respond"]}]},{"@type":"WebPage","@id":"https:\/\/www.africa-press.net\/congo-kinshasa\/politique\/washington-exige-le-retrait-des-forces-rwandaises","url":"https:\/\/www.africa-press.net\/congo-kinshasa\/politique\/washington-exige-le-retrait-des-forces-rwandaises","name":"Washington Exige le Retrait des Forces Rwandaises - Congo-kinshasa","isPartOf":{"@id":"https:\/\/www.africa-press.net\/congo-kinshasa\/#website"},"primaryImageOfPage":{"@id":"https:\/\/www.africa-press.net\/congo-kinshasa\/politique\/washington-exige-le-retrait-des-forces-rwandaises#primaryimage"},"image":{"@id":"https:\/\/www.africa-press.net\/congo-kinshasa\/politique\/washington-exige-le-retrait-des-forces-rwandaises#primaryimage"},"thumbnailUrl":"https:\/\/static.africa-press.net\/congo-kinshasa\/sites\/49\/2026\/04\/sm_1776571037.745634.jpg","datePublished":"2026-03-28T13:28:00+00:00","dateModified":"2026-04-19T09:20:33+00:00","author":{"@id":"https:\/\/www.africa-press.net\/congo-kinshasa\/#\/schema\/person\/2b1cf3cd81a31e3cd26889ca66d677f1"},"description":"-article-header-tag\"> Africa-Press - Congo Kinshasa. Les E\u0301tats-Unis ont d ...","breadcrumb":{"@id":"https:\/\/www.africa-press.net\/congo-kinshasa\/politique\/washington-exige-le-retrait-des-forces-rwandaises#breadcrumb"},"inLanguage":"fr-FR","potentialAction":[{"@type":"ReadAction","target":["https:\/\/www.africa-press.net\/congo-kinshasa\/politique\/washington-exige-le-retrait-des-forces-rwandaises"]}]},{"@type":"ImageObject","inLanguage":"fr-FR","@id":"https:\/\/www.africa-press.net\/congo-kinshasa\/politique\/washington-exige-le-retrait-des-forces-rwandaises#primaryimage","url":"https:\/\/static.africa-press.net\/congo-kinshasa\/sites\/49\/2026\/04\/sm_1776571037.745634.jpg","contentUrl":"https:\/\/static.africa-press.net\/congo-kinshasa\/sites\/49\/2026\/04\/sm_1776571037.745634.jpg","width":1024,"height":576,"caption":"Washington Exige le Retrait des Forces Rwandaises"},{"@type":"BreadcrumbList","@id":"https:\/\/www.africa-press.net\/congo-kinshasa\/politique\/washington-exige-le-retrait-des-forces-rwandaises#breadcrumb","itemListElement":[{"@type":"ListItem","position":1,"name":"Accueil","item":"https:\/\/www.africa-press.net\/congo-kinshasa\/"},{"@type":"ListItem","position":2,"name":"Washington Exige le Retrait des Forces Rwandaises"}]},{"@type":"WebSite","@id":"https:\/\/www.africa-press.net\/congo-kinshasa\/#website","url":"https:\/\/www.africa-press.net\/congo-kinshasa\/","name":"Congo-kinshasa","description":"Just another Africa News Agency Sites site","potentialAction":[{"@type":"SearchAction","target":{"@type":"EntryPoint","urlTemplate":"https:\/\/www.africa-press.net\/congo-kinshasa\/?s={search_term_string}"},"query-input":{"@type":"PropertyValueSpecification","valueRequired":true,"valueName":"search_term_string"}}],"inLanguage":"fr-FR"},{"@type":"Person","@id":"https:\/\/www.africa-press.net\/congo-kinshasa\/#\/schema\/person\/2b1cf3cd81a31e3cd26889ca66d677f1","name":"cfeditorfr"}]}},"_links":{"self":[{"href":"https:\/\/www.africa-press.net\/congo-kinshasa\/wp-json\/wp\/v2\/posts\/137611","targetHints":{"allow":["GET"]}}],"collection":[{"href":"https:\/\/www.africa-press.net\/congo-kinshasa\/wp-json\/wp\/v2\/posts"}],"about":[{"href":"https:\/\/www.africa-press.net\/congo-kinshasa\/wp-json\/wp\/v2\/types\/post"}],"author":[{"embeddable":true,"href":"https:\/\/www.africa-press.net\/congo-kinshasa\/wp-json\/wp\/v2\/users\/82"}],"replies":[{"embeddable":true,"href":"https:\/\/www.africa-press.net\/congo-kinshasa\/wp-json\/wp\/v2\/comments?post=137611"}],"version-history":[{"count":1,"href":"https:\/\/www.africa-press.net\/congo-kinshasa\/wp-json\/wp\/v2\/posts\/137611\/revisions"}],"predecessor-version":[{"id":137895,"href":"https:\/\/www.africa-press.net\/congo-kinshasa\/wp-json\/wp\/v2\/posts\/137611\/revisions\/137895"}],"wp:featuredmedia":[{"embeddable":true,"href":"https:\/\/www.africa-press.net\/congo-kinshasa\/wp-json\/wp\/v2\/media\/137610"}],"wp:attachment":[{"href":"https:\/\/www.africa-press.net\/congo-kinshasa\/wp-json\/wp\/v2\/media?parent=137611"}],"wp:term":[{"taxonomy":"category","embeddable":true,"href":"https:\/\/www.africa-press.net\/congo-kinshasa\/wp-json\/wp\/v2\/categories?post=137611"},{"taxonomy":"post_tag","embeddable":true,"href":"https:\/\/www.africa-press.net\/congo-kinshasa\/wp-json\/wp\/v2\/tags?post=137611"}],"curies":[{"name":"wp","href":"https:\/\/api.w.org\/{rel}","templated":true}]}}