{"id":137659,"date":"2026-03-24T14:16:00","date_gmt":"2026-03-24T14:16:00","guid":{"rendered":"https:\/\/www.africa-press.net\/congo-kinshasa\/politique\/reactions-contrastees-apres-interview-de-joseph-kabila"},"modified":"2026-04-19T09:28:55","modified_gmt":"2026-04-19T09:28:55","slug":"reactions-contrastees-apres-interview-de-joseph-kabila","status":"publish","type":"post","link":"https:\/\/www.africa-press.net\/congo-kinshasa\/politique\/reactions-contrastees-apres-interview-de-joseph-kabila","title":{"rendered":"R\u00e9actions Contrast\u00e9es Apr\u00e8s Interview de Joseph Kabila"},"content":{"rendered":"<p><span class=\"ap-article-header-tag\"> <strong>Africa-Press &#8211; Congo Kinshasa. <\/strong> <\/span><b>L\u2019interview accorde\u0301e par l\u2019ancien pre\u0301sident Joseph Kabila au me\u0301dia Libre Afrique suscite de vives re\u0301actions au sein de l\u2019opinion.<\/b><\/p>\n<p>A\u0300 la lecture des commentaires recueillis sur la plateforme mediacongo.net, les positions apparaissent profonde\u0301ment divise\u0301es.<\/p>\n<p>D\u2019un co\u0302te\u0301, certains internautes estiment que l\u2019ancien chef de l\u2019E\u0301tat a tenu un discours cohe\u0301rent et pertinent sur la situation du pays. Ils saluent notamment son appel au dialogue et sa lecture des enjeux se\u0301curitaires et politiques, qu\u2019ils jugent re\u0301aliste. Pour ces derniers, cette sortie me\u0301diatique permet de relancer un de\u0301bat ne\u0301cessaire sur la gouvernance et l\u2019avenir de la Re\u0301publique de\u0301mocratique du Congo.<\/p>\n<p>D\u2019un autre co\u0302te\u0301, plusieurs voix se montrent tre\u0300s critiques a\u0300 l\u2019e\u0301gard de Joseph Kabila. Certains lui reprochent son bilan a\u0300 la te\u0302te du pays, notamment en lien avec la situation se\u0301curitaire a\u0300 l\u2019Est, tandis que d\u2019autres remettent en question sa le\u0301gitimite\u0301 a\u0300 s\u2019exprimer sur la gestion actuelle du pays. Plusieurs commentaires e\u0301voquent e\u0301galement des attentes de reconnaissance des erreurs passe\u0301es ou d\u2019un mea culpa.<\/p>\n<p>Par ailleurs, une frange importante des re\u0301actions se distingue par un ton particulie\u0300rement virulent, marque\u0301 par des accusations, des attaques personnelles et des propos pole\u0301miques. Ces prises de position traduisent un climat de me\u0301fiance et de tensions persistantes autour de la figure de l\u2019ancien pre\u0301sident.<\/p>\n<p>D\u2019autres intervenants appellent ne\u0301anmoins a\u0300 la retenue et a\u0300 une analyse plus rationnelle du contenu de l\u2019interview. Ils invitent a\u0300 de\u0301passer les clivages politiques pour se concentrer sur les enjeux de fond, notamment la paix, la stabilite\u0301 et la cohe\u0301sion nationale.<\/p>\n<p>Dans l\u2019ensemble, ces re\u0301actions illustrent une opinion publique profonde\u0301ment partage\u0301e, ou\u0300 se me\u0302lent soutien, rejet et interrogations. Elles te\u0301moignent e\u0301galement de la sensibilite\u0301 du de\u0301bat politique, particulie\u0300rement lorsqu\u2019il concerne les anciens dirigeants et les questions de gouvernance.<\/p>\n<p class=\"ap-article-footer-note\">Retrouvez plus d\u2019actualit\u00e9s et d\u2019analyses sur <span class=\"ap-highlight-country\">Congo Kinshasa<\/span> sur le site <span class=\"ap-highlight-brand\">Africa Press<\/span><\/p>\n","protected":false},"excerpt":{"rendered":"<p>Africa-Press &#8211; Congo Kinshasa. L\u2019interview accorde\u0301e par l\u2019ancien pre\u0301sident Joseph Kabila au me\u0301dia Libre Afrique suscite de vives re\u0301actions au sein de l\u2019opinion. A\u0300 la lecture des commentaires recueillis sur la plateforme mediacongo.net, les positions apparaissent profonde\u0301ment divise\u0301es. D\u2019un co\u0302te\u0301, certains internautes estiment que l\u2019ancien chef de l\u2019E\u0301tat a tenu un discours cohe\u0301rent et pertinent [&hellip;]<\/p>\n","protected":false},"author":82,"featured_media":137658,"comment_status":"open","ping_status":"closed","sticky":false,"template":"","format":"standard","meta":{"footnotes":""},"categories":[2,10],"tags":[46],"class_list":["post-137659","post","type-post","status-publish","format-standard","has-post-thumbnail","hentry","category-politique","category-toutes-les-actualites","tag-congo-kinshasa"],"yoast_head":"<!-- This site is optimized with the Yoast SEO Premium plugin v26.1 (Yoast SEO v27.0) - https:\/\/yoast.com\/product\/yoast-seo-premium-wordpress\/ -->\n<title>R\u00e9actions Contrast\u00e9es Apr\u00e8s Interview de Joseph Kabila - Congo-kinshasa<\/title>\n<meta name=\"description\" content=\"-article-header-tag&quot;&gt; Africa-Press - Congo Kinshasa. L\u2019interview accorde\u0301e ...\" \/>\n<meta name=\"robots\" content=\"index, follow, max-snippet:-1, max-image-preview:large, max-video-preview:-1\" \/>\n<link rel=\"canonical\" href=\"https:\/\/www.africa-press.net\/congo-kinshasa\/politique\/reactions-contrastees-apres-interview-de-joseph-kabila\" \/>\n<meta property=\"og:locale\" content=\"fr_FR\" \/>\n<meta property=\"og:type\" content=\"article\" \/>\n<meta property=\"og:title\" content=\"R\u00e9actions Contrast\u00e9es Apr\u00e8s Interview de Joseph Kabila\" \/>\n<meta property=\"og:description\" content=\"-article-header-tag&quot;&gt; Africa-Press - Congo Kinshasa. L\u2019interview accorde\u0301e ...\" \/>\n<meta property=\"og:url\" content=\"https:\/\/www.africa-press.net\/congo-kinshasa\/politique\/reactions-contrastees-apres-interview-de-joseph-kabila\" \/>\n<meta property=\"og:site_name\" content=\"Congo-kinshasa\" \/>\n<meta property=\"article:published_time\" content=\"2026-03-24T14:16:00+00:00\" \/>\n<meta property=\"article:modified_time\" content=\"2026-04-19T09:28:55+00:00\" \/>\n<meta property=\"og:image\" content=\"https:\/\/static.africa-press.net\/congo-kinshasa\/sites\/49\/2026\/04\/sm_1776571448.548288.jpg\" \/>\n\t<meta property=\"og:image:width\" content=\"720\" \/>\n\t<meta property=\"og:image:height\" content=\"376\" \/>\n\t<meta property=\"og:image:type\" content=\"image\/jpeg\" \/>\n<meta name=\"author\" content=\"cfeditorfr\" \/>\n<meta name=\"twitter:card\" content=\"summary_large_image\" \/>\n<meta name=\"twitter:label1\" content=\"\u00c9crit par\" \/>\n\t<meta name=\"twitter:data1\" content=\"cfeditorfr\" \/>\n\t<meta name=\"twitter:label2\" content=\"Dur\u00e9e de lecture estim\u00e9e\" \/>\n\t<meta name=\"twitter:data2\" content=\"2 minutes\" \/>\n<script type=\"application\/ld+json\" class=\"yoast-schema-graph\">{\"@context\":\"https:\/\/schema.org\",\"@graph\":[{\"@type\":\"Article\",\"@id\":\"https:\/\/www.africa-press.net\/congo-kinshasa\/politique\/reactions-contrastees-apres-interview-de-joseph-kabila#article\",\"isPartOf\":{\"@id\":\"https:\/\/www.africa-press.net\/congo-kinshasa\/politique\/reactions-contrastees-apres-interview-de-joseph-kabila\"},\"author\":{\"name\":\"cfeditorfr\",\"@id\":\"https:\/\/www.africa-press.net\/congo-kinshasa\/#\/schema\/person\/2b1cf3cd81a31e3cd26889ca66d677f1\"},\"headline\":\"R\u00e9actions Contrast\u00e9es Apr\u00e8s Interview de Joseph Kabila\",\"datePublished\":\"2026-03-24T14:16:00+00:00\",\"dateModified\":\"2026-04-19T09:28:55+00:00\",\"mainEntityOfPage\":{\"@id\":\"https:\/\/www.africa-press.net\/congo-kinshasa\/politique\/reactions-contrastees-apres-interview-de-joseph-kabila\"},\"wordCount\":375,\"commentCount\":0,\"image\":{\"@id\":\"https:\/\/www.africa-press.net\/congo-kinshasa\/politique\/reactions-contrastees-apres-interview-de-joseph-kabila#primaryimage\"},\"thumbnailUrl\":\"https:\/\/static.africa-press.net\/congo-kinshasa\/sites\/49\/2026\/04\/sm_1776571448.548288.jpg\",\"keywords\":[\"Congo Kinshasa\"],\"articleSection\":[\"Politique\",\"Toutes les actualit\u00e9s\"],\"inLanguage\":\"fr-FR\",\"potentialAction\":[{\"@type\":\"CommentAction\",\"name\":\"Comment\",\"target\":[\"https:\/\/www.africa-press.net\/congo-kinshasa\/politique\/reactions-contrastees-apres-interview-de-joseph-kabila#respond\"]}]},{\"@type\":\"WebPage\",\"@id\":\"https:\/\/www.africa-press.net\/congo-kinshasa\/politique\/reactions-contrastees-apres-interview-de-joseph-kabila\",\"url\":\"https:\/\/www.africa-press.net\/congo-kinshasa\/politique\/reactions-contrastees-apres-interview-de-joseph-kabila\",\"name\":\"R\u00e9actions Contrast\u00e9es Apr\u00e8s Interview de Joseph Kabila - Congo-kinshasa\",\"isPartOf\":{\"@id\":\"https:\/\/www.africa-press.net\/congo-kinshasa\/#website\"},\"primaryImageOfPage\":{\"@id\":\"https:\/\/www.africa-press.net\/congo-kinshasa\/politique\/reactions-contrastees-apres-interview-de-joseph-kabila#primaryimage\"},\"image\":{\"@id\":\"https:\/\/www.africa-press.net\/congo-kinshasa\/politique\/reactions-contrastees-apres-interview-de-joseph-kabila#primaryimage\"},\"thumbnailUrl\":\"https:\/\/static.africa-press.net\/congo-kinshasa\/sites\/49\/2026\/04\/sm_1776571448.548288.jpg\",\"datePublished\":\"2026-03-24T14:16:00+00:00\",\"dateModified\":\"2026-04-19T09:28:55+00:00\",\"author\":{\"@id\":\"https:\/\/www.africa-press.net\/congo-kinshasa\/#\/schema\/person\/2b1cf3cd81a31e3cd26889ca66d677f1\"},\"description\":\"-article-header-tag\\\"> Africa-Press - Congo Kinshasa. L\u2019interview accorde\u0301e ...\",\"breadcrumb\":{\"@id\":\"https:\/\/www.africa-press.net\/congo-kinshasa\/politique\/reactions-contrastees-apres-interview-de-joseph-kabila#breadcrumb\"},\"inLanguage\":\"fr-FR\",\"potentialAction\":[{\"@type\":\"ReadAction\",\"target\":[\"https:\/\/www.africa-press.net\/congo-kinshasa\/politique\/reactions-contrastees-apres-interview-de-joseph-kabila\"]}]},{\"@type\":\"ImageObject\",\"inLanguage\":\"fr-FR\",\"@id\":\"https:\/\/www.africa-press.net\/congo-kinshasa\/politique\/reactions-contrastees-apres-interview-de-joseph-kabila#primaryimage\",\"url\":\"https:\/\/static.africa-press.net\/congo-kinshasa\/sites\/49\/2026\/04\/sm_1776571448.548288.jpg\",\"contentUrl\":\"https:\/\/static.africa-press.net\/congo-kinshasa\/sites\/49\/2026\/04\/sm_1776571448.548288.jpg\",\"width\":720,\"height\":376,\"caption\":\"R\u00e9actions Contrast\u00e9es Apr\u00e8s Interview de Joseph Kabila\"},{\"@type\":\"BreadcrumbList\",\"@id\":\"https:\/\/www.africa-press.net\/congo-kinshasa\/politique\/reactions-contrastees-apres-interview-de-joseph-kabila#breadcrumb\",\"itemListElement\":[{\"@type\":\"ListItem\",\"position\":1,\"name\":\"Accueil\",\"item\":\"https:\/\/www.africa-press.net\/congo-kinshasa\/\"},{\"@type\":\"ListItem\",\"position\":2,\"name\":\"R\u00e9actions Contrast\u00e9es Apr\u00e8s Interview de Joseph Kabila\"}]},{\"@type\":\"WebSite\",\"@id\":\"https:\/\/www.africa-press.net\/congo-kinshasa\/#website\",\"url\":\"https:\/\/www.africa-press.net\/congo-kinshasa\/\",\"name\":\"Congo-kinshasa\",\"description\":\"Just another Africa News Agency Sites site\",\"potentialAction\":[{\"@type\":\"SearchAction\",\"target\":{\"@type\":\"EntryPoint\",\"urlTemplate\":\"https:\/\/www.africa-press.net\/congo-kinshasa\/?s={search_term_string}\"},\"query-input\":{\"@type\":\"PropertyValueSpecification\",\"valueRequired\":true,\"valueName\":\"search_term_string\"}}],\"inLanguage\":\"fr-FR\"},{\"@type\":\"Person\",\"@id\":\"https:\/\/www.africa-press.net\/congo-kinshasa\/#\/schema\/person\/2b1cf3cd81a31e3cd26889ca66d677f1\",\"name\":\"cfeditorfr\"}]}<\/script>\n<!-- \/ Yoast SEO Premium plugin. -->","yoast_head_json":{"title":"R\u00e9actions Contrast\u00e9es Apr\u00e8s Interview de Joseph Kabila - Congo-kinshasa","description":"-article-header-tag\"> Africa-Press - Congo Kinshasa. L\u2019interview accorde\u0301e ...","robots":{"index":"index","follow":"follow","max-snippet":"max-snippet:-1","max-image-preview":"max-image-preview:large","max-video-preview":"max-video-preview:-1"},"canonical":"https:\/\/www.africa-press.net\/congo-kinshasa\/politique\/reactions-contrastees-apres-interview-de-joseph-kabila","og_locale":"fr_FR","og_type":"article","og_title":"R\u00e9actions Contrast\u00e9es Apr\u00e8s Interview de Joseph Kabila","og_description":"-article-header-tag\"> Africa-Press - Congo Kinshasa. L\u2019interview accorde\u0301e ...","og_url":"https:\/\/www.africa-press.net\/congo-kinshasa\/politique\/reactions-contrastees-apres-interview-de-joseph-kabila","og_site_name":"Congo-kinshasa","article_published_time":"2026-03-24T14:16:00+00:00","article_modified_time":"2026-04-19T09:28:55+00:00","og_image":[{"width":720,"height":376,"url":"https:\/\/static.africa-press.net\/congo-kinshasa\/sites\/49\/2026\/04\/sm_1776571448.548288.jpg","type":"image\/jpeg"}],"author":"cfeditorfr","twitter_card":"summary_large_image","twitter_misc":{"\u00c9crit par":"cfeditorfr","Dur\u00e9e de lecture estim\u00e9e":"2 minutes"},"schema":{"@context":"https:\/\/schema.org","@graph":[{"@type":"Article","@id":"https:\/\/www.africa-press.net\/congo-kinshasa\/politique\/reactions-contrastees-apres-interview-de-joseph-kabila#article","isPartOf":{"@id":"https:\/\/www.africa-press.net\/congo-kinshasa\/politique\/reactions-contrastees-apres-interview-de-joseph-kabila"},"author":{"name":"cfeditorfr","@id":"https:\/\/www.africa-press.net\/congo-kinshasa\/#\/schema\/person\/2b1cf3cd81a31e3cd26889ca66d677f1"},"headline":"R\u00e9actions Contrast\u00e9es Apr\u00e8s Interview de Joseph Kabila","datePublished":"2026-03-24T14:16:00+00:00","dateModified":"2026-04-19T09:28:55+00:00","mainEntityOfPage":{"@id":"https:\/\/www.africa-press.net\/congo-kinshasa\/politique\/reactions-contrastees-apres-interview-de-joseph-kabila"},"wordCount":375,"commentCount":0,"image":{"@id":"https:\/\/www.africa-press.net\/congo-kinshasa\/politique\/reactions-contrastees-apres-interview-de-joseph-kabila#primaryimage"},"thumbnailUrl":"https:\/\/static.africa-press.net\/congo-kinshasa\/sites\/49\/2026\/04\/sm_1776571448.548288.jpg","keywords":["Congo Kinshasa"],"articleSection":["Politique","Toutes les actualit\u00e9s"],"inLanguage":"fr-FR","potentialAction":[{"@type":"CommentAction","name":"Comment","target":["https:\/\/www.africa-press.net\/congo-kinshasa\/politique\/reactions-contrastees-apres-interview-de-joseph-kabila#respond"]}]},{"@type":"WebPage","@id":"https:\/\/www.africa-press.net\/congo-kinshasa\/politique\/reactions-contrastees-apres-interview-de-joseph-kabila","url":"https:\/\/www.africa-press.net\/congo-kinshasa\/politique\/reactions-contrastees-apres-interview-de-joseph-kabila","name":"R\u00e9actions Contrast\u00e9es Apr\u00e8s Interview de Joseph Kabila - Congo-kinshasa","isPartOf":{"@id":"https:\/\/www.africa-press.net\/congo-kinshasa\/#website"},"primaryImageOfPage":{"@id":"https:\/\/www.africa-press.net\/congo-kinshasa\/politique\/reactions-contrastees-apres-interview-de-joseph-kabila#primaryimage"},"image":{"@id":"https:\/\/www.africa-press.net\/congo-kinshasa\/politique\/reactions-contrastees-apres-interview-de-joseph-kabila#primaryimage"},"thumbnailUrl":"https:\/\/static.africa-press.net\/congo-kinshasa\/sites\/49\/2026\/04\/sm_1776571448.548288.jpg","datePublished":"2026-03-24T14:16:00+00:00","dateModified":"2026-04-19T09:28:55+00:00","author":{"@id":"https:\/\/www.africa-press.net\/congo-kinshasa\/#\/schema\/person\/2b1cf3cd81a31e3cd26889ca66d677f1"},"description":"-article-header-tag\"> Africa-Press - Congo Kinshasa. L\u2019interview accorde\u0301e ...","breadcrumb":{"@id":"https:\/\/www.africa-press.net\/congo-kinshasa\/politique\/reactions-contrastees-apres-interview-de-joseph-kabila#breadcrumb"},"inLanguage":"fr-FR","potentialAction":[{"@type":"ReadAction","target":["https:\/\/www.africa-press.net\/congo-kinshasa\/politique\/reactions-contrastees-apres-interview-de-joseph-kabila"]}]},{"@type":"ImageObject","inLanguage":"fr-FR","@id":"https:\/\/www.africa-press.net\/congo-kinshasa\/politique\/reactions-contrastees-apres-interview-de-joseph-kabila#primaryimage","url":"https:\/\/static.africa-press.net\/congo-kinshasa\/sites\/49\/2026\/04\/sm_1776571448.548288.jpg","contentUrl":"https:\/\/static.africa-press.net\/congo-kinshasa\/sites\/49\/2026\/04\/sm_1776571448.548288.jpg","width":720,"height":376,"caption":"R\u00e9actions Contrast\u00e9es Apr\u00e8s Interview de Joseph Kabila"},{"@type":"BreadcrumbList","@id":"https:\/\/www.africa-press.net\/congo-kinshasa\/politique\/reactions-contrastees-apres-interview-de-joseph-kabila#breadcrumb","itemListElement":[{"@type":"ListItem","position":1,"name":"Accueil","item":"https:\/\/www.africa-press.net\/congo-kinshasa\/"},{"@type":"ListItem","position":2,"name":"R\u00e9actions Contrast\u00e9es Apr\u00e8s Interview de Joseph Kabila"}]},{"@type":"WebSite","@id":"https:\/\/www.africa-press.net\/congo-kinshasa\/#website","url":"https:\/\/www.africa-press.net\/congo-kinshasa\/","name":"Congo-kinshasa","description":"Just another Africa News Agency Sites site","potentialAction":[{"@type":"SearchAction","target":{"@type":"EntryPoint","urlTemplate":"https:\/\/www.africa-press.net\/congo-kinshasa\/?s={search_term_string}"},"query-input":{"@type":"PropertyValueSpecification","valueRequired":true,"valueName":"search_term_string"}}],"inLanguage":"fr-FR"},{"@type":"Person","@id":"https:\/\/www.africa-press.net\/congo-kinshasa\/#\/schema\/person\/2b1cf3cd81a31e3cd26889ca66d677f1","name":"cfeditorfr"}]}},"_links":{"self":[{"href":"https:\/\/www.africa-press.net\/congo-kinshasa\/wp-json\/wp\/v2\/posts\/137659","targetHints":{"allow":["GET"]}}],"collection":[{"href":"https:\/\/www.africa-press.net\/congo-kinshasa\/wp-json\/wp\/v2\/posts"}],"about":[{"href":"https:\/\/www.africa-press.net\/congo-kinshasa\/wp-json\/wp\/v2\/types\/post"}],"author":[{"embeddable":true,"href":"https:\/\/www.africa-press.net\/congo-kinshasa\/wp-json\/wp\/v2\/users\/82"}],"replies":[{"embeddable":true,"href":"https:\/\/www.africa-press.net\/congo-kinshasa\/wp-json\/wp\/v2\/comments?post=137659"}],"version-history":[{"count":1,"href":"https:\/\/www.africa-press.net\/congo-kinshasa\/wp-json\/wp\/v2\/posts\/137659\/revisions"}],"predecessor-version":[{"id":137974,"href":"https:\/\/www.africa-press.net\/congo-kinshasa\/wp-json\/wp\/v2\/posts\/137659\/revisions\/137974"}],"wp:featuredmedia":[{"embeddable":true,"href":"https:\/\/www.africa-press.net\/congo-kinshasa\/wp-json\/wp\/v2\/media\/137658"}],"wp:attachment":[{"href":"https:\/\/www.africa-press.net\/congo-kinshasa\/wp-json\/wp\/v2\/media?parent=137659"}],"wp:term":[{"taxonomy":"category","embeddable":true,"href":"https:\/\/www.africa-press.net\/congo-kinshasa\/wp-json\/wp\/v2\/categories?post=137659"},{"taxonomy":"post_tag","embeddable":true,"href":"https:\/\/www.africa-press.net\/congo-kinshasa\/wp-json\/wp\/v2\/tags?post=137659"}],"curies":[{"name":"wp","href":"https:\/\/api.w.org\/{rel}","templated":true}]}}