{"id":137722,"date":"2026-03-21T15:18:00","date_gmt":"2026-03-21T15:18:00","guid":{"rendered":"https:\/\/www.africa-press.net\/congo-kinshasa\/politique\/lombre-de-joseph-kabila-heritage-rassurant-ou-emprisonnant"},"modified":"2026-04-19T09:42:55","modified_gmt":"2026-04-19T09:42:55","slug":"lombre-de-joseph-kabila-heritage-rassurant-ou-emprisonnant","status":"publish","type":"post","link":"https:\/\/www.africa-press.net\/congo-kinshasa\/politique\/lombre-de-joseph-kabila-heritage-rassurant-ou-emprisonnant","title":{"rendered":"L&rsquo;Ombre de Joseph Kabila: He\u0301ritage Rassurant ou Emprisonnant"},"content":{"rendered":"<p><span class=\"ap-article-header-tag\"> <strong>Africa-Press &#8211; Congo Kinshasa. <\/strong> <\/span><b>Au PPRD, ou\u0300 le syndrome de l\u2019e\u0301ternelle attente du \u00ab Rai\u0308s \u00bb s\u2019impose , la fide\u0301lite\u0301 se transforme en immobilisme. Depuis qu\u2019il est parti du pouvoir en janvier 2019, et surtout la fin de la majorite\u0301 parlementaire en de\u0301cembre 2020, le camp de Joseph Kabila peine a\u0300 renai\u0302tre de ses cendres. Pendant pre\u0300s de deux de\u0301cennies, l\u2019ancien pre\u0301sident incarnait l\u2019autorite\u0301 incontournable pour ses partisans. Pour eux, l\u2019ex-chef d\u2019E\u0301tat e\u0301tait un homme providentiel. Mais aujourd\u2019hui, la situation est devenue toute autre. Sept ans apre\u0300s son de\u0301part, beaucoup de ses fide\u0300les continuent pourtant de croire qu\u2019il peut redevenir l\u2019homme miracle capable de renverser le cours des e\u0301ve\u0301nements face au re\u0301gime de Fe\u0301lix Tshisekedi. Une forte et surtout longue attente qui contraste, pourtant, avec une re\u0301alite\u0301 politique ou\u0300 son influence semble nettement affaiblie.<\/b><\/p>\n<p>Au sein du Front commun pour le Congo, cette de\u0301pendance a\u0300 Kabila reste toujours tre\u0300s forte. Plusieurs cadres continuent de miser presque exclusivement sur un retour- surprise de Kabila sur le tro\u0302ne, comme si aucune autre alternative n\u2019existait. Pourtant, sur le terrain, les signes d\u2019un leadership affaibli sont visibles. L\u2019ancien chef de l\u2019E\u0301tat reste silencieux, discret, et semble ne plus donner d\u2019orientations claires a\u0300 ses troupes. Cette absence de communication laisse place a\u0300 des doutes et a\u0300 une certaine de\u0301sorganisation au sein de sa famille politique.<\/p>\n<p><b>Sur qui faut-il compter?<\/b><\/p>\n<p>La situation est encore plus marquante au niveau du Parti du peuple pour la reconstruction et la de\u0301mocratie. Des figures importantes comme Emmanuel Ramazani Shadary ou Aubin Minaku sont, depuis plusieurs semaines, de\u0301tenues depuis sans que cela ne provoque aucune mobilisation re\u0301elle de la part des Kabilistes. Comme si tous attendaient que Kabila fasse irruption pour sauver la situation. Aucune grande manifestation, aucune pression visible dans la rue, sauf quelques communique\u0301s laconiques qui ne sont jamais alle\u0301s plus loin que c\u0327a. Ce silence est, en quelque sorte, une forme d\u2019attentisme: beaucoup semblent attendre un signal de Kabila avant d\u2019agir, comme si toute initiative de\u0301pendait encore de lui, alors que depuis l\u2019exil, le pre\u0301de\u0301cesseur de Tshisekedi n\u2019a jamais e\u0301mis de signaux d\u2019un retour imminent.<\/p>\n<p>Ce manque de re\u0301action montre aussi une perte de capacite\u0301 d\u2019organisation. Me\u0302me pour des questions internes, plusieurs cadres du FCC donnent l\u2019impression d\u2019attendre que l\u2019ancien pre\u0301sident prenne la parole ou dicte une direction a\u0300 suivre. Mais en face, celui-ci reste silencieux. Cette situation cre\u0301e un blocage: le leadership ne s\u2019exprime plus clairement, et la base politique ne bouge pas sans consignes. Re\u0301sultat, le parti parai\u0302t fige\u0301, incapable de s\u2019adapter a\u0300 la nouvelle re\u0301alite\u0301 politique du pays.<\/p>\n<p>Dans l\u2019opinion publique et dans les me\u0301dias, les Kabilistes sont e\u0301galement moins visibles qu\u2019auparavant. A\u0300 part quelques figures bien connues, peu de voix de\u0301fendent activement leur position. Certains proches de l\u2019ancien re\u0301gime reconnaissent me\u0302me, en prive\u0301, ne plus avoir de contact direct avec Joseph Kabila depuis longtemps. La\u0300 ou\u0300 il y avait autrefois une communication re\u0301gulie\u0300re, il y a aujourd\u2019hui un flou total. Cela renforce le sentiment d\u2019abandon au sein de certains cadres.<\/p>\n<p>Par ailleurs, certaines prises de position attribue\u0301es a\u0300 Kabila, notamment sur la situation se\u0301curitaire a\u0300 l\u2019Est, semblent mettre ses propres fide\u0300les dans l\u2019embarras. Beaucoup ne savent plus quel discours tenir ni quelle ligne de\u0301fendre au risque de se faire prendre \u00ab comme des rats mais sans de\u0301fense \u00bb. Cette confusion affaiblit davantage leur cre\u0301dibilite\u0301 politique et les empe\u0302che de mener une opposition cohe\u0301rente face au pouvoir en place qui ne fait face a\u0300 aucune adversite\u0301 re\u0301elle, les principaux leaders de l\u2019opposition ayant de\u0301ja\u0300 choisi l\u2019exil pour se mettre a\u0300 l\u2019abri.<\/p>\n<p>Face a\u0300 cette re\u0301alite\u0301, apprend-on des sources au sein de l\u2019ex-coalition au pouvoir, une nouvelle dynamique commence a\u0300 se cre\u0301er. Certains cadres du FCC tentent progressivement de se construire un leadership propre, sans attendre un retour hypothe\u0301tique de Kabila. D\u2019autres, en revanche, ont de\u0301ja\u0300 fait le choix de rejoindre la majorite\u0301 au pouvoir, estimant que le silence prolonge\u0301 de leur ancien leader ne leur laissait plus beaucoup d\u2019options. Comme le disent certains observateurs, la politique n\u2019aime pas le vide, et ce vide a fini par pousser plusieurs acteurs a\u0300 chercher d\u2019autres repe\u0300res.<\/p>\n<p>Au final, une question centrale se pose: qui compte encore sur qui? Si autrefois le FCC de\u0301pendait de Kabila, aujourd\u2019hui il semble que ce soit surtout ses membres qui attendent encore quelque chose de lui. De son co\u0302te\u0301, l\u2019ancien pre\u0301sident parai\u0302t de plus en plus distant, comme s\u2019il avait lui-me\u0302me pris du recul. Cette relation de\u0301se\u0301quilibre\u0301e fragilise davantage une famille politique de\u0301ja\u0300 affaiblie.<\/p>\n<p>Ainsi, le FCC donne l\u2019image d\u2019un camp suspendu a\u0300 un passe\u0301 qui ne correspond plus au pre\u0301sent. En continuant de croire a\u0300 un retour-suprise et de\u0301cisif de Kabila, ses cadres risquent de retarder leur adaptation a\u0300 la nouvelle donne politique. Pendant ce temps, le paysage politique congolais e\u0301volue, et ceux qui ne s\u2019ajustent pas risquent tout simplement d\u2019e\u0302tre laisse\u0301s derrie\u0300re et d\u2019effacer totalement de la sce\u0300ne politique, surtout si Fe\u0301lix Tshisekedi re\u0301ussit a\u0300 changer la constitution et a\u0300 s\u2019accrocher au pouvoir au dela\u0300 des limites constitutionnnelles.<\/p>\n<p class=\"ap-article-footer-note\">Retrouvez plus d\u2019actualit\u00e9s et d\u2019analyses sur <span class=\"ap-highlight-country\">Congo Kinshasa<\/span> sur le site <span class=\"ap-highlight-brand\">Africa Press<\/span><\/p>\n","protected":false},"excerpt":{"rendered":"<p>Africa-Press &#8211; Congo Kinshasa. Au PPRD, ou\u0300 le syndrome de l\u2019e\u0301ternelle attente du \u00ab Rai\u0308s \u00bb s\u2019impose , la fide\u0301lite\u0301 se transforme en immobilisme. Depuis qu\u2019il est parti du pouvoir en janvier 2019, et surtout la fin de la majorite\u0301 parlementaire en de\u0301cembre 2020, le camp de Joseph Kabila peine a\u0300 renai\u0302tre de ses cendres. [&hellip;]<\/p>\n","protected":false},"author":82,"featured_media":137721,"comment_status":"open","ping_status":"closed","sticky":false,"template":"","format":"standard","meta":{"footnotes":""},"categories":[7,3,2,10],"tags":[46],"class_list":["post-137722","post","type-post","status-publish","format-standard","has-post-thumbnail","hentry","category-dossiers","category-economie","category-politique","category-toutes-les-actualites","tag-congo-kinshasa"],"yoast_head":"<!-- This site is optimized with the Yoast SEO Premium plugin v26.1 (Yoast SEO v27.0) - https:\/\/yoast.com\/product\/yoast-seo-premium-wordpress\/ -->\n<title>L&#039;Ombre de Joseph Kabila: He\u0301ritage Rassurant ou Emprisonnant - Congo-kinshasa<\/title>\n<meta name=\"description\" content=\"-article-header-tag&quot;&gt; Africa-Press - Congo Kinshasa. Au PPRD, ou\u0300 le syndr ...\" \/>\n<meta name=\"robots\" content=\"index, follow, max-snippet:-1, max-image-preview:large, max-video-preview:-1\" \/>\n<link rel=\"canonical\" href=\"https:\/\/www.africa-press.net\/congo-kinshasa\/politique\/lombre-de-joseph-kabila-heritage-rassurant-ou-emprisonnant\" \/>\n<meta property=\"og:locale\" content=\"fr_FR\" \/>\n<meta property=\"og:type\" content=\"article\" \/>\n<meta property=\"og:title\" content=\"L&#039;Ombre de Joseph Kabila: He\u0301ritage Rassurant ou Emprisonnant\" \/>\n<meta property=\"og:description\" content=\"-article-header-tag&quot;&gt; Africa-Press - Congo Kinshasa. Au PPRD, ou\u0300 le syndr ...\" \/>\n<meta property=\"og:url\" content=\"https:\/\/www.africa-press.net\/congo-kinshasa\/politique\/lombre-de-joseph-kabila-heritage-rassurant-ou-emprisonnant\" \/>\n<meta property=\"og:site_name\" content=\"Congo-kinshasa\" \/>\n<meta property=\"article:published_time\" content=\"2026-03-21T15:18:00+00:00\" \/>\n<meta property=\"article:modified_time\" content=\"2026-04-19T09:42:55+00:00\" \/>\n<meta property=\"og:image\" content=\"https:\/\/static.africa-press.net\/congo-kinshasa\/sites\/49\/2026\/04\/sm_1776571853.834675.jpg\" \/>\n\t<meta property=\"og:image:width\" content=\"720\" \/>\n\t<meta property=\"og:image:height\" content=\"343\" \/>\n\t<meta property=\"og:image:type\" content=\"image\/jpeg\" \/>\n<meta name=\"author\" content=\"cfeditorfr\" \/>\n<meta name=\"twitter:card\" content=\"summary_large_image\" \/>\n<meta name=\"twitter:label1\" content=\"\u00c9crit par\" \/>\n\t<meta name=\"twitter:data1\" content=\"cfeditorfr\" \/>\n\t<meta name=\"twitter:label2\" content=\"Dur\u00e9e de lecture estim\u00e9e\" \/>\n\t<meta name=\"twitter:data2\" content=\"5 minutes\" \/>\n<script type=\"application\/ld+json\" class=\"yoast-schema-graph\">{\"@context\":\"https:\/\/schema.org\",\"@graph\":[{\"@type\":\"Article\",\"@id\":\"https:\/\/www.africa-press.net\/congo-kinshasa\/politique\/lombre-de-joseph-kabila-heritage-rassurant-ou-emprisonnant#article\",\"isPartOf\":{\"@id\":\"https:\/\/www.africa-press.net\/congo-kinshasa\/politique\/lombre-de-joseph-kabila-heritage-rassurant-ou-emprisonnant\"},\"author\":{\"name\":\"cfeditorfr\",\"@id\":\"https:\/\/www.africa-press.net\/congo-kinshasa\/#\/schema\/person\/2b1cf3cd81a31e3cd26889ca66d677f1\"},\"headline\":\"L&rsquo;Ombre de Joseph Kabila: He\u0301ritage Rassurant ou Emprisonnant\",\"datePublished\":\"2026-03-21T15:18:00+00:00\",\"dateModified\":\"2026-04-19T09:42:55+00:00\",\"mainEntityOfPage\":{\"@id\":\"https:\/\/www.africa-press.net\/congo-kinshasa\/politique\/lombre-de-joseph-kabila-heritage-rassurant-ou-emprisonnant\"},\"wordCount\":976,\"commentCount\":0,\"image\":{\"@id\":\"https:\/\/www.africa-press.net\/congo-kinshasa\/politique\/lombre-de-joseph-kabila-heritage-rassurant-ou-emprisonnant#primaryimage\"},\"thumbnailUrl\":\"https:\/\/static.africa-press.net\/congo-kinshasa\/sites\/49\/2026\/04\/sm_1776571853.834675.jpg\",\"keywords\":[\"Congo Kinshasa\"],\"articleSection\":[\"Dossiers\",\"\u00c9conomie\",\"Politique\",\"Toutes les actualit\u00e9s\"],\"inLanguage\":\"fr-FR\",\"potentialAction\":[{\"@type\":\"CommentAction\",\"name\":\"Comment\",\"target\":[\"https:\/\/www.africa-press.net\/congo-kinshasa\/politique\/lombre-de-joseph-kabila-heritage-rassurant-ou-emprisonnant#respond\"]}]},{\"@type\":\"WebPage\",\"@id\":\"https:\/\/www.africa-press.net\/congo-kinshasa\/politique\/lombre-de-joseph-kabila-heritage-rassurant-ou-emprisonnant\",\"url\":\"https:\/\/www.africa-press.net\/congo-kinshasa\/politique\/lombre-de-joseph-kabila-heritage-rassurant-ou-emprisonnant\",\"name\":\"L'Ombre de Joseph Kabila: He\u0301ritage Rassurant ou Emprisonnant - Congo-kinshasa\",\"isPartOf\":{\"@id\":\"https:\/\/www.africa-press.net\/congo-kinshasa\/#website\"},\"primaryImageOfPage\":{\"@id\":\"https:\/\/www.africa-press.net\/congo-kinshasa\/politique\/lombre-de-joseph-kabila-heritage-rassurant-ou-emprisonnant#primaryimage\"},\"image\":{\"@id\":\"https:\/\/www.africa-press.net\/congo-kinshasa\/politique\/lombre-de-joseph-kabila-heritage-rassurant-ou-emprisonnant#primaryimage\"},\"thumbnailUrl\":\"https:\/\/static.africa-press.net\/congo-kinshasa\/sites\/49\/2026\/04\/sm_1776571853.834675.jpg\",\"datePublished\":\"2026-03-21T15:18:00+00:00\",\"dateModified\":\"2026-04-19T09:42:55+00:00\",\"author\":{\"@id\":\"https:\/\/www.africa-press.net\/congo-kinshasa\/#\/schema\/person\/2b1cf3cd81a31e3cd26889ca66d677f1\"},\"description\":\"-article-header-tag\\\"> Africa-Press - Congo Kinshasa. Au PPRD, ou\u0300 le syndr ...\",\"breadcrumb\":{\"@id\":\"https:\/\/www.africa-press.net\/congo-kinshasa\/politique\/lombre-de-joseph-kabila-heritage-rassurant-ou-emprisonnant#breadcrumb\"},\"inLanguage\":\"fr-FR\",\"potentialAction\":[{\"@type\":\"ReadAction\",\"target\":[\"https:\/\/www.africa-press.net\/congo-kinshasa\/politique\/lombre-de-joseph-kabila-heritage-rassurant-ou-emprisonnant\"]}]},{\"@type\":\"ImageObject\",\"inLanguage\":\"fr-FR\",\"@id\":\"https:\/\/www.africa-press.net\/congo-kinshasa\/politique\/lombre-de-joseph-kabila-heritage-rassurant-ou-emprisonnant#primaryimage\",\"url\":\"https:\/\/static.africa-press.net\/congo-kinshasa\/sites\/49\/2026\/04\/sm_1776571853.834675.jpg\",\"contentUrl\":\"https:\/\/static.africa-press.net\/congo-kinshasa\/sites\/49\/2026\/04\/sm_1776571853.834675.jpg\",\"width\":720,\"height\":343,\"caption\":\"L'Ombre de Joseph Kabila: He\u0301ritage Rassurant ou Emprisonnant\"},{\"@type\":\"BreadcrumbList\",\"@id\":\"https:\/\/www.africa-press.net\/congo-kinshasa\/politique\/lombre-de-joseph-kabila-heritage-rassurant-ou-emprisonnant#breadcrumb\",\"itemListElement\":[{\"@type\":\"ListItem\",\"position\":1,\"name\":\"Accueil\",\"item\":\"https:\/\/www.africa-press.net\/congo-kinshasa\/\"},{\"@type\":\"ListItem\",\"position\":2,\"name\":\"L&#8217;Ombre de Joseph Kabila: He\u0301ritage Rassurant ou Emprisonnant\"}]},{\"@type\":\"WebSite\",\"@id\":\"https:\/\/www.africa-press.net\/congo-kinshasa\/#website\",\"url\":\"https:\/\/www.africa-press.net\/congo-kinshasa\/\",\"name\":\"Congo-kinshasa\",\"description\":\"Just another Africa News Agency Sites site\",\"potentialAction\":[{\"@type\":\"SearchAction\",\"target\":{\"@type\":\"EntryPoint\",\"urlTemplate\":\"https:\/\/www.africa-press.net\/congo-kinshasa\/?s={search_term_string}\"},\"query-input\":{\"@type\":\"PropertyValueSpecification\",\"valueRequired\":true,\"valueName\":\"search_term_string\"}}],\"inLanguage\":\"fr-FR\"},{\"@type\":\"Person\",\"@id\":\"https:\/\/www.africa-press.net\/congo-kinshasa\/#\/schema\/person\/2b1cf3cd81a31e3cd26889ca66d677f1\",\"name\":\"cfeditorfr\"}]}<\/script>\n<!-- \/ Yoast SEO Premium plugin. -->","yoast_head_json":{"title":"L'Ombre de Joseph Kabila: He\u0301ritage Rassurant ou Emprisonnant - Congo-kinshasa","description":"-article-header-tag\"> Africa-Press - Congo Kinshasa. Au PPRD, ou\u0300 le syndr ...","robots":{"index":"index","follow":"follow","max-snippet":"max-snippet:-1","max-image-preview":"max-image-preview:large","max-video-preview":"max-video-preview:-1"},"canonical":"https:\/\/www.africa-press.net\/congo-kinshasa\/politique\/lombre-de-joseph-kabila-heritage-rassurant-ou-emprisonnant","og_locale":"fr_FR","og_type":"article","og_title":"L'Ombre de Joseph Kabila: He\u0301ritage Rassurant ou Emprisonnant","og_description":"-article-header-tag\"> Africa-Press - Congo Kinshasa. Au PPRD, ou\u0300 le syndr ...","og_url":"https:\/\/www.africa-press.net\/congo-kinshasa\/politique\/lombre-de-joseph-kabila-heritage-rassurant-ou-emprisonnant","og_site_name":"Congo-kinshasa","article_published_time":"2026-03-21T15:18:00+00:00","article_modified_time":"2026-04-19T09:42:55+00:00","og_image":[{"width":720,"height":343,"url":"https:\/\/static.africa-press.net\/congo-kinshasa\/sites\/49\/2026\/04\/sm_1776571853.834675.jpg","type":"image\/jpeg"}],"author":"cfeditorfr","twitter_card":"summary_large_image","twitter_misc":{"\u00c9crit par":"cfeditorfr","Dur\u00e9e de lecture estim\u00e9e":"5 minutes"},"schema":{"@context":"https:\/\/schema.org","@graph":[{"@type":"Article","@id":"https:\/\/www.africa-press.net\/congo-kinshasa\/politique\/lombre-de-joseph-kabila-heritage-rassurant-ou-emprisonnant#article","isPartOf":{"@id":"https:\/\/www.africa-press.net\/congo-kinshasa\/politique\/lombre-de-joseph-kabila-heritage-rassurant-ou-emprisonnant"},"author":{"name":"cfeditorfr","@id":"https:\/\/www.africa-press.net\/congo-kinshasa\/#\/schema\/person\/2b1cf3cd81a31e3cd26889ca66d677f1"},"headline":"L&rsquo;Ombre de Joseph Kabila: He\u0301ritage Rassurant ou Emprisonnant","datePublished":"2026-03-21T15:18:00+00:00","dateModified":"2026-04-19T09:42:55+00:00","mainEntityOfPage":{"@id":"https:\/\/www.africa-press.net\/congo-kinshasa\/politique\/lombre-de-joseph-kabila-heritage-rassurant-ou-emprisonnant"},"wordCount":976,"commentCount":0,"image":{"@id":"https:\/\/www.africa-press.net\/congo-kinshasa\/politique\/lombre-de-joseph-kabila-heritage-rassurant-ou-emprisonnant#primaryimage"},"thumbnailUrl":"https:\/\/static.africa-press.net\/congo-kinshasa\/sites\/49\/2026\/04\/sm_1776571853.834675.jpg","keywords":["Congo Kinshasa"],"articleSection":["Dossiers","\u00c9conomie","Politique","Toutes les actualit\u00e9s"],"inLanguage":"fr-FR","potentialAction":[{"@type":"CommentAction","name":"Comment","target":["https:\/\/www.africa-press.net\/congo-kinshasa\/politique\/lombre-de-joseph-kabila-heritage-rassurant-ou-emprisonnant#respond"]}]},{"@type":"WebPage","@id":"https:\/\/www.africa-press.net\/congo-kinshasa\/politique\/lombre-de-joseph-kabila-heritage-rassurant-ou-emprisonnant","url":"https:\/\/www.africa-press.net\/congo-kinshasa\/politique\/lombre-de-joseph-kabila-heritage-rassurant-ou-emprisonnant","name":"L'Ombre de Joseph Kabila: He\u0301ritage Rassurant ou Emprisonnant - Congo-kinshasa","isPartOf":{"@id":"https:\/\/www.africa-press.net\/congo-kinshasa\/#website"},"primaryImageOfPage":{"@id":"https:\/\/www.africa-press.net\/congo-kinshasa\/politique\/lombre-de-joseph-kabila-heritage-rassurant-ou-emprisonnant#primaryimage"},"image":{"@id":"https:\/\/www.africa-press.net\/congo-kinshasa\/politique\/lombre-de-joseph-kabila-heritage-rassurant-ou-emprisonnant#primaryimage"},"thumbnailUrl":"https:\/\/static.africa-press.net\/congo-kinshasa\/sites\/49\/2026\/04\/sm_1776571853.834675.jpg","datePublished":"2026-03-21T15:18:00+00:00","dateModified":"2026-04-19T09:42:55+00:00","author":{"@id":"https:\/\/www.africa-press.net\/congo-kinshasa\/#\/schema\/person\/2b1cf3cd81a31e3cd26889ca66d677f1"},"description":"-article-header-tag\"> Africa-Press - Congo Kinshasa. Au PPRD, ou\u0300 le syndr ...","breadcrumb":{"@id":"https:\/\/www.africa-press.net\/congo-kinshasa\/politique\/lombre-de-joseph-kabila-heritage-rassurant-ou-emprisonnant#breadcrumb"},"inLanguage":"fr-FR","potentialAction":[{"@type":"ReadAction","target":["https:\/\/www.africa-press.net\/congo-kinshasa\/politique\/lombre-de-joseph-kabila-heritage-rassurant-ou-emprisonnant"]}]},{"@type":"ImageObject","inLanguage":"fr-FR","@id":"https:\/\/www.africa-press.net\/congo-kinshasa\/politique\/lombre-de-joseph-kabila-heritage-rassurant-ou-emprisonnant#primaryimage","url":"https:\/\/static.africa-press.net\/congo-kinshasa\/sites\/49\/2026\/04\/sm_1776571853.834675.jpg","contentUrl":"https:\/\/static.africa-press.net\/congo-kinshasa\/sites\/49\/2026\/04\/sm_1776571853.834675.jpg","width":720,"height":343,"caption":"L'Ombre de Joseph Kabila: He\u0301ritage Rassurant ou Emprisonnant"},{"@type":"BreadcrumbList","@id":"https:\/\/www.africa-press.net\/congo-kinshasa\/politique\/lombre-de-joseph-kabila-heritage-rassurant-ou-emprisonnant#breadcrumb","itemListElement":[{"@type":"ListItem","position":1,"name":"Accueil","item":"https:\/\/www.africa-press.net\/congo-kinshasa\/"},{"@type":"ListItem","position":2,"name":"L&#8217;Ombre de Joseph Kabila: He\u0301ritage Rassurant ou Emprisonnant"}]},{"@type":"WebSite","@id":"https:\/\/www.africa-press.net\/congo-kinshasa\/#website","url":"https:\/\/www.africa-press.net\/congo-kinshasa\/","name":"Congo-kinshasa","description":"Just another Africa News Agency Sites site","potentialAction":[{"@type":"SearchAction","target":{"@type":"EntryPoint","urlTemplate":"https:\/\/www.africa-press.net\/congo-kinshasa\/?s={search_term_string}"},"query-input":{"@type":"PropertyValueSpecification","valueRequired":true,"valueName":"search_term_string"}}],"inLanguage":"fr-FR"},{"@type":"Person","@id":"https:\/\/www.africa-press.net\/congo-kinshasa\/#\/schema\/person\/2b1cf3cd81a31e3cd26889ca66d677f1","name":"cfeditorfr"}]}},"_links":{"self":[{"href":"https:\/\/www.africa-press.net\/congo-kinshasa\/wp-json\/wp\/v2\/posts\/137722","targetHints":{"allow":["GET"]}}],"collection":[{"href":"https:\/\/www.africa-press.net\/congo-kinshasa\/wp-json\/wp\/v2\/posts"}],"about":[{"href":"https:\/\/www.africa-press.net\/congo-kinshasa\/wp-json\/wp\/v2\/types\/post"}],"author":[{"embeddable":true,"href":"https:\/\/www.africa-press.net\/congo-kinshasa\/wp-json\/wp\/v2\/users\/82"}],"replies":[{"embeddable":true,"href":"https:\/\/www.africa-press.net\/congo-kinshasa\/wp-json\/wp\/v2\/comments?post=137722"}],"version-history":[{"count":1,"href":"https:\/\/www.africa-press.net\/congo-kinshasa\/wp-json\/wp\/v2\/posts\/137722\/revisions"}],"predecessor-version":[{"id":138087,"href":"https:\/\/www.africa-press.net\/congo-kinshasa\/wp-json\/wp\/v2\/posts\/137722\/revisions\/138087"}],"wp:featuredmedia":[{"embeddable":true,"href":"https:\/\/www.africa-press.net\/congo-kinshasa\/wp-json\/wp\/v2\/media\/137721"}],"wp:attachment":[{"href":"https:\/\/www.africa-press.net\/congo-kinshasa\/wp-json\/wp\/v2\/media?parent=137722"}],"wp:term":[{"taxonomy":"category","embeddable":true,"href":"https:\/\/www.africa-press.net\/congo-kinshasa\/wp-json\/wp\/v2\/categories?post=137722"},{"taxonomy":"post_tag","embeddable":true,"href":"https:\/\/www.africa-press.net\/congo-kinshasa\/wp-json\/wp\/v2\/tags?post=137722"}],"curies":[{"name":"wp","href":"https:\/\/api.w.org\/{rel}","templated":true}]}}