{"id":138183,"date":"2026-03-29T20:48:00","date_gmt":"2026-03-29T20:48:00","guid":{"rendered":"https:\/\/www.africa-press.net\/congo-kinshasa\/politique\/delegation-congolaise-arrive-a-guadalajara-pour-2026"},"modified":"2026-04-19T10:57:20","modified_gmt":"2026-04-19T10:57:20","slug":"delegation-congolaise-arrive-a-guadalajara-pour-2026","status":"publish","type":"post","link":"https:\/\/www.africa-press.net\/congo-kinshasa\/sports\/delegation-congolaise-arrive-a-guadalajara-pour-2026","title":{"rendered":"D\u00e9l\u00e9gation Congolaise Arrive \u00e0 Guadalajara pour 2026"},"content":{"rendered":"<p><span class=\"ap-article-header-tag\"> <strong>Africa-Press &#8211; Congo Kinshasa. <\/strong> <\/span><b>Apre\u0300s plusieurs heures de vol, la de\u0301le\u0301gation venue de Re\u0301publique de\u0301mocratique du Congo, pre\u0301cise\u0301ment de Kinshasa, a atterri ce lundi 30 mars a\u0300 Guadalajara, au Mexique. Une arrive\u0301e tre\u0300s attendue qui marque le de\u0301but d\u2019un soutien de proximite\u0301 pour les Le\u0301opards, engage\u0301s dans une e\u0301che\u0301ance capitale pour leur avenir sur la sce\u0300ne internationale.<\/b><\/p>\n<p>Ce de\u0301placement s\u2019inscrit dans le cadre de la finale des barrages intercontinentaux de la Coupe du monde de la FIFA 2026, ou\u0300 la E\u0301quipe de la RDC affrontera la Jamai\u0308que ce mardi 31 mars.<\/p>\n<p>Un duel de\u0301cisif qui pourrait permettre aux Congolais de renouer avec le Mondial apre\u0300s plusieurs de\u0301cennies d\u2019absence, faisant de cette rencontre un moment historique pour tout un peuple.<\/p>\n<p>Gra\u0302ce aux efforts soutenus du ministre des Sports et Loisirs, Didier Budimbu, pre\u0300s de 400 supporters congolais ont pu effectuer le de\u0301placement afin d\u2019encourager les Fauves sur place.<\/p>\n<p>Une mobilisation exceptionnelle qui te\u0301moigne de l\u2019unite\u0301 et de la ferveur nationale autour de cette rencontre capitale, avec l\u2019espoir de voir la RDC e\u0301crire une nouvelle page glorieuse de son histoire footballistique.<\/p>\n<p class=\"ap-article-footer-note\">Retrouvez plus d\u2019actualit\u00e9s et d\u2019analyses sur <span class=\"ap-highlight-country\">Congo Kinshasa<\/span> sur le site <span class=\"ap-highlight-brand\">Africa Press<\/span><\/p>\n","protected":false},"excerpt":{"rendered":"<p>Africa-Press &#8211; Congo Kinshasa. Apre\u0300s plusieurs heures de vol, la de\u0301le\u0301gation venue de Re\u0301publique de\u0301mocratique du Congo, pre\u0301cise\u0301ment de Kinshasa, a atterri ce lundi 30 mars a\u0300 Guadalajara, au Mexique. Une arrive\u0301e tre\u0300s attendue qui marque le de\u0301but d\u2019un soutien de proximite\u0301 pour les Le\u0301opards, engage\u0301s dans une e\u0301che\u0301ance capitale pour leur avenir sur la [&hellip;]<\/p>\n","protected":false},"author":82,"featured_media":138182,"comment_status":"open","ping_status":"closed","sticky":false,"template":"","format":"standard","meta":{"footnotes":""},"categories":[6,10],"tags":[46],"class_list":["post-138183","post","type-post","status-publish","format-standard","has-post-thumbnail","hentry","category-sports","category-toutes-les-actualites","tag-congo-kinshasa"],"yoast_head":"<!-- This site is optimized with the Yoast SEO Premium plugin v26.1 (Yoast SEO v27.0) - https:\/\/yoast.com\/product\/yoast-seo-premium-wordpress\/ -->\n<title>D\u00e9l\u00e9gation Congolaise Arrive \u00e0 Guadalajara pour 2026 - Congo-kinshasa<\/title>\n<meta name=\"description\" content=\"-article-header-tag&quot;&gt; Africa-Press - Congo Kinshasa. Apre\u0300s plusieurs heur ...\" \/>\n<meta name=\"robots\" content=\"index, follow, max-snippet:-1, max-image-preview:large, max-video-preview:-1\" \/>\n<link rel=\"canonical\" href=\"https:\/\/www.africa-press.net\/congo-kinshasa\/sports\/delegation-congolaise-arrive-a-guadalajara-pour-2026\" \/>\n<meta property=\"og:locale\" content=\"fr_FR\" \/>\n<meta property=\"og:type\" content=\"article\" \/>\n<meta property=\"og:title\" content=\"D\u00e9l\u00e9gation Congolaise Arrive \u00e0 Guadalajara pour 2026\" \/>\n<meta property=\"og:description\" content=\"-article-header-tag&quot;&gt; Africa-Press - Congo Kinshasa. Apre\u0300s plusieurs heur ...\" \/>\n<meta property=\"og:url\" content=\"https:\/\/www.africa-press.net\/congo-kinshasa\/sports\/delegation-congolaise-arrive-a-guadalajara-pour-2026\" \/>\n<meta property=\"og:site_name\" content=\"Congo-kinshasa\" \/>\n<meta property=\"article:published_time\" content=\"2026-03-29T20:48:00+00:00\" \/>\n<meta property=\"article:modified_time\" content=\"2026-04-19T10:57:20+00:00\" \/>\n<meta property=\"og:image\" content=\"https:\/\/static.africa-press.net\/congo-kinshasa\/sites\/49\/2026\/04\/sm_1776592506.258718.jpg\" \/>\n\t<meta property=\"og:image:width\" content=\"1080\" \/>\n\t<meta property=\"og:image:height\" content=\"718\" \/>\n\t<meta property=\"og:image:type\" content=\"image\/jpeg\" \/>\n<meta name=\"author\" content=\"cfeditorfr\" \/>\n<meta name=\"twitter:card\" content=\"summary_large_image\" \/>\n<meta name=\"twitter:label1\" content=\"\u00c9crit par\" \/>\n\t<meta name=\"twitter:data1\" content=\"cfeditorfr\" \/>\n\t<meta name=\"twitter:label2\" content=\"Dur\u00e9e de lecture estim\u00e9e\" \/>\n\t<meta name=\"twitter:data2\" content=\"2 minutes\" \/>\n<script type=\"application\/ld+json\" class=\"yoast-schema-graph\">{\"@context\":\"https:\/\/schema.org\",\"@graph\":[{\"@type\":\"Article\",\"@id\":\"https:\/\/www.africa-press.net\/congo-kinshasa\/sports\/delegation-congolaise-arrive-a-guadalajara-pour-2026#article\",\"isPartOf\":{\"@id\":\"https:\/\/www.africa-press.net\/congo-kinshasa\/sports\/delegation-congolaise-arrive-a-guadalajara-pour-2026\"},\"author\":{\"name\":\"cfeditorfr\",\"@id\":\"https:\/\/www.africa-press.net\/congo-kinshasa\/#\/schema\/person\/2b1cf3cd81a31e3cd26889ca66d677f1\"},\"headline\":\"D\u00e9l\u00e9gation Congolaise Arrive \u00e0 Guadalajara pour 2026\",\"datePublished\":\"2026-03-29T20:48:00+00:00\",\"dateModified\":\"2026-04-19T10:57:20+00:00\",\"mainEntityOfPage\":{\"@id\":\"https:\/\/www.africa-press.net\/congo-kinshasa\/sports\/delegation-congolaise-arrive-a-guadalajara-pour-2026\"},\"wordCount\":230,\"commentCount\":0,\"image\":{\"@id\":\"https:\/\/www.africa-press.net\/congo-kinshasa\/sports\/delegation-congolaise-arrive-a-guadalajara-pour-2026#primaryimage\"},\"thumbnailUrl\":\"https:\/\/static.africa-press.net\/congo-kinshasa\/sites\/49\/2026\/04\/sm_1776592506.258718.jpg\",\"keywords\":[\"Congo Kinshasa\"],\"articleSection\":[\"Sports\",\"Toutes les actualit\u00e9s\"],\"inLanguage\":\"fr-FR\",\"potentialAction\":[{\"@type\":\"CommentAction\",\"name\":\"Comment\",\"target\":[\"https:\/\/www.africa-press.net\/congo-kinshasa\/sports\/delegation-congolaise-arrive-a-guadalajara-pour-2026#respond\"]}]},{\"@type\":\"WebPage\",\"@id\":\"https:\/\/www.africa-press.net\/congo-kinshasa\/sports\/delegation-congolaise-arrive-a-guadalajara-pour-2026\",\"url\":\"https:\/\/www.africa-press.net\/congo-kinshasa\/sports\/delegation-congolaise-arrive-a-guadalajara-pour-2026\",\"name\":\"D\u00e9l\u00e9gation Congolaise Arrive \u00e0 Guadalajara pour 2026 - Congo-kinshasa\",\"isPartOf\":{\"@id\":\"https:\/\/www.africa-press.net\/congo-kinshasa\/#website\"},\"primaryImageOfPage\":{\"@id\":\"https:\/\/www.africa-press.net\/congo-kinshasa\/sports\/delegation-congolaise-arrive-a-guadalajara-pour-2026#primaryimage\"},\"image\":{\"@id\":\"https:\/\/www.africa-press.net\/congo-kinshasa\/sports\/delegation-congolaise-arrive-a-guadalajara-pour-2026#primaryimage\"},\"thumbnailUrl\":\"https:\/\/static.africa-press.net\/congo-kinshasa\/sites\/49\/2026\/04\/sm_1776592506.258718.jpg\",\"datePublished\":\"2026-03-29T20:48:00+00:00\",\"dateModified\":\"2026-04-19T10:57:20+00:00\",\"author\":{\"@id\":\"https:\/\/www.africa-press.net\/congo-kinshasa\/#\/schema\/person\/2b1cf3cd81a31e3cd26889ca66d677f1\"},\"description\":\"-article-header-tag\\\"> Africa-Press - Congo Kinshasa. Apre\u0300s plusieurs heur ...\",\"breadcrumb\":{\"@id\":\"https:\/\/www.africa-press.net\/congo-kinshasa\/sports\/delegation-congolaise-arrive-a-guadalajara-pour-2026#breadcrumb\"},\"inLanguage\":\"fr-FR\",\"potentialAction\":[{\"@type\":\"ReadAction\",\"target\":[\"https:\/\/www.africa-press.net\/congo-kinshasa\/sports\/delegation-congolaise-arrive-a-guadalajara-pour-2026\"]}]},{\"@type\":\"ImageObject\",\"inLanguage\":\"fr-FR\",\"@id\":\"https:\/\/www.africa-press.net\/congo-kinshasa\/sports\/delegation-congolaise-arrive-a-guadalajara-pour-2026#primaryimage\",\"url\":\"https:\/\/static.africa-press.net\/congo-kinshasa\/sites\/49\/2026\/04\/sm_1776592506.258718.jpg\",\"contentUrl\":\"https:\/\/static.africa-press.net\/congo-kinshasa\/sites\/49\/2026\/04\/sm_1776592506.258718.jpg\",\"width\":1080,\"height\":718,\"caption\":\"D\u00e9l\u00e9gation Congolaise Arrive \u00e0 Guadalajara pour 2026\"},{\"@type\":\"BreadcrumbList\",\"@id\":\"https:\/\/www.africa-press.net\/congo-kinshasa\/sports\/delegation-congolaise-arrive-a-guadalajara-pour-2026#breadcrumb\",\"itemListElement\":[{\"@type\":\"ListItem\",\"position\":1,\"name\":\"Accueil\",\"item\":\"https:\/\/www.africa-press.net\/congo-kinshasa\/\"},{\"@type\":\"ListItem\",\"position\":2,\"name\":\"D\u00e9l\u00e9gation Congolaise Arrive \u00e0 Guadalajara pour 2026\"}]},{\"@type\":\"WebSite\",\"@id\":\"https:\/\/www.africa-press.net\/congo-kinshasa\/#website\",\"url\":\"https:\/\/www.africa-press.net\/congo-kinshasa\/\",\"name\":\"Congo-kinshasa\",\"description\":\"Just another Africa News Agency Sites site\",\"potentialAction\":[{\"@type\":\"SearchAction\",\"target\":{\"@type\":\"EntryPoint\",\"urlTemplate\":\"https:\/\/www.africa-press.net\/congo-kinshasa\/?s={search_term_string}\"},\"query-input\":{\"@type\":\"PropertyValueSpecification\",\"valueRequired\":true,\"valueName\":\"search_term_string\"}}],\"inLanguage\":\"fr-FR\"},{\"@type\":\"Person\",\"@id\":\"https:\/\/www.africa-press.net\/congo-kinshasa\/#\/schema\/person\/2b1cf3cd81a31e3cd26889ca66d677f1\",\"name\":\"cfeditorfr\"}]}<\/script>\n<!-- \/ Yoast SEO Premium plugin. -->","yoast_head_json":{"title":"D\u00e9l\u00e9gation Congolaise Arrive \u00e0 Guadalajara pour 2026 - Congo-kinshasa","description":"-article-header-tag\"> Africa-Press - Congo Kinshasa. Apre\u0300s plusieurs heur ...","robots":{"index":"index","follow":"follow","max-snippet":"max-snippet:-1","max-image-preview":"max-image-preview:large","max-video-preview":"max-video-preview:-1"},"canonical":"https:\/\/www.africa-press.net\/congo-kinshasa\/sports\/delegation-congolaise-arrive-a-guadalajara-pour-2026","og_locale":"fr_FR","og_type":"article","og_title":"D\u00e9l\u00e9gation Congolaise Arrive \u00e0 Guadalajara pour 2026","og_description":"-article-header-tag\"> Africa-Press - Congo Kinshasa. Apre\u0300s plusieurs heur ...","og_url":"https:\/\/www.africa-press.net\/congo-kinshasa\/sports\/delegation-congolaise-arrive-a-guadalajara-pour-2026","og_site_name":"Congo-kinshasa","article_published_time":"2026-03-29T20:48:00+00:00","article_modified_time":"2026-04-19T10:57:20+00:00","og_image":[{"width":1080,"height":718,"url":"https:\/\/static.africa-press.net\/congo-kinshasa\/sites\/49\/2026\/04\/sm_1776592506.258718.jpg","type":"image\/jpeg"}],"author":"cfeditorfr","twitter_card":"summary_large_image","twitter_misc":{"\u00c9crit par":"cfeditorfr","Dur\u00e9e de lecture estim\u00e9e":"2 minutes"},"schema":{"@context":"https:\/\/schema.org","@graph":[{"@type":"Article","@id":"https:\/\/www.africa-press.net\/congo-kinshasa\/sports\/delegation-congolaise-arrive-a-guadalajara-pour-2026#article","isPartOf":{"@id":"https:\/\/www.africa-press.net\/congo-kinshasa\/sports\/delegation-congolaise-arrive-a-guadalajara-pour-2026"},"author":{"name":"cfeditorfr","@id":"https:\/\/www.africa-press.net\/congo-kinshasa\/#\/schema\/person\/2b1cf3cd81a31e3cd26889ca66d677f1"},"headline":"D\u00e9l\u00e9gation Congolaise Arrive \u00e0 Guadalajara pour 2026","datePublished":"2026-03-29T20:48:00+00:00","dateModified":"2026-04-19T10:57:20+00:00","mainEntityOfPage":{"@id":"https:\/\/www.africa-press.net\/congo-kinshasa\/sports\/delegation-congolaise-arrive-a-guadalajara-pour-2026"},"wordCount":230,"commentCount":0,"image":{"@id":"https:\/\/www.africa-press.net\/congo-kinshasa\/sports\/delegation-congolaise-arrive-a-guadalajara-pour-2026#primaryimage"},"thumbnailUrl":"https:\/\/static.africa-press.net\/congo-kinshasa\/sites\/49\/2026\/04\/sm_1776592506.258718.jpg","keywords":["Congo Kinshasa"],"articleSection":["Sports","Toutes les actualit\u00e9s"],"inLanguage":"fr-FR","potentialAction":[{"@type":"CommentAction","name":"Comment","target":["https:\/\/www.africa-press.net\/congo-kinshasa\/sports\/delegation-congolaise-arrive-a-guadalajara-pour-2026#respond"]}]},{"@type":"WebPage","@id":"https:\/\/www.africa-press.net\/congo-kinshasa\/sports\/delegation-congolaise-arrive-a-guadalajara-pour-2026","url":"https:\/\/www.africa-press.net\/congo-kinshasa\/sports\/delegation-congolaise-arrive-a-guadalajara-pour-2026","name":"D\u00e9l\u00e9gation Congolaise Arrive \u00e0 Guadalajara pour 2026 - Congo-kinshasa","isPartOf":{"@id":"https:\/\/www.africa-press.net\/congo-kinshasa\/#website"},"primaryImageOfPage":{"@id":"https:\/\/www.africa-press.net\/congo-kinshasa\/sports\/delegation-congolaise-arrive-a-guadalajara-pour-2026#primaryimage"},"image":{"@id":"https:\/\/www.africa-press.net\/congo-kinshasa\/sports\/delegation-congolaise-arrive-a-guadalajara-pour-2026#primaryimage"},"thumbnailUrl":"https:\/\/static.africa-press.net\/congo-kinshasa\/sites\/49\/2026\/04\/sm_1776592506.258718.jpg","datePublished":"2026-03-29T20:48:00+00:00","dateModified":"2026-04-19T10:57:20+00:00","author":{"@id":"https:\/\/www.africa-press.net\/congo-kinshasa\/#\/schema\/person\/2b1cf3cd81a31e3cd26889ca66d677f1"},"description":"-article-header-tag\"> Africa-Press - Congo Kinshasa. Apre\u0300s plusieurs heur ...","breadcrumb":{"@id":"https:\/\/www.africa-press.net\/congo-kinshasa\/sports\/delegation-congolaise-arrive-a-guadalajara-pour-2026#breadcrumb"},"inLanguage":"fr-FR","potentialAction":[{"@type":"ReadAction","target":["https:\/\/www.africa-press.net\/congo-kinshasa\/sports\/delegation-congolaise-arrive-a-guadalajara-pour-2026"]}]},{"@type":"ImageObject","inLanguage":"fr-FR","@id":"https:\/\/www.africa-press.net\/congo-kinshasa\/sports\/delegation-congolaise-arrive-a-guadalajara-pour-2026#primaryimage","url":"https:\/\/static.africa-press.net\/congo-kinshasa\/sites\/49\/2026\/04\/sm_1776592506.258718.jpg","contentUrl":"https:\/\/static.africa-press.net\/congo-kinshasa\/sites\/49\/2026\/04\/sm_1776592506.258718.jpg","width":1080,"height":718,"caption":"D\u00e9l\u00e9gation Congolaise Arrive \u00e0 Guadalajara pour 2026"},{"@type":"BreadcrumbList","@id":"https:\/\/www.africa-press.net\/congo-kinshasa\/sports\/delegation-congolaise-arrive-a-guadalajara-pour-2026#breadcrumb","itemListElement":[{"@type":"ListItem","position":1,"name":"Accueil","item":"https:\/\/www.africa-press.net\/congo-kinshasa\/"},{"@type":"ListItem","position":2,"name":"D\u00e9l\u00e9gation Congolaise Arrive \u00e0 Guadalajara pour 2026"}]},{"@type":"WebSite","@id":"https:\/\/www.africa-press.net\/congo-kinshasa\/#website","url":"https:\/\/www.africa-press.net\/congo-kinshasa\/","name":"Congo-kinshasa","description":"Just another Africa News Agency Sites site","potentialAction":[{"@type":"SearchAction","target":{"@type":"EntryPoint","urlTemplate":"https:\/\/www.africa-press.net\/congo-kinshasa\/?s={search_term_string}"},"query-input":{"@type":"PropertyValueSpecification","valueRequired":true,"valueName":"search_term_string"}}],"inLanguage":"fr-FR"},{"@type":"Person","@id":"https:\/\/www.africa-press.net\/congo-kinshasa\/#\/schema\/person\/2b1cf3cd81a31e3cd26889ca66d677f1","name":"cfeditorfr"}]}},"_links":{"self":[{"href":"https:\/\/www.africa-press.net\/congo-kinshasa\/wp-json\/wp\/v2\/posts\/138183","targetHints":{"allow":["GET"]}}],"collection":[{"href":"https:\/\/www.africa-press.net\/congo-kinshasa\/wp-json\/wp\/v2\/posts"}],"about":[{"href":"https:\/\/www.africa-press.net\/congo-kinshasa\/wp-json\/wp\/v2\/types\/post"}],"author":[{"embeddable":true,"href":"https:\/\/www.africa-press.net\/congo-kinshasa\/wp-json\/wp\/v2\/users\/82"}],"replies":[{"embeddable":true,"href":"https:\/\/www.africa-press.net\/congo-kinshasa\/wp-json\/wp\/v2\/comments?post=138183"}],"version-history":[{"count":1,"href":"https:\/\/www.africa-press.net\/congo-kinshasa\/wp-json\/wp\/v2\/posts\/138183\/revisions"}],"predecessor-version":[{"id":138381,"href":"https:\/\/www.africa-press.net\/congo-kinshasa\/wp-json\/wp\/v2\/posts\/138183\/revisions\/138381"}],"wp:featuredmedia":[{"embeddable":true,"href":"https:\/\/www.africa-press.net\/congo-kinshasa\/wp-json\/wp\/v2\/media\/138182"}],"wp:attachment":[{"href":"https:\/\/www.africa-press.net\/congo-kinshasa\/wp-json\/wp\/v2\/media?parent=138183"}],"wp:term":[{"taxonomy":"category","embeddable":true,"href":"https:\/\/www.africa-press.net\/congo-kinshasa\/wp-json\/wp\/v2\/categories?post=138183"},{"taxonomy":"post_tag","embeddable":true,"href":"https:\/\/www.africa-press.net\/congo-kinshasa\/wp-json\/wp\/v2\/tags?post=138183"}],"curies":[{"name":"wp","href":"https:\/\/api.w.org\/{rel}","templated":true}]}}