{"id":138189,"date":"2026-03-29T20:52:00","date_gmt":"2026-03-29T20:52:00","guid":{"rendered":"https:\/\/www.africa-press.net\/congo-kinshasa\/politique\/barrages-mondial-rdc-jamaique-animateur-lumumba-absent"},"modified":"2026-04-19T10:57:57","modified_gmt":"2026-04-19T10:57:57","slug":"barrages-mondial-rdc-jamaique-animateur-lumumba-absent","status":"publish","type":"post","link":"https:\/\/www.africa-press.net\/congo-kinshasa\/sports\/barrages-mondial-rdc-jamaique-animateur-lumumba-absent","title":{"rendered":"Barrages Mondial RDC Jama\u00efque Animateur Lumumba Absent"},"content":{"rendered":"<p><span class=\"ap-article-header-tag\"> <strong>Africa-Press &#8211; Congo Kinshasa. <\/strong> <\/span><b>L\u2019animateur Michel Kuka Mbolandinga, plus connu sous le nom de \u00ab Lumumba Vea \u00bb, ne pourra finalement pas se rendre au Mexique pour accompagner la se\u0301lection nationale dans le cadre des barrages du Mondial.<\/b><\/p>\n<p>Dans un message publie\u0301, il explique que des difficulte\u0301s lie\u0301es a\u0300 l\u2019obtention de visa ont compromis son de\u0301placement. Pre\u0301sent au Kenya avec d\u2019autres animateurs, il indique que malgre\u0301 les efforts fournis, notamment par le ministre des Sports Didier Budimbu, les de\u0301marches n\u2019ont pas abouti.<\/p>\n<p>De retour a\u0300 Kinshasa dans la matine\u0301e du dimanche 29 mars, Michel Kuka a tente\u0301 une dernie\u0300re solution en se rendant en E\u0301thiopie, pre\u0301cise\u0301ment a\u0300 Addis-Abeba, afin d\u2019introduire une demande de visa express. Malgre\u0301 des contacts sur place, les de\u0301lais de traitement, estime\u0301s a\u0300 au moins 24 heures dans des conditions spe\u0301cifiques, n\u2019ont pas permis de finaliser la proce\u0301dure a\u0300 temps.<\/p>\n<p>Tenant compte de l\u2019urgence de la mission, ainsi que de la dure\u0301e du voyage vers le Mexique, comprise entre 18 et 30 heures selon les escales, il a juge\u0301 impossible d\u2019arriver dans des conditions optimales pour remplir son ro\u0302le.<\/p>\n<p>L\u2019animateur a ainsi de\u0301cide\u0301 de regagner Kinshasa et d\u2019apporter son soutien a\u0300 distance a\u0300 la se\u0301lection nationale. Il a e\u0301galement exprime\u0301 sa gratitude envers une personne reste\u0301e anonyme, qui l\u2019a assiste\u0301 dans ses de\u0301marches jusqu\u2019au bout.<\/p>\n<p>Figure marquante du paysage me\u0301diatique congolais, \u00ab Lumumba Vea \u00bb s\u2019est notamment illustre\u0301 lors de la dernie\u0300re Coupe d&rsquo;Afrique des Nations, ou\u0300 il s\u2019e\u0301tait impose\u0301 comme l\u2019un des animateurs les plus en vue autour des Le\u0301opards.<\/p>\n<p>Pour rappel, la e\u0301quipe nationale de football de la RDC affrontera la e\u0301quipe nationale de football de la Jamai\u0308que ce mardi 31 mars a\u0300 22 heures (heure de Kinshasa), dans un match de\u0301cisif des barrages. Une victoire offrirait a\u0300 la RDC une qualification pour la Coupe du monde de football 2026, 52 ans apre\u0300s sa premie\u0300re participation en 1974.<\/p>\n<p class=\"ap-article-footer-note\">Retrouvez plus d\u2019actualit\u00e9s et d\u2019analyses sur <span class=\"ap-highlight-country\">Congo Kinshasa<\/span> sur le site <span class=\"ap-highlight-brand\">Africa Press<\/span><\/p>\n","protected":false},"excerpt":{"rendered":"<p>Africa-Press &#8211; Congo Kinshasa. L\u2019animateur Michel Kuka Mbolandinga, plus connu sous le nom de \u00ab Lumumba Vea \u00bb, ne pourra finalement pas se rendre au Mexique pour accompagner la se\u0301lection nationale dans le cadre des barrages du Mondial. Dans un message publie\u0301, il explique que des difficulte\u0301s lie\u0301es a\u0300 l\u2019obtention de visa ont compromis son [&hellip;]<\/p>\n","protected":false},"author":82,"featured_media":138188,"comment_status":"open","ping_status":"closed","sticky":false,"template":"","format":"standard","meta":{"footnotes":""},"categories":[6,10],"tags":[46],"class_list":["post-138189","post","type-post","status-publish","format-standard","has-post-thumbnail","hentry","category-sports","category-toutes-les-actualites","tag-congo-kinshasa"],"yoast_head":"<!-- This site is optimized with the Yoast SEO Premium plugin v26.1 (Yoast SEO v27.0) - https:\/\/yoast.com\/product\/yoast-seo-premium-wordpress\/ -->\n<title>Barrages Mondial RDC Jama\u00efque Animateur Lumumba Absent - Congo-kinshasa<\/title>\n<meta name=\"description\" content=\"-article-header-tag&quot;&gt; Africa-Press - Congo Kinshasa. L\u2019animateur Michel Ku ...\" \/>\n<meta name=\"robots\" content=\"index, follow, max-snippet:-1, max-image-preview:large, max-video-preview:-1\" \/>\n<link rel=\"canonical\" href=\"https:\/\/www.africa-press.net\/congo-kinshasa\/sports\/barrages-mondial-rdc-jamaique-animateur-lumumba-absent\" \/>\n<meta property=\"og:locale\" content=\"fr_FR\" \/>\n<meta property=\"og:type\" content=\"article\" \/>\n<meta property=\"og:title\" content=\"Barrages Mondial RDC Jama\u00efque Animateur Lumumba Absent\" \/>\n<meta property=\"og:description\" content=\"-article-header-tag&quot;&gt; Africa-Press - Congo Kinshasa. L\u2019animateur Michel Ku ...\" \/>\n<meta property=\"og:url\" content=\"https:\/\/www.africa-press.net\/congo-kinshasa\/sports\/barrages-mondial-rdc-jamaique-animateur-lumumba-absent\" \/>\n<meta property=\"og:site_name\" content=\"Congo-kinshasa\" \/>\n<meta property=\"article:published_time\" content=\"2026-03-29T20:52:00+00:00\" \/>\n<meta property=\"article:modified_time\" content=\"2026-04-19T10:57:57+00:00\" \/>\n<meta property=\"og:image\" content=\"https:\/\/static.africa-press.net\/congo-kinshasa\/sites\/49\/2026\/04\/sm_1776592574.968649.jpg\" \/>\n\t<meta property=\"og:image:width\" content=\"1181\" \/>\n\t<meta property=\"og:image:height\" content=\"768\" \/>\n\t<meta property=\"og:image:type\" content=\"image\/jpeg\" \/>\n<meta name=\"author\" content=\"cfeditorfr\" \/>\n<meta name=\"twitter:card\" content=\"summary_large_image\" \/>\n<meta name=\"twitter:label1\" content=\"\u00c9crit par\" \/>\n\t<meta name=\"twitter:data1\" content=\"cfeditorfr\" \/>\n\t<meta name=\"twitter:label2\" content=\"Dur\u00e9e de lecture estim\u00e9e\" \/>\n\t<meta name=\"twitter:data2\" content=\"2 minutes\" \/>\n<script type=\"application\/ld+json\" class=\"yoast-schema-graph\">{\"@context\":\"https:\/\/schema.org\",\"@graph\":[{\"@type\":\"Article\",\"@id\":\"https:\/\/www.africa-press.net\/congo-kinshasa\/sports\/barrages-mondial-rdc-jamaique-animateur-lumumba-absent#article\",\"isPartOf\":{\"@id\":\"https:\/\/www.africa-press.net\/congo-kinshasa\/sports\/barrages-mondial-rdc-jamaique-animateur-lumumba-absent\"},\"author\":{\"name\":\"cfeditorfr\",\"@id\":\"https:\/\/www.africa-press.net\/congo-kinshasa\/#\/schema\/person\/2b1cf3cd81a31e3cd26889ca66d677f1\"},\"headline\":\"Barrages Mondial RDC Jama\u00efque Animateur Lumumba Absent\",\"datePublished\":\"2026-03-29T20:52:00+00:00\",\"dateModified\":\"2026-04-19T10:57:57+00:00\",\"mainEntityOfPage\":{\"@id\":\"https:\/\/www.africa-press.net\/congo-kinshasa\/sports\/barrages-mondial-rdc-jamaique-animateur-lumumba-absent\"},\"wordCount\":372,\"commentCount\":0,\"image\":{\"@id\":\"https:\/\/www.africa-press.net\/congo-kinshasa\/sports\/barrages-mondial-rdc-jamaique-animateur-lumumba-absent#primaryimage\"},\"thumbnailUrl\":\"https:\/\/static.africa-press.net\/congo-kinshasa\/sites\/49\/2026\/04\/sm_1776592574.968649.jpg\",\"keywords\":[\"Congo Kinshasa\"],\"articleSection\":[\"Sports\",\"Toutes les actualit\u00e9s\"],\"inLanguage\":\"fr-FR\",\"potentialAction\":[{\"@type\":\"CommentAction\",\"name\":\"Comment\",\"target\":[\"https:\/\/www.africa-press.net\/congo-kinshasa\/sports\/barrages-mondial-rdc-jamaique-animateur-lumumba-absent#respond\"]}]},{\"@type\":\"WebPage\",\"@id\":\"https:\/\/www.africa-press.net\/congo-kinshasa\/sports\/barrages-mondial-rdc-jamaique-animateur-lumumba-absent\",\"url\":\"https:\/\/www.africa-press.net\/congo-kinshasa\/sports\/barrages-mondial-rdc-jamaique-animateur-lumumba-absent\",\"name\":\"Barrages Mondial RDC Jama\u00efque Animateur Lumumba Absent - Congo-kinshasa\",\"isPartOf\":{\"@id\":\"https:\/\/www.africa-press.net\/congo-kinshasa\/#website\"},\"primaryImageOfPage\":{\"@id\":\"https:\/\/www.africa-press.net\/congo-kinshasa\/sports\/barrages-mondial-rdc-jamaique-animateur-lumumba-absent#primaryimage\"},\"image\":{\"@id\":\"https:\/\/www.africa-press.net\/congo-kinshasa\/sports\/barrages-mondial-rdc-jamaique-animateur-lumumba-absent#primaryimage\"},\"thumbnailUrl\":\"https:\/\/static.africa-press.net\/congo-kinshasa\/sites\/49\/2026\/04\/sm_1776592574.968649.jpg\",\"datePublished\":\"2026-03-29T20:52:00+00:00\",\"dateModified\":\"2026-04-19T10:57:57+00:00\",\"author\":{\"@id\":\"https:\/\/www.africa-press.net\/congo-kinshasa\/#\/schema\/person\/2b1cf3cd81a31e3cd26889ca66d677f1\"},\"description\":\"-article-header-tag\\\"> Africa-Press - Congo Kinshasa. L\u2019animateur Michel Ku ...\",\"breadcrumb\":{\"@id\":\"https:\/\/www.africa-press.net\/congo-kinshasa\/sports\/barrages-mondial-rdc-jamaique-animateur-lumumba-absent#breadcrumb\"},\"inLanguage\":\"fr-FR\",\"potentialAction\":[{\"@type\":\"ReadAction\",\"target\":[\"https:\/\/www.africa-press.net\/congo-kinshasa\/sports\/barrages-mondial-rdc-jamaique-animateur-lumumba-absent\"]}]},{\"@type\":\"ImageObject\",\"inLanguage\":\"fr-FR\",\"@id\":\"https:\/\/www.africa-press.net\/congo-kinshasa\/sports\/barrages-mondial-rdc-jamaique-animateur-lumumba-absent#primaryimage\",\"url\":\"https:\/\/static.africa-press.net\/congo-kinshasa\/sites\/49\/2026\/04\/sm_1776592574.968649.jpg\",\"contentUrl\":\"https:\/\/static.africa-press.net\/congo-kinshasa\/sites\/49\/2026\/04\/sm_1776592574.968649.jpg\",\"width\":1181,\"height\":768,\"caption\":\"Barrages Mondial RDC Jama\u00efque Animateur Lumumba Absent\"},{\"@type\":\"BreadcrumbList\",\"@id\":\"https:\/\/www.africa-press.net\/congo-kinshasa\/sports\/barrages-mondial-rdc-jamaique-animateur-lumumba-absent#breadcrumb\",\"itemListElement\":[{\"@type\":\"ListItem\",\"position\":1,\"name\":\"Accueil\",\"item\":\"https:\/\/www.africa-press.net\/congo-kinshasa\/\"},{\"@type\":\"ListItem\",\"position\":2,\"name\":\"Barrages Mondial RDC Jama\u00efque Animateur Lumumba Absent\"}]},{\"@type\":\"WebSite\",\"@id\":\"https:\/\/www.africa-press.net\/congo-kinshasa\/#website\",\"url\":\"https:\/\/www.africa-press.net\/congo-kinshasa\/\",\"name\":\"Congo-kinshasa\",\"description\":\"Just another Africa News Agency Sites site\",\"potentialAction\":[{\"@type\":\"SearchAction\",\"target\":{\"@type\":\"EntryPoint\",\"urlTemplate\":\"https:\/\/www.africa-press.net\/congo-kinshasa\/?s={search_term_string}\"},\"query-input\":{\"@type\":\"PropertyValueSpecification\",\"valueRequired\":true,\"valueName\":\"search_term_string\"}}],\"inLanguage\":\"fr-FR\"},{\"@type\":\"Person\",\"@id\":\"https:\/\/www.africa-press.net\/congo-kinshasa\/#\/schema\/person\/2b1cf3cd81a31e3cd26889ca66d677f1\",\"name\":\"cfeditorfr\"}]}<\/script>\n<!-- \/ Yoast SEO Premium plugin. -->","yoast_head_json":{"title":"Barrages Mondial RDC Jama\u00efque Animateur Lumumba Absent - Congo-kinshasa","description":"-article-header-tag\"> Africa-Press - Congo Kinshasa. L\u2019animateur Michel Ku ...","robots":{"index":"index","follow":"follow","max-snippet":"max-snippet:-1","max-image-preview":"max-image-preview:large","max-video-preview":"max-video-preview:-1"},"canonical":"https:\/\/www.africa-press.net\/congo-kinshasa\/sports\/barrages-mondial-rdc-jamaique-animateur-lumumba-absent","og_locale":"fr_FR","og_type":"article","og_title":"Barrages Mondial RDC Jama\u00efque Animateur Lumumba Absent","og_description":"-article-header-tag\"> Africa-Press - Congo Kinshasa. L\u2019animateur Michel Ku ...","og_url":"https:\/\/www.africa-press.net\/congo-kinshasa\/sports\/barrages-mondial-rdc-jamaique-animateur-lumumba-absent","og_site_name":"Congo-kinshasa","article_published_time":"2026-03-29T20:52:00+00:00","article_modified_time":"2026-04-19T10:57:57+00:00","og_image":[{"width":1181,"height":768,"url":"https:\/\/static.africa-press.net\/congo-kinshasa\/sites\/49\/2026\/04\/sm_1776592574.968649.jpg","type":"image\/jpeg"}],"author":"cfeditorfr","twitter_card":"summary_large_image","twitter_misc":{"\u00c9crit par":"cfeditorfr","Dur\u00e9e de lecture estim\u00e9e":"2 minutes"},"schema":{"@context":"https:\/\/schema.org","@graph":[{"@type":"Article","@id":"https:\/\/www.africa-press.net\/congo-kinshasa\/sports\/barrages-mondial-rdc-jamaique-animateur-lumumba-absent#article","isPartOf":{"@id":"https:\/\/www.africa-press.net\/congo-kinshasa\/sports\/barrages-mondial-rdc-jamaique-animateur-lumumba-absent"},"author":{"name":"cfeditorfr","@id":"https:\/\/www.africa-press.net\/congo-kinshasa\/#\/schema\/person\/2b1cf3cd81a31e3cd26889ca66d677f1"},"headline":"Barrages Mondial RDC Jama\u00efque Animateur Lumumba Absent","datePublished":"2026-03-29T20:52:00+00:00","dateModified":"2026-04-19T10:57:57+00:00","mainEntityOfPage":{"@id":"https:\/\/www.africa-press.net\/congo-kinshasa\/sports\/barrages-mondial-rdc-jamaique-animateur-lumumba-absent"},"wordCount":372,"commentCount":0,"image":{"@id":"https:\/\/www.africa-press.net\/congo-kinshasa\/sports\/barrages-mondial-rdc-jamaique-animateur-lumumba-absent#primaryimage"},"thumbnailUrl":"https:\/\/static.africa-press.net\/congo-kinshasa\/sites\/49\/2026\/04\/sm_1776592574.968649.jpg","keywords":["Congo Kinshasa"],"articleSection":["Sports","Toutes les actualit\u00e9s"],"inLanguage":"fr-FR","potentialAction":[{"@type":"CommentAction","name":"Comment","target":["https:\/\/www.africa-press.net\/congo-kinshasa\/sports\/barrages-mondial-rdc-jamaique-animateur-lumumba-absent#respond"]}]},{"@type":"WebPage","@id":"https:\/\/www.africa-press.net\/congo-kinshasa\/sports\/barrages-mondial-rdc-jamaique-animateur-lumumba-absent","url":"https:\/\/www.africa-press.net\/congo-kinshasa\/sports\/barrages-mondial-rdc-jamaique-animateur-lumumba-absent","name":"Barrages Mondial RDC Jama\u00efque Animateur Lumumba Absent - Congo-kinshasa","isPartOf":{"@id":"https:\/\/www.africa-press.net\/congo-kinshasa\/#website"},"primaryImageOfPage":{"@id":"https:\/\/www.africa-press.net\/congo-kinshasa\/sports\/barrages-mondial-rdc-jamaique-animateur-lumumba-absent#primaryimage"},"image":{"@id":"https:\/\/www.africa-press.net\/congo-kinshasa\/sports\/barrages-mondial-rdc-jamaique-animateur-lumumba-absent#primaryimage"},"thumbnailUrl":"https:\/\/static.africa-press.net\/congo-kinshasa\/sites\/49\/2026\/04\/sm_1776592574.968649.jpg","datePublished":"2026-03-29T20:52:00+00:00","dateModified":"2026-04-19T10:57:57+00:00","author":{"@id":"https:\/\/www.africa-press.net\/congo-kinshasa\/#\/schema\/person\/2b1cf3cd81a31e3cd26889ca66d677f1"},"description":"-article-header-tag\"> Africa-Press - Congo Kinshasa. L\u2019animateur Michel Ku ...","breadcrumb":{"@id":"https:\/\/www.africa-press.net\/congo-kinshasa\/sports\/barrages-mondial-rdc-jamaique-animateur-lumumba-absent#breadcrumb"},"inLanguage":"fr-FR","potentialAction":[{"@type":"ReadAction","target":["https:\/\/www.africa-press.net\/congo-kinshasa\/sports\/barrages-mondial-rdc-jamaique-animateur-lumumba-absent"]}]},{"@type":"ImageObject","inLanguage":"fr-FR","@id":"https:\/\/www.africa-press.net\/congo-kinshasa\/sports\/barrages-mondial-rdc-jamaique-animateur-lumumba-absent#primaryimage","url":"https:\/\/static.africa-press.net\/congo-kinshasa\/sites\/49\/2026\/04\/sm_1776592574.968649.jpg","contentUrl":"https:\/\/static.africa-press.net\/congo-kinshasa\/sites\/49\/2026\/04\/sm_1776592574.968649.jpg","width":1181,"height":768,"caption":"Barrages Mondial RDC Jama\u00efque Animateur Lumumba Absent"},{"@type":"BreadcrumbList","@id":"https:\/\/www.africa-press.net\/congo-kinshasa\/sports\/barrages-mondial-rdc-jamaique-animateur-lumumba-absent#breadcrumb","itemListElement":[{"@type":"ListItem","position":1,"name":"Accueil","item":"https:\/\/www.africa-press.net\/congo-kinshasa\/"},{"@type":"ListItem","position":2,"name":"Barrages Mondial RDC Jama\u00efque Animateur Lumumba Absent"}]},{"@type":"WebSite","@id":"https:\/\/www.africa-press.net\/congo-kinshasa\/#website","url":"https:\/\/www.africa-press.net\/congo-kinshasa\/","name":"Congo-kinshasa","description":"Just another Africa News Agency Sites site","potentialAction":[{"@type":"SearchAction","target":{"@type":"EntryPoint","urlTemplate":"https:\/\/www.africa-press.net\/congo-kinshasa\/?s={search_term_string}"},"query-input":{"@type":"PropertyValueSpecification","valueRequired":true,"valueName":"search_term_string"}}],"inLanguage":"fr-FR"},{"@type":"Person","@id":"https:\/\/www.africa-press.net\/congo-kinshasa\/#\/schema\/person\/2b1cf3cd81a31e3cd26889ca66d677f1","name":"cfeditorfr"}]}},"_links":{"self":[{"href":"https:\/\/www.africa-press.net\/congo-kinshasa\/wp-json\/wp\/v2\/posts\/138189","targetHints":{"allow":["GET"]}}],"collection":[{"href":"https:\/\/www.africa-press.net\/congo-kinshasa\/wp-json\/wp\/v2\/posts"}],"about":[{"href":"https:\/\/www.africa-press.net\/congo-kinshasa\/wp-json\/wp\/v2\/types\/post"}],"author":[{"embeddable":true,"href":"https:\/\/www.africa-press.net\/congo-kinshasa\/wp-json\/wp\/v2\/users\/82"}],"replies":[{"embeddable":true,"href":"https:\/\/www.africa-press.net\/congo-kinshasa\/wp-json\/wp\/v2\/comments?post=138189"}],"version-history":[{"count":1,"href":"https:\/\/www.africa-press.net\/congo-kinshasa\/wp-json\/wp\/v2\/posts\/138189\/revisions"}],"predecessor-version":[{"id":138383,"href":"https:\/\/www.africa-press.net\/congo-kinshasa\/wp-json\/wp\/v2\/posts\/138189\/revisions\/138383"}],"wp:featuredmedia":[{"embeddable":true,"href":"https:\/\/www.africa-press.net\/congo-kinshasa\/wp-json\/wp\/v2\/media\/138188"}],"wp:attachment":[{"href":"https:\/\/www.africa-press.net\/congo-kinshasa\/wp-json\/wp\/v2\/media?parent=138189"}],"wp:term":[{"taxonomy":"category","embeddable":true,"href":"https:\/\/www.africa-press.net\/congo-kinshasa\/wp-json\/wp\/v2\/categories?post=138189"},{"taxonomy":"post_tag","embeddable":true,"href":"https:\/\/www.africa-press.net\/congo-kinshasa\/wp-json\/wp\/v2\/tags?post=138189"}],"curies":[{"name":"wp","href":"https:\/\/api.w.org\/{rel}","templated":true}]}}