{"id":138201,"date":"2026-03-29T20:58:00","date_gmt":"2026-03-29T20:58:00","guid":{"rendered":"https:\/\/www.africa-press.net\/congo-kinshasa\/politique\/caf-le-secretaire-general-veron-mosengo-omba-demissionne"},"modified":"2026-04-19T11:00:07","modified_gmt":"2026-04-19T11:00:07","slug":"caf-le-secretaire-general-veron-mosengo-omba-demissionne","status":"publish","type":"post","link":"https:\/\/www.africa-press.net\/congo-kinshasa\/sports\/caf-le-secretaire-general-veron-mosengo-omba-demissionne","title":{"rendered":"CAF: le Secre\u0301taire Ge\u0301ne\u0301ral, Ve\u0301ron Mosengo-Omba, De\u0301missionne"},"content":{"rendered":"<p><span class=\"ap-article-header-tag\"> <strong>Africa-Press &#8211; Congo Kinshasa. <\/strong> <\/span><b>Dans un communique\u0301 date\u0301 du dimanche 29 mars, le Congolais Ve\u0301ron Mosengo-Omba, secre\u0301taire ge\u0301ne\u0301ral de la confe\u0301de\u0301ration africaine de football (CAF), a annonce\u0301, depuis Le Caire, sa de\u0301cision de quitter ses fonctions, apre\u0300s plus de 30 ans de carrie\u0300re professionnelle internationale.<\/b><\/p>\n<p>Dans ce document, il explique avoir choisi de se retirer afin de \u00ab se consacrer a\u0300 des projets plus personnels \u00bb, apre\u0300s un parcours consacre\u0301 a\u0300 la promotion d\u2019un football \u00ab capable de rassembler, d\u2019e\u0301duquer et de cre\u0301er des opportunite\u0301s porteuses d\u2019espoir \u00bb.<\/p>\n<p>En outre, le de\u0301sormais ancien secre\u0301taire ge\u0301ne\u0301ral de la CAF affirme quitter ses fonctions \u00ab sereinement \u00bb, apre\u0300s avoir leve\u0301 les soupc\u0327ons qui pesaient sur lui. Il souligne laisser \u00ab une CAF prospe\u0300re comme jamais \u00bb et salue les avance\u0301es re\u0301alise\u0301es au sein de l\u2019instance continentale durant son mandat.<\/p>\n<p>Dans son message, Ve\u0301ron Mosengo-Omba adresse ses remerciements au pre\u0301sident de la CAF, Patrice Motsepe, ainsi qu\u2019a\u0300 l\u2019ensemble de ses collaborateurs et acteurs du football africain qui ont contribue\u0301 au progre\u0300s de l\u2019institution.<\/p>\n<p>Ve\u0301ron Mosengo-Omba est re\u0301gulie\u0300rement cite\u0301 parmi les potentiels candidats a\u0300 la pre\u0301sidence de la fe\u0301de\u0301ration congolaise de football association (FECOFA).<\/p>\n<p>Toutefois, aucune annonce officielle de candidature n\u2019a, a\u0300 ce stade, e\u0301te\u0301 faite par l\u2019inte\u0301resse\u0301.<\/p>\n<p class=\"ap-article-footer-note\">Retrouvez plus d\u2019actualit\u00e9s et d\u2019analyses sur <span class=\"ap-highlight-country\">Congo Kinshasa<\/span> sur le site <span class=\"ap-highlight-brand\">Africa Press<\/span><\/p>\n","protected":false},"excerpt":{"rendered":"<p>Africa-Press &#8211; Congo Kinshasa. Dans un communique\u0301 date\u0301 du dimanche 29 mars, le Congolais Ve\u0301ron Mosengo-Omba, secre\u0301taire ge\u0301ne\u0301ral de la confe\u0301de\u0301ration africaine de football (CAF), a annonce\u0301, depuis Le Caire, sa de\u0301cision de quitter ses fonctions, apre\u0300s plus de 30 ans de carrie\u0300re professionnelle internationale. Dans ce document, il explique avoir choisi de se retirer [&hellip;]<\/p>\n","protected":false},"author":82,"featured_media":138200,"comment_status":"open","ping_status":"closed","sticky":false,"template":"","format":"standard","meta":{"footnotes":""},"categories":[6,10],"tags":[46],"class_list":["post-138201","post","type-post","status-publish","format-standard","has-post-thumbnail","hentry","category-sports","category-toutes-les-actualites","tag-congo-kinshasa"],"yoast_head":"<!-- This site is optimized with the Yoast SEO Premium plugin v26.1 (Yoast SEO v27.0) - https:\/\/yoast.com\/product\/yoast-seo-premium-wordpress\/ -->\n<title>CAF: le Secre\u0301taire Ge\u0301ne\u0301ral, Ve\u0301ron Mosengo-Omba, De\u0301missionne - Congo-kinshasa<\/title>\n<meta name=\"description\" content=\"-article-header-tag&quot;&gt; Africa-Press - Congo Kinshasa. Dans un communique\u0301 d ...\" \/>\n<meta name=\"robots\" content=\"index, follow, max-snippet:-1, max-image-preview:large, max-video-preview:-1\" \/>\n<link rel=\"canonical\" href=\"https:\/\/www.africa-press.net\/congo-kinshasa\/sports\/caf-le-secretaire-general-veron-mosengo-omba-demissionne\" \/>\n<meta property=\"og:locale\" content=\"fr_FR\" \/>\n<meta property=\"og:type\" content=\"article\" \/>\n<meta property=\"og:title\" content=\"CAF: le Secre\u0301taire Ge\u0301ne\u0301ral, Ve\u0301ron Mosengo-Omba, De\u0301missionne\" \/>\n<meta property=\"og:description\" content=\"-article-header-tag&quot;&gt; Africa-Press - Congo Kinshasa. Dans un communique\u0301 d ...\" \/>\n<meta property=\"og:url\" content=\"https:\/\/www.africa-press.net\/congo-kinshasa\/sports\/caf-le-secretaire-general-veron-mosengo-omba-demissionne\" \/>\n<meta property=\"og:site_name\" content=\"Congo-kinshasa\" \/>\n<meta property=\"article:published_time\" content=\"2026-03-29T20:58:00+00:00\" \/>\n<meta property=\"article:modified_time\" content=\"2026-04-19T11:00:07+00:00\" \/>\n<meta property=\"og:image\" content=\"https:\/\/static.africa-press.net\/congo-kinshasa\/sites\/49\/2026\/04\/sm_1776592785.854445.jpg\" \/>\n\t<meta property=\"og:image:width\" content=\"750\" \/>\n\t<meta property=\"og:image:height\" content=\"375\" \/>\n\t<meta property=\"og:image:type\" content=\"image\/jpeg\" \/>\n<meta name=\"author\" content=\"cfeditorfr\" \/>\n<meta name=\"twitter:card\" content=\"summary_large_image\" \/>\n<meta name=\"twitter:label1\" content=\"\u00c9crit par\" \/>\n\t<meta name=\"twitter:data1\" content=\"cfeditorfr\" \/>\n\t<meta name=\"twitter:label2\" content=\"Dur\u00e9e de lecture estim\u00e9e\" \/>\n\t<meta name=\"twitter:data2\" content=\"1 minute\" \/>\n<script type=\"application\/ld+json\" class=\"yoast-schema-graph\">{\"@context\":\"https:\/\/schema.org\",\"@graph\":[{\"@type\":\"Article\",\"@id\":\"https:\/\/www.africa-press.net\/congo-kinshasa\/sports\/caf-le-secretaire-general-veron-mosengo-omba-demissionne#article\",\"isPartOf\":{\"@id\":\"https:\/\/www.africa-press.net\/congo-kinshasa\/sports\/caf-le-secretaire-general-veron-mosengo-omba-demissionne\"},\"author\":{\"name\":\"cfeditorfr\",\"@id\":\"https:\/\/www.africa-press.net\/congo-kinshasa\/#\/schema\/person\/2b1cf3cd81a31e3cd26889ca66d677f1\"},\"headline\":\"CAF: le Secre\u0301taire Ge\u0301ne\u0301ral, Ve\u0301ron Mosengo-Omba, De\u0301missionne\",\"datePublished\":\"2026-03-29T20:58:00+00:00\",\"dateModified\":\"2026-04-19T11:00:07+00:00\",\"mainEntityOfPage\":{\"@id\":\"https:\/\/www.africa-press.net\/congo-kinshasa\/sports\/caf-le-secretaire-general-veron-mosengo-omba-demissionne\"},\"wordCount\":265,\"commentCount\":0,\"image\":{\"@id\":\"https:\/\/www.africa-press.net\/congo-kinshasa\/sports\/caf-le-secretaire-general-veron-mosengo-omba-demissionne#primaryimage\"},\"thumbnailUrl\":\"https:\/\/static.africa-press.net\/congo-kinshasa\/sites\/49\/2026\/04\/sm_1776592785.854445.jpg\",\"keywords\":[\"Congo Kinshasa\"],\"articleSection\":[\"Sports\",\"Toutes les actualit\u00e9s\"],\"inLanguage\":\"fr-FR\",\"potentialAction\":[{\"@type\":\"CommentAction\",\"name\":\"Comment\",\"target\":[\"https:\/\/www.africa-press.net\/congo-kinshasa\/sports\/caf-le-secretaire-general-veron-mosengo-omba-demissionne#respond\"]}]},{\"@type\":\"WebPage\",\"@id\":\"https:\/\/www.africa-press.net\/congo-kinshasa\/sports\/caf-le-secretaire-general-veron-mosengo-omba-demissionne\",\"url\":\"https:\/\/www.africa-press.net\/congo-kinshasa\/sports\/caf-le-secretaire-general-veron-mosengo-omba-demissionne\",\"name\":\"CAF: le Secre\u0301taire Ge\u0301ne\u0301ral, Ve\u0301ron Mosengo-Omba, De\u0301missionne - Congo-kinshasa\",\"isPartOf\":{\"@id\":\"https:\/\/www.africa-press.net\/congo-kinshasa\/#website\"},\"primaryImageOfPage\":{\"@id\":\"https:\/\/www.africa-press.net\/congo-kinshasa\/sports\/caf-le-secretaire-general-veron-mosengo-omba-demissionne#primaryimage\"},\"image\":{\"@id\":\"https:\/\/www.africa-press.net\/congo-kinshasa\/sports\/caf-le-secretaire-general-veron-mosengo-omba-demissionne#primaryimage\"},\"thumbnailUrl\":\"https:\/\/static.africa-press.net\/congo-kinshasa\/sites\/49\/2026\/04\/sm_1776592785.854445.jpg\",\"datePublished\":\"2026-03-29T20:58:00+00:00\",\"dateModified\":\"2026-04-19T11:00:07+00:00\",\"author\":{\"@id\":\"https:\/\/www.africa-press.net\/congo-kinshasa\/#\/schema\/person\/2b1cf3cd81a31e3cd26889ca66d677f1\"},\"description\":\"-article-header-tag\\\"> Africa-Press - Congo Kinshasa. Dans un communique\u0301 d ...\",\"breadcrumb\":{\"@id\":\"https:\/\/www.africa-press.net\/congo-kinshasa\/sports\/caf-le-secretaire-general-veron-mosengo-omba-demissionne#breadcrumb\"},\"inLanguage\":\"fr-FR\",\"potentialAction\":[{\"@type\":\"ReadAction\",\"target\":[\"https:\/\/www.africa-press.net\/congo-kinshasa\/sports\/caf-le-secretaire-general-veron-mosengo-omba-demissionne\"]}]},{\"@type\":\"ImageObject\",\"inLanguage\":\"fr-FR\",\"@id\":\"https:\/\/www.africa-press.net\/congo-kinshasa\/sports\/caf-le-secretaire-general-veron-mosengo-omba-demissionne#primaryimage\",\"url\":\"https:\/\/static.africa-press.net\/congo-kinshasa\/sites\/49\/2026\/04\/sm_1776592785.854445.jpg\",\"contentUrl\":\"https:\/\/static.africa-press.net\/congo-kinshasa\/sites\/49\/2026\/04\/sm_1776592785.854445.jpg\",\"width\":750,\"height\":375,\"caption\":\"CAF: le Secre\u0301taire Ge\u0301ne\u0301ral, Ve\u0301ron Mosengo-Omba, De\u0301missionne\"},{\"@type\":\"BreadcrumbList\",\"@id\":\"https:\/\/www.africa-press.net\/congo-kinshasa\/sports\/caf-le-secretaire-general-veron-mosengo-omba-demissionne#breadcrumb\",\"itemListElement\":[{\"@type\":\"ListItem\",\"position\":1,\"name\":\"Accueil\",\"item\":\"https:\/\/www.africa-press.net\/congo-kinshasa\/\"},{\"@type\":\"ListItem\",\"position\":2,\"name\":\"CAF: le Secre\u0301taire Ge\u0301ne\u0301ral, Ve\u0301ron Mosengo-Omba, De\u0301missionne\"}]},{\"@type\":\"WebSite\",\"@id\":\"https:\/\/www.africa-press.net\/congo-kinshasa\/#website\",\"url\":\"https:\/\/www.africa-press.net\/congo-kinshasa\/\",\"name\":\"Congo-kinshasa\",\"description\":\"Just another Africa News Agency Sites site\",\"potentialAction\":[{\"@type\":\"SearchAction\",\"target\":{\"@type\":\"EntryPoint\",\"urlTemplate\":\"https:\/\/www.africa-press.net\/congo-kinshasa\/?s={search_term_string}\"},\"query-input\":{\"@type\":\"PropertyValueSpecification\",\"valueRequired\":true,\"valueName\":\"search_term_string\"}}],\"inLanguage\":\"fr-FR\"},{\"@type\":\"Person\",\"@id\":\"https:\/\/www.africa-press.net\/congo-kinshasa\/#\/schema\/person\/2b1cf3cd81a31e3cd26889ca66d677f1\",\"name\":\"cfeditorfr\"}]}<\/script>\n<!-- \/ Yoast SEO Premium plugin. -->","yoast_head_json":{"title":"CAF: le Secre\u0301taire Ge\u0301ne\u0301ral, Ve\u0301ron Mosengo-Omba, De\u0301missionne - Congo-kinshasa","description":"-article-header-tag\"> Africa-Press - Congo Kinshasa. Dans un communique\u0301 d ...","robots":{"index":"index","follow":"follow","max-snippet":"max-snippet:-1","max-image-preview":"max-image-preview:large","max-video-preview":"max-video-preview:-1"},"canonical":"https:\/\/www.africa-press.net\/congo-kinshasa\/sports\/caf-le-secretaire-general-veron-mosengo-omba-demissionne","og_locale":"fr_FR","og_type":"article","og_title":"CAF: le Secre\u0301taire Ge\u0301ne\u0301ral, Ve\u0301ron Mosengo-Omba, De\u0301missionne","og_description":"-article-header-tag\"> Africa-Press - Congo Kinshasa. Dans un communique\u0301 d ...","og_url":"https:\/\/www.africa-press.net\/congo-kinshasa\/sports\/caf-le-secretaire-general-veron-mosengo-omba-demissionne","og_site_name":"Congo-kinshasa","article_published_time":"2026-03-29T20:58:00+00:00","article_modified_time":"2026-04-19T11:00:07+00:00","og_image":[{"width":750,"height":375,"url":"https:\/\/static.africa-press.net\/congo-kinshasa\/sites\/49\/2026\/04\/sm_1776592785.854445.jpg","type":"image\/jpeg"}],"author":"cfeditorfr","twitter_card":"summary_large_image","twitter_misc":{"\u00c9crit par":"cfeditorfr","Dur\u00e9e de lecture estim\u00e9e":"1 minute"},"schema":{"@context":"https:\/\/schema.org","@graph":[{"@type":"Article","@id":"https:\/\/www.africa-press.net\/congo-kinshasa\/sports\/caf-le-secretaire-general-veron-mosengo-omba-demissionne#article","isPartOf":{"@id":"https:\/\/www.africa-press.net\/congo-kinshasa\/sports\/caf-le-secretaire-general-veron-mosengo-omba-demissionne"},"author":{"name":"cfeditorfr","@id":"https:\/\/www.africa-press.net\/congo-kinshasa\/#\/schema\/person\/2b1cf3cd81a31e3cd26889ca66d677f1"},"headline":"CAF: le Secre\u0301taire Ge\u0301ne\u0301ral, Ve\u0301ron Mosengo-Omba, De\u0301missionne","datePublished":"2026-03-29T20:58:00+00:00","dateModified":"2026-04-19T11:00:07+00:00","mainEntityOfPage":{"@id":"https:\/\/www.africa-press.net\/congo-kinshasa\/sports\/caf-le-secretaire-general-veron-mosengo-omba-demissionne"},"wordCount":265,"commentCount":0,"image":{"@id":"https:\/\/www.africa-press.net\/congo-kinshasa\/sports\/caf-le-secretaire-general-veron-mosengo-omba-demissionne#primaryimage"},"thumbnailUrl":"https:\/\/static.africa-press.net\/congo-kinshasa\/sites\/49\/2026\/04\/sm_1776592785.854445.jpg","keywords":["Congo Kinshasa"],"articleSection":["Sports","Toutes les actualit\u00e9s"],"inLanguage":"fr-FR","potentialAction":[{"@type":"CommentAction","name":"Comment","target":["https:\/\/www.africa-press.net\/congo-kinshasa\/sports\/caf-le-secretaire-general-veron-mosengo-omba-demissionne#respond"]}]},{"@type":"WebPage","@id":"https:\/\/www.africa-press.net\/congo-kinshasa\/sports\/caf-le-secretaire-general-veron-mosengo-omba-demissionne","url":"https:\/\/www.africa-press.net\/congo-kinshasa\/sports\/caf-le-secretaire-general-veron-mosengo-omba-demissionne","name":"CAF: le Secre\u0301taire Ge\u0301ne\u0301ral, Ve\u0301ron Mosengo-Omba, De\u0301missionne - Congo-kinshasa","isPartOf":{"@id":"https:\/\/www.africa-press.net\/congo-kinshasa\/#website"},"primaryImageOfPage":{"@id":"https:\/\/www.africa-press.net\/congo-kinshasa\/sports\/caf-le-secretaire-general-veron-mosengo-omba-demissionne#primaryimage"},"image":{"@id":"https:\/\/www.africa-press.net\/congo-kinshasa\/sports\/caf-le-secretaire-general-veron-mosengo-omba-demissionne#primaryimage"},"thumbnailUrl":"https:\/\/static.africa-press.net\/congo-kinshasa\/sites\/49\/2026\/04\/sm_1776592785.854445.jpg","datePublished":"2026-03-29T20:58:00+00:00","dateModified":"2026-04-19T11:00:07+00:00","author":{"@id":"https:\/\/www.africa-press.net\/congo-kinshasa\/#\/schema\/person\/2b1cf3cd81a31e3cd26889ca66d677f1"},"description":"-article-header-tag\"> Africa-Press - Congo Kinshasa. Dans un communique\u0301 d ...","breadcrumb":{"@id":"https:\/\/www.africa-press.net\/congo-kinshasa\/sports\/caf-le-secretaire-general-veron-mosengo-omba-demissionne#breadcrumb"},"inLanguage":"fr-FR","potentialAction":[{"@type":"ReadAction","target":["https:\/\/www.africa-press.net\/congo-kinshasa\/sports\/caf-le-secretaire-general-veron-mosengo-omba-demissionne"]}]},{"@type":"ImageObject","inLanguage":"fr-FR","@id":"https:\/\/www.africa-press.net\/congo-kinshasa\/sports\/caf-le-secretaire-general-veron-mosengo-omba-demissionne#primaryimage","url":"https:\/\/static.africa-press.net\/congo-kinshasa\/sites\/49\/2026\/04\/sm_1776592785.854445.jpg","contentUrl":"https:\/\/static.africa-press.net\/congo-kinshasa\/sites\/49\/2026\/04\/sm_1776592785.854445.jpg","width":750,"height":375,"caption":"CAF: le Secre\u0301taire Ge\u0301ne\u0301ral, Ve\u0301ron Mosengo-Omba, De\u0301missionne"},{"@type":"BreadcrumbList","@id":"https:\/\/www.africa-press.net\/congo-kinshasa\/sports\/caf-le-secretaire-general-veron-mosengo-omba-demissionne#breadcrumb","itemListElement":[{"@type":"ListItem","position":1,"name":"Accueil","item":"https:\/\/www.africa-press.net\/congo-kinshasa\/"},{"@type":"ListItem","position":2,"name":"CAF: le Secre\u0301taire Ge\u0301ne\u0301ral, Ve\u0301ron Mosengo-Omba, De\u0301missionne"}]},{"@type":"WebSite","@id":"https:\/\/www.africa-press.net\/congo-kinshasa\/#website","url":"https:\/\/www.africa-press.net\/congo-kinshasa\/","name":"Congo-kinshasa","description":"Just another Africa News Agency Sites site","potentialAction":[{"@type":"SearchAction","target":{"@type":"EntryPoint","urlTemplate":"https:\/\/www.africa-press.net\/congo-kinshasa\/?s={search_term_string}"},"query-input":{"@type":"PropertyValueSpecification","valueRequired":true,"valueName":"search_term_string"}}],"inLanguage":"fr-FR"},{"@type":"Person","@id":"https:\/\/www.africa-press.net\/congo-kinshasa\/#\/schema\/person\/2b1cf3cd81a31e3cd26889ca66d677f1","name":"cfeditorfr"}]}},"_links":{"self":[{"href":"https:\/\/www.africa-press.net\/congo-kinshasa\/wp-json\/wp\/v2\/posts\/138201","targetHints":{"allow":["GET"]}}],"collection":[{"href":"https:\/\/www.africa-press.net\/congo-kinshasa\/wp-json\/wp\/v2\/posts"}],"about":[{"href":"https:\/\/www.africa-press.net\/congo-kinshasa\/wp-json\/wp\/v2\/types\/post"}],"author":[{"embeddable":true,"href":"https:\/\/www.africa-press.net\/congo-kinshasa\/wp-json\/wp\/v2\/users\/82"}],"replies":[{"embeddable":true,"href":"https:\/\/www.africa-press.net\/congo-kinshasa\/wp-json\/wp\/v2\/comments?post=138201"}],"version-history":[{"count":1,"href":"https:\/\/www.africa-press.net\/congo-kinshasa\/wp-json\/wp\/v2\/posts\/138201\/revisions"}],"predecessor-version":[{"id":138386,"href":"https:\/\/www.africa-press.net\/congo-kinshasa\/wp-json\/wp\/v2\/posts\/138201\/revisions\/138386"}],"wp:featuredmedia":[{"embeddable":true,"href":"https:\/\/www.africa-press.net\/congo-kinshasa\/wp-json\/wp\/v2\/media\/138200"}],"wp:attachment":[{"href":"https:\/\/www.africa-press.net\/congo-kinshasa\/wp-json\/wp\/v2\/media?parent=138201"}],"wp:term":[{"taxonomy":"category","embeddable":true,"href":"https:\/\/www.africa-press.net\/congo-kinshasa\/wp-json\/wp\/v2\/categories?post=138201"},{"taxonomy":"post_tag","embeddable":true,"href":"https:\/\/www.africa-press.net\/congo-kinshasa\/wp-json\/wp\/v2\/tags?post=138201"}],"curies":[{"name":"wp","href":"https:\/\/api.w.org\/{rel}","templated":true}]}}