{"id":16727,"date":"2021-10-17T17:11:51","date_gmt":"2021-10-17T17:11:51","guid":{"rendered":"https:\/\/www.africa-press.net\/congo-kinshasa\/politique\/felix-tshisekedi-annonce-une-serie-dactions-pour-permettre-a-la-rdc-dacceder-au-fonds-necessaires-a-travers-la-cop-26"},"modified":"2021-10-17T20:03:05","modified_gmt":"2021-10-17T20:03:05","slug":"felix-tshisekedi-annonce-une-serie-dactions-pour-permettre-a-la-rdc-dacceder-au-fonds-necessaires-a-travers-la-cop-26","status":"publish","type":"post","link":"https:\/\/www.africa-press.net\/congo-kinshasa\/politique\/felix-tshisekedi-annonce-une-serie-dactions-pour-permettre-a-la-rdc-dacceder-au-fonds-necessaires-a-travers-la-cop-26","title":{"rendered":"F\u00e9lix Tshisekedi annonce une s\u00e9rie d&rsquo;actions pour permettre \u00e0 la RDC d&rsquo;acc\u00e9der au Fonds n\u00e9cessaires \u00e0 travers la COP 26"},"content":{"rendered":"<p><span style=\"color: #ff6600\"><strong><a href=\"https:\/\/www.africa-press.net\/\">Africa-Press<\/a> &#8211; <a href=\"https:\/\/www.africa-press.net\/congo-kinshasa\">Congo Kinshasa<\/a>. <\/strong><\/span>Le pr\u00e9sident de la R\u00e9publique, F\u00e9lix-Antoine Tshisekedi, a annonc\u00e9 la n\u00e9cessit\u00e9 pour la RDC, \u00e0 mener une s\u00e9rie d&rsquo;actions, en vue de permettre au pays, de b\u00e9n\u00e9ficier facilement des fonds pr\u00e9vus sur le march\u00e9 international, dans le cadre de la COP 26 qui se tiendra du 1er au 11 novembre 2021 \u00e0 Glasgow en Ecosse.<\/p>\n<p>Le chef a rappel\u00e9 \u00e0 cet effet que, la RDC poss\u00e8de la deuxi\u00e8me plus grande for\u00eat \u00e9quatoriale du monde, pr\u00e8s de 39 milliards de tonnes de carbone s\u00e9questr\u00e9es dans les tourbi\u00e8res ainsi qu&rsquo;une grande \u00e9tendue de savane \u00e0 reboiser.<\/p>\n","protected":false},"excerpt":{"rendered":"<p>Africa-Press &#8211; Congo Kinshasa. Le pr\u00e9sident de la R\u00e9publique, F\u00e9lix-Antoine Tshisekedi, a annonc\u00e9 la n\u00e9cessit\u00e9 pour la RDC, \u00e0 mener une s\u00e9rie d&rsquo;actions, en vue de permettre au pays, de b\u00e9n\u00e9ficier facilement des fonds pr\u00e9vus sur le march\u00e9 international, dans le cadre de la COP 26 qui se tiendra du 1er au 11 novembre 2021 [&hellip;]<\/p>\n","protected":false},"author":82,"featured_media":16726,"comment_status":"open","ping_status":"closed","sticky":false,"template":"","format":"standard","meta":{"footnotes":""},"categories":[11,2,10],"tags":[36,47,46],"class_list":["post-16727","post","type-post","status-publish","format-standard","has-post-thumbnail","hentry","category-homepage-french","category-politique","category-toutes-les-actualites","tag-africa-press","tag-africa-press-congo-kinshasa","tag-congo-kinshasa"],"yoast_head":"<!-- This site is optimized with the Yoast SEO Premium plugin v26.1 (Yoast SEO v27.0) - https:\/\/yoast.com\/product\/yoast-seo-premium-wordpress\/ -->\n<title>F\u00e9lix Tshisekedi annonce une s\u00e9rie d&#039;actions pour permettre \u00e0 la RDC d&#039;acc\u00e9der au Fonds n\u00e9cessaires \u00e0 travers la COP 26 - Congo-kinshasa<\/title>\n<meta name=\"description\" content=\"Le pr\u00e9sident de la R\u00e9publique, F\u00e9lix-Antoine Tshisekedi, a annonc\u00e9 la n\u00e9cessit\u00e9 pour la RDC, \u00e0 mener une s\u00e9rie d&#039;actions ...\" \/>\n<meta name=\"robots\" content=\"index, follow, max-snippet:-1, max-image-preview:large, max-video-preview:-1\" \/>\n<link rel=\"canonical\" href=\"https:\/\/www.africa-press.net\/congo-kinshasa\/politique\/felix-tshisekedi-annonce-une-serie-dactions-pour-permettre-a-la-rdc-dacceder-au-fonds-necessaires-a-travers-la-cop-26\" \/>\n<meta property=\"og:locale\" content=\"fr_FR\" \/>\n<meta property=\"og:type\" content=\"article\" \/>\n<meta property=\"og:title\" content=\"F\u00e9lix Tshisekedi annonce une s\u00e9rie d&#039;actions pour permettre \u00e0 la RDC d&#039;acc\u00e9der au Fonds n\u00e9cessaires \u00e0 travers la COP 26\" \/>\n<meta property=\"og:description\" content=\"Le pr\u00e9sident de la R\u00e9publique, F\u00e9lix-Antoine Tshisekedi, a annonc\u00e9 la n\u00e9cessit\u00e9 pour la RDC, \u00e0 mener une s\u00e9rie d&#039;actions ...\" \/>\n<meta property=\"og:url\" content=\"https:\/\/www.africa-press.net\/congo-kinshasa\/politique\/felix-tshisekedi-annonce-une-serie-dactions-pour-permettre-a-la-rdc-dacceder-au-fonds-necessaires-a-travers-la-cop-26\" \/>\n<meta property=\"og:site_name\" content=\"Congo-kinshasa\" \/>\n<meta property=\"article:published_time\" content=\"2021-10-17T17:11:51+00:00\" \/>\n<meta property=\"article:modified_time\" content=\"2021-10-17T20:03:05+00:00\" \/>\n<meta property=\"og:image\" content=\"https:\/\/static.africa-press.net\/centrafricaine\/sites\/49\/2021\/10\/img-616c815ed886d.jpg\" \/>\n\t<meta property=\"og:image:width\" content=\"1039\" \/>\n\t<meta property=\"og:image:height\" content=\"693\" \/>\n\t<meta property=\"og:image:type\" content=\"image\/jpeg\" \/>\n<meta name=\"author\" content=\"cfeditorfr\" \/>\n<meta name=\"twitter:card\" content=\"summary_large_image\" \/>\n<meta name=\"twitter:label1\" content=\"\u00c9crit par\" \/>\n\t<meta name=\"twitter:data1\" content=\"cfeditorfr\" \/>\n\t<meta name=\"twitter:label2\" content=\"Dur\u00e9e de lecture estim\u00e9e\" \/>\n\t<meta name=\"twitter:data2\" content=\"1 minute\" \/>\n<script type=\"application\/ld+json\" class=\"yoast-schema-graph\">{\"@context\":\"https:\/\/schema.org\",\"@graph\":[{\"@type\":\"Article\",\"@id\":\"https:\/\/www.africa-press.net\/congo-kinshasa\/politique\/felix-tshisekedi-annonce-une-serie-dactions-pour-permettre-a-la-rdc-dacceder-au-fonds-necessaires-a-travers-la-cop-26#article\",\"isPartOf\":{\"@id\":\"https:\/\/www.africa-press.net\/congo-kinshasa\/politique\/felix-tshisekedi-annonce-une-serie-dactions-pour-permettre-a-la-rdc-dacceder-au-fonds-necessaires-a-travers-la-cop-26\"},\"author\":{\"name\":\"cfeditorfr\",\"@id\":\"https:\/\/www.africa-press.net\/congo-kinshasa\/#\/schema\/person\/2b1cf3cd81a31e3cd26889ca66d677f1\"},\"headline\":\"F\u00e9lix Tshisekedi annonce une s\u00e9rie d&rsquo;actions pour permettre \u00e0 la RDC d&rsquo;acc\u00e9der au Fonds n\u00e9cessaires \u00e0 travers la COP 26\",\"datePublished\":\"2021-10-17T17:11:51+00:00\",\"dateModified\":\"2021-10-17T20:03:05+00:00\",\"mainEntityOfPage\":{\"@id\":\"https:\/\/www.africa-press.net\/congo-kinshasa\/politique\/felix-tshisekedi-annonce-une-serie-dactions-pour-permettre-a-la-rdc-dacceder-au-fonds-necessaires-a-travers-la-cop-26\"},\"wordCount\":130,\"commentCount\":0,\"image\":{\"@id\":\"https:\/\/www.africa-press.net\/congo-kinshasa\/politique\/felix-tshisekedi-annonce-une-serie-dactions-pour-permettre-a-la-rdc-dacceder-au-fonds-necessaires-a-travers-la-cop-26#primaryimage\"},\"thumbnailUrl\":\"https:\/\/static.africa-press.net\/centrafricaine\/sites\/49\/2021\/10\/img-616c815ed886d.jpg\",\"keywords\":[\"Africa Press\",\"Africa Press-Congo Kinshasa\",\"Congo Kinshasa\"],\"articleSection\":[\"homepage-french\",\"Politique\",\"Toutes les actualit\u00e9s\"],\"inLanguage\":\"fr-FR\",\"potentialAction\":[{\"@type\":\"CommentAction\",\"name\":\"Comment\",\"target\":[\"https:\/\/www.africa-press.net\/congo-kinshasa\/politique\/felix-tshisekedi-annonce-une-serie-dactions-pour-permettre-a-la-rdc-dacceder-au-fonds-necessaires-a-travers-la-cop-26#respond\"]}]},{\"@type\":\"WebPage\",\"@id\":\"https:\/\/www.africa-press.net\/congo-kinshasa\/politique\/felix-tshisekedi-annonce-une-serie-dactions-pour-permettre-a-la-rdc-dacceder-au-fonds-necessaires-a-travers-la-cop-26\",\"url\":\"https:\/\/www.africa-press.net\/congo-kinshasa\/politique\/felix-tshisekedi-annonce-une-serie-dactions-pour-permettre-a-la-rdc-dacceder-au-fonds-necessaires-a-travers-la-cop-26\",\"name\":\"F\u00e9lix Tshisekedi annonce une s\u00e9rie d'actions pour permettre \u00e0 la RDC d'acc\u00e9der au Fonds n\u00e9cessaires \u00e0 travers la COP 26 - Congo-kinshasa\",\"isPartOf\":{\"@id\":\"https:\/\/www.africa-press.net\/congo-kinshasa\/#website\"},\"primaryImageOfPage\":{\"@id\":\"https:\/\/www.africa-press.net\/congo-kinshasa\/politique\/felix-tshisekedi-annonce-une-serie-dactions-pour-permettre-a-la-rdc-dacceder-au-fonds-necessaires-a-travers-la-cop-26#primaryimage\"},\"image\":{\"@id\":\"https:\/\/www.africa-press.net\/congo-kinshasa\/politique\/felix-tshisekedi-annonce-une-serie-dactions-pour-permettre-a-la-rdc-dacceder-au-fonds-necessaires-a-travers-la-cop-26#primaryimage\"},\"thumbnailUrl\":\"https:\/\/static.africa-press.net\/centrafricaine\/sites\/49\/2021\/10\/img-616c815ed886d.jpg\",\"datePublished\":\"2021-10-17T17:11:51+00:00\",\"dateModified\":\"2021-10-17T20:03:05+00:00\",\"author\":{\"@id\":\"https:\/\/www.africa-press.net\/congo-kinshasa\/#\/schema\/person\/2b1cf3cd81a31e3cd26889ca66d677f1\"},\"description\":\"Le pr\u00e9sident de la R\u00e9publique, F\u00e9lix-Antoine Tshisekedi, a annonc\u00e9 la n\u00e9cessit\u00e9 pour la RDC, \u00e0 mener une s\u00e9rie d'actions ...\",\"breadcrumb\":{\"@id\":\"https:\/\/www.africa-press.net\/congo-kinshasa\/politique\/felix-tshisekedi-annonce-une-serie-dactions-pour-permettre-a-la-rdc-dacceder-au-fonds-necessaires-a-travers-la-cop-26#breadcrumb\"},\"inLanguage\":\"fr-FR\",\"potentialAction\":[{\"@type\":\"ReadAction\",\"target\":[\"https:\/\/www.africa-press.net\/congo-kinshasa\/politique\/felix-tshisekedi-annonce-une-serie-dactions-pour-permettre-a-la-rdc-dacceder-au-fonds-necessaires-a-travers-la-cop-26\"]}]},{\"@type\":\"ImageObject\",\"inLanguage\":\"fr-FR\",\"@id\":\"https:\/\/www.africa-press.net\/congo-kinshasa\/politique\/felix-tshisekedi-annonce-une-serie-dactions-pour-permettre-a-la-rdc-dacceder-au-fonds-necessaires-a-travers-la-cop-26#primaryimage\",\"url\":\"https:\/\/static.africa-press.net\/centrafricaine\/sites\/49\/2021\/10\/img-616c815ed886d.jpg\",\"contentUrl\":\"https:\/\/static.africa-press.net\/centrafricaine\/sites\/49\/2021\/10\/img-616c815ed886d.jpg\",\"width\":1039,\"height\":693,\"caption\":\"F\u00e9lix Tshisekedi annonce une s\u00e9rie d'actions pour permettre \u00e0 la RDC d'acc\u00e9der au Fonds n\u00e9cessaires \u00e0 travers la COP 26\"},{\"@type\":\"BreadcrumbList\",\"@id\":\"https:\/\/www.africa-press.net\/congo-kinshasa\/politique\/felix-tshisekedi-annonce-une-serie-dactions-pour-permettre-a-la-rdc-dacceder-au-fonds-necessaires-a-travers-la-cop-26#breadcrumb\",\"itemListElement\":[{\"@type\":\"ListItem\",\"position\":1,\"name\":\"Accueil\",\"item\":\"https:\/\/www.africa-press.net\/congo-kinshasa\/\"},{\"@type\":\"ListItem\",\"position\":2,\"name\":\"F\u00e9lix Tshisekedi annonce une s\u00e9rie d&#8217;actions pour permettre \u00e0 la RDC d&#8217;acc\u00e9der au Fonds n\u00e9cessaires \u00e0 travers la COP 26\"}]},{\"@type\":\"WebSite\",\"@id\":\"https:\/\/www.africa-press.net\/congo-kinshasa\/#website\",\"url\":\"https:\/\/www.africa-press.net\/congo-kinshasa\/\",\"name\":\"Congo-kinshasa\",\"description\":\"Just another Africa News Agency Sites site\",\"potentialAction\":[{\"@type\":\"SearchAction\",\"target\":{\"@type\":\"EntryPoint\",\"urlTemplate\":\"https:\/\/www.africa-press.net\/congo-kinshasa\/?s={search_term_string}\"},\"query-input\":{\"@type\":\"PropertyValueSpecification\",\"valueRequired\":true,\"valueName\":\"search_term_string\"}}],\"inLanguage\":\"fr-FR\"},{\"@type\":\"Person\",\"@id\":\"https:\/\/www.africa-press.net\/congo-kinshasa\/#\/schema\/person\/2b1cf3cd81a31e3cd26889ca66d677f1\",\"name\":\"cfeditorfr\"}]}<\/script>\n<!-- \/ Yoast SEO Premium plugin. -->","yoast_head_json":{"title":"F\u00e9lix Tshisekedi annonce une s\u00e9rie d'actions pour permettre \u00e0 la RDC d'acc\u00e9der au Fonds n\u00e9cessaires \u00e0 travers la COP 26 - Congo-kinshasa","description":"Le pr\u00e9sident de la R\u00e9publique, F\u00e9lix-Antoine Tshisekedi, a annonc\u00e9 la n\u00e9cessit\u00e9 pour la RDC, \u00e0 mener une s\u00e9rie d'actions ...","robots":{"index":"index","follow":"follow","max-snippet":"max-snippet:-1","max-image-preview":"max-image-preview:large","max-video-preview":"max-video-preview:-1"},"canonical":"https:\/\/www.africa-press.net\/congo-kinshasa\/politique\/felix-tshisekedi-annonce-une-serie-dactions-pour-permettre-a-la-rdc-dacceder-au-fonds-necessaires-a-travers-la-cop-26","og_locale":"fr_FR","og_type":"article","og_title":"F\u00e9lix Tshisekedi annonce une s\u00e9rie d'actions pour permettre \u00e0 la RDC d'acc\u00e9der au Fonds n\u00e9cessaires \u00e0 travers la COP 26","og_description":"Le pr\u00e9sident de la R\u00e9publique, F\u00e9lix-Antoine Tshisekedi, a annonc\u00e9 la n\u00e9cessit\u00e9 pour la RDC, \u00e0 mener une s\u00e9rie d'actions ...","og_url":"https:\/\/www.africa-press.net\/congo-kinshasa\/politique\/felix-tshisekedi-annonce-une-serie-dactions-pour-permettre-a-la-rdc-dacceder-au-fonds-necessaires-a-travers-la-cop-26","og_site_name":"Congo-kinshasa","article_published_time":"2021-10-17T17:11:51+00:00","article_modified_time":"2021-10-17T20:03:05+00:00","og_image":[{"width":1039,"height":693,"url":"https:\/\/static.africa-press.net\/centrafricaine\/sites\/49\/2021\/10\/img-616c815ed886d.jpg","type":"image\/jpeg"}],"author":"cfeditorfr","twitter_card":"summary_large_image","twitter_misc":{"\u00c9crit par":"cfeditorfr","Dur\u00e9e de lecture estim\u00e9e":"1 minute"},"schema":{"@context":"https:\/\/schema.org","@graph":[{"@type":"Article","@id":"https:\/\/www.africa-press.net\/congo-kinshasa\/politique\/felix-tshisekedi-annonce-une-serie-dactions-pour-permettre-a-la-rdc-dacceder-au-fonds-necessaires-a-travers-la-cop-26#article","isPartOf":{"@id":"https:\/\/www.africa-press.net\/congo-kinshasa\/politique\/felix-tshisekedi-annonce-une-serie-dactions-pour-permettre-a-la-rdc-dacceder-au-fonds-necessaires-a-travers-la-cop-26"},"author":{"name":"cfeditorfr","@id":"https:\/\/www.africa-press.net\/congo-kinshasa\/#\/schema\/person\/2b1cf3cd81a31e3cd26889ca66d677f1"},"headline":"F\u00e9lix Tshisekedi annonce une s\u00e9rie d&rsquo;actions pour permettre \u00e0 la RDC d&rsquo;acc\u00e9der au Fonds n\u00e9cessaires \u00e0 travers la COP 26","datePublished":"2021-10-17T17:11:51+00:00","dateModified":"2021-10-17T20:03:05+00:00","mainEntityOfPage":{"@id":"https:\/\/www.africa-press.net\/congo-kinshasa\/politique\/felix-tshisekedi-annonce-une-serie-dactions-pour-permettre-a-la-rdc-dacceder-au-fonds-necessaires-a-travers-la-cop-26"},"wordCount":130,"commentCount":0,"image":{"@id":"https:\/\/www.africa-press.net\/congo-kinshasa\/politique\/felix-tshisekedi-annonce-une-serie-dactions-pour-permettre-a-la-rdc-dacceder-au-fonds-necessaires-a-travers-la-cop-26#primaryimage"},"thumbnailUrl":"https:\/\/static.africa-press.net\/centrafricaine\/sites\/49\/2021\/10\/img-616c815ed886d.jpg","keywords":["Africa Press","Africa Press-Congo Kinshasa","Congo Kinshasa"],"articleSection":["homepage-french","Politique","Toutes les actualit\u00e9s"],"inLanguage":"fr-FR","potentialAction":[{"@type":"CommentAction","name":"Comment","target":["https:\/\/www.africa-press.net\/congo-kinshasa\/politique\/felix-tshisekedi-annonce-une-serie-dactions-pour-permettre-a-la-rdc-dacceder-au-fonds-necessaires-a-travers-la-cop-26#respond"]}]},{"@type":"WebPage","@id":"https:\/\/www.africa-press.net\/congo-kinshasa\/politique\/felix-tshisekedi-annonce-une-serie-dactions-pour-permettre-a-la-rdc-dacceder-au-fonds-necessaires-a-travers-la-cop-26","url":"https:\/\/www.africa-press.net\/congo-kinshasa\/politique\/felix-tshisekedi-annonce-une-serie-dactions-pour-permettre-a-la-rdc-dacceder-au-fonds-necessaires-a-travers-la-cop-26","name":"F\u00e9lix Tshisekedi annonce une s\u00e9rie d'actions pour permettre \u00e0 la RDC d'acc\u00e9der au Fonds n\u00e9cessaires \u00e0 travers la COP 26 - Congo-kinshasa","isPartOf":{"@id":"https:\/\/www.africa-press.net\/congo-kinshasa\/#website"},"primaryImageOfPage":{"@id":"https:\/\/www.africa-press.net\/congo-kinshasa\/politique\/felix-tshisekedi-annonce-une-serie-dactions-pour-permettre-a-la-rdc-dacceder-au-fonds-necessaires-a-travers-la-cop-26#primaryimage"},"image":{"@id":"https:\/\/www.africa-press.net\/congo-kinshasa\/politique\/felix-tshisekedi-annonce-une-serie-dactions-pour-permettre-a-la-rdc-dacceder-au-fonds-necessaires-a-travers-la-cop-26#primaryimage"},"thumbnailUrl":"https:\/\/static.africa-press.net\/centrafricaine\/sites\/49\/2021\/10\/img-616c815ed886d.jpg","datePublished":"2021-10-17T17:11:51+00:00","dateModified":"2021-10-17T20:03:05+00:00","author":{"@id":"https:\/\/www.africa-press.net\/congo-kinshasa\/#\/schema\/person\/2b1cf3cd81a31e3cd26889ca66d677f1"},"description":"Le pr\u00e9sident de la R\u00e9publique, F\u00e9lix-Antoine Tshisekedi, a annonc\u00e9 la n\u00e9cessit\u00e9 pour la RDC, \u00e0 mener une s\u00e9rie d'actions ...","breadcrumb":{"@id":"https:\/\/www.africa-press.net\/congo-kinshasa\/politique\/felix-tshisekedi-annonce-une-serie-dactions-pour-permettre-a-la-rdc-dacceder-au-fonds-necessaires-a-travers-la-cop-26#breadcrumb"},"inLanguage":"fr-FR","potentialAction":[{"@type":"ReadAction","target":["https:\/\/www.africa-press.net\/congo-kinshasa\/politique\/felix-tshisekedi-annonce-une-serie-dactions-pour-permettre-a-la-rdc-dacceder-au-fonds-necessaires-a-travers-la-cop-26"]}]},{"@type":"ImageObject","inLanguage":"fr-FR","@id":"https:\/\/www.africa-press.net\/congo-kinshasa\/politique\/felix-tshisekedi-annonce-une-serie-dactions-pour-permettre-a-la-rdc-dacceder-au-fonds-necessaires-a-travers-la-cop-26#primaryimage","url":"https:\/\/static.africa-press.net\/centrafricaine\/sites\/49\/2021\/10\/img-616c815ed886d.jpg","contentUrl":"https:\/\/static.africa-press.net\/centrafricaine\/sites\/49\/2021\/10\/img-616c815ed886d.jpg","width":1039,"height":693,"caption":"F\u00e9lix Tshisekedi annonce une s\u00e9rie d'actions pour permettre \u00e0 la RDC d'acc\u00e9der au Fonds n\u00e9cessaires \u00e0 travers la COP 26"},{"@type":"BreadcrumbList","@id":"https:\/\/www.africa-press.net\/congo-kinshasa\/politique\/felix-tshisekedi-annonce-une-serie-dactions-pour-permettre-a-la-rdc-dacceder-au-fonds-necessaires-a-travers-la-cop-26#breadcrumb","itemListElement":[{"@type":"ListItem","position":1,"name":"Accueil","item":"https:\/\/www.africa-press.net\/congo-kinshasa\/"},{"@type":"ListItem","position":2,"name":"F\u00e9lix Tshisekedi annonce une s\u00e9rie d&#8217;actions pour permettre \u00e0 la RDC d&#8217;acc\u00e9der au Fonds n\u00e9cessaires \u00e0 travers la COP 26"}]},{"@type":"WebSite","@id":"https:\/\/www.africa-press.net\/congo-kinshasa\/#website","url":"https:\/\/www.africa-press.net\/congo-kinshasa\/","name":"Congo-kinshasa","description":"Just another Africa News Agency Sites site","potentialAction":[{"@type":"SearchAction","target":{"@type":"EntryPoint","urlTemplate":"https:\/\/www.africa-press.net\/congo-kinshasa\/?s={search_term_string}"},"query-input":{"@type":"PropertyValueSpecification","valueRequired":true,"valueName":"search_term_string"}}],"inLanguage":"fr-FR"},{"@type":"Person","@id":"https:\/\/www.africa-press.net\/congo-kinshasa\/#\/schema\/person\/2b1cf3cd81a31e3cd26889ca66d677f1","name":"cfeditorfr"}]}},"_links":{"self":[{"href":"https:\/\/www.africa-press.net\/congo-kinshasa\/wp-json\/wp\/v2\/posts\/16727","targetHints":{"allow":["GET"]}}],"collection":[{"href":"https:\/\/www.africa-press.net\/congo-kinshasa\/wp-json\/wp\/v2\/posts"}],"about":[{"href":"https:\/\/www.africa-press.net\/congo-kinshasa\/wp-json\/wp\/v2\/types\/post"}],"author":[{"embeddable":true,"href":"https:\/\/www.africa-press.net\/congo-kinshasa\/wp-json\/wp\/v2\/users\/82"}],"replies":[{"embeddable":true,"href":"https:\/\/www.africa-press.net\/congo-kinshasa\/wp-json\/wp\/v2\/comments?post=16727"}],"version-history":[{"count":0,"href":"https:\/\/www.africa-press.net\/congo-kinshasa\/wp-json\/wp\/v2\/posts\/16727\/revisions"}],"wp:featuredmedia":[{"embeddable":true,"href":"https:\/\/www.africa-press.net\/congo-kinshasa\/wp-json\/wp\/v2\/media\/16726"}],"wp:attachment":[{"href":"https:\/\/www.africa-press.net\/congo-kinshasa\/wp-json\/wp\/v2\/media?parent=16727"}],"wp:term":[{"taxonomy":"category","embeddable":true,"href":"https:\/\/www.africa-press.net\/congo-kinshasa\/wp-json\/wp\/v2\/categories?post=16727"},{"taxonomy":"post_tag","embeddable":true,"href":"https:\/\/www.africa-press.net\/congo-kinshasa\/wp-json\/wp\/v2\/tags?post=16727"}],"curies":[{"name":"wp","href":"https:\/\/api.w.org\/{rel}","templated":true}]}}