{"id":19758,"date":"2021-11-27T19:35:52","date_gmt":"2021-11-27T19:35:52","guid":{"rendered":"https:\/\/www.africa-press.net\/congo-kinshasa\/?p=19758"},"modified":"2021-11-27T19:33:03","modified_gmt":"2021-11-27T19:33:03","slug":"sante-target-presente-ce-30-novembre-un-webinaire-sur-limpact-de-la-vaccination-contre-la-covid-19","status":"publish","type":"post","link":"https:\/\/www.africa-press.net\/congo-kinshasa\/toutes-les-actualites\/sante-target-presente-ce-30-novembre-un-webinaire-sur-limpact-de-la-vaccination-contre-la-covid-19","title":{"rendered":"Sant\u00e9 : Target pr\u00e9sente ce 30 novembre un webinaire sur l&rsquo;impact de la vaccination contre la covid-19"},"content":{"rendered":"<p><span style=\"color: #ff6600\"><strong>Africa-Press &#8211; Congo Kinshasa. <\/strong><\/span>La R\u00e9publique D\u00e9mocratique du Congo s&rsquo;est engag\u00e9e dans la vaccination contre la pand\u00e9mie de coronavirus. Au d\u00e9but, les personnes \u00e9ligibles \u00e0 la vaccination \u00e9taient r\u00e9ticentes mais depuis que les autorit\u00e9s dont le Chef de l\u2019Etat avec son \u00e9pouse, ainsi que certains membres du gouvernement se sont fait vacciner, il y a eu am\u00e9lioration des chiffres.<\/p>\n<p>\u00c0 cet effet, le cabinet d\u2019\u00e9tudes de march\u00e9s Target vient de r\u00e9aliser une enqu\u00eate dans les villes de Lubumbashi, Matadi, Kinshasa et Goma pour en apprendre un peu plus sur l\u2019impact de la campagne de la vaccination contre le Covid-19 en RDC aupr\u00e8s des citoyens congolais.<\/p>\n<p>Les principaux r\u00e9sultats de cette \u00e9tude seront pr\u00e9sent\u00e9s au cours d\u2019un webinaire anim\u00e9 par le directeur g\u00e9n\u00e9ral de Target, Serge Mumbu le mardi 30 novembre 2021 de 15h00 \u00e0 16h00 \u00e0 Kinshasa. Le canal de diffusion de cette conf\u00e9rence est la plateforme num\u00e9rique Zoom.<\/p>\n<p>Ce webinaire portera sur le Covid-19 qui s\u00e9vit en R\u00e9publique D\u00e9mocratique du Congo depuis mars 2020 avec un total cumul\u00e9 de 57.977 cas contamin\u00e9s et 1.104 d\u00e9c\u00e8s au 20 Novembre 2021. Le ministre de la Sant\u00e9 a indiqu\u00e9, vendredi 19 novembre en conseil des ministres, que tous les chiffres de contamination, d\u2019hospitalisation et de mortalit\u00e9 \u00e9taient continuellement en baisse dans le pays.<\/p>\n<p>Les places au webinaire \u00e9tant limit\u00e9es, r\u00e9servez d\u00e9j\u00e0 la v\u00f4tre en vous inscrivant ici<\/p>\n<p>C&rsquo;est depuis le mois d&rsquo;avril dernier que la campagne pour la vaccination contre la pand\u00e9mie de Coronavirus a \u00e9t\u00e9 lanc\u00e9e officiellement par le ministre de la Sant\u00e9 Publique de l&rsquo;\u00e9poque, le Docteur Eteni Longondo. La vaccination contre le Coronavirus avait d\u00e9but\u00e9 avec le seul vaccin AstraZeneca mais actuellement la R\u00e9publique D\u00e9mocratique du Congo dispose d&rsquo;une vari\u00e9t\u00e9 des vaccins qui donne \u00e0 la population la possibilit\u00e9 de prendre le vaccin de son choix.<\/p>\n<p><b>Cl\u00e9ment Muamba<\/b><\/p>\n<p><strong>Pour plus d&rsquo;informations et d&rsquo;analyses sur la <a href=\"https:\/\/www.africa-press.net\/congo-kinshasa\">Congo Kinshasa<\/a>, suivez <a href=\"https:\/\/www.africa-press.net\/\">Africa-Press<\/a><\/strong><\/p>\n","protected":false},"excerpt":{"rendered":"<p>Africa-Press &#8211; Congo Kinshasa. La R\u00e9publique D\u00e9mocratique du Congo s&rsquo;est engag\u00e9e dans la vaccination contre la pand\u00e9mie de coronavirus. Au d\u00e9but, les personnes \u00e9ligibles \u00e0 la vaccination \u00e9taient r\u00e9ticentes mais depuis que les autorit\u00e9s dont le Chef de l\u2019Etat avec son \u00e9pouse, ainsi que certains membres du gouvernement se sont fait vacciner, il y a [&hellip;]<\/p>\n","protected":false},"author":82,"featured_media":19757,"comment_status":"open","ping_status":"closed","sticky":false,"template":"","format":"standard","meta":{"footnotes":""},"categories":[21,11,10],"tags":[36,47,46],"class_list":["post-19758","post","type-post","status-publish","format-standard","has-post-thumbnail","hentry","category-communaute","category-homepage-french","category-toutes-les-actualites","tag-africa-press","tag-africa-press-congo-kinshasa","tag-congo-kinshasa"],"yoast_head":"<!-- This site is optimized with the Yoast SEO Premium plugin v26.1 (Yoast SEO v27.0) - https:\/\/yoast.com\/product\/yoast-seo-premium-wordpress\/ -->\n<title>Sant\u00e9 : Target pr\u00e9sente ce 30 novembre un webinaire sur l&#039;impact de la vaccination contre la covid-19 - Congo-kinshasa<\/title>\n<meta name=\"description\" content=\"La R\u00e9publique D\u00e9mocratique du Congo s&#039;est engag\u00e9e dans la vaccination contre la pand\u00e9mie de coronavirus. Au d\u00e9but, les p ...\" \/>\n<meta name=\"robots\" content=\"index, follow, max-snippet:-1, max-image-preview:large, max-video-preview:-1\" \/>\n<link rel=\"canonical\" href=\"https:\/\/www.africa-press.net\/congo-kinshasa\/toutes-les-actualites\/sante-target-presente-ce-30-novembre-un-webinaire-sur-limpact-de-la-vaccination-contre-la-covid-19\" \/>\n<meta property=\"og:locale\" content=\"fr_FR\" \/>\n<meta property=\"og:type\" content=\"article\" \/>\n<meta property=\"og:title\" content=\"Sant\u00e9 : Target pr\u00e9sente ce 30 novembre un webinaire sur l&#039;impact de la vaccination contre la covid-19\" \/>\n<meta property=\"og:description\" content=\"La R\u00e9publique D\u00e9mocratique du Congo s&#039;est engag\u00e9e dans la vaccination contre la pand\u00e9mie de coronavirus. Au d\u00e9but, les p ...\" \/>\n<meta property=\"og:url\" content=\"https:\/\/www.africa-press.net\/congo-kinshasa\/toutes-les-actualites\/sante-target-presente-ce-30-novembre-un-webinaire-sur-limpact-de-la-vaccination-contre-la-covid-19\" \/>\n<meta property=\"og:site_name\" content=\"Congo-kinshasa\" \/>\n<meta property=\"article:published_time\" content=\"2021-11-27T19:35:52+00:00\" \/>\n<meta property=\"og:image\" content=\"https:\/\/static.africa-press.net\/centrafricaine\/sites\/49\/2021\/11\/img-61a287d7d1f41.jpg\" \/>\n\t<meta property=\"og:image:width\" content=\"800\" \/>\n\t<meta property=\"og:image:height\" content=\"512\" \/>\n\t<meta property=\"og:image:type\" content=\"image\/jpeg\" \/>\n<meta name=\"author\" content=\"cfeditorfr\" \/>\n<meta name=\"twitter:card\" content=\"summary_large_image\" \/>\n<meta name=\"twitter:label1\" content=\"\u00c9crit par\" \/>\n\t<meta name=\"twitter:data1\" content=\"cfeditorfr\" \/>\n\t<meta name=\"twitter:label2\" content=\"Dur\u00e9e de lecture estim\u00e9e\" \/>\n\t<meta name=\"twitter:data2\" content=\"2 minutes\" \/>\n<script type=\"application\/ld+json\" class=\"yoast-schema-graph\">{\"@context\":\"https:\/\/schema.org\",\"@graph\":[{\"@type\":\"Article\",\"@id\":\"https:\/\/www.africa-press.net\/congo-kinshasa\/toutes-les-actualites\/sante-target-presente-ce-30-novembre-un-webinaire-sur-limpact-de-la-vaccination-contre-la-covid-19#article\",\"isPartOf\":{\"@id\":\"https:\/\/www.africa-press.net\/congo-kinshasa\/toutes-les-actualites\/sante-target-presente-ce-30-novembre-un-webinaire-sur-limpact-de-la-vaccination-contre-la-covid-19\"},\"author\":{\"name\":\"cfeditorfr\",\"@id\":\"https:\/\/www.africa-press.net\/congo-kinshasa\/#\/schema\/person\/2b1cf3cd81a31e3cd26889ca66d677f1\"},\"headline\":\"Sant\u00e9 : Target pr\u00e9sente ce 30 novembre un webinaire sur l&rsquo;impact de la vaccination contre la covid-19\",\"datePublished\":\"2021-11-27T19:35:52+00:00\",\"mainEntityOfPage\":{\"@id\":\"https:\/\/www.africa-press.net\/congo-kinshasa\/toutes-les-actualites\/sante-target-presente-ce-30-novembre-un-webinaire-sur-limpact-de-la-vaccination-contre-la-covid-19\"},\"wordCount\":362,\"commentCount\":0,\"image\":{\"@id\":\"https:\/\/www.africa-press.net\/congo-kinshasa\/toutes-les-actualites\/sante-target-presente-ce-30-novembre-un-webinaire-sur-limpact-de-la-vaccination-contre-la-covid-19#primaryimage\"},\"thumbnailUrl\":\"https:\/\/static.africa-press.net\/centrafricaine\/sites\/49\/2021\/11\/img-61a287d7d1f41.jpg\",\"keywords\":[\"Africa Press\",\"Africa Press-Congo Kinshasa\",\"Congo Kinshasa\"],\"articleSection\":[\"Communaut\u00e9\",\"homepage-french\",\"Toutes les actualit\u00e9s\"],\"inLanguage\":\"fr-FR\",\"potentialAction\":[{\"@type\":\"CommentAction\",\"name\":\"Comment\",\"target\":[\"https:\/\/www.africa-press.net\/congo-kinshasa\/toutes-les-actualites\/sante-target-presente-ce-30-novembre-un-webinaire-sur-limpact-de-la-vaccination-contre-la-covid-19#respond\"]}]},{\"@type\":\"WebPage\",\"@id\":\"https:\/\/www.africa-press.net\/congo-kinshasa\/toutes-les-actualites\/sante-target-presente-ce-30-novembre-un-webinaire-sur-limpact-de-la-vaccination-contre-la-covid-19\",\"url\":\"https:\/\/www.africa-press.net\/congo-kinshasa\/toutes-les-actualites\/sante-target-presente-ce-30-novembre-un-webinaire-sur-limpact-de-la-vaccination-contre-la-covid-19\",\"name\":\"Sant\u00e9 : Target pr\u00e9sente ce 30 novembre un webinaire sur l'impact de la vaccination contre la covid-19 - Congo-kinshasa\",\"isPartOf\":{\"@id\":\"https:\/\/www.africa-press.net\/congo-kinshasa\/#website\"},\"primaryImageOfPage\":{\"@id\":\"https:\/\/www.africa-press.net\/congo-kinshasa\/toutes-les-actualites\/sante-target-presente-ce-30-novembre-un-webinaire-sur-limpact-de-la-vaccination-contre-la-covid-19#primaryimage\"},\"image\":{\"@id\":\"https:\/\/www.africa-press.net\/congo-kinshasa\/toutes-les-actualites\/sante-target-presente-ce-30-novembre-un-webinaire-sur-limpact-de-la-vaccination-contre-la-covid-19#primaryimage\"},\"thumbnailUrl\":\"https:\/\/static.africa-press.net\/centrafricaine\/sites\/49\/2021\/11\/img-61a287d7d1f41.jpg\",\"datePublished\":\"2021-11-27T19:35:52+00:00\",\"author\":{\"@id\":\"https:\/\/www.africa-press.net\/congo-kinshasa\/#\/schema\/person\/2b1cf3cd81a31e3cd26889ca66d677f1\"},\"description\":\"La R\u00e9publique D\u00e9mocratique du Congo s'est engag\u00e9e dans la vaccination contre la pand\u00e9mie de coronavirus. Au d\u00e9but, les p ...\",\"breadcrumb\":{\"@id\":\"https:\/\/www.africa-press.net\/congo-kinshasa\/toutes-les-actualites\/sante-target-presente-ce-30-novembre-un-webinaire-sur-limpact-de-la-vaccination-contre-la-covid-19#breadcrumb\"},\"inLanguage\":\"fr-FR\",\"potentialAction\":[{\"@type\":\"ReadAction\",\"target\":[\"https:\/\/www.africa-press.net\/congo-kinshasa\/toutes-les-actualites\/sante-target-presente-ce-30-novembre-un-webinaire-sur-limpact-de-la-vaccination-contre-la-covid-19\"]}]},{\"@type\":\"ImageObject\",\"inLanguage\":\"fr-FR\",\"@id\":\"https:\/\/www.africa-press.net\/congo-kinshasa\/toutes-les-actualites\/sante-target-presente-ce-30-novembre-un-webinaire-sur-limpact-de-la-vaccination-contre-la-covid-19#primaryimage\",\"url\":\"https:\/\/static.africa-press.net\/centrafricaine\/sites\/49\/2021\/11\/img-61a287d7d1f41.jpg\",\"contentUrl\":\"https:\/\/static.africa-press.net\/centrafricaine\/sites\/49\/2021\/11\/img-61a287d7d1f41.jpg\",\"width\":800,\"height\":512,\"caption\":\"Sant\u00e9 : Target pr\u00e9sente ce 30 novembre un webinaire sur l'impact de la vaccination contre la covid-19\"},{\"@type\":\"BreadcrumbList\",\"@id\":\"https:\/\/www.africa-press.net\/congo-kinshasa\/toutes-les-actualites\/sante-target-presente-ce-30-novembre-un-webinaire-sur-limpact-de-la-vaccination-contre-la-covid-19#breadcrumb\",\"itemListElement\":[{\"@type\":\"ListItem\",\"position\":1,\"name\":\"Accueil\",\"item\":\"https:\/\/www.africa-press.net\/congo-kinshasa\/\"},{\"@type\":\"ListItem\",\"position\":2,\"name\":\"Sant\u00e9 : Target pr\u00e9sente ce 30 novembre un webinaire sur l&#8217;impact de la vaccination contre la covid-19\"}]},{\"@type\":\"WebSite\",\"@id\":\"https:\/\/www.africa-press.net\/congo-kinshasa\/#website\",\"url\":\"https:\/\/www.africa-press.net\/congo-kinshasa\/\",\"name\":\"Congo-kinshasa\",\"description\":\"Just another Africa News Agency Sites site\",\"potentialAction\":[{\"@type\":\"SearchAction\",\"target\":{\"@type\":\"EntryPoint\",\"urlTemplate\":\"https:\/\/www.africa-press.net\/congo-kinshasa\/?s={search_term_string}\"},\"query-input\":{\"@type\":\"PropertyValueSpecification\",\"valueRequired\":true,\"valueName\":\"search_term_string\"}}],\"inLanguage\":\"fr-FR\"},{\"@type\":\"Person\",\"@id\":\"https:\/\/www.africa-press.net\/congo-kinshasa\/#\/schema\/person\/2b1cf3cd81a31e3cd26889ca66d677f1\",\"name\":\"cfeditorfr\"}]}<\/script>\n<!-- \/ Yoast SEO Premium plugin. -->","yoast_head_json":{"title":"Sant\u00e9 : Target pr\u00e9sente ce 30 novembre un webinaire sur l'impact de la vaccination contre la covid-19 - Congo-kinshasa","description":"La R\u00e9publique D\u00e9mocratique du Congo s'est engag\u00e9e dans la vaccination contre la pand\u00e9mie de coronavirus. Au d\u00e9but, les p ...","robots":{"index":"index","follow":"follow","max-snippet":"max-snippet:-1","max-image-preview":"max-image-preview:large","max-video-preview":"max-video-preview:-1"},"canonical":"https:\/\/www.africa-press.net\/congo-kinshasa\/toutes-les-actualites\/sante-target-presente-ce-30-novembre-un-webinaire-sur-limpact-de-la-vaccination-contre-la-covid-19","og_locale":"fr_FR","og_type":"article","og_title":"Sant\u00e9 : Target pr\u00e9sente ce 30 novembre un webinaire sur l'impact de la vaccination contre la covid-19","og_description":"La R\u00e9publique D\u00e9mocratique du Congo s'est engag\u00e9e dans la vaccination contre la pand\u00e9mie de coronavirus. Au d\u00e9but, les p ...","og_url":"https:\/\/www.africa-press.net\/congo-kinshasa\/toutes-les-actualites\/sante-target-presente-ce-30-novembre-un-webinaire-sur-limpact-de-la-vaccination-contre-la-covid-19","og_site_name":"Congo-kinshasa","article_published_time":"2021-11-27T19:35:52+00:00","og_image":[{"width":800,"height":512,"url":"https:\/\/static.africa-press.net\/centrafricaine\/sites\/49\/2021\/11\/img-61a287d7d1f41.jpg","type":"image\/jpeg"}],"author":"cfeditorfr","twitter_card":"summary_large_image","twitter_misc":{"\u00c9crit par":"cfeditorfr","Dur\u00e9e de lecture estim\u00e9e":"2 minutes"},"schema":{"@context":"https:\/\/schema.org","@graph":[{"@type":"Article","@id":"https:\/\/www.africa-press.net\/congo-kinshasa\/toutes-les-actualites\/sante-target-presente-ce-30-novembre-un-webinaire-sur-limpact-de-la-vaccination-contre-la-covid-19#article","isPartOf":{"@id":"https:\/\/www.africa-press.net\/congo-kinshasa\/toutes-les-actualites\/sante-target-presente-ce-30-novembre-un-webinaire-sur-limpact-de-la-vaccination-contre-la-covid-19"},"author":{"name":"cfeditorfr","@id":"https:\/\/www.africa-press.net\/congo-kinshasa\/#\/schema\/person\/2b1cf3cd81a31e3cd26889ca66d677f1"},"headline":"Sant\u00e9 : Target pr\u00e9sente ce 30 novembre un webinaire sur l&rsquo;impact de la vaccination contre la covid-19","datePublished":"2021-11-27T19:35:52+00:00","mainEntityOfPage":{"@id":"https:\/\/www.africa-press.net\/congo-kinshasa\/toutes-les-actualites\/sante-target-presente-ce-30-novembre-un-webinaire-sur-limpact-de-la-vaccination-contre-la-covid-19"},"wordCount":362,"commentCount":0,"image":{"@id":"https:\/\/www.africa-press.net\/congo-kinshasa\/toutes-les-actualites\/sante-target-presente-ce-30-novembre-un-webinaire-sur-limpact-de-la-vaccination-contre-la-covid-19#primaryimage"},"thumbnailUrl":"https:\/\/static.africa-press.net\/centrafricaine\/sites\/49\/2021\/11\/img-61a287d7d1f41.jpg","keywords":["Africa Press","Africa Press-Congo Kinshasa","Congo Kinshasa"],"articleSection":["Communaut\u00e9","homepage-french","Toutes les actualit\u00e9s"],"inLanguage":"fr-FR","potentialAction":[{"@type":"CommentAction","name":"Comment","target":["https:\/\/www.africa-press.net\/congo-kinshasa\/toutes-les-actualites\/sante-target-presente-ce-30-novembre-un-webinaire-sur-limpact-de-la-vaccination-contre-la-covid-19#respond"]}]},{"@type":"WebPage","@id":"https:\/\/www.africa-press.net\/congo-kinshasa\/toutes-les-actualites\/sante-target-presente-ce-30-novembre-un-webinaire-sur-limpact-de-la-vaccination-contre-la-covid-19","url":"https:\/\/www.africa-press.net\/congo-kinshasa\/toutes-les-actualites\/sante-target-presente-ce-30-novembre-un-webinaire-sur-limpact-de-la-vaccination-contre-la-covid-19","name":"Sant\u00e9 : Target pr\u00e9sente ce 30 novembre un webinaire sur l'impact de la vaccination contre la covid-19 - Congo-kinshasa","isPartOf":{"@id":"https:\/\/www.africa-press.net\/congo-kinshasa\/#website"},"primaryImageOfPage":{"@id":"https:\/\/www.africa-press.net\/congo-kinshasa\/toutes-les-actualites\/sante-target-presente-ce-30-novembre-un-webinaire-sur-limpact-de-la-vaccination-contre-la-covid-19#primaryimage"},"image":{"@id":"https:\/\/www.africa-press.net\/congo-kinshasa\/toutes-les-actualites\/sante-target-presente-ce-30-novembre-un-webinaire-sur-limpact-de-la-vaccination-contre-la-covid-19#primaryimage"},"thumbnailUrl":"https:\/\/static.africa-press.net\/centrafricaine\/sites\/49\/2021\/11\/img-61a287d7d1f41.jpg","datePublished":"2021-11-27T19:35:52+00:00","author":{"@id":"https:\/\/www.africa-press.net\/congo-kinshasa\/#\/schema\/person\/2b1cf3cd81a31e3cd26889ca66d677f1"},"description":"La R\u00e9publique D\u00e9mocratique du Congo s'est engag\u00e9e dans la vaccination contre la pand\u00e9mie de coronavirus. Au d\u00e9but, les p ...","breadcrumb":{"@id":"https:\/\/www.africa-press.net\/congo-kinshasa\/toutes-les-actualites\/sante-target-presente-ce-30-novembre-un-webinaire-sur-limpact-de-la-vaccination-contre-la-covid-19#breadcrumb"},"inLanguage":"fr-FR","potentialAction":[{"@type":"ReadAction","target":["https:\/\/www.africa-press.net\/congo-kinshasa\/toutes-les-actualites\/sante-target-presente-ce-30-novembre-un-webinaire-sur-limpact-de-la-vaccination-contre-la-covid-19"]}]},{"@type":"ImageObject","inLanguage":"fr-FR","@id":"https:\/\/www.africa-press.net\/congo-kinshasa\/toutes-les-actualites\/sante-target-presente-ce-30-novembre-un-webinaire-sur-limpact-de-la-vaccination-contre-la-covid-19#primaryimage","url":"https:\/\/static.africa-press.net\/centrafricaine\/sites\/49\/2021\/11\/img-61a287d7d1f41.jpg","contentUrl":"https:\/\/static.africa-press.net\/centrafricaine\/sites\/49\/2021\/11\/img-61a287d7d1f41.jpg","width":800,"height":512,"caption":"Sant\u00e9 : Target pr\u00e9sente ce 30 novembre un webinaire sur l'impact de la vaccination contre la covid-19"},{"@type":"BreadcrumbList","@id":"https:\/\/www.africa-press.net\/congo-kinshasa\/toutes-les-actualites\/sante-target-presente-ce-30-novembre-un-webinaire-sur-limpact-de-la-vaccination-contre-la-covid-19#breadcrumb","itemListElement":[{"@type":"ListItem","position":1,"name":"Accueil","item":"https:\/\/www.africa-press.net\/congo-kinshasa\/"},{"@type":"ListItem","position":2,"name":"Sant\u00e9 : Target pr\u00e9sente ce 30 novembre un webinaire sur l&#8217;impact de la vaccination contre la covid-19"}]},{"@type":"WebSite","@id":"https:\/\/www.africa-press.net\/congo-kinshasa\/#website","url":"https:\/\/www.africa-press.net\/congo-kinshasa\/","name":"Congo-kinshasa","description":"Just another Africa News Agency Sites site","potentialAction":[{"@type":"SearchAction","target":{"@type":"EntryPoint","urlTemplate":"https:\/\/www.africa-press.net\/congo-kinshasa\/?s={search_term_string}"},"query-input":{"@type":"PropertyValueSpecification","valueRequired":true,"valueName":"search_term_string"}}],"inLanguage":"fr-FR"},{"@type":"Person","@id":"https:\/\/www.africa-press.net\/congo-kinshasa\/#\/schema\/person\/2b1cf3cd81a31e3cd26889ca66d677f1","name":"cfeditorfr"}]}},"_links":{"self":[{"href":"https:\/\/www.africa-press.net\/congo-kinshasa\/wp-json\/wp\/v2\/posts\/19758","targetHints":{"allow":["GET"]}}],"collection":[{"href":"https:\/\/www.africa-press.net\/congo-kinshasa\/wp-json\/wp\/v2\/posts"}],"about":[{"href":"https:\/\/www.africa-press.net\/congo-kinshasa\/wp-json\/wp\/v2\/types\/post"}],"author":[{"embeddable":true,"href":"https:\/\/www.africa-press.net\/congo-kinshasa\/wp-json\/wp\/v2\/users\/82"}],"replies":[{"embeddable":true,"href":"https:\/\/www.africa-press.net\/congo-kinshasa\/wp-json\/wp\/v2\/comments?post=19758"}],"version-history":[{"count":0,"href":"https:\/\/www.africa-press.net\/congo-kinshasa\/wp-json\/wp\/v2\/posts\/19758\/revisions"}],"wp:featuredmedia":[{"embeddable":true,"href":"https:\/\/www.africa-press.net\/congo-kinshasa\/wp-json\/wp\/v2\/media\/19757"}],"wp:attachment":[{"href":"https:\/\/www.africa-press.net\/congo-kinshasa\/wp-json\/wp\/v2\/media?parent=19758"}],"wp:term":[{"taxonomy":"category","embeddable":true,"href":"https:\/\/www.africa-press.net\/congo-kinshasa\/wp-json\/wp\/v2\/categories?post=19758"},{"taxonomy":"post_tag","embeddable":true,"href":"https:\/\/www.africa-press.net\/congo-kinshasa\/wp-json\/wp\/v2\/tags?post=19758"}],"curies":[{"name":"wp","href":"https:\/\/api.w.org\/{rel}","templated":true}]}}