{"id":26458,"date":"2022-02-20T19:59:00","date_gmt":"2022-02-20T19:59:00","guid":{"rendered":"https:\/\/www.africa-press.net\/congo-kinshasa\/politique\/felix-tshisekedi-recoit-erdogan-lors-dune-ceremonie-officielle"},"modified":"2022-02-21T07:06:32","modified_gmt":"2022-02-21T07:06:32","slug":"felix-tshisekedi-recoit-erdogan-lors-dune-ceremonie-officielle","status":"publish","type":"post","link":"https:\/\/www.africa-press.net\/congo-kinshasa\/politique\/felix-tshisekedi-recoit-erdogan-lors-dune-ceremonie-officielle","title":{"rendered":"Felix Tshisekedi re\u00e7oit Erdogan lors d&rsquo;une c\u00e9r\u00e9monie officielle"},"content":{"rendered":"<p><span style=\"color: #ff6600\"><strong>Africa-Press &#8211; Congo Kinshasa. <\/strong><\/span>Le Pr\u00e9sident de la R\u00e9publique d\u00e9mocratique du Congo, F\u00e9lix Tshisekedi, a accueilli son homologue turc, Recep Tayyip Erdogan, lors d&rsquo;une c\u00e9r\u00e9monie officielle dans la capitale, Kinshasa.<\/p>\n<p>La c\u00e9r\u00e9monie a eu lieu au palais pr\u00e9sidentiel de la capitale, Kinshasa, o\u00f9 les hymnes nationaux des deux pays ont \u00e9t\u00e9 interpr\u00e9t\u00e9s. Les deux dirigeants ont ensuite pr\u00e9sent\u00e9 les d\u00e9l\u00e9gations de leurs pays respectifs.<\/p>\n<p>Erdogan et Tshisekedi devraient tenir une conf\u00e9rence de presse apr\u00e8s leur rencontre bilat\u00e9rale et pr\u00e9sider la r\u00e9union des d\u00e9l\u00e9gations des deux pays, au cours de laquelle un certain nombre d&rsquo;accords seront sign\u00e9s. Le chef de l\u2019Etat turc est arriv\u00e9 aujourd&rsquo;hui \u00e0 Kinshasa, d\u00e9butant ainsi une tourn\u00e9e africaine qui comprend \u00e9galement le S\u00e9n\u00e9gal et la Guin\u00e9e-Bissau.<\/p>\n<p>Lors de sa tourn\u00e9e, Erdogan est accompagn\u00e9 des ministres des Affaires \u00e9trang\u00e8res Mevlut Cavusoglu, de l&rsquo;Int\u00e9rieur Suleyman Soylu, de la D\u00e9fense Hulusi Akar, du Commerce Mehmet Mu\u015f, des Transports et des Infrastructures Adil Karaismailo\u011flu, de la Jeunesse et des Sports Mehmet Muharrem Kasapo\u011flu.<\/p>\n<p>Il est \u00e9galement accompagn\u00e9 du porte-parole de la pr\u00e9sidence turque, Ibrahim Kalin, du directeur des industries de la d\u00e9fense, Ismail Demir, et du directeur du d\u00e9partement des communications de la pr\u00e9sidence turque, Fahrettin Altun. La tourn\u00e9e africaine d&rsquo;Erdogan inclut la R\u00e9publique d\u00e9mocratique du Congo, le S\u00e9n\u00e9gal et la Guin\u00e9e-Bissau.<\/p>\n<p>Un communiqu\u00e9 publi\u00e9 par le d\u00e9partement de la communication de la pr\u00e9sidence turque a indiqu\u00e9, samedi, qu&rsquo;Erdogan s&rsquo;entretiendra avec les responsables de ces pays du large spectre des relations bilat\u00e9rales et des possibilit\u00e9s de d\u00e9velopper la coop\u00e9ration bilat\u00e9rale dans tous les domaines.<\/p>\n<p><strong>Pour plus d&rsquo;informations et d&rsquo;analyses sur la <a href=\"https:\/\/www.africa-press.net\/congo-kinshasa\">Congo Kinshasa<\/a>, suivez <a href=\"https:\/\/www.africa-press.net\/\">Africa-Press<\/a><\/strong><\/p>\n","protected":false},"excerpt":{"rendered":"<p>Africa-Press &#8211; Congo Kinshasa. Le Pr\u00e9sident de la R\u00e9publique d\u00e9mocratique du Congo, F\u00e9lix Tshisekedi, a accueilli son homologue turc, Recep Tayyip Erdogan, lors d&rsquo;une c\u00e9r\u00e9monie officielle dans la capitale, Kinshasa. La c\u00e9r\u00e9monie a eu lieu au palais pr\u00e9sidentiel de la capitale, Kinshasa, o\u00f9 les hymnes nationaux des deux pays ont \u00e9t\u00e9 interpr\u00e9t\u00e9s. Les deux dirigeants [&hellip;]<\/p>\n","protected":false},"author":82,"featured_media":26457,"comment_status":"open","ping_status":"closed","sticky":false,"template":"","format":"standard","meta":{"footnotes":""},"categories":[11,2,10],"tags":[36,47,46,322,48],"class_list":["post-26458","post","type-post","status-publish","format-standard","has-post-thumbnail","hentry","category-homepage-french","category-politique","category-toutes-les-actualites","tag-africa-press","tag-africa-press-congo-kinshasa","tag-congo-kinshasa","tag-erdogan","tag-felix-tshisekedi"],"yoast_head":"<!-- This site is optimized with the Yoast SEO Premium plugin v26.1 (Yoast SEO v27.0) - https:\/\/yoast.com\/product\/yoast-seo-premium-wordpress\/ -->\n<title>Felix Tshisekedi re\u00e7oit Erdogan lors d&#039;une c\u00e9r\u00e9monie officielle - Congo-kinshasa<\/title>\n<meta name=\"description\" content=\"Le Pr\u00e9sident de la R\u00e9publique d\u00e9mocratique du Congo, F\u00e9lix Tshisekedi, a accueilli son homologue turc, Recep Tayyip Erdo ...\" \/>\n<meta name=\"robots\" content=\"index, follow, max-snippet:-1, max-image-preview:large, max-video-preview:-1\" \/>\n<link rel=\"canonical\" href=\"https:\/\/www.africa-press.net\/congo-kinshasa\/politique\/felix-tshisekedi-recoit-erdogan-lors-dune-ceremonie-officielle\" \/>\n<meta property=\"og:locale\" content=\"fr_FR\" \/>\n<meta property=\"og:type\" content=\"article\" \/>\n<meta property=\"og:title\" content=\"Felix Tshisekedi re\u00e7oit Erdogan lors d&#039;une c\u00e9r\u00e9monie officielle\" \/>\n<meta property=\"og:description\" content=\"Le Pr\u00e9sident de la R\u00e9publique d\u00e9mocratique du Congo, F\u00e9lix Tshisekedi, a accueilli son homologue turc, Recep Tayyip Erdo ...\" \/>\n<meta property=\"og:url\" content=\"https:\/\/www.africa-press.net\/congo-kinshasa\/politique\/felix-tshisekedi-recoit-erdogan-lors-dune-ceremonie-officielle\" \/>\n<meta property=\"og:site_name\" content=\"Congo-kinshasa\" \/>\n<meta property=\"article:published_time\" content=\"2022-02-20T19:59:00+00:00\" \/>\n<meta property=\"article:modified_time\" content=\"2022-02-21T07:06:32+00:00\" \/>\n<meta property=\"og:image\" content=\"https:\/\/static.africa-press.net\/congo-kinshasa\/sites\/49\/2022\/02\/img-621339cf22ae4.jpg\" \/>\n\t<meta property=\"og:image:width\" content=\"856\" \/>\n\t<meta property=\"og:image:height\" content=\"480\" \/>\n\t<meta property=\"og:image:type\" content=\"image\/jpeg\" \/>\n<meta name=\"author\" content=\"cfeditorfr\" \/>\n<meta name=\"twitter:card\" content=\"summary_large_image\" \/>\n<meta name=\"twitter:label1\" content=\"\u00c9crit par\" \/>\n\t<meta name=\"twitter:data1\" content=\"cfeditorfr\" \/>\n\t<meta name=\"twitter:label2\" content=\"Dur\u00e9e de lecture estim\u00e9e\" \/>\n\t<meta name=\"twitter:data2\" content=\"2 minutes\" \/>\n<script type=\"application\/ld+json\" class=\"yoast-schema-graph\">{\"@context\":\"https:\/\/schema.org\",\"@graph\":[{\"@type\":\"Article\",\"@id\":\"https:\/\/www.africa-press.net\/congo-kinshasa\/politique\/felix-tshisekedi-recoit-erdogan-lors-dune-ceremonie-officielle#article\",\"isPartOf\":{\"@id\":\"https:\/\/www.africa-press.net\/congo-kinshasa\/politique\/felix-tshisekedi-recoit-erdogan-lors-dune-ceremonie-officielle\"},\"author\":{\"name\":\"cfeditorfr\",\"@id\":\"https:\/\/www.africa-press.net\/congo-kinshasa\/#\/schema\/person\/2b1cf3cd81a31e3cd26889ca66d677f1\"},\"headline\":\"Felix Tshisekedi re\u00e7oit Erdogan lors d&rsquo;une c\u00e9r\u00e9monie officielle\",\"datePublished\":\"2022-02-20T19:59:00+00:00\",\"dateModified\":\"2022-02-21T07:06:32+00:00\",\"mainEntityOfPage\":{\"@id\":\"https:\/\/www.africa-press.net\/congo-kinshasa\/politique\/felix-tshisekedi-recoit-erdogan-lors-dune-ceremonie-officielle\"},\"wordCount\":335,\"commentCount\":0,\"image\":{\"@id\":\"https:\/\/www.africa-press.net\/congo-kinshasa\/politique\/felix-tshisekedi-recoit-erdogan-lors-dune-ceremonie-officielle#primaryimage\"},\"thumbnailUrl\":\"https:\/\/static.africa-press.net\/congo-kinshasa\/sites\/49\/2022\/02\/img-621339cf22ae4.jpg\",\"keywords\":[\"Africa Press\",\"Africa Press-Congo Kinshasa\",\"Congo Kinshasa\",\"Erdogan\",\"F\u00e9lix Tshisekedi\"],\"articleSection\":[\"homepage-french\",\"Politique\",\"Toutes les actualit\u00e9s\"],\"inLanguage\":\"fr-FR\",\"potentialAction\":[{\"@type\":\"CommentAction\",\"name\":\"Comment\",\"target\":[\"https:\/\/www.africa-press.net\/congo-kinshasa\/politique\/felix-tshisekedi-recoit-erdogan-lors-dune-ceremonie-officielle#respond\"]}]},{\"@type\":\"WebPage\",\"@id\":\"https:\/\/www.africa-press.net\/congo-kinshasa\/politique\/felix-tshisekedi-recoit-erdogan-lors-dune-ceremonie-officielle\",\"url\":\"https:\/\/www.africa-press.net\/congo-kinshasa\/politique\/felix-tshisekedi-recoit-erdogan-lors-dune-ceremonie-officielle\",\"name\":\"Felix Tshisekedi re\u00e7oit Erdogan lors d'une c\u00e9r\u00e9monie officielle - Congo-kinshasa\",\"isPartOf\":{\"@id\":\"https:\/\/www.africa-press.net\/congo-kinshasa\/#website\"},\"primaryImageOfPage\":{\"@id\":\"https:\/\/www.africa-press.net\/congo-kinshasa\/politique\/felix-tshisekedi-recoit-erdogan-lors-dune-ceremonie-officielle#primaryimage\"},\"image\":{\"@id\":\"https:\/\/www.africa-press.net\/congo-kinshasa\/politique\/felix-tshisekedi-recoit-erdogan-lors-dune-ceremonie-officielle#primaryimage\"},\"thumbnailUrl\":\"https:\/\/static.africa-press.net\/congo-kinshasa\/sites\/49\/2022\/02\/img-621339cf22ae4.jpg\",\"datePublished\":\"2022-02-20T19:59:00+00:00\",\"dateModified\":\"2022-02-21T07:06:32+00:00\",\"author\":{\"@id\":\"https:\/\/www.africa-press.net\/congo-kinshasa\/#\/schema\/person\/2b1cf3cd81a31e3cd26889ca66d677f1\"},\"description\":\"Le Pr\u00e9sident de la R\u00e9publique d\u00e9mocratique du Congo, F\u00e9lix Tshisekedi, a accueilli son homologue turc, Recep Tayyip Erdo ...\",\"breadcrumb\":{\"@id\":\"https:\/\/www.africa-press.net\/congo-kinshasa\/politique\/felix-tshisekedi-recoit-erdogan-lors-dune-ceremonie-officielle#breadcrumb\"},\"inLanguage\":\"fr-FR\",\"potentialAction\":[{\"@type\":\"ReadAction\",\"target\":[\"https:\/\/www.africa-press.net\/congo-kinshasa\/politique\/felix-tshisekedi-recoit-erdogan-lors-dune-ceremonie-officielle\"]}]},{\"@type\":\"ImageObject\",\"inLanguage\":\"fr-FR\",\"@id\":\"https:\/\/www.africa-press.net\/congo-kinshasa\/politique\/felix-tshisekedi-recoit-erdogan-lors-dune-ceremonie-officielle#primaryimage\",\"url\":\"https:\/\/static.africa-press.net\/congo-kinshasa\/sites\/49\/2022\/02\/img-621339cf22ae4.jpg\",\"contentUrl\":\"https:\/\/static.africa-press.net\/congo-kinshasa\/sites\/49\/2022\/02\/img-621339cf22ae4.jpg\",\"width\":856,\"height\":480,\"caption\":\"Felix Tshisekedi re\u00e7oit Erdogan lors d'une c\u00e9r\u00e9monie officielle\"},{\"@type\":\"BreadcrumbList\",\"@id\":\"https:\/\/www.africa-press.net\/congo-kinshasa\/politique\/felix-tshisekedi-recoit-erdogan-lors-dune-ceremonie-officielle#breadcrumb\",\"itemListElement\":[{\"@type\":\"ListItem\",\"position\":1,\"name\":\"Accueil\",\"item\":\"https:\/\/www.africa-press.net\/congo-kinshasa\/\"},{\"@type\":\"ListItem\",\"position\":2,\"name\":\"Felix Tshisekedi re\u00e7oit Erdogan lors d&#8217;une c\u00e9r\u00e9monie officielle\"}]},{\"@type\":\"WebSite\",\"@id\":\"https:\/\/www.africa-press.net\/congo-kinshasa\/#website\",\"url\":\"https:\/\/www.africa-press.net\/congo-kinshasa\/\",\"name\":\"Congo-kinshasa\",\"description\":\"Just another Africa News Agency Sites site\",\"potentialAction\":[{\"@type\":\"SearchAction\",\"target\":{\"@type\":\"EntryPoint\",\"urlTemplate\":\"https:\/\/www.africa-press.net\/congo-kinshasa\/?s={search_term_string}\"},\"query-input\":{\"@type\":\"PropertyValueSpecification\",\"valueRequired\":true,\"valueName\":\"search_term_string\"}}],\"inLanguage\":\"fr-FR\"},{\"@type\":\"Person\",\"@id\":\"https:\/\/www.africa-press.net\/congo-kinshasa\/#\/schema\/person\/2b1cf3cd81a31e3cd26889ca66d677f1\",\"name\":\"cfeditorfr\"}]}<\/script>\n<!-- \/ Yoast SEO Premium plugin. -->","yoast_head_json":{"title":"Felix Tshisekedi re\u00e7oit Erdogan lors d'une c\u00e9r\u00e9monie officielle - Congo-kinshasa","description":"Le Pr\u00e9sident de la R\u00e9publique d\u00e9mocratique du Congo, F\u00e9lix Tshisekedi, a accueilli son homologue turc, Recep Tayyip Erdo ...","robots":{"index":"index","follow":"follow","max-snippet":"max-snippet:-1","max-image-preview":"max-image-preview:large","max-video-preview":"max-video-preview:-1"},"canonical":"https:\/\/www.africa-press.net\/congo-kinshasa\/politique\/felix-tshisekedi-recoit-erdogan-lors-dune-ceremonie-officielle","og_locale":"fr_FR","og_type":"article","og_title":"Felix Tshisekedi re\u00e7oit Erdogan lors d'une c\u00e9r\u00e9monie officielle","og_description":"Le Pr\u00e9sident de la R\u00e9publique d\u00e9mocratique du Congo, F\u00e9lix Tshisekedi, a accueilli son homologue turc, Recep Tayyip Erdo ...","og_url":"https:\/\/www.africa-press.net\/congo-kinshasa\/politique\/felix-tshisekedi-recoit-erdogan-lors-dune-ceremonie-officielle","og_site_name":"Congo-kinshasa","article_published_time":"2022-02-20T19:59:00+00:00","article_modified_time":"2022-02-21T07:06:32+00:00","og_image":[{"width":856,"height":480,"url":"https:\/\/static.africa-press.net\/congo-kinshasa\/sites\/49\/2022\/02\/img-621339cf22ae4.jpg","type":"image\/jpeg"}],"author":"cfeditorfr","twitter_card":"summary_large_image","twitter_misc":{"\u00c9crit par":"cfeditorfr","Dur\u00e9e de lecture estim\u00e9e":"2 minutes"},"schema":{"@context":"https:\/\/schema.org","@graph":[{"@type":"Article","@id":"https:\/\/www.africa-press.net\/congo-kinshasa\/politique\/felix-tshisekedi-recoit-erdogan-lors-dune-ceremonie-officielle#article","isPartOf":{"@id":"https:\/\/www.africa-press.net\/congo-kinshasa\/politique\/felix-tshisekedi-recoit-erdogan-lors-dune-ceremonie-officielle"},"author":{"name":"cfeditorfr","@id":"https:\/\/www.africa-press.net\/congo-kinshasa\/#\/schema\/person\/2b1cf3cd81a31e3cd26889ca66d677f1"},"headline":"Felix Tshisekedi re\u00e7oit Erdogan lors d&rsquo;une c\u00e9r\u00e9monie officielle","datePublished":"2022-02-20T19:59:00+00:00","dateModified":"2022-02-21T07:06:32+00:00","mainEntityOfPage":{"@id":"https:\/\/www.africa-press.net\/congo-kinshasa\/politique\/felix-tshisekedi-recoit-erdogan-lors-dune-ceremonie-officielle"},"wordCount":335,"commentCount":0,"image":{"@id":"https:\/\/www.africa-press.net\/congo-kinshasa\/politique\/felix-tshisekedi-recoit-erdogan-lors-dune-ceremonie-officielle#primaryimage"},"thumbnailUrl":"https:\/\/static.africa-press.net\/congo-kinshasa\/sites\/49\/2022\/02\/img-621339cf22ae4.jpg","keywords":["Africa Press","Africa Press-Congo Kinshasa","Congo Kinshasa","Erdogan","F\u00e9lix Tshisekedi"],"articleSection":["homepage-french","Politique","Toutes les actualit\u00e9s"],"inLanguage":"fr-FR","potentialAction":[{"@type":"CommentAction","name":"Comment","target":["https:\/\/www.africa-press.net\/congo-kinshasa\/politique\/felix-tshisekedi-recoit-erdogan-lors-dune-ceremonie-officielle#respond"]}]},{"@type":"WebPage","@id":"https:\/\/www.africa-press.net\/congo-kinshasa\/politique\/felix-tshisekedi-recoit-erdogan-lors-dune-ceremonie-officielle","url":"https:\/\/www.africa-press.net\/congo-kinshasa\/politique\/felix-tshisekedi-recoit-erdogan-lors-dune-ceremonie-officielle","name":"Felix Tshisekedi re\u00e7oit Erdogan lors d'une c\u00e9r\u00e9monie officielle - Congo-kinshasa","isPartOf":{"@id":"https:\/\/www.africa-press.net\/congo-kinshasa\/#website"},"primaryImageOfPage":{"@id":"https:\/\/www.africa-press.net\/congo-kinshasa\/politique\/felix-tshisekedi-recoit-erdogan-lors-dune-ceremonie-officielle#primaryimage"},"image":{"@id":"https:\/\/www.africa-press.net\/congo-kinshasa\/politique\/felix-tshisekedi-recoit-erdogan-lors-dune-ceremonie-officielle#primaryimage"},"thumbnailUrl":"https:\/\/static.africa-press.net\/congo-kinshasa\/sites\/49\/2022\/02\/img-621339cf22ae4.jpg","datePublished":"2022-02-20T19:59:00+00:00","dateModified":"2022-02-21T07:06:32+00:00","author":{"@id":"https:\/\/www.africa-press.net\/congo-kinshasa\/#\/schema\/person\/2b1cf3cd81a31e3cd26889ca66d677f1"},"description":"Le Pr\u00e9sident de la R\u00e9publique d\u00e9mocratique du Congo, F\u00e9lix Tshisekedi, a accueilli son homologue turc, Recep Tayyip Erdo ...","breadcrumb":{"@id":"https:\/\/www.africa-press.net\/congo-kinshasa\/politique\/felix-tshisekedi-recoit-erdogan-lors-dune-ceremonie-officielle#breadcrumb"},"inLanguage":"fr-FR","potentialAction":[{"@type":"ReadAction","target":["https:\/\/www.africa-press.net\/congo-kinshasa\/politique\/felix-tshisekedi-recoit-erdogan-lors-dune-ceremonie-officielle"]}]},{"@type":"ImageObject","inLanguage":"fr-FR","@id":"https:\/\/www.africa-press.net\/congo-kinshasa\/politique\/felix-tshisekedi-recoit-erdogan-lors-dune-ceremonie-officielle#primaryimage","url":"https:\/\/static.africa-press.net\/congo-kinshasa\/sites\/49\/2022\/02\/img-621339cf22ae4.jpg","contentUrl":"https:\/\/static.africa-press.net\/congo-kinshasa\/sites\/49\/2022\/02\/img-621339cf22ae4.jpg","width":856,"height":480,"caption":"Felix Tshisekedi re\u00e7oit Erdogan lors d'une c\u00e9r\u00e9monie officielle"},{"@type":"BreadcrumbList","@id":"https:\/\/www.africa-press.net\/congo-kinshasa\/politique\/felix-tshisekedi-recoit-erdogan-lors-dune-ceremonie-officielle#breadcrumb","itemListElement":[{"@type":"ListItem","position":1,"name":"Accueil","item":"https:\/\/www.africa-press.net\/congo-kinshasa\/"},{"@type":"ListItem","position":2,"name":"Felix Tshisekedi re\u00e7oit Erdogan lors d&#8217;une c\u00e9r\u00e9monie officielle"}]},{"@type":"WebSite","@id":"https:\/\/www.africa-press.net\/congo-kinshasa\/#website","url":"https:\/\/www.africa-press.net\/congo-kinshasa\/","name":"Congo-kinshasa","description":"Just another Africa News Agency Sites site","potentialAction":[{"@type":"SearchAction","target":{"@type":"EntryPoint","urlTemplate":"https:\/\/www.africa-press.net\/congo-kinshasa\/?s={search_term_string}"},"query-input":{"@type":"PropertyValueSpecification","valueRequired":true,"valueName":"search_term_string"}}],"inLanguage":"fr-FR"},{"@type":"Person","@id":"https:\/\/www.africa-press.net\/congo-kinshasa\/#\/schema\/person\/2b1cf3cd81a31e3cd26889ca66d677f1","name":"cfeditorfr"}]}},"_links":{"self":[{"href":"https:\/\/www.africa-press.net\/congo-kinshasa\/wp-json\/wp\/v2\/posts\/26458","targetHints":{"allow":["GET"]}}],"collection":[{"href":"https:\/\/www.africa-press.net\/congo-kinshasa\/wp-json\/wp\/v2\/posts"}],"about":[{"href":"https:\/\/www.africa-press.net\/congo-kinshasa\/wp-json\/wp\/v2\/types\/post"}],"author":[{"embeddable":true,"href":"https:\/\/www.africa-press.net\/congo-kinshasa\/wp-json\/wp\/v2\/users\/82"}],"replies":[{"embeddable":true,"href":"https:\/\/www.africa-press.net\/congo-kinshasa\/wp-json\/wp\/v2\/comments?post=26458"}],"version-history":[{"count":0,"href":"https:\/\/www.africa-press.net\/congo-kinshasa\/wp-json\/wp\/v2\/posts\/26458\/revisions"}],"wp:featuredmedia":[{"embeddable":true,"href":"https:\/\/www.africa-press.net\/congo-kinshasa\/wp-json\/wp\/v2\/media\/26457"}],"wp:attachment":[{"href":"https:\/\/www.africa-press.net\/congo-kinshasa\/wp-json\/wp\/v2\/media?parent=26458"}],"wp:term":[{"taxonomy":"category","embeddable":true,"href":"https:\/\/www.africa-press.net\/congo-kinshasa\/wp-json\/wp\/v2\/categories?post=26458"},{"taxonomy":"post_tag","embeddable":true,"href":"https:\/\/www.africa-press.net\/congo-kinshasa\/wp-json\/wp\/v2\/tags?post=26458"}],"curies":[{"name":"wp","href":"https:\/\/api.w.org\/{rel}","templated":true}]}}