{"id":26461,"date":"2022-02-20T23:50:12","date_gmt":"2022-02-20T23:50:12","guid":{"rendered":"https:\/\/www.africa-press.net\/congo-kinshasa\/politique\/erdogan-nos-relations-avec-la-republique-democratique-du-congo-connaitront-un-grand-essor"},"modified":"2022-02-21T07:11:50","modified_gmt":"2022-02-21T07:11:50","slug":"erdogan-nos-relations-avec-la-republique-democratique-du-congo-connaitront-un-grand-essor","status":"publish","type":"post","link":"https:\/\/www.africa-press.net\/congo-kinshasa\/politique\/erdogan-nos-relations-avec-la-republique-democratique-du-congo-connaitront-un-grand-essor","title":{"rendered":"Erdogan : Nos relations avec la R\u00e9publique d\u00e9mocratique du Congo conna\u00eetront un grand essor"},"content":{"rendered":"<p><span style=\"color: #ff6600\"><strong>Africa-Press &#8211; Congo Kinshasa. <\/strong><\/span>Le pr\u00e9sident turc Recep Tayyip Erdogan s&rsquo;est dit confiant que les relations entre son pays et la R\u00e9publique d\u00e9mocratique du Congo conna\u00eetront un grand essor dans l&rsquo;avenir proche.<\/p>\n<p>C&rsquo;est ce qui ressort d&rsquo;une conf\u00e9rence de presse tenue, dimanche, avec son homologue congolais, Felix Tshisekedi, dans la capitale, Kinshasa, premi\u00e8re \u00e9tape de sa tourn\u00e9e africaine.<\/p>\n<p>Erdogan a indiqu\u00e9 qu&rsquo;il avait eu 3 rencontres avec son homologue Tshisekedi au cours des 6 derniers mois, dont la derni\u00e8re en d\u00e9cembre 2021 en marge du sommet du partenariat Turquie-Afrique tenu \u00e0 Istanbul.<\/p>\n<p>Le pr\u00e9sident turc a soulign\u00e9 que son pays est d\u00e9termin\u00e9 \u00e0 poursuivre la consolidation de ses relations avec les pays africains, notant que ses entretiens d&rsquo;aujourd&rsquo;hui avec Tshisekedi ont port\u00e9 sur la mani\u00e8re de renforcer les relations bilat\u00e9rales entre la Turquie et la R\u00e9publique d\u00e9mocratique du Congo.<\/p>\n<p>Et de poursuivre : \u00ab\u00a0Nous demeurons solidaires de la R\u00e9publique d\u00e9mocratique du Congo sur le plan de la s\u00e9curit\u00e9 et de la lutte contre le terrorisme. Le pr\u00e9sident Tshisekedi soutient notre lutte contre l&rsquo;organisation terroriste FETO, et nous sommes \u00e9galement aux c\u00f4t\u00e9s de Kinshasa dans sa lutte contre le terrorisme.\u00a0\u00bb<\/p>\n<p>Erdogan a rappel\u00e9 que l&rsquo;Agence turque de coop\u00e9ration et de coordination (TIKA) continue de contribuer \u00e0 la renaissance et au d\u00e9veloppement de la R\u00e9publique d\u00e9mocratique du Congo en r\u00e9alisant de nombreux projets vitaux dans diff\u00e9rents secteurs.<\/p>\n<p>\u00ab\u00a0Nos relations commerciales s&rsquo;intensifient de jour en jour. Les \u00e9changes commerciaux entre les deux parties se sont \u00e9lev\u00e9s \u00e0 36,5 millions de dollars en 2018, et nous cherchons d\u00e9sormais \u00e0 porter ce chiffre \u00e0 250 millions de dollars\u00a0\u00bb, a-t-il expliqu\u00e9.<\/p>\n<p>Le pr\u00e9sident turc a \u00e9galement d\u00e9clar\u00e9 que son gouvernement encourage les hommes d&rsquo;affaires turcs \u00e0 se rendre en R\u00e9publique d\u00e9mocratique du Congo et \u00e0 y investir dans de nombreux domaines.<\/p>\n<p>Et de souligner : \u00ab\u00a0Nous avons fourni 100 000 doses de vaccins anti-coronavirus \u00e0 la R\u00e9publique d\u00e9mocratique du Congo, puis nous allons exp\u00e9dier un million de doses du vaccin Sinovac et 100 000 doses du vaccin Turkovac.\u00a0\u00bb<\/p>\n<p><strong>Pour plus d&rsquo;informations et d&rsquo;analyses sur la <a href=\"https:\/\/www.africa-press.net\/congo-kinshasa\">Congo Kinshasa<\/a>, suivez <a href=\"https:\/\/www.africa-press.net\/\">Africa-Press<\/a><\/strong><\/p>\n","protected":false},"excerpt":{"rendered":"<p>Africa-Press &#8211; Congo Kinshasa. Le pr\u00e9sident turc Recep Tayyip Erdogan s&rsquo;est dit confiant que les relations entre son pays et la R\u00e9publique d\u00e9mocratique du Congo conna\u00eetront un grand essor dans l&rsquo;avenir proche. C&rsquo;est ce qui ressort d&rsquo;une conf\u00e9rence de presse tenue, dimanche, avec son homologue congolais, Felix Tshisekedi, dans la capitale, Kinshasa, premi\u00e8re \u00e9tape de [&hellip;]<\/p>\n","protected":false},"author":82,"featured_media":26460,"comment_status":"open","ping_status":"closed","sticky":false,"template":"","format":"standard","meta":{"footnotes":""},"categories":[11,2,20,10],"tags":[36,47,46,322,48,323],"class_list":["post-26461","post","type-post","status-publish","format-standard","has-post-thumbnail","hentry","category-homepage-french","category-politique","category-top-nouvelles","category-toutes-les-actualites","tag-africa-press","tag-africa-press-congo-kinshasa","tag-congo-kinshasa","tag-erdogan","tag-felix-tshisekedi","tag-tika"],"yoast_head":"<!-- This site is optimized with the Yoast SEO Premium plugin v26.1 (Yoast SEO v27.0) - https:\/\/yoast.com\/product\/yoast-seo-premium-wordpress\/ -->\n<title>Erdogan : Nos relations avec la R\u00e9publique d\u00e9mocratique du Congo conna\u00eetront un grand essor - Congo-kinshasa<\/title>\n<meta name=\"description\" content=\"Le pr\u00e9sident turc Recep Tayyip Erdogan s&#039;est dit confiant que les relations entre son pays et la R\u00e9publique d\u00e9mocratique ...\" \/>\n<meta name=\"robots\" content=\"index, follow, max-snippet:-1, max-image-preview:large, max-video-preview:-1\" \/>\n<link rel=\"canonical\" href=\"https:\/\/www.africa-press.net\/congo-kinshasa\/politique\/erdogan-nos-relations-avec-la-republique-democratique-du-congo-connaitront-un-grand-essor\" \/>\n<meta property=\"og:locale\" content=\"fr_FR\" \/>\n<meta property=\"og:type\" content=\"article\" \/>\n<meta property=\"og:title\" content=\"Erdogan : Nos relations avec la R\u00e9publique d\u00e9mocratique du Congo conna\u00eetront un grand essor\" \/>\n<meta property=\"og:description\" content=\"Le pr\u00e9sident turc Recep Tayyip Erdogan s&#039;est dit confiant que les relations entre son pays et la R\u00e9publique d\u00e9mocratique ...\" \/>\n<meta property=\"og:url\" content=\"https:\/\/www.africa-press.net\/congo-kinshasa\/politique\/erdogan-nos-relations-avec-la-republique-democratique-du-congo-connaitront-un-grand-essor\" \/>\n<meta property=\"og:site_name\" content=\"Congo-kinshasa\" \/>\n<meta property=\"article:published_time\" content=\"2022-02-20T23:50:12+00:00\" \/>\n<meta property=\"article:modified_time\" content=\"2022-02-21T07:11:50+00:00\" \/>\n<meta property=\"og:image\" content=\"https:\/\/static.africa-press.net\/congo-kinshasa\/sites\/49\/2022\/02\/img-62133a059add8.jpg\" \/>\n\t<meta property=\"og:image:width\" content=\"861\" \/>\n\t<meta property=\"og:image:height\" content=\"482\" \/>\n\t<meta property=\"og:image:type\" content=\"image\/jpeg\" \/>\n<meta name=\"author\" content=\"cfeditorfr\" \/>\n<meta name=\"twitter:card\" content=\"summary_large_image\" \/>\n<meta name=\"twitter:label1\" content=\"\u00c9crit par\" \/>\n\t<meta name=\"twitter:data1\" content=\"cfeditorfr\" \/>\n\t<meta name=\"twitter:label2\" content=\"Dur\u00e9e de lecture estim\u00e9e\" \/>\n\t<meta name=\"twitter:data2\" content=\"2 minutes\" \/>\n<script type=\"application\/ld+json\" class=\"yoast-schema-graph\">{\"@context\":\"https:\/\/schema.org\",\"@graph\":[{\"@type\":\"Article\",\"@id\":\"https:\/\/www.africa-press.net\/congo-kinshasa\/politique\/erdogan-nos-relations-avec-la-republique-democratique-du-congo-connaitront-un-grand-essor#article\",\"isPartOf\":{\"@id\":\"https:\/\/www.africa-press.net\/congo-kinshasa\/politique\/erdogan-nos-relations-avec-la-republique-democratique-du-congo-connaitront-un-grand-essor\"},\"author\":{\"name\":\"cfeditorfr\",\"@id\":\"https:\/\/www.africa-press.net\/congo-kinshasa\/#\/schema\/person\/2b1cf3cd81a31e3cd26889ca66d677f1\"},\"headline\":\"Erdogan : Nos relations avec la R\u00e9publique d\u00e9mocratique du Congo conna\u00eetront un grand essor\",\"datePublished\":\"2022-02-20T23:50:12+00:00\",\"dateModified\":\"2022-02-21T07:11:50+00:00\",\"mainEntityOfPage\":{\"@id\":\"https:\/\/www.africa-press.net\/congo-kinshasa\/politique\/erdogan-nos-relations-avec-la-republique-democratique-du-congo-connaitront-un-grand-essor\"},\"wordCount\":387,\"commentCount\":0,\"image\":{\"@id\":\"https:\/\/www.africa-press.net\/congo-kinshasa\/politique\/erdogan-nos-relations-avec-la-republique-democratique-du-congo-connaitront-un-grand-essor#primaryimage\"},\"thumbnailUrl\":\"https:\/\/static.africa-press.net\/congo-kinshasa\/sites\/49\/2022\/02\/img-62133a059add8.jpg\",\"keywords\":[\"Africa Press\",\"Africa Press-Congo Kinshasa\",\"Congo Kinshasa\",\"Erdogan\",\"F\u00e9lix Tshisekedi\",\"TIKA\"],\"articleSection\":[\"homepage-french\",\"Politique\",\"Top Nouvelles\",\"Toutes les actualit\u00e9s\"],\"inLanguage\":\"fr-FR\",\"potentialAction\":[{\"@type\":\"CommentAction\",\"name\":\"Comment\",\"target\":[\"https:\/\/www.africa-press.net\/congo-kinshasa\/politique\/erdogan-nos-relations-avec-la-republique-democratique-du-congo-connaitront-un-grand-essor#respond\"]}]},{\"@type\":\"WebPage\",\"@id\":\"https:\/\/www.africa-press.net\/congo-kinshasa\/politique\/erdogan-nos-relations-avec-la-republique-democratique-du-congo-connaitront-un-grand-essor\",\"url\":\"https:\/\/www.africa-press.net\/congo-kinshasa\/politique\/erdogan-nos-relations-avec-la-republique-democratique-du-congo-connaitront-un-grand-essor\",\"name\":\"Erdogan : Nos relations avec la R\u00e9publique d\u00e9mocratique du Congo conna\u00eetront un grand essor - Congo-kinshasa\",\"isPartOf\":{\"@id\":\"https:\/\/www.africa-press.net\/congo-kinshasa\/#website\"},\"primaryImageOfPage\":{\"@id\":\"https:\/\/www.africa-press.net\/congo-kinshasa\/politique\/erdogan-nos-relations-avec-la-republique-democratique-du-congo-connaitront-un-grand-essor#primaryimage\"},\"image\":{\"@id\":\"https:\/\/www.africa-press.net\/congo-kinshasa\/politique\/erdogan-nos-relations-avec-la-republique-democratique-du-congo-connaitront-un-grand-essor#primaryimage\"},\"thumbnailUrl\":\"https:\/\/static.africa-press.net\/congo-kinshasa\/sites\/49\/2022\/02\/img-62133a059add8.jpg\",\"datePublished\":\"2022-02-20T23:50:12+00:00\",\"dateModified\":\"2022-02-21T07:11:50+00:00\",\"author\":{\"@id\":\"https:\/\/www.africa-press.net\/congo-kinshasa\/#\/schema\/person\/2b1cf3cd81a31e3cd26889ca66d677f1\"},\"description\":\"Le pr\u00e9sident turc Recep Tayyip Erdogan s'est dit confiant que les relations entre son pays et la R\u00e9publique d\u00e9mocratique ...\",\"breadcrumb\":{\"@id\":\"https:\/\/www.africa-press.net\/congo-kinshasa\/politique\/erdogan-nos-relations-avec-la-republique-democratique-du-congo-connaitront-un-grand-essor#breadcrumb\"},\"inLanguage\":\"fr-FR\",\"potentialAction\":[{\"@type\":\"ReadAction\",\"target\":[\"https:\/\/www.africa-press.net\/congo-kinshasa\/politique\/erdogan-nos-relations-avec-la-republique-democratique-du-congo-connaitront-un-grand-essor\"]}]},{\"@type\":\"ImageObject\",\"inLanguage\":\"fr-FR\",\"@id\":\"https:\/\/www.africa-press.net\/congo-kinshasa\/politique\/erdogan-nos-relations-avec-la-republique-democratique-du-congo-connaitront-un-grand-essor#primaryimage\",\"url\":\"https:\/\/static.africa-press.net\/congo-kinshasa\/sites\/49\/2022\/02\/img-62133a059add8.jpg\",\"contentUrl\":\"https:\/\/static.africa-press.net\/congo-kinshasa\/sites\/49\/2022\/02\/img-62133a059add8.jpg\",\"width\":861,\"height\":482,\"caption\":\"Erdogan : Nos relations avec la R\u00e9publique d\u00e9mocratique du Congo conna\u00eetront un grand essor\"},{\"@type\":\"BreadcrumbList\",\"@id\":\"https:\/\/www.africa-press.net\/congo-kinshasa\/politique\/erdogan-nos-relations-avec-la-republique-democratique-du-congo-connaitront-un-grand-essor#breadcrumb\",\"itemListElement\":[{\"@type\":\"ListItem\",\"position\":1,\"name\":\"Accueil\",\"item\":\"https:\/\/www.africa-press.net\/congo-kinshasa\/\"},{\"@type\":\"ListItem\",\"position\":2,\"name\":\"Erdogan : Nos relations avec la R\u00e9publique d\u00e9mocratique du Congo conna\u00eetront un grand essor\"}]},{\"@type\":\"WebSite\",\"@id\":\"https:\/\/www.africa-press.net\/congo-kinshasa\/#website\",\"url\":\"https:\/\/www.africa-press.net\/congo-kinshasa\/\",\"name\":\"Congo-kinshasa\",\"description\":\"Just another Africa News Agency Sites site\",\"potentialAction\":[{\"@type\":\"SearchAction\",\"target\":{\"@type\":\"EntryPoint\",\"urlTemplate\":\"https:\/\/www.africa-press.net\/congo-kinshasa\/?s={search_term_string}\"},\"query-input\":{\"@type\":\"PropertyValueSpecification\",\"valueRequired\":true,\"valueName\":\"search_term_string\"}}],\"inLanguage\":\"fr-FR\"},{\"@type\":\"Person\",\"@id\":\"https:\/\/www.africa-press.net\/congo-kinshasa\/#\/schema\/person\/2b1cf3cd81a31e3cd26889ca66d677f1\",\"name\":\"cfeditorfr\"}]}<\/script>\n<!-- \/ Yoast SEO Premium plugin. -->","yoast_head_json":{"title":"Erdogan : Nos relations avec la R\u00e9publique d\u00e9mocratique du Congo conna\u00eetront un grand essor - Congo-kinshasa","description":"Le pr\u00e9sident turc Recep Tayyip Erdogan s'est dit confiant que les relations entre son pays et la R\u00e9publique d\u00e9mocratique ...","robots":{"index":"index","follow":"follow","max-snippet":"max-snippet:-1","max-image-preview":"max-image-preview:large","max-video-preview":"max-video-preview:-1"},"canonical":"https:\/\/www.africa-press.net\/congo-kinshasa\/politique\/erdogan-nos-relations-avec-la-republique-democratique-du-congo-connaitront-un-grand-essor","og_locale":"fr_FR","og_type":"article","og_title":"Erdogan : Nos relations avec la R\u00e9publique d\u00e9mocratique du Congo conna\u00eetront un grand essor","og_description":"Le pr\u00e9sident turc Recep Tayyip Erdogan s'est dit confiant que les relations entre son pays et la R\u00e9publique d\u00e9mocratique ...","og_url":"https:\/\/www.africa-press.net\/congo-kinshasa\/politique\/erdogan-nos-relations-avec-la-republique-democratique-du-congo-connaitront-un-grand-essor","og_site_name":"Congo-kinshasa","article_published_time":"2022-02-20T23:50:12+00:00","article_modified_time":"2022-02-21T07:11:50+00:00","og_image":[{"width":861,"height":482,"url":"https:\/\/static.africa-press.net\/congo-kinshasa\/sites\/49\/2022\/02\/img-62133a059add8.jpg","type":"image\/jpeg"}],"author":"cfeditorfr","twitter_card":"summary_large_image","twitter_misc":{"\u00c9crit par":"cfeditorfr","Dur\u00e9e de lecture estim\u00e9e":"2 minutes"},"schema":{"@context":"https:\/\/schema.org","@graph":[{"@type":"Article","@id":"https:\/\/www.africa-press.net\/congo-kinshasa\/politique\/erdogan-nos-relations-avec-la-republique-democratique-du-congo-connaitront-un-grand-essor#article","isPartOf":{"@id":"https:\/\/www.africa-press.net\/congo-kinshasa\/politique\/erdogan-nos-relations-avec-la-republique-democratique-du-congo-connaitront-un-grand-essor"},"author":{"name":"cfeditorfr","@id":"https:\/\/www.africa-press.net\/congo-kinshasa\/#\/schema\/person\/2b1cf3cd81a31e3cd26889ca66d677f1"},"headline":"Erdogan : Nos relations avec la R\u00e9publique d\u00e9mocratique du Congo conna\u00eetront un grand essor","datePublished":"2022-02-20T23:50:12+00:00","dateModified":"2022-02-21T07:11:50+00:00","mainEntityOfPage":{"@id":"https:\/\/www.africa-press.net\/congo-kinshasa\/politique\/erdogan-nos-relations-avec-la-republique-democratique-du-congo-connaitront-un-grand-essor"},"wordCount":387,"commentCount":0,"image":{"@id":"https:\/\/www.africa-press.net\/congo-kinshasa\/politique\/erdogan-nos-relations-avec-la-republique-democratique-du-congo-connaitront-un-grand-essor#primaryimage"},"thumbnailUrl":"https:\/\/static.africa-press.net\/congo-kinshasa\/sites\/49\/2022\/02\/img-62133a059add8.jpg","keywords":["Africa Press","Africa Press-Congo Kinshasa","Congo Kinshasa","Erdogan","F\u00e9lix Tshisekedi","TIKA"],"articleSection":["homepage-french","Politique","Top Nouvelles","Toutes les actualit\u00e9s"],"inLanguage":"fr-FR","potentialAction":[{"@type":"CommentAction","name":"Comment","target":["https:\/\/www.africa-press.net\/congo-kinshasa\/politique\/erdogan-nos-relations-avec-la-republique-democratique-du-congo-connaitront-un-grand-essor#respond"]}]},{"@type":"WebPage","@id":"https:\/\/www.africa-press.net\/congo-kinshasa\/politique\/erdogan-nos-relations-avec-la-republique-democratique-du-congo-connaitront-un-grand-essor","url":"https:\/\/www.africa-press.net\/congo-kinshasa\/politique\/erdogan-nos-relations-avec-la-republique-democratique-du-congo-connaitront-un-grand-essor","name":"Erdogan : Nos relations avec la R\u00e9publique d\u00e9mocratique du Congo conna\u00eetront un grand essor - Congo-kinshasa","isPartOf":{"@id":"https:\/\/www.africa-press.net\/congo-kinshasa\/#website"},"primaryImageOfPage":{"@id":"https:\/\/www.africa-press.net\/congo-kinshasa\/politique\/erdogan-nos-relations-avec-la-republique-democratique-du-congo-connaitront-un-grand-essor#primaryimage"},"image":{"@id":"https:\/\/www.africa-press.net\/congo-kinshasa\/politique\/erdogan-nos-relations-avec-la-republique-democratique-du-congo-connaitront-un-grand-essor#primaryimage"},"thumbnailUrl":"https:\/\/static.africa-press.net\/congo-kinshasa\/sites\/49\/2022\/02\/img-62133a059add8.jpg","datePublished":"2022-02-20T23:50:12+00:00","dateModified":"2022-02-21T07:11:50+00:00","author":{"@id":"https:\/\/www.africa-press.net\/congo-kinshasa\/#\/schema\/person\/2b1cf3cd81a31e3cd26889ca66d677f1"},"description":"Le pr\u00e9sident turc Recep Tayyip Erdogan s'est dit confiant que les relations entre son pays et la R\u00e9publique d\u00e9mocratique ...","breadcrumb":{"@id":"https:\/\/www.africa-press.net\/congo-kinshasa\/politique\/erdogan-nos-relations-avec-la-republique-democratique-du-congo-connaitront-un-grand-essor#breadcrumb"},"inLanguage":"fr-FR","potentialAction":[{"@type":"ReadAction","target":["https:\/\/www.africa-press.net\/congo-kinshasa\/politique\/erdogan-nos-relations-avec-la-republique-democratique-du-congo-connaitront-un-grand-essor"]}]},{"@type":"ImageObject","inLanguage":"fr-FR","@id":"https:\/\/www.africa-press.net\/congo-kinshasa\/politique\/erdogan-nos-relations-avec-la-republique-democratique-du-congo-connaitront-un-grand-essor#primaryimage","url":"https:\/\/static.africa-press.net\/congo-kinshasa\/sites\/49\/2022\/02\/img-62133a059add8.jpg","contentUrl":"https:\/\/static.africa-press.net\/congo-kinshasa\/sites\/49\/2022\/02\/img-62133a059add8.jpg","width":861,"height":482,"caption":"Erdogan : Nos relations avec la R\u00e9publique d\u00e9mocratique du Congo conna\u00eetront un grand essor"},{"@type":"BreadcrumbList","@id":"https:\/\/www.africa-press.net\/congo-kinshasa\/politique\/erdogan-nos-relations-avec-la-republique-democratique-du-congo-connaitront-un-grand-essor#breadcrumb","itemListElement":[{"@type":"ListItem","position":1,"name":"Accueil","item":"https:\/\/www.africa-press.net\/congo-kinshasa\/"},{"@type":"ListItem","position":2,"name":"Erdogan : Nos relations avec la R\u00e9publique d\u00e9mocratique du Congo conna\u00eetront un grand essor"}]},{"@type":"WebSite","@id":"https:\/\/www.africa-press.net\/congo-kinshasa\/#website","url":"https:\/\/www.africa-press.net\/congo-kinshasa\/","name":"Congo-kinshasa","description":"Just another Africa News Agency Sites site","potentialAction":[{"@type":"SearchAction","target":{"@type":"EntryPoint","urlTemplate":"https:\/\/www.africa-press.net\/congo-kinshasa\/?s={search_term_string}"},"query-input":{"@type":"PropertyValueSpecification","valueRequired":true,"valueName":"search_term_string"}}],"inLanguage":"fr-FR"},{"@type":"Person","@id":"https:\/\/www.africa-press.net\/congo-kinshasa\/#\/schema\/person\/2b1cf3cd81a31e3cd26889ca66d677f1","name":"cfeditorfr"}]}},"_links":{"self":[{"href":"https:\/\/www.africa-press.net\/congo-kinshasa\/wp-json\/wp\/v2\/posts\/26461","targetHints":{"allow":["GET"]}}],"collection":[{"href":"https:\/\/www.africa-press.net\/congo-kinshasa\/wp-json\/wp\/v2\/posts"}],"about":[{"href":"https:\/\/www.africa-press.net\/congo-kinshasa\/wp-json\/wp\/v2\/types\/post"}],"author":[{"embeddable":true,"href":"https:\/\/www.africa-press.net\/congo-kinshasa\/wp-json\/wp\/v2\/users\/82"}],"replies":[{"embeddable":true,"href":"https:\/\/www.africa-press.net\/congo-kinshasa\/wp-json\/wp\/v2\/comments?post=26461"}],"version-history":[{"count":0,"href":"https:\/\/www.africa-press.net\/congo-kinshasa\/wp-json\/wp\/v2\/posts\/26461\/revisions"}],"wp:featuredmedia":[{"embeddable":true,"href":"https:\/\/www.africa-press.net\/congo-kinshasa\/wp-json\/wp\/v2\/media\/26460"}],"wp:attachment":[{"href":"https:\/\/www.africa-press.net\/congo-kinshasa\/wp-json\/wp\/v2\/media?parent=26461"}],"wp:term":[{"taxonomy":"category","embeddable":true,"href":"https:\/\/www.africa-press.net\/congo-kinshasa\/wp-json\/wp\/v2\/categories?post=26461"},{"taxonomy":"post_tag","embeddable":true,"href":"https:\/\/www.africa-press.net\/congo-kinshasa\/wp-json\/wp\/v2\/tags?post=26461"}],"curies":[{"name":"wp","href":"https:\/\/api.w.org\/{rel}","templated":true}]}}