{"id":32271,"date":"2022-05-03T21:55:52","date_gmt":"2022-05-03T21:55:52","guid":{"rendered":"https:\/\/www.africa-press.net\/congo-kinshasa\/?p=32271"},"modified":"2022-05-03T18:42:06","modified_gmt":"2022-05-03T18:42:06","slug":"presidentielle-2023-lex-premier-ministre-matata-ponyo-annonce-sa-candidature","status":"publish","type":"post","link":"https:\/\/www.africa-press.net\/congo-kinshasa\/politique\/presidentielle-2023-lex-premier-ministre-matata-ponyo-annonce-sa-candidature","title":{"rendered":"Pr\u00e9sidentielle 2023 : L\u2019ex-premier ministre Matata Ponyo annonce sa candidature"},"content":{"rendered":"<p><span style=\"color: #ff6600\"><strong>Africa-Press &#8211; Congo Kinshasa. <\/strong><\/span><b>Le s\u00e9nateur Augustin Matata Ponyo a annonc\u00e9, ce mardi 03 mai 2023, qu\u2019il sera candidat \u00e0 la prochaine \u00e9lection pr\u00e9sidentielle en R\u00e9publique d\u00e9mocratique du Congo.<\/b><\/p>\n<p>L\u2019ancien premier ministre a fait cette annonce au cours du premier Congr\u00e8s de son parti politique Leadership et gouvernance pour le d\u00e9veloppement (LGD) tenu dans la ville de Kinshasa.<\/p>\n<p>Le s\u00e9nateur Matata Ponyo a, en effet, dit accept\u00e9 le choix port\u00e9 sur sa personne par les membres de son parti pour se pr\u00e9senter \u00e0 ce scrutin.<\/p>\n<p>\u00ab Madames et messieurs les congressistes, au regard de ce gigantesque d\u00e9fi ci-dessus et de mani\u00e8re efficace et durable au profit de l\u2019ensemble de la population congolaise, je vous informe avoir d\u00e9cid\u00e9 d\u2019accepter votre choix port\u00e9 sur ma personne comme candidat de notre parti \u00e0 l\u2019\u00e9lection pr\u00e9sidentielle \u00bb, a d\u00e9clar\u00e9 le s\u00e9nateur Augustin Matata Ponyo.<\/p>\n<p>\u00c2g\u00e9 de 57 ans, Augustin Matata Ponyo f\u00fbt premier ministre de la RD Congo de 2012 \u00e0 2016. Il \u00e9tait aussi ministre des Finances entre 2010 et 2012.<\/p>\n<p><strong>Pour plus d&rsquo;informations et d&rsquo;analyses sur la <a href=\"https:\/\/www.africa-press.net\/congo-kinshasa\">Congo Kinshasa<\/a>, suivez <a href=\"https:\/\/www.africa-press.net\/\">Africa-Press<\/a><\/strong><\/p>\n","protected":false},"excerpt":{"rendered":"<p>Africa-Press &#8211; Congo Kinshasa. Le s\u00e9nateur Augustin Matata Ponyo a annonc\u00e9, ce mardi 03 mai 2023, qu\u2019il sera candidat \u00e0 la prochaine \u00e9lection pr\u00e9sidentielle en R\u00e9publique d\u00e9mocratique du Congo. L\u2019ancien premier ministre a fait cette annonce au cours du premier Congr\u00e8s de son parti politique Leadership et gouvernance pour le d\u00e9veloppement (LGD) tenu dans la [&hellip;]<\/p>\n","protected":false},"author":82,"featured_media":32270,"comment_status":"open","ping_status":"closed","sticky":false,"template":"","format":"standard","meta":{"footnotes":""},"categories":[11,2,20,10],"tags":[36,47,46],"class_list":["post-32271","post","type-post","status-publish","format-standard","has-post-thumbnail","hentry","category-homepage-french","category-politique","category-top-nouvelles","category-toutes-les-actualites","tag-africa-press","tag-africa-press-congo-kinshasa","tag-congo-kinshasa"],"yoast_head":"<!-- This site is optimized with the Yoast SEO Premium plugin v26.1 (Yoast SEO v27.0) - https:\/\/yoast.com\/product\/yoast-seo-premium-wordpress\/ -->\n<title>Pr\u00e9sidentielle 2023 : L\u2019ex-premier ministre Matata Ponyo annonce sa candidature - Congo-kinshasa<\/title>\n<meta name=\"description\" content=\"Le s\u00e9nateur Augustin Matata Ponyo a annonc\u00e9, ce mardi 03 mai 2023, qu\u2019il sera candidat \u00e0 la prochaine \u00e9lection pr\u00e9sid ...\" \/>\n<meta name=\"robots\" content=\"index, follow, max-snippet:-1, max-image-preview:large, max-video-preview:-1\" \/>\n<link rel=\"canonical\" href=\"https:\/\/www.africa-press.net\/congo-kinshasa\/politique\/presidentielle-2023-lex-premier-ministre-matata-ponyo-annonce-sa-candidature\" \/>\n<meta property=\"og:locale\" content=\"fr_FR\" \/>\n<meta property=\"og:type\" content=\"article\" \/>\n<meta property=\"og:title\" content=\"Pr\u00e9sidentielle 2023 : L\u2019ex-premier ministre Matata Ponyo annonce sa candidature\" \/>\n<meta property=\"og:description\" content=\"Le s\u00e9nateur Augustin Matata Ponyo a annonc\u00e9, ce mardi 03 mai 2023, qu\u2019il sera candidat \u00e0 la prochaine \u00e9lection pr\u00e9sid ...\" \/>\n<meta property=\"og:url\" content=\"https:\/\/www.africa-press.net\/congo-kinshasa\/politique\/presidentielle-2023-lex-premier-ministre-matata-ponyo-annonce-sa-candidature\" \/>\n<meta property=\"og:site_name\" content=\"Congo-kinshasa\" \/>\n<meta property=\"article:published_time\" content=\"2022-05-03T21:55:52+00:00\" \/>\n<meta property=\"og:image\" content=\"https:\/\/static.africa-press.net\/congo-kinshasa\/sites\/49\/2022\/05\/img-6271776868994.jpg\" \/>\n\t<meta property=\"og:image:width\" content=\"801\" \/>\n\t<meta property=\"og:image:height\" content=\"551\" \/>\n\t<meta property=\"og:image:type\" content=\"image\/jpeg\" \/>\n<meta name=\"author\" content=\"cfeditorfr\" \/>\n<meta name=\"twitter:card\" content=\"summary_large_image\" \/>\n<meta name=\"twitter:label1\" content=\"\u00c9crit par\" \/>\n\t<meta name=\"twitter:data1\" content=\"cfeditorfr\" \/>\n\t<meta name=\"twitter:label2\" content=\"Dur\u00e9e de lecture estim\u00e9e\" \/>\n\t<meta name=\"twitter:data2\" content=\"1 minute\" \/>\n<script type=\"application\/ld+json\" class=\"yoast-schema-graph\">{\"@context\":\"https:\/\/schema.org\",\"@graph\":[{\"@type\":\"Article\",\"@id\":\"https:\/\/www.africa-press.net\/congo-kinshasa\/politique\/presidentielle-2023-lex-premier-ministre-matata-ponyo-annonce-sa-candidature#article\",\"isPartOf\":{\"@id\":\"https:\/\/www.africa-press.net\/congo-kinshasa\/politique\/presidentielle-2023-lex-premier-ministre-matata-ponyo-annonce-sa-candidature\"},\"author\":{\"name\":\"cfeditorfr\",\"@id\":\"https:\/\/www.africa-press.net\/congo-kinshasa\/#\/schema\/person\/2b1cf3cd81a31e3cd26889ca66d677f1\"},\"headline\":\"Pr\u00e9sidentielle 2023 : L\u2019ex-premier ministre Matata Ponyo annonce sa candidature\",\"datePublished\":\"2022-05-03T21:55:52+00:00\",\"mainEntityOfPage\":{\"@id\":\"https:\/\/www.africa-press.net\/congo-kinshasa\/politique\/presidentielle-2023-lex-premier-ministre-matata-ponyo-annonce-sa-candidature\"},\"wordCount\":198,\"commentCount\":1,\"image\":{\"@id\":\"https:\/\/www.africa-press.net\/congo-kinshasa\/politique\/presidentielle-2023-lex-premier-ministre-matata-ponyo-annonce-sa-candidature#primaryimage\"},\"thumbnailUrl\":\"https:\/\/static.africa-press.net\/congo-kinshasa\/sites\/49\/2022\/05\/img-6271776868994.jpg\",\"keywords\":[\"Africa Press\",\"Africa Press-Congo Kinshasa\",\"Congo Kinshasa\"],\"articleSection\":[\"homepage-french\",\"Politique\",\"Top Nouvelles\",\"Toutes les actualit\u00e9s\"],\"inLanguage\":\"fr-FR\",\"potentialAction\":[{\"@type\":\"CommentAction\",\"name\":\"Comment\",\"target\":[\"https:\/\/www.africa-press.net\/congo-kinshasa\/politique\/presidentielle-2023-lex-premier-ministre-matata-ponyo-annonce-sa-candidature#respond\"]}]},{\"@type\":\"WebPage\",\"@id\":\"https:\/\/www.africa-press.net\/congo-kinshasa\/politique\/presidentielle-2023-lex-premier-ministre-matata-ponyo-annonce-sa-candidature\",\"url\":\"https:\/\/www.africa-press.net\/congo-kinshasa\/politique\/presidentielle-2023-lex-premier-ministre-matata-ponyo-annonce-sa-candidature\",\"name\":\"Pr\u00e9sidentielle 2023 : L\u2019ex-premier ministre Matata Ponyo annonce sa candidature - Congo-kinshasa\",\"isPartOf\":{\"@id\":\"https:\/\/www.africa-press.net\/congo-kinshasa\/#website\"},\"primaryImageOfPage\":{\"@id\":\"https:\/\/www.africa-press.net\/congo-kinshasa\/politique\/presidentielle-2023-lex-premier-ministre-matata-ponyo-annonce-sa-candidature#primaryimage\"},\"image\":{\"@id\":\"https:\/\/www.africa-press.net\/congo-kinshasa\/politique\/presidentielle-2023-lex-premier-ministre-matata-ponyo-annonce-sa-candidature#primaryimage\"},\"thumbnailUrl\":\"https:\/\/static.africa-press.net\/congo-kinshasa\/sites\/49\/2022\/05\/img-6271776868994.jpg\",\"datePublished\":\"2022-05-03T21:55:52+00:00\",\"author\":{\"@id\":\"https:\/\/www.africa-press.net\/congo-kinshasa\/#\/schema\/person\/2b1cf3cd81a31e3cd26889ca66d677f1\"},\"description\":\"Le s\u00e9nateur Augustin Matata Ponyo a annonc\u00e9, ce mardi 03 mai 2023, qu\u2019il sera candidat \u00e0 la prochaine \u00e9lection pr\u00e9sid ...\",\"breadcrumb\":{\"@id\":\"https:\/\/www.africa-press.net\/congo-kinshasa\/politique\/presidentielle-2023-lex-premier-ministre-matata-ponyo-annonce-sa-candidature#breadcrumb\"},\"inLanguage\":\"fr-FR\",\"potentialAction\":[{\"@type\":\"ReadAction\",\"target\":[\"https:\/\/www.africa-press.net\/congo-kinshasa\/politique\/presidentielle-2023-lex-premier-ministre-matata-ponyo-annonce-sa-candidature\"]}]},{\"@type\":\"ImageObject\",\"inLanguage\":\"fr-FR\",\"@id\":\"https:\/\/www.africa-press.net\/congo-kinshasa\/politique\/presidentielle-2023-lex-premier-ministre-matata-ponyo-annonce-sa-candidature#primaryimage\",\"url\":\"https:\/\/static.africa-press.net\/congo-kinshasa\/sites\/49\/2022\/05\/img-6271776868994.jpg\",\"contentUrl\":\"https:\/\/static.africa-press.net\/congo-kinshasa\/sites\/49\/2022\/05\/img-6271776868994.jpg\",\"width\":801,\"height\":551,\"caption\":\"Pr\u00e9sidentielle 2023 : L\u2019ex-premier ministre Matata Ponyo annonce sa candidature\"},{\"@type\":\"BreadcrumbList\",\"@id\":\"https:\/\/www.africa-press.net\/congo-kinshasa\/politique\/presidentielle-2023-lex-premier-ministre-matata-ponyo-annonce-sa-candidature#breadcrumb\",\"itemListElement\":[{\"@type\":\"ListItem\",\"position\":1,\"name\":\"Accueil\",\"item\":\"https:\/\/www.africa-press.net\/congo-kinshasa\/\"},{\"@type\":\"ListItem\",\"position\":2,\"name\":\"Pr\u00e9sidentielle 2023 : L\u2019ex-premier ministre Matata Ponyo annonce sa candidature\"}]},{\"@type\":\"WebSite\",\"@id\":\"https:\/\/www.africa-press.net\/congo-kinshasa\/#website\",\"url\":\"https:\/\/www.africa-press.net\/congo-kinshasa\/\",\"name\":\"Congo-kinshasa\",\"description\":\"Just another Africa News Agency Sites site\",\"potentialAction\":[{\"@type\":\"SearchAction\",\"target\":{\"@type\":\"EntryPoint\",\"urlTemplate\":\"https:\/\/www.africa-press.net\/congo-kinshasa\/?s={search_term_string}\"},\"query-input\":{\"@type\":\"PropertyValueSpecification\",\"valueRequired\":true,\"valueName\":\"search_term_string\"}}],\"inLanguage\":\"fr-FR\"},{\"@type\":\"Person\",\"@id\":\"https:\/\/www.africa-press.net\/congo-kinshasa\/#\/schema\/person\/2b1cf3cd81a31e3cd26889ca66d677f1\",\"name\":\"cfeditorfr\"}]}<\/script>\n<!-- \/ Yoast SEO Premium plugin. -->","yoast_head_json":{"title":"Pr\u00e9sidentielle 2023 : L\u2019ex-premier ministre Matata Ponyo annonce sa candidature - Congo-kinshasa","description":"Le s\u00e9nateur Augustin Matata Ponyo a annonc\u00e9, ce mardi 03 mai 2023, qu\u2019il sera candidat \u00e0 la prochaine \u00e9lection pr\u00e9sid ...","robots":{"index":"index","follow":"follow","max-snippet":"max-snippet:-1","max-image-preview":"max-image-preview:large","max-video-preview":"max-video-preview:-1"},"canonical":"https:\/\/www.africa-press.net\/congo-kinshasa\/politique\/presidentielle-2023-lex-premier-ministre-matata-ponyo-annonce-sa-candidature","og_locale":"fr_FR","og_type":"article","og_title":"Pr\u00e9sidentielle 2023 : L\u2019ex-premier ministre Matata Ponyo annonce sa candidature","og_description":"Le s\u00e9nateur Augustin Matata Ponyo a annonc\u00e9, ce mardi 03 mai 2023, qu\u2019il sera candidat \u00e0 la prochaine \u00e9lection pr\u00e9sid ...","og_url":"https:\/\/www.africa-press.net\/congo-kinshasa\/politique\/presidentielle-2023-lex-premier-ministre-matata-ponyo-annonce-sa-candidature","og_site_name":"Congo-kinshasa","article_published_time":"2022-05-03T21:55:52+00:00","og_image":[{"width":801,"height":551,"url":"https:\/\/static.africa-press.net\/congo-kinshasa\/sites\/49\/2022\/05\/img-6271776868994.jpg","type":"image\/jpeg"}],"author":"cfeditorfr","twitter_card":"summary_large_image","twitter_misc":{"\u00c9crit par":"cfeditorfr","Dur\u00e9e de lecture estim\u00e9e":"1 minute"},"schema":{"@context":"https:\/\/schema.org","@graph":[{"@type":"Article","@id":"https:\/\/www.africa-press.net\/congo-kinshasa\/politique\/presidentielle-2023-lex-premier-ministre-matata-ponyo-annonce-sa-candidature#article","isPartOf":{"@id":"https:\/\/www.africa-press.net\/congo-kinshasa\/politique\/presidentielle-2023-lex-premier-ministre-matata-ponyo-annonce-sa-candidature"},"author":{"name":"cfeditorfr","@id":"https:\/\/www.africa-press.net\/congo-kinshasa\/#\/schema\/person\/2b1cf3cd81a31e3cd26889ca66d677f1"},"headline":"Pr\u00e9sidentielle 2023 : L\u2019ex-premier ministre Matata Ponyo annonce sa candidature","datePublished":"2022-05-03T21:55:52+00:00","mainEntityOfPage":{"@id":"https:\/\/www.africa-press.net\/congo-kinshasa\/politique\/presidentielle-2023-lex-premier-ministre-matata-ponyo-annonce-sa-candidature"},"wordCount":198,"commentCount":1,"image":{"@id":"https:\/\/www.africa-press.net\/congo-kinshasa\/politique\/presidentielle-2023-lex-premier-ministre-matata-ponyo-annonce-sa-candidature#primaryimage"},"thumbnailUrl":"https:\/\/static.africa-press.net\/congo-kinshasa\/sites\/49\/2022\/05\/img-6271776868994.jpg","keywords":["Africa Press","Africa Press-Congo Kinshasa","Congo Kinshasa"],"articleSection":["homepage-french","Politique","Top Nouvelles","Toutes les actualit\u00e9s"],"inLanguage":"fr-FR","potentialAction":[{"@type":"CommentAction","name":"Comment","target":["https:\/\/www.africa-press.net\/congo-kinshasa\/politique\/presidentielle-2023-lex-premier-ministre-matata-ponyo-annonce-sa-candidature#respond"]}]},{"@type":"WebPage","@id":"https:\/\/www.africa-press.net\/congo-kinshasa\/politique\/presidentielle-2023-lex-premier-ministre-matata-ponyo-annonce-sa-candidature","url":"https:\/\/www.africa-press.net\/congo-kinshasa\/politique\/presidentielle-2023-lex-premier-ministre-matata-ponyo-annonce-sa-candidature","name":"Pr\u00e9sidentielle 2023 : L\u2019ex-premier ministre Matata Ponyo annonce sa candidature - Congo-kinshasa","isPartOf":{"@id":"https:\/\/www.africa-press.net\/congo-kinshasa\/#website"},"primaryImageOfPage":{"@id":"https:\/\/www.africa-press.net\/congo-kinshasa\/politique\/presidentielle-2023-lex-premier-ministre-matata-ponyo-annonce-sa-candidature#primaryimage"},"image":{"@id":"https:\/\/www.africa-press.net\/congo-kinshasa\/politique\/presidentielle-2023-lex-premier-ministre-matata-ponyo-annonce-sa-candidature#primaryimage"},"thumbnailUrl":"https:\/\/static.africa-press.net\/congo-kinshasa\/sites\/49\/2022\/05\/img-6271776868994.jpg","datePublished":"2022-05-03T21:55:52+00:00","author":{"@id":"https:\/\/www.africa-press.net\/congo-kinshasa\/#\/schema\/person\/2b1cf3cd81a31e3cd26889ca66d677f1"},"description":"Le s\u00e9nateur Augustin Matata Ponyo a annonc\u00e9, ce mardi 03 mai 2023, qu\u2019il sera candidat \u00e0 la prochaine \u00e9lection pr\u00e9sid ...","breadcrumb":{"@id":"https:\/\/www.africa-press.net\/congo-kinshasa\/politique\/presidentielle-2023-lex-premier-ministre-matata-ponyo-annonce-sa-candidature#breadcrumb"},"inLanguage":"fr-FR","potentialAction":[{"@type":"ReadAction","target":["https:\/\/www.africa-press.net\/congo-kinshasa\/politique\/presidentielle-2023-lex-premier-ministre-matata-ponyo-annonce-sa-candidature"]}]},{"@type":"ImageObject","inLanguage":"fr-FR","@id":"https:\/\/www.africa-press.net\/congo-kinshasa\/politique\/presidentielle-2023-lex-premier-ministre-matata-ponyo-annonce-sa-candidature#primaryimage","url":"https:\/\/static.africa-press.net\/congo-kinshasa\/sites\/49\/2022\/05\/img-6271776868994.jpg","contentUrl":"https:\/\/static.africa-press.net\/congo-kinshasa\/sites\/49\/2022\/05\/img-6271776868994.jpg","width":801,"height":551,"caption":"Pr\u00e9sidentielle 2023 : L\u2019ex-premier ministre Matata Ponyo annonce sa candidature"},{"@type":"BreadcrumbList","@id":"https:\/\/www.africa-press.net\/congo-kinshasa\/politique\/presidentielle-2023-lex-premier-ministre-matata-ponyo-annonce-sa-candidature#breadcrumb","itemListElement":[{"@type":"ListItem","position":1,"name":"Accueil","item":"https:\/\/www.africa-press.net\/congo-kinshasa\/"},{"@type":"ListItem","position":2,"name":"Pr\u00e9sidentielle 2023 : L\u2019ex-premier ministre Matata Ponyo annonce sa candidature"}]},{"@type":"WebSite","@id":"https:\/\/www.africa-press.net\/congo-kinshasa\/#website","url":"https:\/\/www.africa-press.net\/congo-kinshasa\/","name":"Congo-kinshasa","description":"Just another Africa News Agency Sites site","potentialAction":[{"@type":"SearchAction","target":{"@type":"EntryPoint","urlTemplate":"https:\/\/www.africa-press.net\/congo-kinshasa\/?s={search_term_string}"},"query-input":{"@type":"PropertyValueSpecification","valueRequired":true,"valueName":"search_term_string"}}],"inLanguage":"fr-FR"},{"@type":"Person","@id":"https:\/\/www.africa-press.net\/congo-kinshasa\/#\/schema\/person\/2b1cf3cd81a31e3cd26889ca66d677f1","name":"cfeditorfr"}]}},"_links":{"self":[{"href":"https:\/\/www.africa-press.net\/congo-kinshasa\/wp-json\/wp\/v2\/posts\/32271","targetHints":{"allow":["GET"]}}],"collection":[{"href":"https:\/\/www.africa-press.net\/congo-kinshasa\/wp-json\/wp\/v2\/posts"}],"about":[{"href":"https:\/\/www.africa-press.net\/congo-kinshasa\/wp-json\/wp\/v2\/types\/post"}],"author":[{"embeddable":true,"href":"https:\/\/www.africa-press.net\/congo-kinshasa\/wp-json\/wp\/v2\/users\/82"}],"replies":[{"embeddable":true,"href":"https:\/\/www.africa-press.net\/congo-kinshasa\/wp-json\/wp\/v2\/comments?post=32271"}],"version-history":[{"count":0,"href":"https:\/\/www.africa-press.net\/congo-kinshasa\/wp-json\/wp\/v2\/posts\/32271\/revisions"}],"wp:featuredmedia":[{"embeddable":true,"href":"https:\/\/www.africa-press.net\/congo-kinshasa\/wp-json\/wp\/v2\/media\/32270"}],"wp:attachment":[{"href":"https:\/\/www.africa-press.net\/congo-kinshasa\/wp-json\/wp\/v2\/media?parent=32271"}],"wp:term":[{"taxonomy":"category","embeddable":true,"href":"https:\/\/www.africa-press.net\/congo-kinshasa\/wp-json\/wp\/v2\/categories?post=32271"},{"taxonomy":"post_tag","embeddable":true,"href":"https:\/\/www.africa-press.net\/congo-kinshasa\/wp-json\/wp\/v2\/tags?post=32271"}],"curies":[{"name":"wp","href":"https:\/\/api.w.org\/{rel}","templated":true}]}}