{"id":36967,"date":"2022-06-23T16:54:01","date_gmt":"2022-06-23T16:54:01","guid":{"rendered":"https:\/\/www.africa-press.net\/congo-kinshasa\/?p=36967"},"modified":"2022-06-23T16:28:18","modified_gmt":"2022-06-23T16:28:18","slug":"il-sera-difficile-dorganiser-les-elections-dans-le-delai-avec-la-guerre-a-lest-bonso","status":"publish","type":"post","link":"https:\/\/www.africa-press.net\/congo-kinshasa\/politique\/il-sera-difficile-dorganiser-les-elections-dans-le-delai-avec-la-guerre-a-lest-bonso","title":{"rendered":"\u00ab Il sera difficile d&rsquo;organiser les \u00e9lections dans le d\u00e9lai avec la guerre \u00e0 l&rsquo;Est \u00bb (Bonso)"},"content":{"rendered":"<p><span style=\"color: #ff6600\"><strong>Africa-Press &#8211; Congo Kinshasa. <\/strong><\/span><b>\u00ab\u00a0Sur le terrain, on se retrouve devant des contraintes, notamment la guerre. Au d\u00e9part, le financement des \u00e9lections posait des probl\u00e8mes pour que la CENI puisse obtenir des kits \u00e9lectoraux et diff\u00e9rents mat\u00e9riels. Maintenant sur les fonds difficilement mobilis\u00e9s par le gouvernement, la grande partie est affect\u00e9e \u00e0 l&rsquo;effort de guerre. La CENI ou les \u00e9lections viennent maintenant en deuxi\u00e8me position\u00a0\u00bb, fait observer, sur Top congo fm J\u00e9r\u00f4me Bonso, expert en mati\u00e8re \u00e9lectorale.<\/b><\/p>\n<p>\u00ab\u00a0Cette situation nous inqui\u00e8te. Voil\u00e0 pourquoi Il faut trouver la solution palliative pour mettre fin \u00e0 la guerre de l&rsquo;Est\u00a0\u00bb, souhaite le secr\u00e9taire permanent de la plateforme Agir pour les \u00e9lections transparentes et apais\u00e9es.<\/p>\n<p>Mais \u00e0 ce stade, il sugg\u00e8re aux autorit\u00e9s Congolaises, \u00ab\u00a0d&rsquo;activer le plan national de s\u00e9curisation du processus \u00e9lectoral dans le pays en conflit. Ce plan est constitu\u00e9 de la police, des \u00e9l\u00e9ments des forces arm\u00e9es et des services de renseignement. C&rsquo;est alors qu&rsquo;on aura un commandement unique et int\u00e9gr\u00e9 pour que les zones en conflits soient bien couvertes\u00a0\u00bb.<\/p>\n<p><b>Seules 34 des 120 activit\u00e9s r\u00e9alis\u00e9es<\/b><\/p>\n<p>\u00ab\u00a0Cependant, la guerre n&rsquo;est pas le seul b\u00e9mol pouvant emp\u00eacher la tenue des \u00e9lections dans le d\u00e9lai,\u00a0\u00bb explique J\u00e9r\u00f4me Bonso qui rel\u00e8ve qu'\u00a0\u00bbil y a aussi d&rsquo;autres contraintes qui font que la CENI ait du mal \u00e0 s&rsquo;en sortir \u00e0 ce stade. Apr\u00e8s la publication de sa feuille de route, la CENI a \u00e9labor\u00e9 les contraintes en termes d&rsquo;activit\u00e9s. Il y avait 120 activit\u00e9s pour respecter l&rsquo;\u00e9ch\u00e9ance de 2023&Prime;.<\/p>\n<p>Mais \u00e0 l&rsquo;heure actuelle, \u00ab\u00a0la CENI n&rsquo;a r\u00e9alis\u00e9 que 34 activit\u00e9s sur les 120 programm\u00e9es. Ce qui repr\u00e9sente un taux d&rsquo;ex\u00e9cution de 28,33%. Disons que \u00e7a serait difficile de respecter le rendez-vous de 2023. Mais s&rsquo;il y a une tr\u00e8s forte volont\u00e9 politique, nous pensons que nous pouvons nous en sortir,\u00a0\u00bb esp\u00e8re-t-il.<\/p>\n<p><strong>Pour plus d&rsquo;informations et d&rsquo;analyses sur la <a href=\"https:\/\/www.africa-press.net\/congo-kinshasa\">Congo Kinshasa<\/a>, suivez <a href=\"https:\/\/www.africa-press.net\/\">Africa-Press<\/a><\/strong><\/p>\n","protected":false},"excerpt":{"rendered":"<p>Africa-Press &#8211; Congo Kinshasa. \u00ab\u00a0Sur le terrain, on se retrouve devant des contraintes, notamment la guerre. Au d\u00e9part, le financement des \u00e9lections posait des probl\u00e8mes pour que la CENI puisse obtenir des kits \u00e9lectoraux et diff\u00e9rents mat\u00e9riels. Maintenant sur les fonds difficilement mobilis\u00e9s par le gouvernement, la grande partie est affect\u00e9e \u00e0 l&rsquo;effort de guerre. [&hellip;]<\/p>\n","protected":false},"author":82,"featured_media":36966,"comment_status":"open","ping_status":"closed","sticky":false,"template":"","format":"standard","meta":{"footnotes":""},"categories":[11,2,10],"tags":[36,47,46],"class_list":["post-36967","post","type-post","status-publish","format-standard","has-post-thumbnail","hentry","category-homepage-french","category-politique","category-toutes-les-actualites","tag-africa-press","tag-africa-press-congo-kinshasa","tag-congo-kinshasa"],"yoast_head":"<!-- This site is optimized with the Yoast SEO Premium plugin v26.1 (Yoast SEO v27.0) - https:\/\/yoast.com\/product\/yoast-seo-premium-wordpress\/ -->\n<title>\u00ab Il sera difficile d&#039;organiser les \u00e9lections dans le d\u00e9lai avec la guerre \u00e0 l&#039;Est \u00bb (Bonso) - Congo-kinshasa<\/title>\n<meta name=\"description\" content=\"&quot;Sur le terrain, on se retrouve devant des contraintes, notamment la guerre. Au d\u00e9part, le financement des \u00e9lections ...\" \/>\n<meta name=\"robots\" content=\"index, follow, max-snippet:-1, max-image-preview:large, max-video-preview:-1\" \/>\n<link rel=\"canonical\" href=\"https:\/\/www.africa-press.net\/congo-kinshasa\/politique\/il-sera-difficile-dorganiser-les-elections-dans-le-delai-avec-la-guerre-a-lest-bonso\" \/>\n<meta property=\"og:locale\" content=\"fr_FR\" \/>\n<meta property=\"og:type\" content=\"article\" \/>\n<meta property=\"og:title\" content=\"\u00ab Il sera difficile d&#039;organiser les \u00e9lections dans le d\u00e9lai avec la guerre \u00e0 l&#039;Est \u00bb (Bonso)\" \/>\n<meta property=\"og:description\" content=\"&quot;Sur le terrain, on se retrouve devant des contraintes, notamment la guerre. Au d\u00e9part, le financement des \u00e9lections ...\" \/>\n<meta property=\"og:url\" content=\"https:\/\/www.africa-press.net\/congo-kinshasa\/politique\/il-sera-difficile-dorganiser-les-elections-dans-le-delai-avec-la-guerre-a-lest-bonso\" \/>\n<meta property=\"og:site_name\" content=\"Congo-kinshasa\" \/>\n<meta property=\"article:published_time\" content=\"2022-06-23T16:54:01+00:00\" \/>\n<meta property=\"og:image\" content=\"https:\/\/static.africa-press.net\/congo-kinshasa\/sites\/49\/2022\/06\/img-62b494822bdf7.jpg\" \/>\n\t<meta property=\"og:image:width\" content=\"720\" \/>\n\t<meta property=\"og:image:height\" content=\"399\" \/>\n\t<meta property=\"og:image:type\" content=\"image\/jpeg\" \/>\n<meta name=\"author\" content=\"cfeditorfr\" \/>\n<meta name=\"twitter:card\" content=\"summary_large_image\" \/>\n<meta name=\"twitter:label1\" content=\"\u00c9crit par\" \/>\n\t<meta name=\"twitter:data1\" content=\"cfeditorfr\" \/>\n\t<meta name=\"twitter:label2\" content=\"Dur\u00e9e de lecture estim\u00e9e\" \/>\n\t<meta name=\"twitter:data2\" content=\"2 minutes\" \/>\n<script type=\"application\/ld+json\" class=\"yoast-schema-graph\">{\"@context\":\"https:\/\/schema.org\",\"@graph\":[{\"@type\":\"Article\",\"@id\":\"https:\/\/www.africa-press.net\/congo-kinshasa\/politique\/il-sera-difficile-dorganiser-les-elections-dans-le-delai-avec-la-guerre-a-lest-bonso#article\",\"isPartOf\":{\"@id\":\"https:\/\/www.africa-press.net\/congo-kinshasa\/politique\/il-sera-difficile-dorganiser-les-elections-dans-le-delai-avec-la-guerre-a-lest-bonso\"},\"author\":{\"name\":\"cfeditorfr\",\"@id\":\"https:\/\/www.africa-press.net\/congo-kinshasa\/#\/schema\/person\/2b1cf3cd81a31e3cd26889ca66d677f1\"},\"headline\":\"\u00ab Il sera difficile d&rsquo;organiser les \u00e9lections dans le d\u00e9lai avec la guerre \u00e0 l&rsquo;Est \u00bb (Bonso)\",\"datePublished\":\"2022-06-23T16:54:01+00:00\",\"mainEntityOfPage\":{\"@id\":\"https:\/\/www.africa-press.net\/congo-kinshasa\/politique\/il-sera-difficile-dorganiser-les-elections-dans-le-delai-avec-la-guerre-a-lest-bonso\"},\"wordCount\":366,\"commentCount\":0,\"image\":{\"@id\":\"https:\/\/www.africa-press.net\/congo-kinshasa\/politique\/il-sera-difficile-dorganiser-les-elections-dans-le-delai-avec-la-guerre-a-lest-bonso#primaryimage\"},\"thumbnailUrl\":\"https:\/\/static.africa-press.net\/congo-kinshasa\/sites\/49\/2022\/06\/img-62b494822bdf7.jpg\",\"keywords\":[\"Africa Press\",\"Africa Press-Congo Kinshasa\",\"Congo Kinshasa\"],\"articleSection\":[\"homepage-french\",\"Politique\",\"Toutes les actualit\u00e9s\"],\"inLanguage\":\"fr-FR\",\"potentialAction\":[{\"@type\":\"CommentAction\",\"name\":\"Comment\",\"target\":[\"https:\/\/www.africa-press.net\/congo-kinshasa\/politique\/il-sera-difficile-dorganiser-les-elections-dans-le-delai-avec-la-guerre-a-lest-bonso#respond\"]}]},{\"@type\":\"WebPage\",\"@id\":\"https:\/\/www.africa-press.net\/congo-kinshasa\/politique\/il-sera-difficile-dorganiser-les-elections-dans-le-delai-avec-la-guerre-a-lest-bonso\",\"url\":\"https:\/\/www.africa-press.net\/congo-kinshasa\/politique\/il-sera-difficile-dorganiser-les-elections-dans-le-delai-avec-la-guerre-a-lest-bonso\",\"name\":\"\u00ab Il sera difficile d'organiser les \u00e9lections dans le d\u00e9lai avec la guerre \u00e0 l'Est \u00bb (Bonso) - Congo-kinshasa\",\"isPartOf\":{\"@id\":\"https:\/\/www.africa-press.net\/congo-kinshasa\/#website\"},\"primaryImageOfPage\":{\"@id\":\"https:\/\/www.africa-press.net\/congo-kinshasa\/politique\/il-sera-difficile-dorganiser-les-elections-dans-le-delai-avec-la-guerre-a-lest-bonso#primaryimage\"},\"image\":{\"@id\":\"https:\/\/www.africa-press.net\/congo-kinshasa\/politique\/il-sera-difficile-dorganiser-les-elections-dans-le-delai-avec-la-guerre-a-lest-bonso#primaryimage\"},\"thumbnailUrl\":\"https:\/\/static.africa-press.net\/congo-kinshasa\/sites\/49\/2022\/06\/img-62b494822bdf7.jpg\",\"datePublished\":\"2022-06-23T16:54:01+00:00\",\"author\":{\"@id\":\"https:\/\/www.africa-press.net\/congo-kinshasa\/#\/schema\/person\/2b1cf3cd81a31e3cd26889ca66d677f1\"},\"description\":\"\\\"Sur le terrain, on se retrouve devant des contraintes, notamment la guerre. Au d\u00e9part, le financement des \u00e9lections ...\",\"breadcrumb\":{\"@id\":\"https:\/\/www.africa-press.net\/congo-kinshasa\/politique\/il-sera-difficile-dorganiser-les-elections-dans-le-delai-avec-la-guerre-a-lest-bonso#breadcrumb\"},\"inLanguage\":\"fr-FR\",\"potentialAction\":[{\"@type\":\"ReadAction\",\"target\":[\"https:\/\/www.africa-press.net\/congo-kinshasa\/politique\/il-sera-difficile-dorganiser-les-elections-dans-le-delai-avec-la-guerre-a-lest-bonso\"]}]},{\"@type\":\"ImageObject\",\"inLanguage\":\"fr-FR\",\"@id\":\"https:\/\/www.africa-press.net\/congo-kinshasa\/politique\/il-sera-difficile-dorganiser-les-elections-dans-le-delai-avec-la-guerre-a-lest-bonso#primaryimage\",\"url\":\"https:\/\/static.africa-press.net\/congo-kinshasa\/sites\/49\/2022\/06\/img-62b494822bdf7.jpg\",\"contentUrl\":\"https:\/\/static.africa-press.net\/congo-kinshasa\/sites\/49\/2022\/06\/img-62b494822bdf7.jpg\",\"width\":720,\"height\":399,\"caption\":\"\u00ab Il sera difficile d'organiser les \u00e9lections dans le d\u00e9lai avec la guerre \u00e0 l'Est \u00bb (Bonso)\"},{\"@type\":\"BreadcrumbList\",\"@id\":\"https:\/\/www.africa-press.net\/congo-kinshasa\/politique\/il-sera-difficile-dorganiser-les-elections-dans-le-delai-avec-la-guerre-a-lest-bonso#breadcrumb\",\"itemListElement\":[{\"@type\":\"ListItem\",\"position\":1,\"name\":\"Accueil\",\"item\":\"https:\/\/www.africa-press.net\/congo-kinshasa\/\"},{\"@type\":\"ListItem\",\"position\":2,\"name\":\"\u00ab Il sera difficile d&#8217;organiser les \u00e9lections dans le d\u00e9lai avec la guerre \u00e0 l&#8217;Est \u00bb (Bonso)\"}]},{\"@type\":\"WebSite\",\"@id\":\"https:\/\/www.africa-press.net\/congo-kinshasa\/#website\",\"url\":\"https:\/\/www.africa-press.net\/congo-kinshasa\/\",\"name\":\"Congo-kinshasa\",\"description\":\"Just another Africa News Agency Sites site\",\"potentialAction\":[{\"@type\":\"SearchAction\",\"target\":{\"@type\":\"EntryPoint\",\"urlTemplate\":\"https:\/\/www.africa-press.net\/congo-kinshasa\/?s={search_term_string}\"},\"query-input\":{\"@type\":\"PropertyValueSpecification\",\"valueRequired\":true,\"valueName\":\"search_term_string\"}}],\"inLanguage\":\"fr-FR\"},{\"@type\":\"Person\",\"@id\":\"https:\/\/www.africa-press.net\/congo-kinshasa\/#\/schema\/person\/2b1cf3cd81a31e3cd26889ca66d677f1\",\"name\":\"cfeditorfr\"}]}<\/script>\n<!-- \/ Yoast SEO Premium plugin. -->","yoast_head_json":{"title":"\u00ab Il sera difficile d'organiser les \u00e9lections dans le d\u00e9lai avec la guerre \u00e0 l'Est \u00bb (Bonso) - Congo-kinshasa","description":"\"Sur le terrain, on se retrouve devant des contraintes, notamment la guerre. Au d\u00e9part, le financement des \u00e9lections ...","robots":{"index":"index","follow":"follow","max-snippet":"max-snippet:-1","max-image-preview":"max-image-preview:large","max-video-preview":"max-video-preview:-1"},"canonical":"https:\/\/www.africa-press.net\/congo-kinshasa\/politique\/il-sera-difficile-dorganiser-les-elections-dans-le-delai-avec-la-guerre-a-lest-bonso","og_locale":"fr_FR","og_type":"article","og_title":"\u00ab Il sera difficile d'organiser les \u00e9lections dans le d\u00e9lai avec la guerre \u00e0 l'Est \u00bb (Bonso)","og_description":"\"Sur le terrain, on se retrouve devant des contraintes, notamment la guerre. Au d\u00e9part, le financement des \u00e9lections ...","og_url":"https:\/\/www.africa-press.net\/congo-kinshasa\/politique\/il-sera-difficile-dorganiser-les-elections-dans-le-delai-avec-la-guerre-a-lest-bonso","og_site_name":"Congo-kinshasa","article_published_time":"2022-06-23T16:54:01+00:00","og_image":[{"width":720,"height":399,"url":"https:\/\/static.africa-press.net\/congo-kinshasa\/sites\/49\/2022\/06\/img-62b494822bdf7.jpg","type":"image\/jpeg"}],"author":"cfeditorfr","twitter_card":"summary_large_image","twitter_misc":{"\u00c9crit par":"cfeditorfr","Dur\u00e9e de lecture estim\u00e9e":"2 minutes"},"schema":{"@context":"https:\/\/schema.org","@graph":[{"@type":"Article","@id":"https:\/\/www.africa-press.net\/congo-kinshasa\/politique\/il-sera-difficile-dorganiser-les-elections-dans-le-delai-avec-la-guerre-a-lest-bonso#article","isPartOf":{"@id":"https:\/\/www.africa-press.net\/congo-kinshasa\/politique\/il-sera-difficile-dorganiser-les-elections-dans-le-delai-avec-la-guerre-a-lest-bonso"},"author":{"name":"cfeditorfr","@id":"https:\/\/www.africa-press.net\/congo-kinshasa\/#\/schema\/person\/2b1cf3cd81a31e3cd26889ca66d677f1"},"headline":"\u00ab Il sera difficile d&rsquo;organiser les \u00e9lections dans le d\u00e9lai avec la guerre \u00e0 l&rsquo;Est \u00bb (Bonso)","datePublished":"2022-06-23T16:54:01+00:00","mainEntityOfPage":{"@id":"https:\/\/www.africa-press.net\/congo-kinshasa\/politique\/il-sera-difficile-dorganiser-les-elections-dans-le-delai-avec-la-guerre-a-lest-bonso"},"wordCount":366,"commentCount":0,"image":{"@id":"https:\/\/www.africa-press.net\/congo-kinshasa\/politique\/il-sera-difficile-dorganiser-les-elections-dans-le-delai-avec-la-guerre-a-lest-bonso#primaryimage"},"thumbnailUrl":"https:\/\/static.africa-press.net\/congo-kinshasa\/sites\/49\/2022\/06\/img-62b494822bdf7.jpg","keywords":["Africa Press","Africa Press-Congo Kinshasa","Congo Kinshasa"],"articleSection":["homepage-french","Politique","Toutes les actualit\u00e9s"],"inLanguage":"fr-FR","potentialAction":[{"@type":"CommentAction","name":"Comment","target":["https:\/\/www.africa-press.net\/congo-kinshasa\/politique\/il-sera-difficile-dorganiser-les-elections-dans-le-delai-avec-la-guerre-a-lest-bonso#respond"]}]},{"@type":"WebPage","@id":"https:\/\/www.africa-press.net\/congo-kinshasa\/politique\/il-sera-difficile-dorganiser-les-elections-dans-le-delai-avec-la-guerre-a-lest-bonso","url":"https:\/\/www.africa-press.net\/congo-kinshasa\/politique\/il-sera-difficile-dorganiser-les-elections-dans-le-delai-avec-la-guerre-a-lest-bonso","name":"\u00ab Il sera difficile d'organiser les \u00e9lections dans le d\u00e9lai avec la guerre \u00e0 l'Est \u00bb (Bonso) - Congo-kinshasa","isPartOf":{"@id":"https:\/\/www.africa-press.net\/congo-kinshasa\/#website"},"primaryImageOfPage":{"@id":"https:\/\/www.africa-press.net\/congo-kinshasa\/politique\/il-sera-difficile-dorganiser-les-elections-dans-le-delai-avec-la-guerre-a-lest-bonso#primaryimage"},"image":{"@id":"https:\/\/www.africa-press.net\/congo-kinshasa\/politique\/il-sera-difficile-dorganiser-les-elections-dans-le-delai-avec-la-guerre-a-lest-bonso#primaryimage"},"thumbnailUrl":"https:\/\/static.africa-press.net\/congo-kinshasa\/sites\/49\/2022\/06\/img-62b494822bdf7.jpg","datePublished":"2022-06-23T16:54:01+00:00","author":{"@id":"https:\/\/www.africa-press.net\/congo-kinshasa\/#\/schema\/person\/2b1cf3cd81a31e3cd26889ca66d677f1"},"description":"\"Sur le terrain, on se retrouve devant des contraintes, notamment la guerre. Au d\u00e9part, le financement des \u00e9lections ...","breadcrumb":{"@id":"https:\/\/www.africa-press.net\/congo-kinshasa\/politique\/il-sera-difficile-dorganiser-les-elections-dans-le-delai-avec-la-guerre-a-lest-bonso#breadcrumb"},"inLanguage":"fr-FR","potentialAction":[{"@type":"ReadAction","target":["https:\/\/www.africa-press.net\/congo-kinshasa\/politique\/il-sera-difficile-dorganiser-les-elections-dans-le-delai-avec-la-guerre-a-lest-bonso"]}]},{"@type":"ImageObject","inLanguage":"fr-FR","@id":"https:\/\/www.africa-press.net\/congo-kinshasa\/politique\/il-sera-difficile-dorganiser-les-elections-dans-le-delai-avec-la-guerre-a-lest-bonso#primaryimage","url":"https:\/\/static.africa-press.net\/congo-kinshasa\/sites\/49\/2022\/06\/img-62b494822bdf7.jpg","contentUrl":"https:\/\/static.africa-press.net\/congo-kinshasa\/sites\/49\/2022\/06\/img-62b494822bdf7.jpg","width":720,"height":399,"caption":"\u00ab Il sera difficile d'organiser les \u00e9lections dans le d\u00e9lai avec la guerre \u00e0 l'Est \u00bb (Bonso)"},{"@type":"BreadcrumbList","@id":"https:\/\/www.africa-press.net\/congo-kinshasa\/politique\/il-sera-difficile-dorganiser-les-elections-dans-le-delai-avec-la-guerre-a-lest-bonso#breadcrumb","itemListElement":[{"@type":"ListItem","position":1,"name":"Accueil","item":"https:\/\/www.africa-press.net\/congo-kinshasa\/"},{"@type":"ListItem","position":2,"name":"\u00ab Il sera difficile d&#8217;organiser les \u00e9lections dans le d\u00e9lai avec la guerre \u00e0 l&#8217;Est \u00bb (Bonso)"}]},{"@type":"WebSite","@id":"https:\/\/www.africa-press.net\/congo-kinshasa\/#website","url":"https:\/\/www.africa-press.net\/congo-kinshasa\/","name":"Congo-kinshasa","description":"Just another Africa News Agency Sites site","potentialAction":[{"@type":"SearchAction","target":{"@type":"EntryPoint","urlTemplate":"https:\/\/www.africa-press.net\/congo-kinshasa\/?s={search_term_string}"},"query-input":{"@type":"PropertyValueSpecification","valueRequired":true,"valueName":"search_term_string"}}],"inLanguage":"fr-FR"},{"@type":"Person","@id":"https:\/\/www.africa-press.net\/congo-kinshasa\/#\/schema\/person\/2b1cf3cd81a31e3cd26889ca66d677f1","name":"cfeditorfr"}]}},"_links":{"self":[{"href":"https:\/\/www.africa-press.net\/congo-kinshasa\/wp-json\/wp\/v2\/posts\/36967","targetHints":{"allow":["GET"]}}],"collection":[{"href":"https:\/\/www.africa-press.net\/congo-kinshasa\/wp-json\/wp\/v2\/posts"}],"about":[{"href":"https:\/\/www.africa-press.net\/congo-kinshasa\/wp-json\/wp\/v2\/types\/post"}],"author":[{"embeddable":true,"href":"https:\/\/www.africa-press.net\/congo-kinshasa\/wp-json\/wp\/v2\/users\/82"}],"replies":[{"embeddable":true,"href":"https:\/\/www.africa-press.net\/congo-kinshasa\/wp-json\/wp\/v2\/comments?post=36967"}],"version-history":[{"count":0,"href":"https:\/\/www.africa-press.net\/congo-kinshasa\/wp-json\/wp\/v2\/posts\/36967\/revisions"}],"wp:featuredmedia":[{"embeddable":true,"href":"https:\/\/www.africa-press.net\/congo-kinshasa\/wp-json\/wp\/v2\/media\/36966"}],"wp:attachment":[{"href":"https:\/\/www.africa-press.net\/congo-kinshasa\/wp-json\/wp\/v2\/media?parent=36967"}],"wp:term":[{"taxonomy":"category","embeddable":true,"href":"https:\/\/www.africa-press.net\/congo-kinshasa\/wp-json\/wp\/v2\/categories?post=36967"},{"taxonomy":"post_tag","embeddable":true,"href":"https:\/\/www.africa-press.net\/congo-kinshasa\/wp-json\/wp\/v2\/tags?post=36967"}],"curies":[{"name":"wp","href":"https:\/\/api.w.org\/{rel}","templated":true}]}}