{"id":48204,"date":"2022-11-05T17:35:00","date_gmt":"2022-11-05T17:35:00","guid":{"rendered":"https:\/\/www.africa-press.net\/congo-kinshasa\/politique\/burundi-leac-se-concerte-face-a-lagression-de-la-rdc-par-le-m23-rwandais"},"modified":"2022-11-05T18:47:14","modified_gmt":"2022-11-05T18:47:14","slug":"burundi-leac-se-concerte-face-a-lagression-de-la-rdc-par-le-m23-rwandais","status":"publish","type":"post","link":"https:\/\/www.africa-press.net\/congo-kinshasa\/politique\/burundi-leac-se-concerte-face-a-lagression-de-la-rdc-par-le-m23-rwandais","title":{"rendered":"Burundi : L\u2019EAC se concerte face \u00e0 l\u2019agression de la RDC par le M23 Rwandais"},"content":{"rendered":"<p><span style=\"color: #ff6600\"><strong>Africa-Press &#8211; Congo Kinshasa. <\/strong><\/span>La prochaine session de dialogue entre les parties au conflit en RDC est fixe\u0301e au 15 novembre 2022. Ceci ressort d\u2019une rencontre du Chef de l\u2019Etat Burundais et Pre\u0301sident en exercice de l\u2019EAC, Son Excellence Evariste Ndayishimiye, avec l\u2019Ancien Pre\u0301sident du Kenya et Facilitateur dans le processus de paix en RDC, Uhuru Kenyatta, tenue ce vendredi au Palais Ntare Rushatsi.<\/p>\n<p>Le Facilitateur Uhuru Kenyatta a en effet atterri a\u0300 l\u2019Ae\u0301roport International de Bujumbura dans l\u2019avant midi de ce vendredi ou\u0300 il a e\u0301te\u0301 accueilli par Eze\u0301chiel Nibigira, Ministre en charge des Affaires de la Communaute\u0301 Est Africaine, avant de se diriger vers le Palais Pre\u0301sidentiel ou\u0300 il a eu un te\u0302te a\u0300 te\u0302te avec le Pre\u0301sident Burundais.<\/p>\n<p>SE Evariste Ndayishimiye s\u2019est re\u0301jouit que les Chefs d\u2019Etat de la Communaute\u0301 Est Africaine sont tous unanimes pour le re\u0301tablissement de la paix en RDC et les appelle a\u0300 maintenir la paix chacun dans son pays afin de bloquer le passage aux groupes arme\u0301s qui voudraient perturber la paix et la se\u0301curite\u0301 dans la re\u0301gion.<\/p>\n<p>Etant donne\u0301 que les groupes arme\u0301s qui cre\u0301ent la terreur et la de\u0301solation en RDC disent qu\u2019ils combattent pour les inte\u0301re\u0302ts de leurs communaute\u0301s, le Pre\u0301sident en exercice de l\u2019EAC exhorte les leaders coutumiers a\u0300 s\u2019impliquer dans le dialogue afin d\u2019apporter leur contribution au re\u0301tablissement de la paix en RDC.<\/p>\n<p>Il a en outre exprime\u0301 sa gratitude aux pays membres de l\u2019EAC qui ont de\u0301ja\u0300 re\u0301pondu a\u0300 la sollicitation d\u2019envoyer les militaires en mission de paix en RDC en se re\u0301jouissant que le peuple de la communaute\u0301 e\u0301prouve une grande confiance en ces troupes.<\/p>\n<p>\u00ab Nous remercions le Pre\u0301sident du Kenya, Son Excellence William Ruto qui vient dernie\u0300rement d\u2019envoyer les militaires \u00bb, a laisse\u0301 entendre le Pre\u0301sident du Sommet des Chefs d\u2019Etat avant d\u2019annoncer qu\u2019il va rehausser de sa pre\u0301sence la session prochaine de dialogue entre les parties prenantes au conflit en RDC qui se tiendra au Kenya.<\/p>\n<p>Prenant la parole, le Facilitateur Uhuru Kenyatta a salue\u0301 les efforts du Pre\u0301sident Burundais a\u0300 restaurer la paix a\u0300 l\u2019Est de la RDC et a remercie\u0301 le Burundi pour avoir e\u0301te\u0301 le premier pays a\u0300 envoyer les troupes en mission de paix en RDC.<\/p>\n<p>\u00ab Nous appre\u0301cions le travail abattu par les forces Burundais a\u0300 l\u2019Est de la RDC, mais malheureusement un autre conflit vient re\u0301cemment d\u2019e\u0301clater au Nord-Kivu. Nous demandons au Kenya et a\u0300 l\u2019Ouganda de de\u0301ployer les forces a\u0300 leur tour en vue de soutenir le Burundi \u00bb a indique\u0301 l\u2019Ancien Pre\u0301sident Kenyan qui a tenu a\u0300 saluer le combat du Pre\u0301sident Ndayishimiye et du peuple Burundais pour re\u0301tablir la paix dans leur pays en laissant de co\u0302te\u0301 leurs diffe\u0301rences. Il a ainsi invite\u0301 le peuple Congolais a\u0300 suivre cet exemple.<\/p>\n<p>De son co\u0302te\u0301, le Facilitateur Kenyatta a re\u0301affirme\u0301 son engagement a\u0300 acce\u0301le\u0301rer le processus de me\u0301diation quitte a\u0300 atteindre un consensus entre les parties prenantes au conflit afin d\u2019asseoir la paix et la stabilite\u0301 en RDC.<\/p>\n<p>Vous saurez que cette rencontre survient au lendemain du message a\u0300 la Nation de\u0301livre\u0301 par le Pre\u0301sident de la Re\u0301publique De\u0301mocratique du Congo a\u0300 travers lequel il a lance\u0301 un appel ge\u0301ne\u0301ral au peuple Congolais a\u0300 unir leurs forces pour re\u0301tablir la paix et la se\u0301curite\u0301 dans leur pays.<\/p>\n<p><iframe loading=\"lazy\" title=\"?RDC : INCROYABLE DISCOURS D\u00c9CISIF DU PR\u00c9SIDENT FELIX TSHISEKEDI A LA NATION, COMBATS FARDC - M23\" width=\"696\" height=\"392\" src=\"https:\/\/www.youtube.com\/embed\/uMhF8rXhYjA?feature=oembed\" frameborder=\"0\" allow=\"accelerometer; autoplay; clipboard-write; encrypted-media; gyroscope; picture-in-picture\" allowfullscreen><\/iframe><\/p>\n\r\n                <style type=\"text\/css\">\r\n                    \r\n                    #td_uid_1_69f3631c8c555  .td-doubleSlider-2 .td-item1 {\r\n                        background: url(https:\/\/static.africa-press.net\/congo-kinshasa\/sites\/49\/2022\/11\/postMediaimg_21_1-80x60.jpg) 0 0 no-repeat;\r\n                    }\r\n                    #td_uid_1_69f3631c8c555  .td-doubleSlider-2 .td-item2 {\r\n                        background: url(https:\/\/static.africa-press.net\/congo-kinshasa\/sites\/49\/2022\/11\/postMediaimg_21_2-80x60.jpg) 0 0 no-repeat;\r\n                    }\r\n                    #td_uid_1_69f3631c8c555  .td-doubleSlider-2 .td-item3 {\r\n                        background: url(https:\/\/static.africa-press.net\/congo-kinshasa\/sites\/49\/2022\/11\/postMediaimg_21_3-80x60.jpg) 0 0 no-repeat;\r\n                    }\r\n                    #td_uid_1_69f3631c8c555  .td-doubleSlider-2 .td-item4 {\r\n                        background: url(https:\/\/static.africa-press.net\/congo-kinshasa\/sites\/49\/2022\/11\/postMediaimg_21_4-80x60.jpg) 0 0 no-repeat;\r\n                    }\r\n                    #td_uid_1_69f3631c8c555  .td-doubleSlider-2 .td-item5 {\r\n                        background: url(https:\/\/static.africa-press.net\/congo-kinshasa\/sites\/49\/2022\/11\/postMediaimg_21_5-80x60.jpg) 0 0 no-repeat;\r\n                    }\r\n                    #td_uid_1_69f3631c8c555  .td-doubleSlider-2 .td-item6 {\r\n                        background: url(https:\/\/static.africa-press.net\/congo-kinshasa\/sites\/49\/2022\/11\/postMediaimg_21_6-80x60.jpg) 0 0 no-repeat;\r\n                    }\r\n                    #td_uid_1_69f3631c8c555  .td-doubleSlider-2 .td-item7 {\r\n                        background: url(https:\/\/static.africa-press.net\/congo-kinshasa\/sites\/49\/2022\/11\/postMediaimg_21_7-80x60.jpg) 0 0 no-repeat;\r\n                    }\r\n                    #td_uid_1_69f3631c8c555  .td-doubleSlider-2 .td-item8 {\r\n                        background: url(https:\/\/static.africa-press.net\/congo-kinshasa\/sites\/49\/2022\/11\/postMediaimg_21_8-80x60.jpg) 0 0 no-repeat;\r\n                    }\r\n                    #td_uid_1_69f3631c8c555  .td-doubleSlider-2 .td-item9 {\r\n                        background: url(https:\/\/static.africa-press.net\/congo-kinshasa\/sites\/49\/2022\/11\/postMediaimg_21_9-80x60.jpg) 0 0 no-repeat;\r\n                    }\r\n                <\/style>\r\n\r\n                <div id=\"td_uid_1_69f3631c8c555\" class=\"td-gallery td-slide-on-2-columns\">\r\n                    <div class=\"post_td_gallery\">\r\n                        <div class=\"td-gallery-slide-top\">\r\n                           <div class=\"td-gallery-title\"><\/div>\r\n\r\n                            <div class=\"td-gallery-controls-wrapper\">\r\n                                <div class=\"td-gallery-slide-count\"><span class=\"td-gallery-slide-item-focus\">1<\/span> de 9<\/div>\r\n                                <div class=\"td-gallery-slide-prev-next-but\">\r\n                                    <i class = \"td-icon-left doubleSliderPrevButton\"><\/i>\r\n                                    <i class = \"td-icon-right doubleSliderNextButton\"><\/i>\r\n                                <\/div>\r\n                            <\/div>\r\n                        <\/div>\r\n\r\n                        <div class = \"td-doubleSlider-1 \">\r\n                            <div class = \"td-slider\">\r\n                                \r\n                    <div class = \"td-slide-item td-item1\">\r\n                        <figure class=\"td-slide-galery-figure td-slide-popup-gallery\">\r\n                            <a class=\"slide-gallery-image-link\" href=\"https:\/\/static.africa-press.net\/congo-kinshasa\/sites\/49\/2022\/11\/postMediaimg_21_1.jpg\" title=\"postMediaimg_21_1\"  data-caption=\"\"  data-description=\"\">\r\n                                <img decoding=\"async\" src=\"https:\/\/static.africa-press.net\/congo-kinshasa\/sites\/49\/2022\/11\/postMediaimg_21_1.jpg\" srcset=\"https:\/\/static.africa-press.net\/congo-kinshasa\/sites\/49\/2022\/11\/postMediaimg_21_1.jpg 1078w, https:\/\/static.africa-press.net\/congo-kinshasa\/sites\/49\/2022\/11\/postMediaimg_21_1-226x300.jpg 226w, https:\/\/static.africa-press.net\/congo-kinshasa\/sites\/49\/2022\/11\/postMediaimg_21_1-770x1024.jpg 770w, https:\/\/static.africa-press.net\/congo-kinshasa\/sites\/49\/2022\/11\/postMediaimg_21_1-768x1021.jpg 768w\" sizes=\"(max-width: 1078px) 100vw, 1078px\" alt=\"\">\r\n                            <\/a>\r\n                            \r\n                        <\/figure>\r\n                    <\/div>\r\n                    <div class = \"td-slide-item td-item2\">\r\n                        <figure class=\"td-slide-galery-figure td-slide-popup-gallery\">\r\n                            <a class=\"slide-gallery-image-link\" href=\"https:\/\/static.africa-press.net\/congo-kinshasa\/sites\/49\/2022\/11\/postMediaimg_21_2.jpg\" title=\"postMediaimg_21_2\"  data-caption=\"\"  data-description=\"\">\r\n                                <img decoding=\"async\" src=\"https:\/\/static.africa-press.net\/congo-kinshasa\/sites\/49\/2022\/11\/postMediaimg_21_2.jpg\" srcset=\"https:\/\/static.africa-press.net\/congo-kinshasa\/sites\/49\/2022\/11\/postMediaimg_21_2.jpg 1080w, https:\/\/static.africa-press.net\/congo-kinshasa\/sites\/49\/2022\/11\/postMediaimg_21_2-300x270.jpg 300w, https:\/\/static.africa-press.net\/congo-kinshasa\/sites\/49\/2022\/11\/postMediaimg_21_2-1024x921.jpg 1024w, https:\/\/static.africa-press.net\/congo-kinshasa\/sites\/49\/2022\/11\/postMediaimg_21_2-768x690.jpg 768w\" sizes=\"(max-width: 1080px) 100vw, 1080px\" alt=\"\">\r\n                            <\/a>\r\n                            \r\n                        <\/figure>\r\n                    <\/div>\r\n                    <div class = \"td-slide-item td-item3\">\r\n                        <figure class=\"td-slide-galery-figure td-slide-popup-gallery\">\r\n                            <a class=\"slide-gallery-image-link\" href=\"https:\/\/static.africa-press.net\/congo-kinshasa\/sites\/49\/2022\/11\/postMediaimg_21_3.jpg\" title=\"postMediaimg_21_3\"  data-caption=\"\"  data-description=\"\">\r\n                                <img decoding=\"async\" src=\"https:\/\/static.africa-press.net\/congo-kinshasa\/sites\/49\/2022\/11\/postMediaimg_21_3.jpg\" srcset=\"https:\/\/static.africa-press.net\/congo-kinshasa\/sites\/49\/2022\/11\/postMediaimg_21_3.jpg 1080w, https:\/\/static.africa-press.net\/congo-kinshasa\/sites\/49\/2022\/11\/postMediaimg_21_3-300x243.jpg 300w, https:\/\/static.africa-press.net\/congo-kinshasa\/sites\/49\/2022\/11\/postMediaimg_21_3-1024x830.jpg 1024w, https:\/\/static.africa-press.net\/congo-kinshasa\/sites\/49\/2022\/11\/postMediaimg_21_3-768x622.jpg 768w\" sizes=\"(max-width: 1080px) 100vw, 1080px\" alt=\"\">\r\n                            <\/a>\r\n                            \r\n                        <\/figure>\r\n                    <\/div>\r\n                    <div class = \"td-slide-item td-item4\">\r\n                        <figure class=\"td-slide-galery-figure td-slide-popup-gallery\">\r\n                            <a class=\"slide-gallery-image-link\" href=\"https:\/\/static.africa-press.net\/congo-kinshasa\/sites\/49\/2022\/11\/postMediaimg_21_4.jpg\" title=\"postMediaimg_21_4\"  data-caption=\"\"  data-description=\"\">\r\n                                <img decoding=\"async\" src=\"https:\/\/static.africa-press.net\/congo-kinshasa\/sites\/49\/2022\/11\/postMediaimg_21_4.jpg\" srcset=\"https:\/\/static.africa-press.net\/congo-kinshasa\/sites\/49\/2022\/11\/postMediaimg_21_4.jpg 1080w, https:\/\/static.africa-press.net\/congo-kinshasa\/sites\/49\/2022\/11\/postMediaimg_21_4-300x238.jpg 300w, https:\/\/static.africa-press.net\/congo-kinshasa\/sites\/49\/2022\/11\/postMediaimg_21_4-1024x814.jpg 1024w, https:\/\/static.africa-press.net\/congo-kinshasa\/sites\/49\/2022\/11\/postMediaimg_21_4-768x610.jpg 768w\" sizes=\"(max-width: 1080px) 100vw, 1080px\" alt=\"\">\r\n                            <\/a>\r\n                            \r\n                        <\/figure>\r\n                    <\/div>\r\n                    <div class = \"td-slide-item td-item5\">\r\n                        <figure class=\"td-slide-galery-figure td-slide-popup-gallery\">\r\n                            <a class=\"slide-gallery-image-link\" href=\"https:\/\/static.africa-press.net\/congo-kinshasa\/sites\/49\/2022\/11\/postMediaimg_21_5.jpg\" title=\"postMediaimg_21_5\"  data-caption=\"\"  data-description=\"\">\r\n                                <img decoding=\"async\" src=\"https:\/\/static.africa-press.net\/congo-kinshasa\/sites\/49\/2022\/11\/postMediaimg_21_5.jpg\" srcset=\"https:\/\/static.africa-press.net\/congo-kinshasa\/sites\/49\/2022\/11\/postMediaimg_21_5.jpg 2217w, https:\/\/static.africa-press.net\/congo-kinshasa\/sites\/49\/2022\/11\/postMediaimg_21_5-300x200.jpg 300w, https:\/\/static.africa-press.net\/congo-kinshasa\/sites\/49\/2022\/11\/postMediaimg_21_5-1024x682.jpg 1024w, https:\/\/static.africa-press.net\/congo-kinshasa\/sites\/49\/2022\/11\/postMediaimg_21_5-768x512.jpg 768w, https:\/\/static.africa-press.net\/congo-kinshasa\/sites\/49\/2022\/11\/postMediaimg_21_5-1536x1023.jpg 1536w, https:\/\/static.africa-press.net\/congo-kinshasa\/sites\/49\/2022\/11\/postMediaimg_21_5-2048x1364.jpg 2048w\" sizes=\"(max-width: 2217px) 100vw, 2217px\" alt=\"\">\r\n                            <\/a>\r\n                            \r\n                        <\/figure>\r\n                    <\/div>\r\n                    <div class = \"td-slide-item td-item6\">\r\n                        <figure class=\"td-slide-galery-figure td-slide-popup-gallery\">\r\n                            <a class=\"slide-gallery-image-link\" href=\"https:\/\/static.africa-press.net\/congo-kinshasa\/sites\/49\/2022\/11\/postMediaimg_21_6.jpg\" title=\"postMediaimg_21_6\"  data-caption=\"\"  data-description=\"\">\r\n                                <img decoding=\"async\" src=\"https:\/\/static.africa-press.net\/congo-kinshasa\/sites\/49\/2022\/11\/postMediaimg_21_6.jpg\" srcset=\"https:\/\/static.africa-press.net\/congo-kinshasa\/sites\/49\/2022\/11\/postMediaimg_21_6.jpg 2048w, https:\/\/static.africa-press.net\/congo-kinshasa\/sites\/49\/2022\/11\/postMediaimg_21_6-300x200.jpg 300w, https:\/\/static.africa-press.net\/congo-kinshasa\/sites\/49\/2022\/11\/postMediaimg_21_6-1024x682.jpg 1024w, https:\/\/static.africa-press.net\/congo-kinshasa\/sites\/49\/2022\/11\/postMediaimg_21_6-768x512.jpg 768w, https:\/\/static.africa-press.net\/congo-kinshasa\/sites\/49\/2022\/11\/postMediaimg_21_6-1536x1023.jpg 1536w\" sizes=\"(max-width: 2048px) 100vw, 2048px\" alt=\"\">\r\n                            <\/a>\r\n                            \r\n                        <\/figure>\r\n                    <\/div>\r\n                    <div class = \"td-slide-item td-item7\">\r\n                        <figure class=\"td-slide-galery-figure td-slide-popup-gallery\">\r\n                            <a class=\"slide-gallery-image-link\" href=\"https:\/\/static.africa-press.net\/congo-kinshasa\/sites\/49\/2022\/11\/postMediaimg_21_7.jpg\" title=\"postMediaimg_21_7\"  data-caption=\"\"  data-description=\"\">\r\n                                <img decoding=\"async\" src=\"https:\/\/static.africa-press.net\/congo-kinshasa\/sites\/49\/2022\/11\/postMediaimg_21_7.jpg\" srcset=\"https:\/\/static.africa-press.net\/congo-kinshasa\/sites\/49\/2022\/11\/postMediaimg_21_7.jpg 2048w, https:\/\/static.africa-press.net\/congo-kinshasa\/sites\/49\/2022\/11\/postMediaimg_21_7-300x200.jpg 300w, https:\/\/static.africa-press.net\/congo-kinshasa\/sites\/49\/2022\/11\/postMediaimg_21_7-1024x683.jpg 1024w, https:\/\/static.africa-press.net\/congo-kinshasa\/sites\/49\/2022\/11\/postMediaimg_21_7-768x512.jpg 768w, https:\/\/static.africa-press.net\/congo-kinshasa\/sites\/49\/2022\/11\/postMediaimg_21_7-1536x1025.jpg 1536w\" sizes=\"(max-width: 2048px) 100vw, 2048px\" alt=\"\">\r\n                            <\/a>\r\n                            \r\n                        <\/figure>\r\n                    <\/div>\r\n                    <div class = \"td-slide-item td-item8\">\r\n                        <figure class=\"td-slide-galery-figure td-slide-popup-gallery\">\r\n                            <a class=\"slide-gallery-image-link\" href=\"https:\/\/static.africa-press.net\/congo-kinshasa\/sites\/49\/2022\/11\/postMediaimg_21_8.jpg\" title=\"postMediaimg_21_8\"  data-caption=\"\"  data-description=\"\">\r\n                                <img decoding=\"async\" src=\"https:\/\/static.africa-press.net\/congo-kinshasa\/sites\/49\/2022\/11\/postMediaimg_21_8.jpg\" srcset=\"https:\/\/static.africa-press.net\/congo-kinshasa\/sites\/49\/2022\/11\/postMediaimg_21_8.jpg 1080w, https:\/\/static.africa-press.net\/congo-kinshasa\/sites\/49\/2022\/11\/postMediaimg_21_8-300x200.jpg 300w, https:\/\/static.africa-press.net\/congo-kinshasa\/sites\/49\/2022\/11\/postMediaimg_21_8-1024x683.jpg 1024w, https:\/\/static.africa-press.net\/congo-kinshasa\/sites\/49\/2022\/11\/postMediaimg_21_8-768x512.jpg 768w\" sizes=\"(max-width: 1080px) 100vw, 1080px\" alt=\"\">\r\n                            <\/a>\r\n                            \r\n                        <\/figure>\r\n                    <\/div>\r\n                    <div class = \"td-slide-item td-item9\">\r\n                        <figure class=\"td-slide-galery-figure td-slide-popup-gallery\">\r\n                            <a class=\"slide-gallery-image-link\" href=\"https:\/\/static.africa-press.net\/congo-kinshasa\/sites\/49\/2022\/11\/postMediaimg_21_9.jpg\" title=\"postMediaimg_21_9\"  data-caption=\"\"  data-description=\"\">\r\n                                <img decoding=\"async\" src=\"https:\/\/static.africa-press.net\/congo-kinshasa\/sites\/49\/2022\/11\/postMediaimg_21_9.jpg\" srcset=\"https:\/\/static.africa-press.net\/congo-kinshasa\/sites\/49\/2022\/11\/postMediaimg_21_9.jpg 1080w, https:\/\/static.africa-press.net\/congo-kinshasa\/sites\/49\/2022\/11\/postMediaimg_21_9-300x214.jpg 300w, https:\/\/static.africa-press.net\/congo-kinshasa\/sites\/49\/2022\/11\/postMediaimg_21_9-1024x730.jpg 1024w, https:\/\/static.africa-press.net\/congo-kinshasa\/sites\/49\/2022\/11\/postMediaimg_21_9-768x548.jpg 768w, https:\/\/static.africa-press.net\/congo-kinshasa\/sites\/49\/2022\/11\/postMediaimg_21_9-100x70.jpg 100w\" sizes=\"(max-width: 1080px) 100vw, 1080px\" alt=\"\">\r\n                            <\/a>\r\n                            \r\n                        <\/figure>\r\n                    <\/div>\r\n                            <\/div>\r\n                        <\/div>\r\n\r\n                        <div class = \"td-doubleSlider-2\">\r\n                            <div class = \"td-slider\">\r\n                                \r\n                    <div class = \"td-button td-item1\">\r\n                        <div class = \"td-border\"><\/div>\r\n                    <\/div>\r\n                    <div class = \"td-button td-item2\">\r\n                        <div class = \"td-border\"><\/div>\r\n                    <\/div>\r\n                    <div class = \"td-button td-item3\">\r\n                        <div class = \"td-border\"><\/div>\r\n                    <\/div>\r\n                    <div class = \"td-button td-item4\">\r\n                        <div class = \"td-border\"><\/div>\r\n                    <\/div>\r\n                    <div class = \"td-button td-item5\">\r\n                        <div class = \"td-border\"><\/div>\r\n                    <\/div>\r\n                    <div class = \"td-button td-item6\">\r\n                        <div class = \"td-border\"><\/div>\r\n                    <\/div>\r\n                    <div class = \"td-button td-item7\">\r\n                        <div class = \"td-border\"><\/div>\r\n                    <\/div>\r\n                    <div class = \"td-button td-item8\">\r\n                        <div class = \"td-border\"><\/div>\r\n                    <\/div>\r\n                    <div class = \"td-button td-item9\">\r\n                        <div class = \"td-border\"><\/div>\r\n                    <\/div>\r\n                            <\/div>\r\n                        <\/div>\r\n\r\n                    <\/div>\r\n\r\n                <\/div>\r\n                \n<p><strong>Pour plus d&rsquo;informations et d&rsquo;analyses sur la <a href=\"https:\/\/www.africa-press.net\/congo-kinshasa\">Congo Kinshasa<\/a>, suivez <a href=\"https:\/\/www.africa-press.net\/\">Africa-Press<\/a><\/strong><\/p>\n","protected":false},"excerpt":{"rendered":"<p>Africa-Press &#8211; Congo Kinshasa. La prochaine session de dialogue entre les parties au conflit en RDC est fixe\u0301e au 15 novembre 2022. Ceci ressort d\u2019une rencontre du Chef de l\u2019Etat Burundais et Pre\u0301sident en exercice de l\u2019EAC, Son Excellence Evariste Ndayishimiye, avec l\u2019Ancien Pre\u0301sident du Kenya et Facilitateur dans le processus de paix en RDC, [&hellip;]<\/p>\n","protected":false},"author":82,"featured_media":48202,"comment_status":"open","ping_status":"closed","sticky":false,"template":"","format":"standard","meta":{"footnotes":""},"categories":[8,2,20,10,9],"tags":[36,47,46],"class_list":["post-48204","post","type-post","status-publish","format-standard","has-post-thumbnail","hentry","category-photo","category-politique","category-top-nouvelles","category-toutes-les-actualites","category-video","tag-africa-press","tag-africa-press-congo-kinshasa","tag-congo-kinshasa"],"yoast_head":"<!-- This site is optimized with the Yoast SEO Premium plugin v26.1 (Yoast SEO v27.0) - https:\/\/yoast.com\/product\/yoast-seo-premium-wordpress\/ -->\n<title>Burundi : L\u2019EAC se concerte face \u00e0 l\u2019agression de la RDC par le M23 Rwandais - Congo-kinshasa<\/title>\n<meta name=\"description\" content=\"La prochaine session de dialogue entre les parties au conflit en RDC est fixe\u0301e au 15 novembre 2022. Ceci ressort d\u2019une ...\" \/>\n<meta name=\"robots\" content=\"index, follow, max-snippet:-1, max-image-preview:large, max-video-preview:-1\" \/>\n<link rel=\"canonical\" href=\"https:\/\/www.africa-press.net\/congo-kinshasa\/politique\/burundi-leac-se-concerte-face-a-lagression-de-la-rdc-par-le-m23-rwandais\" \/>\n<meta property=\"og:locale\" content=\"fr_FR\" \/>\n<meta property=\"og:type\" content=\"article\" \/>\n<meta property=\"og:title\" content=\"Burundi : L\u2019EAC se concerte face \u00e0 l\u2019agression de la RDC par le M23 Rwandais\" \/>\n<meta property=\"og:description\" content=\"La prochaine session de dialogue entre les parties au conflit en RDC est fixe\u0301e au 15 novembre 2022. Ceci ressort d\u2019une ...\" \/>\n<meta property=\"og:url\" content=\"https:\/\/www.africa-press.net\/congo-kinshasa\/politique\/burundi-leac-se-concerte-face-a-lagression-de-la-rdc-par-le-m23-rwandais\" \/>\n<meta property=\"og:site_name\" content=\"Congo-kinshasa\" \/>\n<meta property=\"article:published_time\" content=\"2022-11-05T17:35:00+00:00\" \/>\n<meta property=\"article:modified_time\" content=\"2022-11-05T18:47:14+00:00\" \/>\n<meta property=\"og:image\" content=\"https:\/\/static.africa-press.net\/congo-kinshasa\/sites\/49\/2022\/11\/postQueueImg_21-6366af80bb1ce.jpg\" \/>\n\t<meta property=\"og:image:width\" content=\"1080\" \/>\n\t<meta property=\"og:image:height\" content=\"770\" \/>\n\t<meta property=\"og:image:type\" content=\"image\/jpeg\" \/>\n<meta name=\"author\" content=\"cfeditorfr\" \/>\n<meta name=\"twitter:card\" content=\"summary_large_image\" \/>\n<meta name=\"twitter:label1\" content=\"\u00c9crit par\" \/>\n\t<meta name=\"twitter:data1\" content=\"cfeditorfr\" \/>\n\t<meta name=\"twitter:label2\" content=\"Dur\u00e9e de lecture estim\u00e9e\" \/>\n\t<meta name=\"twitter:data2\" content=\"3 minutes\" \/>\n<script type=\"application\/ld+json\" class=\"yoast-schema-graph\">{\"@context\":\"https:\/\/schema.org\",\"@graph\":[{\"@type\":\"Article\",\"@id\":\"https:\/\/www.africa-press.net\/congo-kinshasa\/politique\/burundi-leac-se-concerte-face-a-lagression-de-la-rdc-par-le-m23-rwandais#article\",\"isPartOf\":{\"@id\":\"https:\/\/www.africa-press.net\/congo-kinshasa\/politique\/burundi-leac-se-concerte-face-a-lagression-de-la-rdc-par-le-m23-rwandais\"},\"author\":{\"name\":\"cfeditorfr\",\"@id\":\"https:\/\/www.africa-press.net\/congo-kinshasa\/#\/schema\/person\/2b1cf3cd81a31e3cd26889ca66d677f1\"},\"headline\":\"Burundi : L\u2019EAC se concerte face \u00e0 l\u2019agression de la RDC par le M23 Rwandais\",\"datePublished\":\"2022-11-05T17:35:00+00:00\",\"dateModified\":\"2022-11-05T18:47:14+00:00\",\"mainEntityOfPage\":{\"@id\":\"https:\/\/www.africa-press.net\/congo-kinshasa\/politique\/burundi-leac-se-concerte-face-a-lagression-de-la-rdc-par-le-m23-rwandais\"},\"wordCount\":661,\"commentCount\":0,\"image\":{\"@id\":\"https:\/\/www.africa-press.net\/congo-kinshasa\/politique\/burundi-leac-se-concerte-face-a-lagression-de-la-rdc-par-le-m23-rwandais#primaryimage\"},\"thumbnailUrl\":\"https:\/\/static.africa-press.net\/congo-kinshasa\/sites\/49\/2022\/11\/postQueueImg_21-6366af80bb1ce.jpg\",\"keywords\":[\"Africa Press\",\"Africa Press-Congo Kinshasa\",\"Congo Kinshasa\"],\"articleSection\":[\"Photo\",\"Politique\",\"Top Nouvelles\",\"Toutes les actualit\u00e9s\",\"vid\u00e9o\"],\"inLanguage\":\"fr-FR\",\"potentialAction\":[{\"@type\":\"CommentAction\",\"name\":\"Comment\",\"target\":[\"https:\/\/www.africa-press.net\/congo-kinshasa\/politique\/burundi-leac-se-concerte-face-a-lagression-de-la-rdc-par-le-m23-rwandais#respond\"]}]},{\"@type\":\"WebPage\",\"@id\":\"https:\/\/www.africa-press.net\/congo-kinshasa\/politique\/burundi-leac-se-concerte-face-a-lagression-de-la-rdc-par-le-m23-rwandais\",\"url\":\"https:\/\/www.africa-press.net\/congo-kinshasa\/politique\/burundi-leac-se-concerte-face-a-lagression-de-la-rdc-par-le-m23-rwandais\",\"name\":\"Burundi : L\u2019EAC se concerte face \u00e0 l\u2019agression de la RDC par le M23 Rwandais - Congo-kinshasa\",\"isPartOf\":{\"@id\":\"https:\/\/www.africa-press.net\/congo-kinshasa\/#website\"},\"primaryImageOfPage\":{\"@id\":\"https:\/\/www.africa-press.net\/congo-kinshasa\/politique\/burundi-leac-se-concerte-face-a-lagression-de-la-rdc-par-le-m23-rwandais#primaryimage\"},\"image\":{\"@id\":\"https:\/\/www.africa-press.net\/congo-kinshasa\/politique\/burundi-leac-se-concerte-face-a-lagression-de-la-rdc-par-le-m23-rwandais#primaryimage\"},\"thumbnailUrl\":\"https:\/\/static.africa-press.net\/congo-kinshasa\/sites\/49\/2022\/11\/postQueueImg_21-6366af80bb1ce.jpg\",\"datePublished\":\"2022-11-05T17:35:00+00:00\",\"dateModified\":\"2022-11-05T18:47:14+00:00\",\"author\":{\"@id\":\"https:\/\/www.africa-press.net\/congo-kinshasa\/#\/schema\/person\/2b1cf3cd81a31e3cd26889ca66d677f1\"},\"description\":\"La prochaine session de dialogue entre les parties au conflit en RDC est fixe\u0301e au 15 novembre 2022. Ceci ressort d\u2019une ...\",\"breadcrumb\":{\"@id\":\"https:\/\/www.africa-press.net\/congo-kinshasa\/politique\/burundi-leac-se-concerte-face-a-lagression-de-la-rdc-par-le-m23-rwandais#breadcrumb\"},\"inLanguage\":\"fr-FR\",\"potentialAction\":[{\"@type\":\"ReadAction\",\"target\":[\"https:\/\/www.africa-press.net\/congo-kinshasa\/politique\/burundi-leac-se-concerte-face-a-lagression-de-la-rdc-par-le-m23-rwandais\"]}]},{\"@type\":\"ImageObject\",\"inLanguage\":\"fr-FR\",\"@id\":\"https:\/\/www.africa-press.net\/congo-kinshasa\/politique\/burundi-leac-se-concerte-face-a-lagression-de-la-rdc-par-le-m23-rwandais#primaryimage\",\"url\":\"https:\/\/static.africa-press.net\/congo-kinshasa\/sites\/49\/2022\/11\/postQueueImg_21-6366af80bb1ce.jpg\",\"contentUrl\":\"https:\/\/static.africa-press.net\/congo-kinshasa\/sites\/49\/2022\/11\/postQueueImg_21-6366af80bb1ce.jpg\",\"width\":1080,\"height\":770,\"caption\":\"Burundi : L\u2019EAC se concerte face \u00e0 l\u2019agression de la RDC par le M23 Rwandais\"},{\"@type\":\"BreadcrumbList\",\"@id\":\"https:\/\/www.africa-press.net\/congo-kinshasa\/politique\/burundi-leac-se-concerte-face-a-lagression-de-la-rdc-par-le-m23-rwandais#breadcrumb\",\"itemListElement\":[{\"@type\":\"ListItem\",\"position\":1,\"name\":\"Accueil\",\"item\":\"https:\/\/www.africa-press.net\/congo-kinshasa\/\"},{\"@type\":\"ListItem\",\"position\":2,\"name\":\"Burundi : L\u2019EAC se concerte face \u00e0 l\u2019agression de la RDC par le M23 Rwandais\"}]},{\"@type\":\"WebSite\",\"@id\":\"https:\/\/www.africa-press.net\/congo-kinshasa\/#website\",\"url\":\"https:\/\/www.africa-press.net\/congo-kinshasa\/\",\"name\":\"Congo-kinshasa\",\"description\":\"Just another Africa News Agency Sites site\",\"potentialAction\":[{\"@type\":\"SearchAction\",\"target\":{\"@type\":\"EntryPoint\",\"urlTemplate\":\"https:\/\/www.africa-press.net\/congo-kinshasa\/?s={search_term_string}\"},\"query-input\":{\"@type\":\"PropertyValueSpecification\",\"valueRequired\":true,\"valueName\":\"search_term_string\"}}],\"inLanguage\":\"fr-FR\"},{\"@type\":\"Person\",\"@id\":\"https:\/\/www.africa-press.net\/congo-kinshasa\/#\/schema\/person\/2b1cf3cd81a31e3cd26889ca66d677f1\",\"name\":\"cfeditorfr\"}]}<\/script>\n<!-- \/ Yoast SEO Premium plugin. -->","yoast_head_json":{"title":"Burundi : L\u2019EAC se concerte face \u00e0 l\u2019agression de la RDC par le M23 Rwandais - Congo-kinshasa","description":"La prochaine session de dialogue entre les parties au conflit en RDC est fixe\u0301e au 15 novembre 2022. Ceci ressort d\u2019une ...","robots":{"index":"index","follow":"follow","max-snippet":"max-snippet:-1","max-image-preview":"max-image-preview:large","max-video-preview":"max-video-preview:-1"},"canonical":"https:\/\/www.africa-press.net\/congo-kinshasa\/politique\/burundi-leac-se-concerte-face-a-lagression-de-la-rdc-par-le-m23-rwandais","og_locale":"fr_FR","og_type":"article","og_title":"Burundi : L\u2019EAC se concerte face \u00e0 l\u2019agression de la RDC par le M23 Rwandais","og_description":"La prochaine session de dialogue entre les parties au conflit en RDC est fixe\u0301e au 15 novembre 2022. Ceci ressort d\u2019une ...","og_url":"https:\/\/www.africa-press.net\/congo-kinshasa\/politique\/burundi-leac-se-concerte-face-a-lagression-de-la-rdc-par-le-m23-rwandais","og_site_name":"Congo-kinshasa","article_published_time":"2022-11-05T17:35:00+00:00","article_modified_time":"2022-11-05T18:47:14+00:00","og_image":[{"width":1080,"height":770,"url":"https:\/\/static.africa-press.net\/congo-kinshasa\/sites\/49\/2022\/11\/postQueueImg_21-6366af80bb1ce.jpg","type":"image\/jpeg"}],"author":"cfeditorfr","twitter_card":"summary_large_image","twitter_misc":{"\u00c9crit par":"cfeditorfr","Dur\u00e9e de lecture estim\u00e9e":"3 minutes"},"schema":{"@context":"https:\/\/schema.org","@graph":[{"@type":"Article","@id":"https:\/\/www.africa-press.net\/congo-kinshasa\/politique\/burundi-leac-se-concerte-face-a-lagression-de-la-rdc-par-le-m23-rwandais#article","isPartOf":{"@id":"https:\/\/www.africa-press.net\/congo-kinshasa\/politique\/burundi-leac-se-concerte-face-a-lagression-de-la-rdc-par-le-m23-rwandais"},"author":{"name":"cfeditorfr","@id":"https:\/\/www.africa-press.net\/congo-kinshasa\/#\/schema\/person\/2b1cf3cd81a31e3cd26889ca66d677f1"},"headline":"Burundi : L\u2019EAC se concerte face \u00e0 l\u2019agression de la RDC par le M23 Rwandais","datePublished":"2022-11-05T17:35:00+00:00","dateModified":"2022-11-05T18:47:14+00:00","mainEntityOfPage":{"@id":"https:\/\/www.africa-press.net\/congo-kinshasa\/politique\/burundi-leac-se-concerte-face-a-lagression-de-la-rdc-par-le-m23-rwandais"},"wordCount":661,"commentCount":0,"image":{"@id":"https:\/\/www.africa-press.net\/congo-kinshasa\/politique\/burundi-leac-se-concerte-face-a-lagression-de-la-rdc-par-le-m23-rwandais#primaryimage"},"thumbnailUrl":"https:\/\/static.africa-press.net\/congo-kinshasa\/sites\/49\/2022\/11\/postQueueImg_21-6366af80bb1ce.jpg","keywords":["Africa Press","Africa Press-Congo Kinshasa","Congo Kinshasa"],"articleSection":["Photo","Politique","Top Nouvelles","Toutes les actualit\u00e9s","vid\u00e9o"],"inLanguage":"fr-FR","potentialAction":[{"@type":"CommentAction","name":"Comment","target":["https:\/\/www.africa-press.net\/congo-kinshasa\/politique\/burundi-leac-se-concerte-face-a-lagression-de-la-rdc-par-le-m23-rwandais#respond"]}]},{"@type":"WebPage","@id":"https:\/\/www.africa-press.net\/congo-kinshasa\/politique\/burundi-leac-se-concerte-face-a-lagression-de-la-rdc-par-le-m23-rwandais","url":"https:\/\/www.africa-press.net\/congo-kinshasa\/politique\/burundi-leac-se-concerte-face-a-lagression-de-la-rdc-par-le-m23-rwandais","name":"Burundi : L\u2019EAC se concerte face \u00e0 l\u2019agression de la RDC par le M23 Rwandais - Congo-kinshasa","isPartOf":{"@id":"https:\/\/www.africa-press.net\/congo-kinshasa\/#website"},"primaryImageOfPage":{"@id":"https:\/\/www.africa-press.net\/congo-kinshasa\/politique\/burundi-leac-se-concerte-face-a-lagression-de-la-rdc-par-le-m23-rwandais#primaryimage"},"image":{"@id":"https:\/\/www.africa-press.net\/congo-kinshasa\/politique\/burundi-leac-se-concerte-face-a-lagression-de-la-rdc-par-le-m23-rwandais#primaryimage"},"thumbnailUrl":"https:\/\/static.africa-press.net\/congo-kinshasa\/sites\/49\/2022\/11\/postQueueImg_21-6366af80bb1ce.jpg","datePublished":"2022-11-05T17:35:00+00:00","dateModified":"2022-11-05T18:47:14+00:00","author":{"@id":"https:\/\/www.africa-press.net\/congo-kinshasa\/#\/schema\/person\/2b1cf3cd81a31e3cd26889ca66d677f1"},"description":"La prochaine session de dialogue entre les parties au conflit en RDC est fixe\u0301e au 15 novembre 2022. Ceci ressort d\u2019une ...","breadcrumb":{"@id":"https:\/\/www.africa-press.net\/congo-kinshasa\/politique\/burundi-leac-se-concerte-face-a-lagression-de-la-rdc-par-le-m23-rwandais#breadcrumb"},"inLanguage":"fr-FR","potentialAction":[{"@type":"ReadAction","target":["https:\/\/www.africa-press.net\/congo-kinshasa\/politique\/burundi-leac-se-concerte-face-a-lagression-de-la-rdc-par-le-m23-rwandais"]}]},{"@type":"ImageObject","inLanguage":"fr-FR","@id":"https:\/\/www.africa-press.net\/congo-kinshasa\/politique\/burundi-leac-se-concerte-face-a-lagression-de-la-rdc-par-le-m23-rwandais#primaryimage","url":"https:\/\/static.africa-press.net\/congo-kinshasa\/sites\/49\/2022\/11\/postQueueImg_21-6366af80bb1ce.jpg","contentUrl":"https:\/\/static.africa-press.net\/congo-kinshasa\/sites\/49\/2022\/11\/postQueueImg_21-6366af80bb1ce.jpg","width":1080,"height":770,"caption":"Burundi : L\u2019EAC se concerte face \u00e0 l\u2019agression de la RDC par le M23 Rwandais"},{"@type":"BreadcrumbList","@id":"https:\/\/www.africa-press.net\/congo-kinshasa\/politique\/burundi-leac-se-concerte-face-a-lagression-de-la-rdc-par-le-m23-rwandais#breadcrumb","itemListElement":[{"@type":"ListItem","position":1,"name":"Accueil","item":"https:\/\/www.africa-press.net\/congo-kinshasa\/"},{"@type":"ListItem","position":2,"name":"Burundi : L\u2019EAC se concerte face \u00e0 l\u2019agression de la RDC par le M23 Rwandais"}]},{"@type":"WebSite","@id":"https:\/\/www.africa-press.net\/congo-kinshasa\/#website","url":"https:\/\/www.africa-press.net\/congo-kinshasa\/","name":"Congo-kinshasa","description":"Just another Africa News Agency Sites site","potentialAction":[{"@type":"SearchAction","target":{"@type":"EntryPoint","urlTemplate":"https:\/\/www.africa-press.net\/congo-kinshasa\/?s={search_term_string}"},"query-input":{"@type":"PropertyValueSpecification","valueRequired":true,"valueName":"search_term_string"}}],"inLanguage":"fr-FR"},{"@type":"Person","@id":"https:\/\/www.africa-press.net\/congo-kinshasa\/#\/schema\/person\/2b1cf3cd81a31e3cd26889ca66d677f1","name":"cfeditorfr"}]}},"_links":{"self":[{"href":"https:\/\/www.africa-press.net\/congo-kinshasa\/wp-json\/wp\/v2\/posts\/48204","targetHints":{"allow":["GET"]}}],"collection":[{"href":"https:\/\/www.africa-press.net\/congo-kinshasa\/wp-json\/wp\/v2\/posts"}],"about":[{"href":"https:\/\/www.africa-press.net\/congo-kinshasa\/wp-json\/wp\/v2\/types\/post"}],"author":[{"embeddable":true,"href":"https:\/\/www.africa-press.net\/congo-kinshasa\/wp-json\/wp\/v2\/users\/82"}],"replies":[{"embeddable":true,"href":"https:\/\/www.africa-press.net\/congo-kinshasa\/wp-json\/wp\/v2\/comments?post=48204"}],"version-history":[{"count":0,"href":"https:\/\/www.africa-press.net\/congo-kinshasa\/wp-json\/wp\/v2\/posts\/48204\/revisions"}],"wp:featuredmedia":[{"embeddable":true,"href":"https:\/\/www.africa-press.net\/congo-kinshasa\/wp-json\/wp\/v2\/media\/48202"}],"wp:attachment":[{"href":"https:\/\/www.africa-press.net\/congo-kinshasa\/wp-json\/wp\/v2\/media?parent=48204"}],"wp:term":[{"taxonomy":"category","embeddable":true,"href":"https:\/\/www.africa-press.net\/congo-kinshasa\/wp-json\/wp\/v2\/categories?post=48204"},{"taxonomy":"post_tag","embeddable":true,"href":"https:\/\/www.africa-press.net\/congo-kinshasa\/wp-json\/wp\/v2\/tags?post=48204"}],"curies":[{"name":"wp","href":"https:\/\/api.w.org\/{rel}","templated":true}]}}