{"id":50526,"date":"2022-12-14T17:06:13","date_gmt":"2022-12-14T17:06:13","guid":{"rendered":"https:\/\/www.africa-press.net\/congo-kinshasa\/politique\/mercato-lattaquant-burkinabe-kouma-dramane-sengage-avec-v-club-pour-trois-saisons"},"modified":"2022-12-14T17:06:13","modified_gmt":"2022-12-14T17:06:13","slug":"mercato-lattaquant-burkinabe-kouma-dramane-sengage-avec-v-club-pour-trois-saisons","status":"publish","type":"post","link":"https:\/\/www.africa-press.net\/congo-kinshasa\/sports\/mercato-lattaquant-burkinabe-kouma-dramane-sengage-avec-v-club-pour-trois-saisons","title":{"rendered":"Mercato : l&rsquo;attaquant Burkinab\u00e9, Kouma Dramane s&rsquo;engage avec V.Club pour trois saisons"},"content":{"rendered":"<p><span style=\"color: #ff6600\"><strong>Africa-Press &#8211; Congo Kinshasa. <\/strong><\/span><b>L&rsquo;attaquant Burkinabe\u0301 Kouma Dramane Zeyatane s&rsquo;est engage\u0301 avec la formation de l&rsquo;Association sportive Vita Club de Kinshasa pour un bail de trois saisons.<\/b><\/p>\n<p>L&rsquo;officialisation de sa signature a eu ce mardi 13 de\u0301cembre 2022 au sie\u0300ge du club dans la commune de la Gombe en pre\u0301sence de Me Bestine Kazadi Ditabala, pre\u0301sidente du Club.<\/p>\n<p>L&rsquo;ancien joueur de l&rsquo;Etoile Filante du Burkina Faso surnomme\u0301 \u00ab\u00a0le bombardier\u00a0\u00bb pour sa force de frappe renforce la ligne d&rsquo;attaque des moscovites qui disputent la Ligue nationale de football, et qui pre\u0301pare la phase des groupes de la Ligue des Champions Africaines qui va de\u0301buter en fe\u0301vrier 2023.<\/p>\n<p><strong>Pour plus d&rsquo;informations et d&rsquo;analyses sur la <a href=\"https:\/\/www.africa-press.net\/congo-kinshasa\">Congo Kinshasa<\/a>, suivez <a href=\"https:\/\/www.africa-press.net\/\">Africa-Press<\/a><\/strong><\/p>\n","protected":false},"excerpt":{"rendered":"<p>Africa-Press &#8211; Congo Kinshasa. L&rsquo;attaquant Burkinabe\u0301 Kouma Dramane Zeyatane s&rsquo;est engage\u0301 avec la formation de l&rsquo;Association sportive Vita Club de Kinshasa pour un bail de trois saisons. L&rsquo;officialisation de sa signature a eu ce mardi 13 de\u0301cembre 2022 au sie\u0300ge du club dans la commune de la Gombe en pre\u0301sence de Me Bestine Kazadi Ditabala, [&hellip;]<\/p>\n","protected":false},"author":82,"featured_media":50525,"comment_status":"open","ping_status":"closed","sticky":false,"template":"","format":"standard","meta":{"footnotes":""},"categories":[6,10],"tags":[36,47,46],"class_list":["post-50526","post","type-post","status-publish","format-standard","has-post-thumbnail","hentry","category-sports","category-toutes-les-actualites","tag-africa-press","tag-africa-press-congo-kinshasa","tag-congo-kinshasa"],"yoast_head":"<!-- This site is optimized with the Yoast SEO Premium plugin v26.1 (Yoast SEO v27.0) - https:\/\/yoast.com\/product\/yoast-seo-premium-wordpress\/ -->\n<title>Mercato : l&#039;attaquant Burkinab\u00e9, Kouma Dramane s&#039;engage avec V.Club pour trois saisons - Congo-kinshasa<\/title>\n<meta name=\"robots\" content=\"index, follow, max-snippet:-1, max-image-preview:large, max-video-preview:-1\" \/>\n<link rel=\"canonical\" href=\"https:\/\/www.africa-press.net\/congo-kinshasa\/politique\/mercato-lattaquant-burkinabe-kouma-dramane-sengage-avec-v-club-pour-trois-saisons\" \/>\n<meta property=\"og:locale\" content=\"fr_FR\" \/>\n<meta property=\"og:type\" content=\"article\" \/>\n<meta property=\"og:title\" content=\"Mercato : l&#039;attaquant Burkinab\u00e9, Kouma Dramane s&#039;engage avec V.Club pour trois saisons\" \/>\n<meta property=\"og:description\" content=\"Africa-Press &#8211; Congo Kinshasa. L&rsquo;attaquant Burkinabe\u0301 Kouma Dramane Zeyatane s&rsquo;est engage\u0301 avec la formation de l&rsquo;Association sportive Vita Club de Kinshasa pour un bail de trois saisons. L&rsquo;officialisation de sa signature a eu ce mardi 13 de\u0301cembre 2022 au sie\u0300ge du club dans la commune de la Gombe en pre\u0301sence de Me Bestine Kazadi Ditabala, [&hellip;]\" \/>\n<meta property=\"og:url\" content=\"https:\/\/www.africa-press.net\/congo-kinshasa\/politique\/mercato-lattaquant-burkinabe-kouma-dramane-sengage-avec-v-club-pour-trois-saisons\" \/>\n<meta property=\"og:site_name\" content=\"Congo-kinshasa\" \/>\n<meta property=\"article:published_time\" content=\"2022-12-14T17:06:13+00:00\" \/>\n<meta name=\"author\" content=\"cfeditorfr\" \/>\n<meta name=\"twitter:card\" content=\"summary_large_image\" \/>\n<meta name=\"twitter:label1\" content=\"\u00c9crit par\" \/>\n\t<meta name=\"twitter:data1\" content=\"cfeditorfr\" \/>\n\t<meta name=\"twitter:label2\" content=\"Dur\u00e9e de lecture estim\u00e9e\" \/>\n\t<meta name=\"twitter:data2\" content=\"1 minute\" \/>\n<script type=\"application\/ld+json\" class=\"yoast-schema-graph\">{\"@context\":\"https:\/\/schema.org\",\"@graph\":[{\"@type\":\"Article\",\"@id\":\"https:\/\/www.africa-press.net\/congo-kinshasa\/politique\/mercato-lattaquant-burkinabe-kouma-dramane-sengage-avec-v-club-pour-trois-saisons#article\",\"isPartOf\":{\"@id\":\"https:\/\/www.africa-press.net\/congo-kinshasa\/politique\/mercato-lattaquant-burkinabe-kouma-dramane-sengage-avec-v-club-pour-trois-saisons\"},\"author\":{\"name\":\"cfeditorfr\",\"@id\":\"https:\/\/www.africa-press.net\/congo-kinshasa\/#\/schema\/person\/2b1cf3cd81a31e3cd26889ca66d677f1\"},\"headline\":\"Mercato : l&rsquo;attaquant Burkinab\u00e9, Kouma Dramane s&rsquo;engage avec V.Club pour trois saisons\",\"datePublished\":\"2022-12-14T17:06:13+00:00\",\"mainEntityOfPage\":{\"@id\":\"https:\/\/www.africa-press.net\/congo-kinshasa\/politique\/mercato-lattaquant-burkinabe-kouma-dramane-sengage-avec-v-club-pour-trois-saisons\"},\"wordCount\":144,\"commentCount\":0,\"image\":{\"@id\":\"https:\/\/www.africa-press.net\/congo-kinshasa\/politique\/mercato-lattaquant-burkinabe-kouma-dramane-sengage-avec-v-club-pour-trois-saisons#primaryimage\"},\"thumbnailUrl\":\"https:\/\/static.africa-press.net\/congo-kinshasa\/sites\/49\/2022\/12\/postQueueImg_1671024979.31.jpg\",\"keywords\":[\"Africa Press\",\"Africa Press-Congo Kinshasa\",\"Congo Kinshasa\"],\"articleSection\":[\"Sports\",\"Toutes les actualit\u00e9s\"],\"inLanguage\":\"fr-FR\",\"potentialAction\":[{\"@type\":\"CommentAction\",\"name\":\"Comment\",\"target\":[\"https:\/\/www.africa-press.net\/congo-kinshasa\/politique\/mercato-lattaquant-burkinabe-kouma-dramane-sengage-avec-v-club-pour-trois-saisons#respond\"]}]},{\"@type\":\"WebPage\",\"@id\":\"https:\/\/www.africa-press.net\/congo-kinshasa\/politique\/mercato-lattaquant-burkinabe-kouma-dramane-sengage-avec-v-club-pour-trois-saisons\",\"url\":\"https:\/\/www.africa-press.net\/congo-kinshasa\/politique\/mercato-lattaquant-burkinabe-kouma-dramane-sengage-avec-v-club-pour-trois-saisons\",\"name\":\"Mercato : l'attaquant Burkinab\u00e9, Kouma Dramane s'engage avec V.Club pour trois saisons - Congo-kinshasa\",\"isPartOf\":{\"@id\":\"https:\/\/www.africa-press.net\/congo-kinshasa\/#website\"},\"primaryImageOfPage\":{\"@id\":\"https:\/\/www.africa-press.net\/congo-kinshasa\/politique\/mercato-lattaquant-burkinabe-kouma-dramane-sengage-avec-v-club-pour-trois-saisons#primaryimage\"},\"image\":{\"@id\":\"https:\/\/www.africa-press.net\/congo-kinshasa\/politique\/mercato-lattaquant-burkinabe-kouma-dramane-sengage-avec-v-club-pour-trois-saisons#primaryimage\"},\"thumbnailUrl\":\"https:\/\/static.africa-press.net\/congo-kinshasa\/sites\/49\/2022\/12\/postQueueImg_1671024979.31.jpg\",\"datePublished\":\"2022-12-14T17:06:13+00:00\",\"author\":{\"@id\":\"https:\/\/www.africa-press.net\/congo-kinshasa\/#\/schema\/person\/2b1cf3cd81a31e3cd26889ca66d677f1\"},\"breadcrumb\":{\"@id\":\"https:\/\/www.africa-press.net\/congo-kinshasa\/politique\/mercato-lattaquant-burkinabe-kouma-dramane-sengage-avec-v-club-pour-trois-saisons#breadcrumb\"},\"inLanguage\":\"fr-FR\",\"potentialAction\":[{\"@type\":\"ReadAction\",\"target\":[\"https:\/\/www.africa-press.net\/congo-kinshasa\/politique\/mercato-lattaquant-burkinabe-kouma-dramane-sengage-avec-v-club-pour-trois-saisons\"]}]},{\"@type\":\"ImageObject\",\"inLanguage\":\"fr-FR\",\"@id\":\"https:\/\/www.africa-press.net\/congo-kinshasa\/politique\/mercato-lattaquant-burkinabe-kouma-dramane-sengage-avec-v-club-pour-trois-saisons#primaryimage\",\"url\":\"https:\/\/static.africa-press.net\/congo-kinshasa\/sites\/49\/2022\/12\/postQueueImg_1671024979.31.jpg\",\"contentUrl\":\"https:\/\/static.africa-press.net\/congo-kinshasa\/sites\/49\/2022\/12\/postQueueImg_1671024979.31.jpg\",\"width\":720,\"height\":480,\"caption\":\"Mercato : l'attaquant Burkinab\u00e9, Kouma Dramane s'engage avec V.Club pour trois saisons\"},{\"@type\":\"BreadcrumbList\",\"@id\":\"https:\/\/www.africa-press.net\/congo-kinshasa\/politique\/mercato-lattaquant-burkinabe-kouma-dramane-sengage-avec-v-club-pour-trois-saisons#breadcrumb\",\"itemListElement\":[{\"@type\":\"ListItem\",\"position\":1,\"name\":\"Accueil\",\"item\":\"https:\/\/www.africa-press.net\/congo-kinshasa\/\"},{\"@type\":\"ListItem\",\"position\":2,\"name\":\"Mercato : l&rsquo;attaquant Burkinab\u00e9, Kouma Dramane s&rsquo;engage avec V.Club pour trois saisons\"}]},{\"@type\":\"WebSite\",\"@id\":\"https:\/\/www.africa-press.net\/congo-kinshasa\/#website\",\"url\":\"https:\/\/www.africa-press.net\/congo-kinshasa\/\",\"name\":\"Congo-kinshasa\",\"description\":\"Just another Africa News Agency Sites site\",\"potentialAction\":[{\"@type\":\"SearchAction\",\"target\":{\"@type\":\"EntryPoint\",\"urlTemplate\":\"https:\/\/www.africa-press.net\/congo-kinshasa\/?s={search_term_string}\"},\"query-input\":{\"@type\":\"PropertyValueSpecification\",\"valueRequired\":true,\"valueName\":\"search_term_string\"}}],\"inLanguage\":\"fr-FR\"},{\"@type\":\"Person\",\"@id\":\"https:\/\/www.africa-press.net\/congo-kinshasa\/#\/schema\/person\/2b1cf3cd81a31e3cd26889ca66d677f1\",\"name\":\"cfeditorfr\"}]}<\/script>\n<!-- \/ Yoast SEO Premium plugin. -->","yoast_head_json":{"title":"Mercato : l'attaquant Burkinab\u00e9, Kouma Dramane s'engage avec V.Club pour trois saisons - Congo-kinshasa","robots":{"index":"index","follow":"follow","max-snippet":"max-snippet:-1","max-image-preview":"max-image-preview:large","max-video-preview":"max-video-preview:-1"},"canonical":"https:\/\/www.africa-press.net\/congo-kinshasa\/politique\/mercato-lattaquant-burkinabe-kouma-dramane-sengage-avec-v-club-pour-trois-saisons","og_locale":"fr_FR","og_type":"article","og_title":"Mercato : l'attaquant Burkinab\u00e9, Kouma Dramane s'engage avec V.Club pour trois saisons","og_description":"Africa-Press &#8211; Congo Kinshasa. L&rsquo;attaquant Burkinabe\u0301 Kouma Dramane Zeyatane s&rsquo;est engage\u0301 avec la formation de l&rsquo;Association sportive Vita Club de Kinshasa pour un bail de trois saisons. L&rsquo;officialisation de sa signature a eu ce mardi 13 de\u0301cembre 2022 au sie\u0300ge du club dans la commune de la Gombe en pre\u0301sence de Me Bestine Kazadi Ditabala, [&hellip;]","og_url":"https:\/\/www.africa-press.net\/congo-kinshasa\/politique\/mercato-lattaquant-burkinabe-kouma-dramane-sengage-avec-v-club-pour-trois-saisons","og_site_name":"Congo-kinshasa","article_published_time":"2022-12-14T17:06:13+00:00","author":"cfeditorfr","twitter_card":"summary_large_image","twitter_misc":{"\u00c9crit par":"cfeditorfr","Dur\u00e9e de lecture estim\u00e9e":"1 minute"},"schema":{"@context":"https:\/\/schema.org","@graph":[{"@type":"Article","@id":"https:\/\/www.africa-press.net\/congo-kinshasa\/politique\/mercato-lattaquant-burkinabe-kouma-dramane-sengage-avec-v-club-pour-trois-saisons#article","isPartOf":{"@id":"https:\/\/www.africa-press.net\/congo-kinshasa\/politique\/mercato-lattaquant-burkinabe-kouma-dramane-sengage-avec-v-club-pour-trois-saisons"},"author":{"name":"cfeditorfr","@id":"https:\/\/www.africa-press.net\/congo-kinshasa\/#\/schema\/person\/2b1cf3cd81a31e3cd26889ca66d677f1"},"headline":"Mercato : l&rsquo;attaquant Burkinab\u00e9, Kouma Dramane s&rsquo;engage avec V.Club pour trois saisons","datePublished":"2022-12-14T17:06:13+00:00","mainEntityOfPage":{"@id":"https:\/\/www.africa-press.net\/congo-kinshasa\/politique\/mercato-lattaquant-burkinabe-kouma-dramane-sengage-avec-v-club-pour-trois-saisons"},"wordCount":144,"commentCount":0,"image":{"@id":"https:\/\/www.africa-press.net\/congo-kinshasa\/politique\/mercato-lattaquant-burkinabe-kouma-dramane-sengage-avec-v-club-pour-trois-saisons#primaryimage"},"thumbnailUrl":"https:\/\/static.africa-press.net\/congo-kinshasa\/sites\/49\/2022\/12\/postQueueImg_1671024979.31.jpg","keywords":["Africa Press","Africa Press-Congo Kinshasa","Congo Kinshasa"],"articleSection":["Sports","Toutes les actualit\u00e9s"],"inLanguage":"fr-FR","potentialAction":[{"@type":"CommentAction","name":"Comment","target":["https:\/\/www.africa-press.net\/congo-kinshasa\/politique\/mercato-lattaquant-burkinabe-kouma-dramane-sengage-avec-v-club-pour-trois-saisons#respond"]}]},{"@type":"WebPage","@id":"https:\/\/www.africa-press.net\/congo-kinshasa\/politique\/mercato-lattaquant-burkinabe-kouma-dramane-sengage-avec-v-club-pour-trois-saisons","url":"https:\/\/www.africa-press.net\/congo-kinshasa\/politique\/mercato-lattaquant-burkinabe-kouma-dramane-sengage-avec-v-club-pour-trois-saisons","name":"Mercato : l'attaquant Burkinab\u00e9, Kouma Dramane s'engage avec V.Club pour trois saisons - Congo-kinshasa","isPartOf":{"@id":"https:\/\/www.africa-press.net\/congo-kinshasa\/#website"},"primaryImageOfPage":{"@id":"https:\/\/www.africa-press.net\/congo-kinshasa\/politique\/mercato-lattaquant-burkinabe-kouma-dramane-sengage-avec-v-club-pour-trois-saisons#primaryimage"},"image":{"@id":"https:\/\/www.africa-press.net\/congo-kinshasa\/politique\/mercato-lattaquant-burkinabe-kouma-dramane-sengage-avec-v-club-pour-trois-saisons#primaryimage"},"thumbnailUrl":"https:\/\/static.africa-press.net\/congo-kinshasa\/sites\/49\/2022\/12\/postQueueImg_1671024979.31.jpg","datePublished":"2022-12-14T17:06:13+00:00","author":{"@id":"https:\/\/www.africa-press.net\/congo-kinshasa\/#\/schema\/person\/2b1cf3cd81a31e3cd26889ca66d677f1"},"breadcrumb":{"@id":"https:\/\/www.africa-press.net\/congo-kinshasa\/politique\/mercato-lattaquant-burkinabe-kouma-dramane-sengage-avec-v-club-pour-trois-saisons#breadcrumb"},"inLanguage":"fr-FR","potentialAction":[{"@type":"ReadAction","target":["https:\/\/www.africa-press.net\/congo-kinshasa\/politique\/mercato-lattaquant-burkinabe-kouma-dramane-sengage-avec-v-club-pour-trois-saisons"]}]},{"@type":"ImageObject","inLanguage":"fr-FR","@id":"https:\/\/www.africa-press.net\/congo-kinshasa\/politique\/mercato-lattaquant-burkinabe-kouma-dramane-sengage-avec-v-club-pour-trois-saisons#primaryimage","url":"https:\/\/static.africa-press.net\/congo-kinshasa\/sites\/49\/2022\/12\/postQueueImg_1671024979.31.jpg","contentUrl":"https:\/\/static.africa-press.net\/congo-kinshasa\/sites\/49\/2022\/12\/postQueueImg_1671024979.31.jpg","width":720,"height":480,"caption":"Mercato : l'attaquant Burkinab\u00e9, Kouma Dramane s'engage avec V.Club pour trois saisons"},{"@type":"BreadcrumbList","@id":"https:\/\/www.africa-press.net\/congo-kinshasa\/politique\/mercato-lattaquant-burkinabe-kouma-dramane-sengage-avec-v-club-pour-trois-saisons#breadcrumb","itemListElement":[{"@type":"ListItem","position":1,"name":"Accueil","item":"https:\/\/www.africa-press.net\/congo-kinshasa\/"},{"@type":"ListItem","position":2,"name":"Mercato : l&rsquo;attaquant Burkinab\u00e9, Kouma Dramane s&rsquo;engage avec V.Club pour trois saisons"}]},{"@type":"WebSite","@id":"https:\/\/www.africa-press.net\/congo-kinshasa\/#website","url":"https:\/\/www.africa-press.net\/congo-kinshasa\/","name":"Congo-kinshasa","description":"Just another Africa News Agency Sites site","potentialAction":[{"@type":"SearchAction","target":{"@type":"EntryPoint","urlTemplate":"https:\/\/www.africa-press.net\/congo-kinshasa\/?s={search_term_string}"},"query-input":{"@type":"PropertyValueSpecification","valueRequired":true,"valueName":"search_term_string"}}],"inLanguage":"fr-FR"},{"@type":"Person","@id":"https:\/\/www.africa-press.net\/congo-kinshasa\/#\/schema\/person\/2b1cf3cd81a31e3cd26889ca66d677f1","name":"cfeditorfr"}]}},"_links":{"self":[{"href":"https:\/\/www.africa-press.net\/congo-kinshasa\/wp-json\/wp\/v2\/posts\/50526","targetHints":{"allow":["GET"]}}],"collection":[{"href":"https:\/\/www.africa-press.net\/congo-kinshasa\/wp-json\/wp\/v2\/posts"}],"about":[{"href":"https:\/\/www.africa-press.net\/congo-kinshasa\/wp-json\/wp\/v2\/types\/post"}],"author":[{"embeddable":true,"href":"https:\/\/www.africa-press.net\/congo-kinshasa\/wp-json\/wp\/v2\/users\/82"}],"replies":[{"embeddable":true,"href":"https:\/\/www.africa-press.net\/congo-kinshasa\/wp-json\/wp\/v2\/comments?post=50526"}],"version-history":[{"count":0,"href":"https:\/\/www.africa-press.net\/congo-kinshasa\/wp-json\/wp\/v2\/posts\/50526\/revisions"}],"wp:featuredmedia":[{"embeddable":true,"href":"https:\/\/www.africa-press.net\/congo-kinshasa\/wp-json\/wp\/v2\/media\/50525"}],"wp:attachment":[{"href":"https:\/\/www.africa-press.net\/congo-kinshasa\/wp-json\/wp\/v2\/media?parent=50526"}],"wp:term":[{"taxonomy":"category","embeddable":true,"href":"https:\/\/www.africa-press.net\/congo-kinshasa\/wp-json\/wp\/v2\/categories?post=50526"},{"taxonomy":"post_tag","embeddable":true,"href":"https:\/\/www.africa-press.net\/congo-kinshasa\/wp-json\/wp\/v2\/tags?post=50526"}],"curies":[{"name":"wp","href":"https:\/\/api.w.org\/{rel}","templated":true}]}}