{"id":52580,"date":"2023-01-19T12:08:24","date_gmt":"2023-01-19T12:08:24","guid":{"rendered":"https:\/\/www.africa-press.net\/congo-kinshasa\/politique\/violation-du-processus-de-luanda-la-rdc-prete-a-se-defendre-contre-ses-agresseurs"},"modified":"2023-01-19T12:08:24","modified_gmt":"2023-01-19T12:08:24","slug":"violation-du-processus-de-luanda-la-rdc-prete-a-se-defendre-contre-ses-agresseurs","status":"publish","type":"post","link":"https:\/\/www.africa-press.net\/congo-kinshasa\/politique\/violation-du-processus-de-luanda-la-rdc-prete-a-se-defendre-contre-ses-agresseurs","title":{"rendered":"Violation du processus de Luanda : la RDC pr\u00eate \u00e0 se d\u00e9fendre contre ses agresseurs"},"content":{"rendered":"<p><span style=\"color: #ff6600\"><strong>Africa-Press &#8211; Congo Kinshasa. <\/strong><\/span><b>La Re\u0301publique de\u0301mocratique du Congo est pre\u0302te a\u0300 se de\u0301fendre contre ses agresseurs, apre\u0300s avoir constate\u0301 la violation du processus du mini-sommet de Luanda par les terroristes du M23, selon un communique\u0301 signe\u0301, mercredi, par le vice-Premier ministre des Affaires e\u0301trange\u0300res, Christophe Lutundula, parvenu a\u0300 l\u2019ACP.<\/b><\/p>\n<p>\u00abLa RDC est pre\u0302te a\u0300 toute e\u0301ventualite\u0301 et se de\u0301fendra par tous les moyens, dans la ligne droite de la de\u0301claration du Chef de l\u2019Etat le 20 septembre 2022, a\u0300 la 77e\u0300me session ordinaire de l\u2019Assemble\u0301e ge\u0301ne\u0301rale de l\u2019ONU : \u00ab Nous, Peuple congolais, sommes de\u0301cide\u0301s, cette fois-ci, a\u0300 mettre fin a\u0300 l\u2019inse\u0301curite\u0301 a\u0300 l\u2019Est de notre pays, quoi qu\u2019il en cou\u0302te \u00bb \u00bb , rele\u0300ve ce communique\u0301 du Gouvernement en rapport avec la situation se\u0301curitaire au Nord-Kivu.<\/p>\n<p>\u00ab En effet, apre\u0300s avoir sabote\u0301 les re\u0301solutions de ce mini-sommet et tourne\u0301 en de\u0301rision les Chefs d\u2019Etat signataires du Communique\u0301 final sus e\u0301voque\u0301 par des man\u0153uvres dilatoires re\u0301pe\u0301te\u0301es et des simulacres de retrait du territoire Kibumba ainsi que du camp militaire de Rumangabo, dont ils contro\u0302lent toujours les localite\u0301s pe\u0301riphe\u0301riques et les voies d\u2019acce\u0300s, le M23 et les Forces de de\u0301fense du Rwanda (RDF) ont massacre\u0301 227 civils congolais innocents dans les localite\u0301s de Kishishe et Pambo, dans la nuit du 29 au 30 novembre 2022. Ils ont poursuivi leur offensive militaire vers le plateau de Masisi au lieu de se retirer vers la montagne de Sabinyo, co\u0302te\u0301 RDC&#8230; \u00bb, de\u0301nonce ce document.<\/p>\n<p>Pour le gouvernement congolais, \u00ab les terroristes du M23 et les autorite\u0301s rwandaises qui les soutiennent n\u2019ont pas, une fois de plus, respecte\u0301 leur engagement, au me\u0301pris total de la Communaute\u0301 d\u2019Afrique de l\u2019Est (CAE), de l\u2019Union Africaine (UA), du Conseil de se\u0301curite\u0301 de l\u2019ONU et des partenaires bilate\u0301raux \u00bb.<\/p>\n<p>\u00ab Le Gouvernement de la RDC a pris de\u0301sormais acte du refus re\u0301pe\u0301te\u0301 du M23 d\u2019exe\u0301cute\u0301 les prescrits du plan de paix e\u0301tabli par le mini-sommet de Luanda du 23 novembre 2022, dans le cadre du processus de Nairobi et de Luanda et en application des recommandations du Conseil de se\u0301curite\u0301 des Nations-Unies, et prend aussi acte du non-respect par le Rwanda des engagements pris dans le cadre des processus de Nairobi et de Luanda et du mini-sommet de Luanda du 23 novembre 2022 ainsi que de son refus de cesser de soutenir le groupe terroriste du M23 et d\u2019agresser la RDC \u00bb, poursuit le texte.<\/p>\n<p><b>Interpellation des partenaires<\/b><\/p>\n<p>Dans son communique\u0301, le gouvernement congolais a e\u0301galement interpelle\u0301 l\u2019ONU, l\u2019UA, la CAE, la CIRGL et les partenaires bilate\u0301raux et leur a demande\u0301 de prendre leurs responsabilite\u0301s notamment en sanctionnant, selon leurs me\u0301canismes et re\u0300gles propres, les autorite\u0301s rwandaises et les dirigeants du M23, qui ne cessent de les de\u0301fier.<\/p>\n<p>Selon la programmation e\u0301tablie par les Chefs d\u2019Etats-majors ge\u0301ne\u0301raux de l\u2019EAC et le Commandant de la Force re\u0301gionale de l\u2019EAC, en pre\u0301sence du Chef du Me\u0301canisme ad hoc de ve\u0301rification a\u0300 Dar-es-Salam le 15 de\u0301cembre dernier, les terroristes du M23 devraient quitter toutes les zones occupe\u0301es en territoire congolais, dimanche 15 janvier 2023.<\/p>\n<p>Ce, en application du communique\u0301 du mini-sommet de Luanda du 23 novembre 2022, pour permettre le re\u0301tablissement de l\u2019autorite\u0301 de l\u2019Etat dans ces zones et le retour des populations congolaises de\u0301place\u0301es a\u0300 leurs domiciles, rappelle le communique\u0301 du gouvernement congolais.<\/p>\n<p><b>De\u0301cisions majeures du mini-sommet de Luanda<\/b><\/p>\n<p>Le pre\u0301sident angolais, Joao Lourenc\u0327o e\u0301tait l\u2019ho\u0302te mercredi 23 novembre d\u2019un mini-sommet sur la paix et la se\u0301curite\u0301 dans l\u2019Est de la RDC qui re\u0301unissait ses homologues congolais, burundais, le ministre rwandais des Affaires e\u0301trange\u0300res et l\u2019ancien chef d\u2019Etat ke\u0301nyan, nomme\u0301 facilitateur pour la mise en place du processus de paix de Nai\u0308robi pour la Communaute\u0301 est-africaine.<\/p>\n<p>Un sommet avait pour objectif de\u0301clare\u0301 d\u2019e\u0301tablir un calendrier de mise en \u0153uvre des actions prioritaires, en vue de la cessation des hostilite\u0301s et du retrait imme\u0301diat du M23 des localite\u0301s congolaises occupe\u0301es.<\/p>\n<p>Les chefs d\u2019E\u0301tat ayant participe\u0301 a\u0300 ce mini-sommet ont pris une se\u0301rie de mesures inscrites dans un calendrier.<\/p>\n<p>On y retrouve notamment un appel a\u0300 la \u00ab cessation des hostilite\u0301s en ge\u0301ne\u0301ral, et en particulier des attaques du M23 contre les FARDC et la Monusco de\u0300s ce vendredi 25 novembre a\u0300 18 h (Jour J). Les chefs d\u2019e\u0301tat en appellent aussi au respect du processus de paix de Nairobi, de la feuille de route de Luanda et des conclusions de Bujumbura et soutiennent le de\u0301ploiement de la force re\u0301gionale de l\u2019EAC.<\/p>\n<p>Paralle\u0300lement, le M23 doit se retirer des zones occupe\u0301es et se replier sur ses positions initiales a\u0300 Sabinio (co\u0302te\u0301 RDC) sous le contro\u0302le des FARDC, des forces re\u0301gionales en collaboration avec la Monusco. Le texte pre\u0301voit aussi la mise en place d\u2019une zone tampon avec le soutien de la Monusco et des forces re\u0301gionales comme pre\u0301vu dans le cadre des ne\u0301gociations des chefs d\u2019Etat-major de l\u2019EAC du 8 novembre 2022.<\/p>\n<p>Le texte pre\u0301voit encore que \u00ab si le M23 refuse de se de\u0301sengager et de libe\u0301rer les territoires qu\u2019il occupe actuellement, les chefs d\u2019Etat de la CEA instruiront la force re\u0301gionale a\u0300 faire usage de la force pour les pousser a\u0300 se soumettre \u00bb.<\/p>\n<p>Le mini-sommet de Luanda e\u0301voque aussi \u00ab la fin des soutiens politico-militaires au M23 et a\u0300 tous les groupes arme\u0301s locaux ou e\u0301trangers qui ope\u0300rent dans l\u2019est de la RDC \u00bb.<\/p>\n<p><strong>Pour plus d&rsquo;informations et d&rsquo;analyses sur la <a href=\"https:\/\/www.africa-press.net\/congo-kinshasa\">Congo Kinshasa<\/a>, suivez <a href=\"https:\/\/www.africa-press.net\/\">Africa-Press<\/a><\/strong><\/p>\n","protected":false},"excerpt":{"rendered":"<p>Africa-Press &#8211; Congo Kinshasa. La Re\u0301publique de\u0301mocratique du Congo est pre\u0302te a\u0300 se de\u0301fendre contre ses agresseurs, apre\u0300s avoir constate\u0301 la violation du processus du mini-sommet de Luanda par les terroristes du M23, selon un communique\u0301 signe\u0301, mercredi, par le vice-Premier ministre des Affaires e\u0301trange\u0300res, Christophe Lutundula, parvenu a\u0300 l\u2019ACP. \u00abLa RDC est pre\u0302te a\u0300 [&hellip;]<\/p>\n","protected":false},"author":82,"featured_media":52579,"comment_status":"open","ping_status":"closed","sticky":false,"template":"","format":"standard","meta":{"footnotes":""},"categories":[2,10],"tags":[36,47,46],"class_list":["post-52580","post","type-post","status-publish","format-standard","has-post-thumbnail","hentry","category-politique","category-toutes-les-actualites","tag-africa-press","tag-africa-press-congo-kinshasa","tag-congo-kinshasa"],"yoast_head":"<!-- This site is optimized with the Yoast SEO Premium plugin v26.1 (Yoast SEO v27.0) - https:\/\/yoast.com\/product\/yoast-seo-premium-wordpress\/ -->\n<title>Violation du processus de Luanda : la RDC pr\u00eate \u00e0 se d\u00e9fendre contre ses agresseurs - Congo-kinshasa<\/title>\n<meta name=\"robots\" content=\"index, follow, max-snippet:-1, max-image-preview:large, max-video-preview:-1\" \/>\n<link rel=\"canonical\" href=\"https:\/\/www.africa-press.net\/congo-kinshasa\/politique\/violation-du-processus-de-luanda-la-rdc-prete-a-se-defendre-contre-ses-agresseurs\" \/>\n<meta property=\"og:locale\" content=\"fr_FR\" \/>\n<meta property=\"og:type\" content=\"article\" \/>\n<meta property=\"og:title\" content=\"Violation du processus de Luanda : la RDC pr\u00eate \u00e0 se d\u00e9fendre contre ses agresseurs\" \/>\n<meta property=\"og:description\" content=\"Africa-Press &#8211; Congo Kinshasa. La Re\u0301publique de\u0301mocratique du Congo est pre\u0302te a\u0300 se de\u0301fendre contre ses agresseurs, apre\u0300s avoir constate\u0301 la violation du processus du mini-sommet de Luanda par les terroristes du M23, selon un communique\u0301 signe\u0301, mercredi, par le vice-Premier ministre des Affaires e\u0301trange\u0300res, Christophe Lutundula, parvenu a\u0300 l\u2019ACP. \u00abLa RDC est pre\u0302te a\u0300 [&hellip;]\" \/>\n<meta property=\"og:url\" content=\"https:\/\/www.africa-press.net\/congo-kinshasa\/politique\/violation-du-processus-de-luanda-la-rdc-prete-a-se-defendre-contre-ses-agresseurs\" \/>\n<meta property=\"og:site_name\" content=\"Congo-kinshasa\" \/>\n<meta property=\"article:published_time\" content=\"2023-01-19T12:08:24+00:00\" \/>\n<meta name=\"author\" content=\"cfeditorfr\" \/>\n<meta name=\"twitter:card\" content=\"summary_large_image\" \/>\n<meta name=\"twitter:label1\" content=\"\u00c9crit par\" \/>\n\t<meta name=\"twitter:data1\" content=\"cfeditorfr\" \/>\n\t<meta name=\"twitter:label2\" content=\"Dur\u00e9e de lecture estim\u00e9e\" \/>\n\t<meta name=\"twitter:data2\" content=\"5 minutes\" \/>\n<script type=\"application\/ld+json\" class=\"yoast-schema-graph\">{\"@context\":\"https:\/\/schema.org\",\"@graph\":[{\"@type\":\"Article\",\"@id\":\"https:\/\/www.africa-press.net\/congo-kinshasa\/politique\/violation-du-processus-de-luanda-la-rdc-prete-a-se-defendre-contre-ses-agresseurs#article\",\"isPartOf\":{\"@id\":\"https:\/\/www.africa-press.net\/congo-kinshasa\/politique\/violation-du-processus-de-luanda-la-rdc-prete-a-se-defendre-contre-ses-agresseurs\"},\"author\":{\"name\":\"cfeditorfr\",\"@id\":\"https:\/\/www.africa-press.net\/congo-kinshasa\/#\/schema\/person\/2b1cf3cd81a31e3cd26889ca66d677f1\"},\"headline\":\"Violation du processus de Luanda : la RDC pr\u00eate \u00e0 se d\u00e9fendre contre ses agresseurs\",\"datePublished\":\"2023-01-19T12:08:24+00:00\",\"mainEntityOfPage\":{\"@id\":\"https:\/\/www.africa-press.net\/congo-kinshasa\/politique\/violation-du-processus-de-luanda-la-rdc-prete-a-se-defendre-contre-ses-agresseurs\"},\"wordCount\":1016,\"commentCount\":0,\"image\":{\"@id\":\"https:\/\/www.africa-press.net\/congo-kinshasa\/politique\/violation-du-processus-de-luanda-la-rdc-prete-a-se-defendre-contre-ses-agresseurs#primaryimage\"},\"thumbnailUrl\":\"https:\/\/static.africa-press.net\/congo-kinshasa\/sites\/49\/2023\/01\/postQueueImg_1674117508.26.jpg\",\"keywords\":[\"Africa Press\",\"Africa Press-Congo Kinshasa\",\"Congo Kinshasa\"],\"articleSection\":[\"Politique\",\"Toutes les actualit\u00e9s\"],\"inLanguage\":\"fr-FR\",\"potentialAction\":[{\"@type\":\"CommentAction\",\"name\":\"Comment\",\"target\":[\"https:\/\/www.africa-press.net\/congo-kinshasa\/politique\/violation-du-processus-de-luanda-la-rdc-prete-a-se-defendre-contre-ses-agresseurs#respond\"]}]},{\"@type\":\"WebPage\",\"@id\":\"https:\/\/www.africa-press.net\/congo-kinshasa\/politique\/violation-du-processus-de-luanda-la-rdc-prete-a-se-defendre-contre-ses-agresseurs\",\"url\":\"https:\/\/www.africa-press.net\/congo-kinshasa\/politique\/violation-du-processus-de-luanda-la-rdc-prete-a-se-defendre-contre-ses-agresseurs\",\"name\":\"Violation du processus de Luanda : la RDC pr\u00eate \u00e0 se d\u00e9fendre contre ses agresseurs - Congo-kinshasa\",\"isPartOf\":{\"@id\":\"https:\/\/www.africa-press.net\/congo-kinshasa\/#website\"},\"primaryImageOfPage\":{\"@id\":\"https:\/\/www.africa-press.net\/congo-kinshasa\/politique\/violation-du-processus-de-luanda-la-rdc-prete-a-se-defendre-contre-ses-agresseurs#primaryimage\"},\"image\":{\"@id\":\"https:\/\/www.africa-press.net\/congo-kinshasa\/politique\/violation-du-processus-de-luanda-la-rdc-prete-a-se-defendre-contre-ses-agresseurs#primaryimage\"},\"thumbnailUrl\":\"https:\/\/static.africa-press.net\/congo-kinshasa\/sites\/49\/2023\/01\/postQueueImg_1674117508.26.jpg\",\"datePublished\":\"2023-01-19T12:08:24+00:00\",\"author\":{\"@id\":\"https:\/\/www.africa-press.net\/congo-kinshasa\/#\/schema\/person\/2b1cf3cd81a31e3cd26889ca66d677f1\"},\"breadcrumb\":{\"@id\":\"https:\/\/www.africa-press.net\/congo-kinshasa\/politique\/violation-du-processus-de-luanda-la-rdc-prete-a-se-defendre-contre-ses-agresseurs#breadcrumb\"},\"inLanguage\":\"fr-FR\",\"potentialAction\":[{\"@type\":\"ReadAction\",\"target\":[\"https:\/\/www.africa-press.net\/congo-kinshasa\/politique\/violation-du-processus-de-luanda-la-rdc-prete-a-se-defendre-contre-ses-agresseurs\"]}]},{\"@type\":\"ImageObject\",\"inLanguage\":\"fr-FR\",\"@id\":\"https:\/\/www.africa-press.net\/congo-kinshasa\/politique\/violation-du-processus-de-luanda-la-rdc-prete-a-se-defendre-contre-ses-agresseurs#primaryimage\",\"url\":\"https:\/\/static.africa-press.net\/congo-kinshasa\/sites\/49\/2023\/01\/postQueueImg_1674117508.26.jpg\",\"contentUrl\":\"https:\/\/static.africa-press.net\/congo-kinshasa\/sites\/49\/2023\/01\/postQueueImg_1674117508.26.jpg\",\"width\":720,\"height\":489,\"caption\":\"Violation du processus de Luanda : la RDC pr\u00eate \u00e0 se d\u00e9fendre contre ses agresseurs\"},{\"@type\":\"BreadcrumbList\",\"@id\":\"https:\/\/www.africa-press.net\/congo-kinshasa\/politique\/violation-du-processus-de-luanda-la-rdc-prete-a-se-defendre-contre-ses-agresseurs#breadcrumb\",\"itemListElement\":[{\"@type\":\"ListItem\",\"position\":1,\"name\":\"Accueil\",\"item\":\"https:\/\/www.africa-press.net\/congo-kinshasa\/\"},{\"@type\":\"ListItem\",\"position\":2,\"name\":\"Violation du processus de Luanda : la RDC pr\u00eate \u00e0 se d\u00e9fendre contre ses agresseurs\"}]},{\"@type\":\"WebSite\",\"@id\":\"https:\/\/www.africa-press.net\/congo-kinshasa\/#website\",\"url\":\"https:\/\/www.africa-press.net\/congo-kinshasa\/\",\"name\":\"Congo-kinshasa\",\"description\":\"Just another Africa News Agency Sites site\",\"potentialAction\":[{\"@type\":\"SearchAction\",\"target\":{\"@type\":\"EntryPoint\",\"urlTemplate\":\"https:\/\/www.africa-press.net\/congo-kinshasa\/?s={search_term_string}\"},\"query-input\":{\"@type\":\"PropertyValueSpecification\",\"valueRequired\":true,\"valueName\":\"search_term_string\"}}],\"inLanguage\":\"fr-FR\"},{\"@type\":\"Person\",\"@id\":\"https:\/\/www.africa-press.net\/congo-kinshasa\/#\/schema\/person\/2b1cf3cd81a31e3cd26889ca66d677f1\",\"name\":\"cfeditorfr\"}]}<\/script>\n<!-- \/ Yoast SEO Premium plugin. -->","yoast_head_json":{"title":"Violation du processus de Luanda : la RDC pr\u00eate \u00e0 se d\u00e9fendre contre ses agresseurs - Congo-kinshasa","robots":{"index":"index","follow":"follow","max-snippet":"max-snippet:-1","max-image-preview":"max-image-preview:large","max-video-preview":"max-video-preview:-1"},"canonical":"https:\/\/www.africa-press.net\/congo-kinshasa\/politique\/violation-du-processus-de-luanda-la-rdc-prete-a-se-defendre-contre-ses-agresseurs","og_locale":"fr_FR","og_type":"article","og_title":"Violation du processus de Luanda : la RDC pr\u00eate \u00e0 se d\u00e9fendre contre ses agresseurs","og_description":"Africa-Press &#8211; Congo Kinshasa. La Re\u0301publique de\u0301mocratique du Congo est pre\u0302te a\u0300 se de\u0301fendre contre ses agresseurs, apre\u0300s avoir constate\u0301 la violation du processus du mini-sommet de Luanda par les terroristes du M23, selon un communique\u0301 signe\u0301, mercredi, par le vice-Premier ministre des Affaires e\u0301trange\u0300res, Christophe Lutundula, parvenu a\u0300 l\u2019ACP. \u00abLa RDC est pre\u0302te a\u0300 [&hellip;]","og_url":"https:\/\/www.africa-press.net\/congo-kinshasa\/politique\/violation-du-processus-de-luanda-la-rdc-prete-a-se-defendre-contre-ses-agresseurs","og_site_name":"Congo-kinshasa","article_published_time":"2023-01-19T12:08:24+00:00","author":"cfeditorfr","twitter_card":"summary_large_image","twitter_misc":{"\u00c9crit par":"cfeditorfr","Dur\u00e9e de lecture estim\u00e9e":"5 minutes"},"schema":{"@context":"https:\/\/schema.org","@graph":[{"@type":"Article","@id":"https:\/\/www.africa-press.net\/congo-kinshasa\/politique\/violation-du-processus-de-luanda-la-rdc-prete-a-se-defendre-contre-ses-agresseurs#article","isPartOf":{"@id":"https:\/\/www.africa-press.net\/congo-kinshasa\/politique\/violation-du-processus-de-luanda-la-rdc-prete-a-se-defendre-contre-ses-agresseurs"},"author":{"name":"cfeditorfr","@id":"https:\/\/www.africa-press.net\/congo-kinshasa\/#\/schema\/person\/2b1cf3cd81a31e3cd26889ca66d677f1"},"headline":"Violation du processus de Luanda : la RDC pr\u00eate \u00e0 se d\u00e9fendre contre ses agresseurs","datePublished":"2023-01-19T12:08:24+00:00","mainEntityOfPage":{"@id":"https:\/\/www.africa-press.net\/congo-kinshasa\/politique\/violation-du-processus-de-luanda-la-rdc-prete-a-se-defendre-contre-ses-agresseurs"},"wordCount":1016,"commentCount":0,"image":{"@id":"https:\/\/www.africa-press.net\/congo-kinshasa\/politique\/violation-du-processus-de-luanda-la-rdc-prete-a-se-defendre-contre-ses-agresseurs#primaryimage"},"thumbnailUrl":"https:\/\/static.africa-press.net\/congo-kinshasa\/sites\/49\/2023\/01\/postQueueImg_1674117508.26.jpg","keywords":["Africa Press","Africa Press-Congo Kinshasa","Congo Kinshasa"],"articleSection":["Politique","Toutes les actualit\u00e9s"],"inLanguage":"fr-FR","potentialAction":[{"@type":"CommentAction","name":"Comment","target":["https:\/\/www.africa-press.net\/congo-kinshasa\/politique\/violation-du-processus-de-luanda-la-rdc-prete-a-se-defendre-contre-ses-agresseurs#respond"]}]},{"@type":"WebPage","@id":"https:\/\/www.africa-press.net\/congo-kinshasa\/politique\/violation-du-processus-de-luanda-la-rdc-prete-a-se-defendre-contre-ses-agresseurs","url":"https:\/\/www.africa-press.net\/congo-kinshasa\/politique\/violation-du-processus-de-luanda-la-rdc-prete-a-se-defendre-contre-ses-agresseurs","name":"Violation du processus de Luanda : la RDC pr\u00eate \u00e0 se d\u00e9fendre contre ses agresseurs - Congo-kinshasa","isPartOf":{"@id":"https:\/\/www.africa-press.net\/congo-kinshasa\/#website"},"primaryImageOfPage":{"@id":"https:\/\/www.africa-press.net\/congo-kinshasa\/politique\/violation-du-processus-de-luanda-la-rdc-prete-a-se-defendre-contre-ses-agresseurs#primaryimage"},"image":{"@id":"https:\/\/www.africa-press.net\/congo-kinshasa\/politique\/violation-du-processus-de-luanda-la-rdc-prete-a-se-defendre-contre-ses-agresseurs#primaryimage"},"thumbnailUrl":"https:\/\/static.africa-press.net\/congo-kinshasa\/sites\/49\/2023\/01\/postQueueImg_1674117508.26.jpg","datePublished":"2023-01-19T12:08:24+00:00","author":{"@id":"https:\/\/www.africa-press.net\/congo-kinshasa\/#\/schema\/person\/2b1cf3cd81a31e3cd26889ca66d677f1"},"breadcrumb":{"@id":"https:\/\/www.africa-press.net\/congo-kinshasa\/politique\/violation-du-processus-de-luanda-la-rdc-prete-a-se-defendre-contre-ses-agresseurs#breadcrumb"},"inLanguage":"fr-FR","potentialAction":[{"@type":"ReadAction","target":["https:\/\/www.africa-press.net\/congo-kinshasa\/politique\/violation-du-processus-de-luanda-la-rdc-prete-a-se-defendre-contre-ses-agresseurs"]}]},{"@type":"ImageObject","inLanguage":"fr-FR","@id":"https:\/\/www.africa-press.net\/congo-kinshasa\/politique\/violation-du-processus-de-luanda-la-rdc-prete-a-se-defendre-contre-ses-agresseurs#primaryimage","url":"https:\/\/static.africa-press.net\/congo-kinshasa\/sites\/49\/2023\/01\/postQueueImg_1674117508.26.jpg","contentUrl":"https:\/\/static.africa-press.net\/congo-kinshasa\/sites\/49\/2023\/01\/postQueueImg_1674117508.26.jpg","width":720,"height":489,"caption":"Violation du processus de Luanda : la RDC pr\u00eate \u00e0 se d\u00e9fendre contre ses agresseurs"},{"@type":"BreadcrumbList","@id":"https:\/\/www.africa-press.net\/congo-kinshasa\/politique\/violation-du-processus-de-luanda-la-rdc-prete-a-se-defendre-contre-ses-agresseurs#breadcrumb","itemListElement":[{"@type":"ListItem","position":1,"name":"Accueil","item":"https:\/\/www.africa-press.net\/congo-kinshasa\/"},{"@type":"ListItem","position":2,"name":"Violation du processus de Luanda : la RDC pr\u00eate \u00e0 se d\u00e9fendre contre ses agresseurs"}]},{"@type":"WebSite","@id":"https:\/\/www.africa-press.net\/congo-kinshasa\/#website","url":"https:\/\/www.africa-press.net\/congo-kinshasa\/","name":"Congo-kinshasa","description":"Just another Africa News Agency Sites site","potentialAction":[{"@type":"SearchAction","target":{"@type":"EntryPoint","urlTemplate":"https:\/\/www.africa-press.net\/congo-kinshasa\/?s={search_term_string}"},"query-input":{"@type":"PropertyValueSpecification","valueRequired":true,"valueName":"search_term_string"}}],"inLanguage":"fr-FR"},{"@type":"Person","@id":"https:\/\/www.africa-press.net\/congo-kinshasa\/#\/schema\/person\/2b1cf3cd81a31e3cd26889ca66d677f1","name":"cfeditorfr"}]}},"_links":{"self":[{"href":"https:\/\/www.africa-press.net\/congo-kinshasa\/wp-json\/wp\/v2\/posts\/52580","targetHints":{"allow":["GET"]}}],"collection":[{"href":"https:\/\/www.africa-press.net\/congo-kinshasa\/wp-json\/wp\/v2\/posts"}],"about":[{"href":"https:\/\/www.africa-press.net\/congo-kinshasa\/wp-json\/wp\/v2\/types\/post"}],"author":[{"embeddable":true,"href":"https:\/\/www.africa-press.net\/congo-kinshasa\/wp-json\/wp\/v2\/users\/82"}],"replies":[{"embeddable":true,"href":"https:\/\/www.africa-press.net\/congo-kinshasa\/wp-json\/wp\/v2\/comments?post=52580"}],"version-history":[{"count":0,"href":"https:\/\/www.africa-press.net\/congo-kinshasa\/wp-json\/wp\/v2\/posts\/52580\/revisions"}],"wp:featuredmedia":[{"embeddable":true,"href":"https:\/\/www.africa-press.net\/congo-kinshasa\/wp-json\/wp\/v2\/media\/52579"}],"wp:attachment":[{"href":"https:\/\/www.africa-press.net\/congo-kinshasa\/wp-json\/wp\/v2\/media?parent=52580"}],"wp:term":[{"taxonomy":"category","embeddable":true,"href":"https:\/\/www.africa-press.net\/congo-kinshasa\/wp-json\/wp\/v2\/categories?post=52580"},{"taxonomy":"post_tag","embeddable":true,"href":"https:\/\/www.africa-press.net\/congo-kinshasa\/wp-json\/wp\/v2\/tags?post=52580"}],"curies":[{"name":"wp","href":"https:\/\/api.w.org\/{rel}","templated":true}]}}