{"id":52706,"date":"2023-01-20T20:13:53","date_gmt":"2023-01-20T20:13:53","guid":{"rendered":"https:\/\/www.africa-press.net\/congo-kinshasa\/politique\/kasai-central-un-conflit-de-terre-fait-2-morts-et-plusieurs-blesses-a-dimbelenge"},"modified":"2023-01-20T21:04:21","modified_gmt":"2023-01-20T21:04:21","slug":"kasai-central-un-conflit-de-terre-fait-2-morts-et-plusieurs-blesses-a-dimbelenge","status":"publish","type":"post","link":"https:\/\/www.africa-press.net\/congo-kinshasa\/toutes-les-actualites\/kasai-central-un-conflit-de-terre-fait-2-morts-et-plusieurs-blesses-a-dimbelenge","title":{"rendered":"Kasa\u00ef-Central : un conflit de terre fait 2 morts et plusieurs bless\u00e9s \u00e0 Dimbelenge"},"content":{"rendered":"<p><span style=\"color: #ff6600\"><strong>Africa-Press &#8211; Congo Kinshasa. <\/strong><\/span><b>Deux morts, de nombreux blesse\u0301s et quelques me\u0301nages sans abris, c\u2019est le bilan provisoire livre\u0301 jeudi 19 janvier a\u0300 la presse par le ministre provincial de l&rsquo;Inte\u0301rieur apre\u0300s les violents affrontements de terre enregistre\u0301s la veille entre les habitants des groupements Bakwa Ndaye et Bakwa Kanyinga dans ce territoire de Dimbelenge (Kasai\u0308-Central).<\/b><\/p>\n<p>Le ministre provincial de l\u2019Inte\u0301rieur, Antoine Kalulambi qui parle d&rsquo;une me\u0301sentente entre ces deux camps promet la descente du gouvernement provincial sur le lieu de la tension. Ne\u0301anmoins, ses conseillers en se\u0301curite\u0301 et un dispositif se\u0301curitaire sont sur place et leur dernier rapport affirme qu\u2019un calme est observe\u0301 pour l\u2019instant.<\/p>\n<p>La socie\u0301te\u0301 civile locale qui appelle le gouvernement provincial a\u0300 trouver une solution rapide pendant cette anne\u0301e e\u0301lectorale, dit craindre de perturbation de l\u2019enro\u0302lement des e\u0301lecteurs dans cette partie d du Kasai\u0308-Central.<\/p>\n<p>La socie\u0301te\u0301 civile locale rappelle que le confit de terre entre ces deux groupements remonte a\u0300 2015.<\/p>\n<p><strong>Pour plus d&rsquo;informations et d&rsquo;analyses sur la <a href=\"https:\/\/www.africa-press.net\/congo-kinshasa\">Congo Kinshasa<\/a>, suivez <a href=\"https:\/\/www.africa-press.net\/\">Africa-Press<\/a><\/strong><\/p>\n","protected":false},"excerpt":{"rendered":"<p>Africa-Press &#8211; Congo Kinshasa. Deux morts, de nombreux blesse\u0301s et quelques me\u0301nages sans abris, c\u2019est le bilan provisoire livre\u0301 jeudi 19 janvier a\u0300 la presse par le ministre provincial de l&rsquo;Inte\u0301rieur apre\u0300s les violents affrontements de terre enregistre\u0301s la veille entre les habitants des groupements Bakwa Ndaye et Bakwa Kanyinga dans ce territoire de Dimbelenge [&hellip;]<\/p>\n","protected":false},"author":82,"featured_media":52705,"comment_status":"open","ping_status":"closed","sticky":false,"template":"","format":"standard","meta":{"footnotes":""},"categories":[21,10],"tags":[36,47,46],"class_list":["post-52706","post","type-post","status-publish","format-standard","has-post-thumbnail","hentry","category-communaute","category-toutes-les-actualites","tag-africa-press","tag-africa-press-congo-kinshasa","tag-congo-kinshasa"],"yoast_head":"<!-- This site is optimized with the Yoast SEO Premium plugin v26.1 (Yoast SEO v27.0) - https:\/\/yoast.com\/product\/yoast-seo-premium-wordpress\/ -->\n<title>Kasa\u00ef-Central : un conflit de terre fait 2 morts et plusieurs bless\u00e9s \u00e0 Dimbelenge - Congo-kinshasa<\/title>\n<meta name=\"description\" content=\"Deux morts, de nombreux blesse\u0301s et quelques me\u0301nages sans abris, c\u2019est le bilan provisoire livre\u0301 jeudi 19 janvier a ...\" \/>\n<meta name=\"robots\" content=\"index, follow, max-snippet:-1, max-image-preview:large, max-video-preview:-1\" \/>\n<link rel=\"canonical\" href=\"https:\/\/www.africa-press.net\/congo-kinshasa\/toutes-les-actualites\/kasai-central-un-conflit-de-terre-fait-2-morts-et-plusieurs-blesses-a-dimbelenge\" \/>\n<meta property=\"og:locale\" content=\"fr_FR\" \/>\n<meta property=\"og:type\" content=\"article\" \/>\n<meta property=\"og:title\" content=\"Kasa\u00ef-Central : un conflit de terre fait 2 morts et plusieurs bless\u00e9s \u00e0 Dimbelenge\" \/>\n<meta property=\"og:description\" content=\"Deux morts, de nombreux blesse\u0301s et quelques me\u0301nages sans abris, c\u2019est le bilan provisoire livre\u0301 jeudi 19 janvier a ...\" \/>\n<meta property=\"og:url\" content=\"https:\/\/www.africa-press.net\/congo-kinshasa\/toutes-les-actualites\/kasai-central-un-conflit-de-terre-fait-2-morts-et-plusieurs-blesses-a-dimbelenge\" \/>\n<meta property=\"og:site_name\" content=\"Congo-kinshasa\" \/>\n<meta property=\"article:published_time\" content=\"2023-01-20T20:13:53+00:00\" \/>\n<meta property=\"article:modified_time\" content=\"2023-01-20T21:04:21+00:00\" \/>\n<meta property=\"og:image\" content=\"https:\/\/static.africa-press.net\/congo-kinshasa\/sites\/49\/2023\/01\/postQueueImg_1674233035.15.jpg\" \/>\n\t<meta property=\"og:image:width\" content=\"720\" \/>\n\t<meta property=\"og:image:height\" content=\"393\" \/>\n\t<meta property=\"og:image:type\" content=\"image\/jpeg\" \/>\n<meta name=\"author\" content=\"cfeditorfr\" \/>\n<meta name=\"twitter:card\" content=\"summary_large_image\" \/>\n<meta name=\"twitter:label1\" content=\"\u00c9crit par\" \/>\n\t<meta name=\"twitter:data1\" content=\"cfeditorfr\" \/>\n\t<meta name=\"twitter:label2\" content=\"Dur\u00e9e de lecture estim\u00e9e\" \/>\n\t<meta name=\"twitter:data2\" content=\"1 minute\" \/>\n<script type=\"application\/ld+json\" class=\"yoast-schema-graph\">{\"@context\":\"https:\/\/schema.org\",\"@graph\":[{\"@type\":\"Article\",\"@id\":\"https:\/\/www.africa-press.net\/congo-kinshasa\/toutes-les-actualites\/kasai-central-un-conflit-de-terre-fait-2-morts-et-plusieurs-blesses-a-dimbelenge#article\",\"isPartOf\":{\"@id\":\"https:\/\/www.africa-press.net\/congo-kinshasa\/toutes-les-actualites\/kasai-central-un-conflit-de-terre-fait-2-morts-et-plusieurs-blesses-a-dimbelenge\"},\"author\":{\"name\":\"cfeditorfr\",\"@id\":\"https:\/\/www.africa-press.net\/congo-kinshasa\/#\/schema\/person\/2b1cf3cd81a31e3cd26889ca66d677f1\"},\"headline\":\"Kasa\u00ef-Central : un conflit de terre fait 2 morts et plusieurs bless\u00e9s \u00e0 Dimbelenge\",\"datePublished\":\"2023-01-20T20:13:53+00:00\",\"dateModified\":\"2023-01-20T21:04:21+00:00\",\"mainEntityOfPage\":{\"@id\":\"https:\/\/www.africa-press.net\/congo-kinshasa\/toutes-les-actualites\/kasai-central-un-conflit-de-terre-fait-2-morts-et-plusieurs-blesses-a-dimbelenge\"},\"wordCount\":204,\"commentCount\":0,\"image\":{\"@id\":\"https:\/\/www.africa-press.net\/congo-kinshasa\/toutes-les-actualites\/kasai-central-un-conflit-de-terre-fait-2-morts-et-plusieurs-blesses-a-dimbelenge#primaryimage\"},\"thumbnailUrl\":\"https:\/\/static.africa-press.net\/congo-kinshasa\/sites\/49\/2023\/01\/postQueueImg_1674233035.15.jpg\",\"keywords\":[\"Africa Press\",\"Africa Press-Congo Kinshasa\",\"Congo Kinshasa\"],\"articleSection\":[\"Communaut\u00e9\",\"Toutes les actualit\u00e9s\"],\"inLanguage\":\"fr-FR\",\"potentialAction\":[{\"@type\":\"CommentAction\",\"name\":\"Comment\",\"target\":[\"https:\/\/www.africa-press.net\/congo-kinshasa\/toutes-les-actualites\/kasai-central-un-conflit-de-terre-fait-2-morts-et-plusieurs-blesses-a-dimbelenge#respond\"]}]},{\"@type\":\"WebPage\",\"@id\":\"https:\/\/www.africa-press.net\/congo-kinshasa\/toutes-les-actualites\/kasai-central-un-conflit-de-terre-fait-2-morts-et-plusieurs-blesses-a-dimbelenge\",\"url\":\"https:\/\/www.africa-press.net\/congo-kinshasa\/toutes-les-actualites\/kasai-central-un-conflit-de-terre-fait-2-morts-et-plusieurs-blesses-a-dimbelenge\",\"name\":\"Kasa\u00ef-Central : un conflit de terre fait 2 morts et plusieurs bless\u00e9s \u00e0 Dimbelenge - Congo-kinshasa\",\"isPartOf\":{\"@id\":\"https:\/\/www.africa-press.net\/congo-kinshasa\/#website\"},\"primaryImageOfPage\":{\"@id\":\"https:\/\/www.africa-press.net\/congo-kinshasa\/toutes-les-actualites\/kasai-central-un-conflit-de-terre-fait-2-morts-et-plusieurs-blesses-a-dimbelenge#primaryimage\"},\"image\":{\"@id\":\"https:\/\/www.africa-press.net\/congo-kinshasa\/toutes-les-actualites\/kasai-central-un-conflit-de-terre-fait-2-morts-et-plusieurs-blesses-a-dimbelenge#primaryimage\"},\"thumbnailUrl\":\"https:\/\/static.africa-press.net\/congo-kinshasa\/sites\/49\/2023\/01\/postQueueImg_1674233035.15.jpg\",\"datePublished\":\"2023-01-20T20:13:53+00:00\",\"dateModified\":\"2023-01-20T21:04:21+00:00\",\"author\":{\"@id\":\"https:\/\/www.africa-press.net\/congo-kinshasa\/#\/schema\/person\/2b1cf3cd81a31e3cd26889ca66d677f1\"},\"description\":\"Deux morts, de nombreux blesse\u0301s et quelques me\u0301nages sans abris, c\u2019est le bilan provisoire livre\u0301 jeudi 19 janvier a ...\",\"breadcrumb\":{\"@id\":\"https:\/\/www.africa-press.net\/congo-kinshasa\/toutes-les-actualites\/kasai-central-un-conflit-de-terre-fait-2-morts-et-plusieurs-blesses-a-dimbelenge#breadcrumb\"},\"inLanguage\":\"fr-FR\",\"potentialAction\":[{\"@type\":\"ReadAction\",\"target\":[\"https:\/\/www.africa-press.net\/congo-kinshasa\/toutes-les-actualites\/kasai-central-un-conflit-de-terre-fait-2-morts-et-plusieurs-blesses-a-dimbelenge\"]}]},{\"@type\":\"ImageObject\",\"inLanguage\":\"fr-FR\",\"@id\":\"https:\/\/www.africa-press.net\/congo-kinshasa\/toutes-les-actualites\/kasai-central-un-conflit-de-terre-fait-2-morts-et-plusieurs-blesses-a-dimbelenge#primaryimage\",\"url\":\"https:\/\/static.africa-press.net\/congo-kinshasa\/sites\/49\/2023\/01\/postQueueImg_1674233035.15.jpg\",\"contentUrl\":\"https:\/\/static.africa-press.net\/congo-kinshasa\/sites\/49\/2023\/01\/postQueueImg_1674233035.15.jpg\",\"width\":720,\"height\":393,\"caption\":\"Kasa\u00ef-Central : un conflit de terre fait 2 morts et plusieurs bless\u00e9s \u00e0 Dimbelenge\"},{\"@type\":\"BreadcrumbList\",\"@id\":\"https:\/\/www.africa-press.net\/congo-kinshasa\/toutes-les-actualites\/kasai-central-un-conflit-de-terre-fait-2-morts-et-plusieurs-blesses-a-dimbelenge#breadcrumb\",\"itemListElement\":[{\"@type\":\"ListItem\",\"position\":1,\"name\":\"Accueil\",\"item\":\"https:\/\/www.africa-press.net\/congo-kinshasa\/\"},{\"@type\":\"ListItem\",\"position\":2,\"name\":\"Kasa\u00ef-Central : un conflit de terre fait 2 morts et plusieurs bless\u00e9s \u00e0 Dimbelenge\"}]},{\"@type\":\"WebSite\",\"@id\":\"https:\/\/www.africa-press.net\/congo-kinshasa\/#website\",\"url\":\"https:\/\/www.africa-press.net\/congo-kinshasa\/\",\"name\":\"Congo-kinshasa\",\"description\":\"Just another Africa News Agency Sites site\",\"potentialAction\":[{\"@type\":\"SearchAction\",\"target\":{\"@type\":\"EntryPoint\",\"urlTemplate\":\"https:\/\/www.africa-press.net\/congo-kinshasa\/?s={search_term_string}\"},\"query-input\":{\"@type\":\"PropertyValueSpecification\",\"valueRequired\":true,\"valueName\":\"search_term_string\"}}],\"inLanguage\":\"fr-FR\"},{\"@type\":\"Person\",\"@id\":\"https:\/\/www.africa-press.net\/congo-kinshasa\/#\/schema\/person\/2b1cf3cd81a31e3cd26889ca66d677f1\",\"name\":\"cfeditorfr\"}]}<\/script>\n<!-- \/ Yoast SEO Premium plugin. -->","yoast_head_json":{"title":"Kasa\u00ef-Central : un conflit de terre fait 2 morts et plusieurs bless\u00e9s \u00e0 Dimbelenge - Congo-kinshasa","description":"Deux morts, de nombreux blesse\u0301s et quelques me\u0301nages sans abris, c\u2019est le bilan provisoire livre\u0301 jeudi 19 janvier a ...","robots":{"index":"index","follow":"follow","max-snippet":"max-snippet:-1","max-image-preview":"max-image-preview:large","max-video-preview":"max-video-preview:-1"},"canonical":"https:\/\/www.africa-press.net\/congo-kinshasa\/toutes-les-actualites\/kasai-central-un-conflit-de-terre-fait-2-morts-et-plusieurs-blesses-a-dimbelenge","og_locale":"fr_FR","og_type":"article","og_title":"Kasa\u00ef-Central : un conflit de terre fait 2 morts et plusieurs bless\u00e9s \u00e0 Dimbelenge","og_description":"Deux morts, de nombreux blesse\u0301s et quelques me\u0301nages sans abris, c\u2019est le bilan provisoire livre\u0301 jeudi 19 janvier a ...","og_url":"https:\/\/www.africa-press.net\/congo-kinshasa\/toutes-les-actualites\/kasai-central-un-conflit-de-terre-fait-2-morts-et-plusieurs-blesses-a-dimbelenge","og_site_name":"Congo-kinshasa","article_published_time":"2023-01-20T20:13:53+00:00","article_modified_time":"2023-01-20T21:04:21+00:00","og_image":[{"width":720,"height":393,"url":"https:\/\/static.africa-press.net\/congo-kinshasa\/sites\/49\/2023\/01\/postQueueImg_1674233035.15.jpg","type":"image\/jpeg"}],"author":"cfeditorfr","twitter_card":"summary_large_image","twitter_misc":{"\u00c9crit par":"cfeditorfr","Dur\u00e9e de lecture estim\u00e9e":"1 minute"},"schema":{"@context":"https:\/\/schema.org","@graph":[{"@type":"Article","@id":"https:\/\/www.africa-press.net\/congo-kinshasa\/toutes-les-actualites\/kasai-central-un-conflit-de-terre-fait-2-morts-et-plusieurs-blesses-a-dimbelenge#article","isPartOf":{"@id":"https:\/\/www.africa-press.net\/congo-kinshasa\/toutes-les-actualites\/kasai-central-un-conflit-de-terre-fait-2-morts-et-plusieurs-blesses-a-dimbelenge"},"author":{"name":"cfeditorfr","@id":"https:\/\/www.africa-press.net\/congo-kinshasa\/#\/schema\/person\/2b1cf3cd81a31e3cd26889ca66d677f1"},"headline":"Kasa\u00ef-Central : un conflit de terre fait 2 morts et plusieurs bless\u00e9s \u00e0 Dimbelenge","datePublished":"2023-01-20T20:13:53+00:00","dateModified":"2023-01-20T21:04:21+00:00","mainEntityOfPage":{"@id":"https:\/\/www.africa-press.net\/congo-kinshasa\/toutes-les-actualites\/kasai-central-un-conflit-de-terre-fait-2-morts-et-plusieurs-blesses-a-dimbelenge"},"wordCount":204,"commentCount":0,"image":{"@id":"https:\/\/www.africa-press.net\/congo-kinshasa\/toutes-les-actualites\/kasai-central-un-conflit-de-terre-fait-2-morts-et-plusieurs-blesses-a-dimbelenge#primaryimage"},"thumbnailUrl":"https:\/\/static.africa-press.net\/congo-kinshasa\/sites\/49\/2023\/01\/postQueueImg_1674233035.15.jpg","keywords":["Africa Press","Africa Press-Congo Kinshasa","Congo Kinshasa"],"articleSection":["Communaut\u00e9","Toutes les actualit\u00e9s"],"inLanguage":"fr-FR","potentialAction":[{"@type":"CommentAction","name":"Comment","target":["https:\/\/www.africa-press.net\/congo-kinshasa\/toutes-les-actualites\/kasai-central-un-conflit-de-terre-fait-2-morts-et-plusieurs-blesses-a-dimbelenge#respond"]}]},{"@type":"WebPage","@id":"https:\/\/www.africa-press.net\/congo-kinshasa\/toutes-les-actualites\/kasai-central-un-conflit-de-terre-fait-2-morts-et-plusieurs-blesses-a-dimbelenge","url":"https:\/\/www.africa-press.net\/congo-kinshasa\/toutes-les-actualites\/kasai-central-un-conflit-de-terre-fait-2-morts-et-plusieurs-blesses-a-dimbelenge","name":"Kasa\u00ef-Central : un conflit de terre fait 2 morts et plusieurs bless\u00e9s \u00e0 Dimbelenge - Congo-kinshasa","isPartOf":{"@id":"https:\/\/www.africa-press.net\/congo-kinshasa\/#website"},"primaryImageOfPage":{"@id":"https:\/\/www.africa-press.net\/congo-kinshasa\/toutes-les-actualites\/kasai-central-un-conflit-de-terre-fait-2-morts-et-plusieurs-blesses-a-dimbelenge#primaryimage"},"image":{"@id":"https:\/\/www.africa-press.net\/congo-kinshasa\/toutes-les-actualites\/kasai-central-un-conflit-de-terre-fait-2-morts-et-plusieurs-blesses-a-dimbelenge#primaryimage"},"thumbnailUrl":"https:\/\/static.africa-press.net\/congo-kinshasa\/sites\/49\/2023\/01\/postQueueImg_1674233035.15.jpg","datePublished":"2023-01-20T20:13:53+00:00","dateModified":"2023-01-20T21:04:21+00:00","author":{"@id":"https:\/\/www.africa-press.net\/congo-kinshasa\/#\/schema\/person\/2b1cf3cd81a31e3cd26889ca66d677f1"},"description":"Deux morts, de nombreux blesse\u0301s et quelques me\u0301nages sans abris, c\u2019est le bilan provisoire livre\u0301 jeudi 19 janvier a ...","breadcrumb":{"@id":"https:\/\/www.africa-press.net\/congo-kinshasa\/toutes-les-actualites\/kasai-central-un-conflit-de-terre-fait-2-morts-et-plusieurs-blesses-a-dimbelenge#breadcrumb"},"inLanguage":"fr-FR","potentialAction":[{"@type":"ReadAction","target":["https:\/\/www.africa-press.net\/congo-kinshasa\/toutes-les-actualites\/kasai-central-un-conflit-de-terre-fait-2-morts-et-plusieurs-blesses-a-dimbelenge"]}]},{"@type":"ImageObject","inLanguage":"fr-FR","@id":"https:\/\/www.africa-press.net\/congo-kinshasa\/toutes-les-actualites\/kasai-central-un-conflit-de-terre-fait-2-morts-et-plusieurs-blesses-a-dimbelenge#primaryimage","url":"https:\/\/static.africa-press.net\/congo-kinshasa\/sites\/49\/2023\/01\/postQueueImg_1674233035.15.jpg","contentUrl":"https:\/\/static.africa-press.net\/congo-kinshasa\/sites\/49\/2023\/01\/postQueueImg_1674233035.15.jpg","width":720,"height":393,"caption":"Kasa\u00ef-Central : un conflit de terre fait 2 morts et plusieurs bless\u00e9s \u00e0 Dimbelenge"},{"@type":"BreadcrumbList","@id":"https:\/\/www.africa-press.net\/congo-kinshasa\/toutes-les-actualites\/kasai-central-un-conflit-de-terre-fait-2-morts-et-plusieurs-blesses-a-dimbelenge#breadcrumb","itemListElement":[{"@type":"ListItem","position":1,"name":"Accueil","item":"https:\/\/www.africa-press.net\/congo-kinshasa\/"},{"@type":"ListItem","position":2,"name":"Kasa\u00ef-Central : un conflit de terre fait 2 morts et plusieurs bless\u00e9s \u00e0 Dimbelenge"}]},{"@type":"WebSite","@id":"https:\/\/www.africa-press.net\/congo-kinshasa\/#website","url":"https:\/\/www.africa-press.net\/congo-kinshasa\/","name":"Congo-kinshasa","description":"Just another Africa News Agency Sites site","potentialAction":[{"@type":"SearchAction","target":{"@type":"EntryPoint","urlTemplate":"https:\/\/www.africa-press.net\/congo-kinshasa\/?s={search_term_string}"},"query-input":{"@type":"PropertyValueSpecification","valueRequired":true,"valueName":"search_term_string"}}],"inLanguage":"fr-FR"},{"@type":"Person","@id":"https:\/\/www.africa-press.net\/congo-kinshasa\/#\/schema\/person\/2b1cf3cd81a31e3cd26889ca66d677f1","name":"cfeditorfr"}]}},"_links":{"self":[{"href":"https:\/\/www.africa-press.net\/congo-kinshasa\/wp-json\/wp\/v2\/posts\/52706","targetHints":{"allow":["GET"]}}],"collection":[{"href":"https:\/\/www.africa-press.net\/congo-kinshasa\/wp-json\/wp\/v2\/posts"}],"about":[{"href":"https:\/\/www.africa-press.net\/congo-kinshasa\/wp-json\/wp\/v2\/types\/post"}],"author":[{"embeddable":true,"href":"https:\/\/www.africa-press.net\/congo-kinshasa\/wp-json\/wp\/v2\/users\/82"}],"replies":[{"embeddable":true,"href":"https:\/\/www.africa-press.net\/congo-kinshasa\/wp-json\/wp\/v2\/comments?post=52706"}],"version-history":[{"count":0,"href":"https:\/\/www.africa-press.net\/congo-kinshasa\/wp-json\/wp\/v2\/posts\/52706\/revisions"}],"wp:featuredmedia":[{"embeddable":true,"href":"https:\/\/www.africa-press.net\/congo-kinshasa\/wp-json\/wp\/v2\/media\/52705"}],"wp:attachment":[{"href":"https:\/\/www.africa-press.net\/congo-kinshasa\/wp-json\/wp\/v2\/media?parent=52706"}],"wp:term":[{"taxonomy":"category","embeddable":true,"href":"https:\/\/www.africa-press.net\/congo-kinshasa\/wp-json\/wp\/v2\/categories?post=52706"},{"taxonomy":"post_tag","embeddable":true,"href":"https:\/\/www.africa-press.net\/congo-kinshasa\/wp-json\/wp\/v2\/tags?post=52706"}],"curies":[{"name":"wp","href":"https:\/\/api.w.org\/{rel}","templated":true}]}}