{"id":52769,"date":"2023-01-21T17:43:15","date_gmt":"2023-01-21T17:43:15","guid":{"rendered":"https:\/\/www.africa-press.net\/congo-kinshasa\/politique\/nord-kivu-la-lucha-exige-la-demission-du-maire-de-la-ville-de-beni"},"modified":"2023-01-21T18:13:36","modified_gmt":"2023-01-21T18:13:36","slug":"nord-kivu-la-lucha-exige-la-demission-du-maire-de-la-ville-de-beni","status":"publish","type":"post","link":"https:\/\/www.africa-press.net\/congo-kinshasa\/politique\/nord-kivu-la-lucha-exige-la-demission-du-maire-de-la-ville-de-beni","title":{"rendered":"Nord-Kivu : la LUCHA exige la d\u00e9mission du maire de la ville de Beni"},"content":{"rendered":"<p><span style=\"color: #ff6600\"><strong>Africa-Press &#8211; Congo Kinshasa. <\/strong><\/span><b>Alors que des voix s\u2019e\u0301le\u0300vent un peu partout pour exiger la fin de l\u2019e\u0301tat de sie\u0300ge au Nord-Kivu, a\u0300 Beni, le mouvement citoyen \u201cLutte pour le Changement\u201d LUCHA elle, exige le de\u0301part du maire pour incompe\u0301tence.<\/b><\/p>\n<p>Elle l\u2019a fait savoir au cours d\u2019une confe\u0301rence de presse tenue vendredi ce 20 Janvier 2023 en ville de Beni. Ce mouvement citoyen accuse l\u2019autorite\u0301 urbaine d\u2019incompe\u0301tence dans la gestion, la spoliation des terrains de l\u2019E\u0301tat et la mort de plusieurs militants dans les manifestations.<\/p>\n<p>\u201cNous exigeons le de\u0301part du Maire parce qu\u2019il est incompe\u0301tent et complice de tout ce qui se passe dans la re\u0301gion de Beni. Monsieur Kashale si vous vous souvenez bien le 24 Janvier 2022, son garde du corps a tire\u0301 a\u0300 bout portant sur notre camarade Ushindi a\u0300 Kanzuli, il n\u2019y a jamais eu d\u2019enque\u0302tes \u201d, fait savoir Clovis Mutsuva, un militant de la Lucha dans des propos recueillis par buniaactualite.cd<\/p>\n<p>Pour arriver a leur fin, les militants de ce mouvement citoyen pre\u0301voient des journe\u0301es ville morte a\u0300 partir du 30 Janvier prochain a\u0300 Be\u0301ni dans la province du Nord-Kivu.<\/p>\n<p><strong>Pour plus d&rsquo;informations et d&rsquo;analyses sur la <a href=\"https:\/\/www.africa-press.net\/congo-kinshasa\">Congo Kinshasa<\/a>, suivez <a href=\"https:\/\/www.africa-press.net\/\">Africa-Press<\/a><\/strong><\/p>\n","protected":false},"excerpt":{"rendered":"<p>Africa-Press &#8211; Congo Kinshasa. Alors que des voix s\u2019e\u0301le\u0300vent un peu partout pour exiger la fin de l\u2019e\u0301tat de sie\u0300ge au Nord-Kivu, a\u0300 Beni, le mouvement citoyen \u201cLutte pour le Changement\u201d LUCHA elle, exige le de\u0301part du maire pour incompe\u0301tence. Elle l\u2019a fait savoir au cours d\u2019une confe\u0301rence de presse tenue vendredi ce 20 Janvier [&hellip;]<\/p>\n","protected":false},"author":82,"featured_media":52768,"comment_status":"open","ping_status":"closed","sticky":false,"template":"","format":"standard","meta":{"footnotes":""},"categories":[2,10],"tags":[36,47,46],"class_list":["post-52769","post","type-post","status-publish","format-standard","has-post-thumbnail","hentry","category-politique","category-toutes-les-actualites","tag-africa-press","tag-africa-press-congo-kinshasa","tag-congo-kinshasa"],"yoast_head":"<!-- This site is optimized with the Yoast SEO Premium plugin v26.1 (Yoast SEO v27.0) - https:\/\/yoast.com\/product\/yoast-seo-premium-wordpress\/ -->\n<title>Nord-Kivu : la LUCHA exige la d\u00e9mission du maire de la ville de Beni - Congo-kinshasa<\/title>\n<meta name=\"description\" content=\"Alors que des voix s\u2019e\u0301le\u0300vent un peu partout pour exiger la fin de l\u2019e\u0301tat de sie\u0300ge au Nord-Kivu, a\u0300 Beni, le mouve ...\" \/>\n<meta name=\"robots\" content=\"index, follow, max-snippet:-1, max-image-preview:large, max-video-preview:-1\" \/>\n<link rel=\"canonical\" href=\"https:\/\/www.africa-press.net\/congo-kinshasa\/politique\/nord-kivu-la-lucha-exige-la-demission-du-maire-de-la-ville-de-beni\" \/>\n<meta property=\"og:locale\" content=\"fr_FR\" \/>\n<meta property=\"og:type\" content=\"article\" \/>\n<meta property=\"og:title\" content=\"Nord-Kivu : la LUCHA exige la d\u00e9mission du maire de la ville de Beni\" \/>\n<meta property=\"og:description\" content=\"Alors que des voix s\u2019e\u0301le\u0300vent un peu partout pour exiger la fin de l\u2019e\u0301tat de sie\u0300ge au Nord-Kivu, a\u0300 Beni, le mouve ...\" \/>\n<meta property=\"og:url\" content=\"https:\/\/www.africa-press.net\/congo-kinshasa\/politique\/nord-kivu-la-lucha-exige-la-demission-du-maire-de-la-ville-de-beni\" \/>\n<meta property=\"og:site_name\" content=\"Congo-kinshasa\" \/>\n<meta property=\"article:published_time\" content=\"2023-01-21T17:43:15+00:00\" \/>\n<meta property=\"article:modified_time\" content=\"2023-01-21T18:13:36+00:00\" \/>\n<meta property=\"og:image\" content=\"https:\/\/static.africa-press.net\/congo-kinshasa\/sites\/49\/2023\/01\/postQueueImg_1674310396.90.jpg\" \/>\n\t<meta property=\"og:image:width\" content=\"1092\" \/>\n\t<meta property=\"og:image:height\" content=\"670\" \/>\n\t<meta property=\"og:image:type\" content=\"image\/jpeg\" \/>\n<meta name=\"author\" content=\"cfeditorfr\" \/>\n<meta name=\"twitter:card\" content=\"summary_large_image\" \/>\n<meta name=\"twitter:label1\" content=\"\u00c9crit par\" \/>\n\t<meta name=\"twitter:data1\" content=\"cfeditorfr\" \/>\n\t<meta name=\"twitter:label2\" content=\"Dur\u00e9e de lecture estim\u00e9e\" \/>\n\t<meta name=\"twitter:data2\" content=\"1 minute\" \/>\n<script type=\"application\/ld+json\" class=\"yoast-schema-graph\">{\"@context\":\"https:\/\/schema.org\",\"@graph\":[{\"@type\":\"Article\",\"@id\":\"https:\/\/www.africa-press.net\/congo-kinshasa\/politique\/nord-kivu-la-lucha-exige-la-demission-du-maire-de-la-ville-de-beni#article\",\"isPartOf\":{\"@id\":\"https:\/\/www.africa-press.net\/congo-kinshasa\/politique\/nord-kivu-la-lucha-exige-la-demission-du-maire-de-la-ville-de-beni\"},\"author\":{\"name\":\"cfeditorfr\",\"@id\":\"https:\/\/www.africa-press.net\/congo-kinshasa\/#\/schema\/person\/2b1cf3cd81a31e3cd26889ca66d677f1\"},\"headline\":\"Nord-Kivu : la LUCHA exige la d\u00e9mission du maire de la ville de Beni\",\"datePublished\":\"2023-01-21T17:43:15+00:00\",\"dateModified\":\"2023-01-21T18:13:36+00:00\",\"mainEntityOfPage\":{\"@id\":\"https:\/\/www.africa-press.net\/congo-kinshasa\/politique\/nord-kivu-la-lucha-exige-la-demission-du-maire-de-la-ville-de-beni\"},\"wordCount\":233,\"commentCount\":0,\"image\":{\"@id\":\"https:\/\/www.africa-press.net\/congo-kinshasa\/politique\/nord-kivu-la-lucha-exige-la-demission-du-maire-de-la-ville-de-beni#primaryimage\"},\"thumbnailUrl\":\"https:\/\/static.africa-press.net\/congo-kinshasa\/sites\/49\/2023\/01\/postQueueImg_1674310396.90.jpg\",\"keywords\":[\"Africa Press\",\"Africa Press-Congo Kinshasa\",\"Congo Kinshasa\"],\"articleSection\":[\"Politique\",\"Toutes les actualit\u00e9s\"],\"inLanguage\":\"fr-FR\",\"potentialAction\":[{\"@type\":\"CommentAction\",\"name\":\"Comment\",\"target\":[\"https:\/\/www.africa-press.net\/congo-kinshasa\/politique\/nord-kivu-la-lucha-exige-la-demission-du-maire-de-la-ville-de-beni#respond\"]}]},{\"@type\":\"WebPage\",\"@id\":\"https:\/\/www.africa-press.net\/congo-kinshasa\/politique\/nord-kivu-la-lucha-exige-la-demission-du-maire-de-la-ville-de-beni\",\"url\":\"https:\/\/www.africa-press.net\/congo-kinshasa\/politique\/nord-kivu-la-lucha-exige-la-demission-du-maire-de-la-ville-de-beni\",\"name\":\"Nord-Kivu : la LUCHA exige la d\u00e9mission du maire de la ville de Beni - Congo-kinshasa\",\"isPartOf\":{\"@id\":\"https:\/\/www.africa-press.net\/congo-kinshasa\/#website\"},\"primaryImageOfPage\":{\"@id\":\"https:\/\/www.africa-press.net\/congo-kinshasa\/politique\/nord-kivu-la-lucha-exige-la-demission-du-maire-de-la-ville-de-beni#primaryimage\"},\"image\":{\"@id\":\"https:\/\/www.africa-press.net\/congo-kinshasa\/politique\/nord-kivu-la-lucha-exige-la-demission-du-maire-de-la-ville-de-beni#primaryimage\"},\"thumbnailUrl\":\"https:\/\/static.africa-press.net\/congo-kinshasa\/sites\/49\/2023\/01\/postQueueImg_1674310396.90.jpg\",\"datePublished\":\"2023-01-21T17:43:15+00:00\",\"dateModified\":\"2023-01-21T18:13:36+00:00\",\"author\":{\"@id\":\"https:\/\/www.africa-press.net\/congo-kinshasa\/#\/schema\/person\/2b1cf3cd81a31e3cd26889ca66d677f1\"},\"description\":\"Alors que des voix s\u2019e\u0301le\u0300vent un peu partout pour exiger la fin de l\u2019e\u0301tat de sie\u0300ge au Nord-Kivu, a\u0300 Beni, le mouve ...\",\"breadcrumb\":{\"@id\":\"https:\/\/www.africa-press.net\/congo-kinshasa\/politique\/nord-kivu-la-lucha-exige-la-demission-du-maire-de-la-ville-de-beni#breadcrumb\"},\"inLanguage\":\"fr-FR\",\"potentialAction\":[{\"@type\":\"ReadAction\",\"target\":[\"https:\/\/www.africa-press.net\/congo-kinshasa\/politique\/nord-kivu-la-lucha-exige-la-demission-du-maire-de-la-ville-de-beni\"]}]},{\"@type\":\"ImageObject\",\"inLanguage\":\"fr-FR\",\"@id\":\"https:\/\/www.africa-press.net\/congo-kinshasa\/politique\/nord-kivu-la-lucha-exige-la-demission-du-maire-de-la-ville-de-beni#primaryimage\",\"url\":\"https:\/\/static.africa-press.net\/congo-kinshasa\/sites\/49\/2023\/01\/postQueueImg_1674310396.90.jpg\",\"contentUrl\":\"https:\/\/static.africa-press.net\/congo-kinshasa\/sites\/49\/2023\/01\/postQueueImg_1674310396.90.jpg\",\"width\":1092,\"height\":670,\"caption\":\"Nord-Kivu : la LUCHA exige la d\u00e9mission du maire de la ville de Beni\"},{\"@type\":\"BreadcrumbList\",\"@id\":\"https:\/\/www.africa-press.net\/congo-kinshasa\/politique\/nord-kivu-la-lucha-exige-la-demission-du-maire-de-la-ville-de-beni#breadcrumb\",\"itemListElement\":[{\"@type\":\"ListItem\",\"position\":1,\"name\":\"Accueil\",\"item\":\"https:\/\/www.africa-press.net\/congo-kinshasa\/\"},{\"@type\":\"ListItem\",\"position\":2,\"name\":\"Nord-Kivu : la LUCHA exige la d\u00e9mission du maire de la ville de Beni\"}]},{\"@type\":\"WebSite\",\"@id\":\"https:\/\/www.africa-press.net\/congo-kinshasa\/#website\",\"url\":\"https:\/\/www.africa-press.net\/congo-kinshasa\/\",\"name\":\"Congo-kinshasa\",\"description\":\"Just another Africa News Agency Sites site\",\"potentialAction\":[{\"@type\":\"SearchAction\",\"target\":{\"@type\":\"EntryPoint\",\"urlTemplate\":\"https:\/\/www.africa-press.net\/congo-kinshasa\/?s={search_term_string}\"},\"query-input\":{\"@type\":\"PropertyValueSpecification\",\"valueRequired\":true,\"valueName\":\"search_term_string\"}}],\"inLanguage\":\"fr-FR\"},{\"@type\":\"Person\",\"@id\":\"https:\/\/www.africa-press.net\/congo-kinshasa\/#\/schema\/person\/2b1cf3cd81a31e3cd26889ca66d677f1\",\"name\":\"cfeditorfr\"}]}<\/script>\n<!-- \/ Yoast SEO Premium plugin. -->","yoast_head_json":{"title":"Nord-Kivu : la LUCHA exige la d\u00e9mission du maire de la ville de Beni - Congo-kinshasa","description":"Alors que des voix s\u2019e\u0301le\u0300vent un peu partout pour exiger la fin de l\u2019e\u0301tat de sie\u0300ge au Nord-Kivu, a\u0300 Beni, le mouve ...","robots":{"index":"index","follow":"follow","max-snippet":"max-snippet:-1","max-image-preview":"max-image-preview:large","max-video-preview":"max-video-preview:-1"},"canonical":"https:\/\/www.africa-press.net\/congo-kinshasa\/politique\/nord-kivu-la-lucha-exige-la-demission-du-maire-de-la-ville-de-beni","og_locale":"fr_FR","og_type":"article","og_title":"Nord-Kivu : la LUCHA exige la d\u00e9mission du maire de la ville de Beni","og_description":"Alors que des voix s\u2019e\u0301le\u0300vent un peu partout pour exiger la fin de l\u2019e\u0301tat de sie\u0300ge au Nord-Kivu, a\u0300 Beni, le mouve ...","og_url":"https:\/\/www.africa-press.net\/congo-kinshasa\/politique\/nord-kivu-la-lucha-exige-la-demission-du-maire-de-la-ville-de-beni","og_site_name":"Congo-kinshasa","article_published_time":"2023-01-21T17:43:15+00:00","article_modified_time":"2023-01-21T18:13:36+00:00","og_image":[{"width":1092,"height":670,"url":"https:\/\/static.africa-press.net\/congo-kinshasa\/sites\/49\/2023\/01\/postQueueImg_1674310396.90.jpg","type":"image\/jpeg"}],"author":"cfeditorfr","twitter_card":"summary_large_image","twitter_misc":{"\u00c9crit par":"cfeditorfr","Dur\u00e9e de lecture estim\u00e9e":"1 minute"},"schema":{"@context":"https:\/\/schema.org","@graph":[{"@type":"Article","@id":"https:\/\/www.africa-press.net\/congo-kinshasa\/politique\/nord-kivu-la-lucha-exige-la-demission-du-maire-de-la-ville-de-beni#article","isPartOf":{"@id":"https:\/\/www.africa-press.net\/congo-kinshasa\/politique\/nord-kivu-la-lucha-exige-la-demission-du-maire-de-la-ville-de-beni"},"author":{"name":"cfeditorfr","@id":"https:\/\/www.africa-press.net\/congo-kinshasa\/#\/schema\/person\/2b1cf3cd81a31e3cd26889ca66d677f1"},"headline":"Nord-Kivu : la LUCHA exige la d\u00e9mission du maire de la ville de Beni","datePublished":"2023-01-21T17:43:15+00:00","dateModified":"2023-01-21T18:13:36+00:00","mainEntityOfPage":{"@id":"https:\/\/www.africa-press.net\/congo-kinshasa\/politique\/nord-kivu-la-lucha-exige-la-demission-du-maire-de-la-ville-de-beni"},"wordCount":233,"commentCount":0,"image":{"@id":"https:\/\/www.africa-press.net\/congo-kinshasa\/politique\/nord-kivu-la-lucha-exige-la-demission-du-maire-de-la-ville-de-beni#primaryimage"},"thumbnailUrl":"https:\/\/static.africa-press.net\/congo-kinshasa\/sites\/49\/2023\/01\/postQueueImg_1674310396.90.jpg","keywords":["Africa Press","Africa Press-Congo Kinshasa","Congo Kinshasa"],"articleSection":["Politique","Toutes les actualit\u00e9s"],"inLanguage":"fr-FR","potentialAction":[{"@type":"CommentAction","name":"Comment","target":["https:\/\/www.africa-press.net\/congo-kinshasa\/politique\/nord-kivu-la-lucha-exige-la-demission-du-maire-de-la-ville-de-beni#respond"]}]},{"@type":"WebPage","@id":"https:\/\/www.africa-press.net\/congo-kinshasa\/politique\/nord-kivu-la-lucha-exige-la-demission-du-maire-de-la-ville-de-beni","url":"https:\/\/www.africa-press.net\/congo-kinshasa\/politique\/nord-kivu-la-lucha-exige-la-demission-du-maire-de-la-ville-de-beni","name":"Nord-Kivu : la LUCHA exige la d\u00e9mission du maire de la ville de Beni - Congo-kinshasa","isPartOf":{"@id":"https:\/\/www.africa-press.net\/congo-kinshasa\/#website"},"primaryImageOfPage":{"@id":"https:\/\/www.africa-press.net\/congo-kinshasa\/politique\/nord-kivu-la-lucha-exige-la-demission-du-maire-de-la-ville-de-beni#primaryimage"},"image":{"@id":"https:\/\/www.africa-press.net\/congo-kinshasa\/politique\/nord-kivu-la-lucha-exige-la-demission-du-maire-de-la-ville-de-beni#primaryimage"},"thumbnailUrl":"https:\/\/static.africa-press.net\/congo-kinshasa\/sites\/49\/2023\/01\/postQueueImg_1674310396.90.jpg","datePublished":"2023-01-21T17:43:15+00:00","dateModified":"2023-01-21T18:13:36+00:00","author":{"@id":"https:\/\/www.africa-press.net\/congo-kinshasa\/#\/schema\/person\/2b1cf3cd81a31e3cd26889ca66d677f1"},"description":"Alors que des voix s\u2019e\u0301le\u0300vent un peu partout pour exiger la fin de l\u2019e\u0301tat de sie\u0300ge au Nord-Kivu, a\u0300 Beni, le mouve ...","breadcrumb":{"@id":"https:\/\/www.africa-press.net\/congo-kinshasa\/politique\/nord-kivu-la-lucha-exige-la-demission-du-maire-de-la-ville-de-beni#breadcrumb"},"inLanguage":"fr-FR","potentialAction":[{"@type":"ReadAction","target":["https:\/\/www.africa-press.net\/congo-kinshasa\/politique\/nord-kivu-la-lucha-exige-la-demission-du-maire-de-la-ville-de-beni"]}]},{"@type":"ImageObject","inLanguage":"fr-FR","@id":"https:\/\/www.africa-press.net\/congo-kinshasa\/politique\/nord-kivu-la-lucha-exige-la-demission-du-maire-de-la-ville-de-beni#primaryimage","url":"https:\/\/static.africa-press.net\/congo-kinshasa\/sites\/49\/2023\/01\/postQueueImg_1674310396.90.jpg","contentUrl":"https:\/\/static.africa-press.net\/congo-kinshasa\/sites\/49\/2023\/01\/postQueueImg_1674310396.90.jpg","width":1092,"height":670,"caption":"Nord-Kivu : la LUCHA exige la d\u00e9mission du maire de la ville de Beni"},{"@type":"BreadcrumbList","@id":"https:\/\/www.africa-press.net\/congo-kinshasa\/politique\/nord-kivu-la-lucha-exige-la-demission-du-maire-de-la-ville-de-beni#breadcrumb","itemListElement":[{"@type":"ListItem","position":1,"name":"Accueil","item":"https:\/\/www.africa-press.net\/congo-kinshasa\/"},{"@type":"ListItem","position":2,"name":"Nord-Kivu : la LUCHA exige la d\u00e9mission du maire de la ville de Beni"}]},{"@type":"WebSite","@id":"https:\/\/www.africa-press.net\/congo-kinshasa\/#website","url":"https:\/\/www.africa-press.net\/congo-kinshasa\/","name":"Congo-kinshasa","description":"Just another Africa News Agency Sites site","potentialAction":[{"@type":"SearchAction","target":{"@type":"EntryPoint","urlTemplate":"https:\/\/www.africa-press.net\/congo-kinshasa\/?s={search_term_string}"},"query-input":{"@type":"PropertyValueSpecification","valueRequired":true,"valueName":"search_term_string"}}],"inLanguage":"fr-FR"},{"@type":"Person","@id":"https:\/\/www.africa-press.net\/congo-kinshasa\/#\/schema\/person\/2b1cf3cd81a31e3cd26889ca66d677f1","name":"cfeditorfr"}]}},"_links":{"self":[{"href":"https:\/\/www.africa-press.net\/congo-kinshasa\/wp-json\/wp\/v2\/posts\/52769","targetHints":{"allow":["GET"]}}],"collection":[{"href":"https:\/\/www.africa-press.net\/congo-kinshasa\/wp-json\/wp\/v2\/posts"}],"about":[{"href":"https:\/\/www.africa-press.net\/congo-kinshasa\/wp-json\/wp\/v2\/types\/post"}],"author":[{"embeddable":true,"href":"https:\/\/www.africa-press.net\/congo-kinshasa\/wp-json\/wp\/v2\/users\/82"}],"replies":[{"embeddable":true,"href":"https:\/\/www.africa-press.net\/congo-kinshasa\/wp-json\/wp\/v2\/comments?post=52769"}],"version-history":[{"count":0,"href":"https:\/\/www.africa-press.net\/congo-kinshasa\/wp-json\/wp\/v2\/posts\/52769\/revisions"}],"wp:featuredmedia":[{"embeddable":true,"href":"https:\/\/www.africa-press.net\/congo-kinshasa\/wp-json\/wp\/v2\/media\/52768"}],"wp:attachment":[{"href":"https:\/\/www.africa-press.net\/congo-kinshasa\/wp-json\/wp\/v2\/media?parent=52769"}],"wp:term":[{"taxonomy":"category","embeddable":true,"href":"https:\/\/www.africa-press.net\/congo-kinshasa\/wp-json\/wp\/v2\/categories?post=52769"},{"taxonomy":"post_tag","embeddable":true,"href":"https:\/\/www.africa-press.net\/congo-kinshasa\/wp-json\/wp\/v2\/tags?post=52769"}],"curies":[{"name":"wp","href":"https:\/\/api.w.org\/{rel}","templated":true}]}}