{"id":55243,"date":"2023-02-20T20:07:25","date_gmt":"2023-02-20T20:07:25","guid":{"rendered":"https:\/\/www.africa-press.net\/congo-kinshasa\/politique\/cyril-ramaphosa-encourage-la-rdc-et-le-rwanda-a-sengager-dans-un-veritable-dialogue"},"modified":"2023-02-20T20:40:12","modified_gmt":"2023-02-20T20:40:12","slug":"cyril-ramaphosa-encourage-la-rdc-et-le-rwanda-a-sengager-dans-un-veritable-dialogue","status":"publish","type":"post","link":"https:\/\/www.africa-press.net\/congo-kinshasa\/politique\/cyril-ramaphosa-encourage-la-rdc-et-le-rwanda-a-sengager-dans-un-veritable-dialogue","title":{"rendered":"Cyril Ramaphosa encourage la RDC et le Rwanda \u00e0 s\u2019engager dans un \u00ab v\u00e9ritable dialogue \u00bb"},"content":{"rendered":"<p><span style=\"color: #ff6600\"><strong>Africa-Press &#8211; Congo Kinshasa. <\/strong><\/span><b>Le pre\u0301sident sud-africain, Cyril Ramaphosa a regrette\u0301 que, dix ans apre\u0300s la signature de l\u2019accord-cadre d\u2019Addis-Abeba pour la paix, la se\u0301curite\u0301 et la coope\u0301ration pour la RDC et la re\u0301gion, la partie orientale du pays de Fe\u0301lix Tshisekedi continue de connai\u0302tre des cycles de conflit et de violence.<\/b><\/p>\n<p>La RDC accuse le Rwanda d\u2019acte d\u2019agression. Plusieurs localite\u0301s dans la province du Nord-Kivu sont occupe\u0301es par l\u2019arme\u0301e rwandaise ope\u0301rant sous couvert du M23, un mouvement rebelle qui e\u0301tait de\u0301fait en 2013.<\/p>\n<p>Selon l\u2019ONG Amnesty International, fin novembre 2022, des rebelles du M23 soutenus par le Rwanda ont sommairement tue\u0301 des hommes et viole\u0301 des dizaines de femmes dans l\u2019Est de la RDC. \u00ab Cela constitue des crimes de guerre et pourrait constituer des crimes contre l\u2019humanite\u0301 \u00bb, a-t-elle pre\u0301venu.<\/p>\n<p>Dans son discours prononce\u0301 a\u0300 la re\u0301union du Conseil de paix et de se\u0301curite\u0301 des chefs d\u2019E\u0301tat et de gouvernement de l\u2019Union africaine sur l\u2019examen de la situation dans l\u2019Est de la RDC, Cyril Ramaphosa a demande\u0301 au CPS d\u2019encourager les gouvernements congolais et rwandais a\u0300 honorer leurs engagements contenus dans l\u2019accord-cadre et faire preuve de retenue et de de\u0301sescalade totales.<\/p>\n<p>Selon lui, la RDC et le Rwanda devraient s\u2019engager dans un \u00ab ve\u0301ritable dialogue \u00bb et mettre en \u0153uvre rapidement les re\u0301sultats des processus de Luanda et de Nairobi.<\/p>\n<p>\u00ab Il est essentiel que nous redoublions d\u2019efforts pour nous attaquer aux causes profondes du conflit. Cela signifie lutter contre l\u2019exploitation ille\u0301gale des ressources mine\u0301rales et lutter contre la corruption, le blanchiment d\u2019argent et le crime organise\u0301. Il faut faire davantage pour renforcer les capacite\u0301s institutionnelles de gestion et de contro\u0302le des frontie\u0300res re\u0301gionales, ainsi que des agences re\u0301gionales de justice et de maintien de l\u2019ordre \u00bb, a-t-il plaide\u0301.<\/p>\n<p>Le pre\u0301sident sud-africain a aussi invite\u0301 les diffe\u0301rents pays a\u0300 faire preuve d\u2019une tole\u0301rance ze\u0301ro a\u0300 l\u2019e\u0301gard des conflits actuels et e\u0301mergents, et a\u0300 redoubler d\u2019efforts pour les re\u0301soudre, afin d\u2019atteindre l\u2019objectif ambitieux de \u00ab faire taire les armes a\u0300 feu a\u0300 travers l\u2019Afrique \u00bb.<\/p>\n<p>Au sujet de la violence sexiste, Ramaphosa a appele\u0301 le syste\u0300me des Nations unies a\u0300 continuer de fournir des capacite\u0301s et une assistance technique aux institutions e\u0301tatiques pour maintenir les normes de responsabilite\u0301 concernant la violence sexuelle et sexiste, et pour renforcer le cadre juridique de la lutte contre l\u2019impunite\u0301.<\/p>\n<p><strong>Pour plus d&rsquo;informations et d&rsquo;analyses sur la <a href=\"https:\/\/www.africa-press.net\/congo-kinshasa\">Congo Kinshasa<\/a>, suivez <a href=\"https:\/\/www.africa-press.net\/\">Africa-Press<\/a><\/strong><\/p>\n","protected":false},"excerpt":{"rendered":"<p>Africa-Press &#8211; Congo Kinshasa. Le pre\u0301sident sud-africain, Cyril Ramaphosa a regrette\u0301 que, dix ans apre\u0300s la signature de l\u2019accord-cadre d\u2019Addis-Abeba pour la paix, la se\u0301curite\u0301 et la coope\u0301ration pour la RDC et la re\u0301gion, la partie orientale du pays de Fe\u0301lix Tshisekedi continue de connai\u0302tre des cycles de conflit et de violence. La RDC accuse [&hellip;]<\/p>\n","protected":false},"author":82,"featured_media":55242,"comment_status":"open","ping_status":"closed","sticky":false,"template":"","format":"standard","meta":{"footnotes":""},"categories":[2,10],"tags":[36,47,46],"class_list":["post-55243","post","type-post","status-publish","format-standard","has-post-thumbnail","hentry","category-politique","category-toutes-les-actualites","tag-africa-press","tag-africa-press-congo-kinshasa","tag-congo-kinshasa"],"yoast_head":"<!-- This site is optimized with the Yoast SEO Premium plugin v26.1 (Yoast SEO v27.0) - https:\/\/yoast.com\/product\/yoast-seo-premium-wordpress\/ -->\n<title>Cyril Ramaphosa encourage la RDC et le Rwanda \u00e0 s\u2019engager dans un \u00ab v\u00e9ritable dialogue \u00bb - Congo-kinshasa<\/title>\n<meta name=\"description\" content=\"Le pre\u0301sident sud-africain, Cyril Ramaphosa a regrette\u0301 que, dix ans apre\u0300s la signature de l\u2019accord-cadre d\u2019Addis-Ab ...\" \/>\n<meta name=\"robots\" content=\"index, follow, max-snippet:-1, max-image-preview:large, max-video-preview:-1\" \/>\n<link rel=\"canonical\" href=\"https:\/\/www.africa-press.net\/congo-kinshasa\/politique\/cyril-ramaphosa-encourage-la-rdc-et-le-rwanda-a-sengager-dans-un-veritable-dialogue\" \/>\n<meta property=\"og:locale\" content=\"fr_FR\" \/>\n<meta property=\"og:type\" content=\"article\" \/>\n<meta property=\"og:title\" content=\"Cyril Ramaphosa encourage la RDC et le Rwanda \u00e0 s\u2019engager dans un \u00ab v\u00e9ritable dialogue \u00bb\" \/>\n<meta property=\"og:description\" content=\"Le pre\u0301sident sud-africain, Cyril Ramaphosa a regrette\u0301 que, dix ans apre\u0300s la signature de l\u2019accord-cadre d\u2019Addis-Ab ...\" \/>\n<meta property=\"og:url\" content=\"https:\/\/www.africa-press.net\/congo-kinshasa\/politique\/cyril-ramaphosa-encourage-la-rdc-et-le-rwanda-a-sengager-dans-un-veritable-dialogue\" \/>\n<meta property=\"og:site_name\" content=\"Congo-kinshasa\" \/>\n<meta property=\"article:published_time\" content=\"2023-02-20T20:07:25+00:00\" \/>\n<meta property=\"article:modified_time\" content=\"2023-02-20T20:40:12+00:00\" \/>\n<meta property=\"og:image\" content=\"https:\/\/static.africa-press.net\/congo-kinshasa\/sites\/49\/2023\/02\/postQueueImg_1676911049.79.jpg\" \/>\n\t<meta property=\"og:image:width\" content=\"720\" \/>\n\t<meta property=\"og:image:height\" content=\"370\" \/>\n\t<meta property=\"og:image:type\" content=\"image\/jpeg\" \/>\n<meta name=\"author\" content=\"cfeditorfr\" \/>\n<meta name=\"twitter:card\" content=\"summary_large_image\" \/>\n<meta name=\"twitter:label1\" content=\"\u00c9crit par\" \/>\n\t<meta name=\"twitter:data1\" content=\"cfeditorfr\" \/>\n\t<meta name=\"twitter:label2\" content=\"Dur\u00e9e de lecture estim\u00e9e\" \/>\n\t<meta name=\"twitter:data2\" content=\"2 minutes\" \/>\n<script type=\"application\/ld+json\" class=\"yoast-schema-graph\">{\"@context\":\"https:\/\/schema.org\",\"@graph\":[{\"@type\":\"Article\",\"@id\":\"https:\/\/www.africa-press.net\/congo-kinshasa\/politique\/cyril-ramaphosa-encourage-la-rdc-et-le-rwanda-a-sengager-dans-un-veritable-dialogue#article\",\"isPartOf\":{\"@id\":\"https:\/\/www.africa-press.net\/congo-kinshasa\/politique\/cyril-ramaphosa-encourage-la-rdc-et-le-rwanda-a-sengager-dans-un-veritable-dialogue\"},\"author\":{\"name\":\"cfeditorfr\",\"@id\":\"https:\/\/www.africa-press.net\/congo-kinshasa\/#\/schema\/person\/2b1cf3cd81a31e3cd26889ca66d677f1\"},\"headline\":\"Cyril Ramaphosa encourage la RDC et le Rwanda \u00e0 s\u2019engager dans un \u00ab v\u00e9ritable dialogue \u00bb\",\"datePublished\":\"2023-02-20T20:07:25+00:00\",\"dateModified\":\"2023-02-20T20:40:12+00:00\",\"mainEntityOfPage\":{\"@id\":\"https:\/\/www.africa-press.net\/congo-kinshasa\/politique\/cyril-ramaphosa-encourage-la-rdc-et-le-rwanda-a-sengager-dans-un-veritable-dialogue\"},\"wordCount\":467,\"commentCount\":0,\"image\":{\"@id\":\"https:\/\/www.africa-press.net\/congo-kinshasa\/politique\/cyril-ramaphosa-encourage-la-rdc-et-le-rwanda-a-sengager-dans-un-veritable-dialogue#primaryimage\"},\"thumbnailUrl\":\"https:\/\/static.africa-press.net\/congo-kinshasa\/sites\/49\/2023\/02\/postQueueImg_1676911049.79.jpg\",\"keywords\":[\"Africa Press\",\"Africa Press-Congo Kinshasa\",\"Congo Kinshasa\"],\"articleSection\":[\"Politique\",\"Toutes les actualit\u00e9s\"],\"inLanguage\":\"fr-FR\",\"potentialAction\":[{\"@type\":\"CommentAction\",\"name\":\"Comment\",\"target\":[\"https:\/\/www.africa-press.net\/congo-kinshasa\/politique\/cyril-ramaphosa-encourage-la-rdc-et-le-rwanda-a-sengager-dans-un-veritable-dialogue#respond\"]}]},{\"@type\":\"WebPage\",\"@id\":\"https:\/\/www.africa-press.net\/congo-kinshasa\/politique\/cyril-ramaphosa-encourage-la-rdc-et-le-rwanda-a-sengager-dans-un-veritable-dialogue\",\"url\":\"https:\/\/www.africa-press.net\/congo-kinshasa\/politique\/cyril-ramaphosa-encourage-la-rdc-et-le-rwanda-a-sengager-dans-un-veritable-dialogue\",\"name\":\"Cyril Ramaphosa encourage la RDC et le Rwanda \u00e0 s\u2019engager dans un \u00ab v\u00e9ritable dialogue \u00bb - Congo-kinshasa\",\"isPartOf\":{\"@id\":\"https:\/\/www.africa-press.net\/congo-kinshasa\/#website\"},\"primaryImageOfPage\":{\"@id\":\"https:\/\/www.africa-press.net\/congo-kinshasa\/politique\/cyril-ramaphosa-encourage-la-rdc-et-le-rwanda-a-sengager-dans-un-veritable-dialogue#primaryimage\"},\"image\":{\"@id\":\"https:\/\/www.africa-press.net\/congo-kinshasa\/politique\/cyril-ramaphosa-encourage-la-rdc-et-le-rwanda-a-sengager-dans-un-veritable-dialogue#primaryimage\"},\"thumbnailUrl\":\"https:\/\/static.africa-press.net\/congo-kinshasa\/sites\/49\/2023\/02\/postQueueImg_1676911049.79.jpg\",\"datePublished\":\"2023-02-20T20:07:25+00:00\",\"dateModified\":\"2023-02-20T20:40:12+00:00\",\"author\":{\"@id\":\"https:\/\/www.africa-press.net\/congo-kinshasa\/#\/schema\/person\/2b1cf3cd81a31e3cd26889ca66d677f1\"},\"description\":\"Le pre\u0301sident sud-africain, Cyril Ramaphosa a regrette\u0301 que, dix ans apre\u0300s la signature de l\u2019accord-cadre d\u2019Addis-Ab ...\",\"breadcrumb\":{\"@id\":\"https:\/\/www.africa-press.net\/congo-kinshasa\/politique\/cyril-ramaphosa-encourage-la-rdc-et-le-rwanda-a-sengager-dans-un-veritable-dialogue#breadcrumb\"},\"inLanguage\":\"fr-FR\",\"potentialAction\":[{\"@type\":\"ReadAction\",\"target\":[\"https:\/\/www.africa-press.net\/congo-kinshasa\/politique\/cyril-ramaphosa-encourage-la-rdc-et-le-rwanda-a-sengager-dans-un-veritable-dialogue\"]}]},{\"@type\":\"ImageObject\",\"inLanguage\":\"fr-FR\",\"@id\":\"https:\/\/www.africa-press.net\/congo-kinshasa\/politique\/cyril-ramaphosa-encourage-la-rdc-et-le-rwanda-a-sengager-dans-un-veritable-dialogue#primaryimage\",\"url\":\"https:\/\/static.africa-press.net\/congo-kinshasa\/sites\/49\/2023\/02\/postQueueImg_1676911049.79.jpg\",\"contentUrl\":\"https:\/\/static.africa-press.net\/congo-kinshasa\/sites\/49\/2023\/02\/postQueueImg_1676911049.79.jpg\",\"width\":720,\"height\":370,\"caption\":\"Cyril Ramaphosa encourage la RDC et le Rwanda \u00e0 s\u2019engager dans un \u00ab v\u00e9ritable dialogue \u00bb\"},{\"@type\":\"BreadcrumbList\",\"@id\":\"https:\/\/www.africa-press.net\/congo-kinshasa\/politique\/cyril-ramaphosa-encourage-la-rdc-et-le-rwanda-a-sengager-dans-un-veritable-dialogue#breadcrumb\",\"itemListElement\":[{\"@type\":\"ListItem\",\"position\":1,\"name\":\"Accueil\",\"item\":\"https:\/\/www.africa-press.net\/congo-kinshasa\/\"},{\"@type\":\"ListItem\",\"position\":2,\"name\":\"Cyril Ramaphosa encourage la RDC et le Rwanda \u00e0 s\u2019engager dans un \u00ab v\u00e9ritable dialogue \u00bb\"}]},{\"@type\":\"WebSite\",\"@id\":\"https:\/\/www.africa-press.net\/congo-kinshasa\/#website\",\"url\":\"https:\/\/www.africa-press.net\/congo-kinshasa\/\",\"name\":\"Congo-kinshasa\",\"description\":\"Just another Africa News Agency Sites site\",\"potentialAction\":[{\"@type\":\"SearchAction\",\"target\":{\"@type\":\"EntryPoint\",\"urlTemplate\":\"https:\/\/www.africa-press.net\/congo-kinshasa\/?s={search_term_string}\"},\"query-input\":{\"@type\":\"PropertyValueSpecification\",\"valueRequired\":true,\"valueName\":\"search_term_string\"}}],\"inLanguage\":\"fr-FR\"},{\"@type\":\"Person\",\"@id\":\"https:\/\/www.africa-press.net\/congo-kinshasa\/#\/schema\/person\/2b1cf3cd81a31e3cd26889ca66d677f1\",\"name\":\"cfeditorfr\"}]}<\/script>\n<!-- \/ Yoast SEO Premium plugin. -->","yoast_head_json":{"title":"Cyril Ramaphosa encourage la RDC et le Rwanda \u00e0 s\u2019engager dans un \u00ab v\u00e9ritable dialogue \u00bb - Congo-kinshasa","description":"Le pre\u0301sident sud-africain, Cyril Ramaphosa a regrette\u0301 que, dix ans apre\u0300s la signature de l\u2019accord-cadre d\u2019Addis-Ab ...","robots":{"index":"index","follow":"follow","max-snippet":"max-snippet:-1","max-image-preview":"max-image-preview:large","max-video-preview":"max-video-preview:-1"},"canonical":"https:\/\/www.africa-press.net\/congo-kinshasa\/politique\/cyril-ramaphosa-encourage-la-rdc-et-le-rwanda-a-sengager-dans-un-veritable-dialogue","og_locale":"fr_FR","og_type":"article","og_title":"Cyril Ramaphosa encourage la RDC et le Rwanda \u00e0 s\u2019engager dans un \u00ab v\u00e9ritable dialogue \u00bb","og_description":"Le pre\u0301sident sud-africain, Cyril Ramaphosa a regrette\u0301 que, dix ans apre\u0300s la signature de l\u2019accord-cadre d\u2019Addis-Ab ...","og_url":"https:\/\/www.africa-press.net\/congo-kinshasa\/politique\/cyril-ramaphosa-encourage-la-rdc-et-le-rwanda-a-sengager-dans-un-veritable-dialogue","og_site_name":"Congo-kinshasa","article_published_time":"2023-02-20T20:07:25+00:00","article_modified_time":"2023-02-20T20:40:12+00:00","og_image":[{"width":720,"height":370,"url":"https:\/\/static.africa-press.net\/congo-kinshasa\/sites\/49\/2023\/02\/postQueueImg_1676911049.79.jpg","type":"image\/jpeg"}],"author":"cfeditorfr","twitter_card":"summary_large_image","twitter_misc":{"\u00c9crit par":"cfeditorfr","Dur\u00e9e de lecture estim\u00e9e":"2 minutes"},"schema":{"@context":"https:\/\/schema.org","@graph":[{"@type":"Article","@id":"https:\/\/www.africa-press.net\/congo-kinshasa\/politique\/cyril-ramaphosa-encourage-la-rdc-et-le-rwanda-a-sengager-dans-un-veritable-dialogue#article","isPartOf":{"@id":"https:\/\/www.africa-press.net\/congo-kinshasa\/politique\/cyril-ramaphosa-encourage-la-rdc-et-le-rwanda-a-sengager-dans-un-veritable-dialogue"},"author":{"name":"cfeditorfr","@id":"https:\/\/www.africa-press.net\/congo-kinshasa\/#\/schema\/person\/2b1cf3cd81a31e3cd26889ca66d677f1"},"headline":"Cyril Ramaphosa encourage la RDC et le Rwanda \u00e0 s\u2019engager dans un \u00ab v\u00e9ritable dialogue \u00bb","datePublished":"2023-02-20T20:07:25+00:00","dateModified":"2023-02-20T20:40:12+00:00","mainEntityOfPage":{"@id":"https:\/\/www.africa-press.net\/congo-kinshasa\/politique\/cyril-ramaphosa-encourage-la-rdc-et-le-rwanda-a-sengager-dans-un-veritable-dialogue"},"wordCount":467,"commentCount":0,"image":{"@id":"https:\/\/www.africa-press.net\/congo-kinshasa\/politique\/cyril-ramaphosa-encourage-la-rdc-et-le-rwanda-a-sengager-dans-un-veritable-dialogue#primaryimage"},"thumbnailUrl":"https:\/\/static.africa-press.net\/congo-kinshasa\/sites\/49\/2023\/02\/postQueueImg_1676911049.79.jpg","keywords":["Africa Press","Africa Press-Congo Kinshasa","Congo Kinshasa"],"articleSection":["Politique","Toutes les actualit\u00e9s"],"inLanguage":"fr-FR","potentialAction":[{"@type":"CommentAction","name":"Comment","target":["https:\/\/www.africa-press.net\/congo-kinshasa\/politique\/cyril-ramaphosa-encourage-la-rdc-et-le-rwanda-a-sengager-dans-un-veritable-dialogue#respond"]}]},{"@type":"WebPage","@id":"https:\/\/www.africa-press.net\/congo-kinshasa\/politique\/cyril-ramaphosa-encourage-la-rdc-et-le-rwanda-a-sengager-dans-un-veritable-dialogue","url":"https:\/\/www.africa-press.net\/congo-kinshasa\/politique\/cyril-ramaphosa-encourage-la-rdc-et-le-rwanda-a-sengager-dans-un-veritable-dialogue","name":"Cyril Ramaphosa encourage la RDC et le Rwanda \u00e0 s\u2019engager dans un \u00ab v\u00e9ritable dialogue \u00bb - Congo-kinshasa","isPartOf":{"@id":"https:\/\/www.africa-press.net\/congo-kinshasa\/#website"},"primaryImageOfPage":{"@id":"https:\/\/www.africa-press.net\/congo-kinshasa\/politique\/cyril-ramaphosa-encourage-la-rdc-et-le-rwanda-a-sengager-dans-un-veritable-dialogue#primaryimage"},"image":{"@id":"https:\/\/www.africa-press.net\/congo-kinshasa\/politique\/cyril-ramaphosa-encourage-la-rdc-et-le-rwanda-a-sengager-dans-un-veritable-dialogue#primaryimage"},"thumbnailUrl":"https:\/\/static.africa-press.net\/congo-kinshasa\/sites\/49\/2023\/02\/postQueueImg_1676911049.79.jpg","datePublished":"2023-02-20T20:07:25+00:00","dateModified":"2023-02-20T20:40:12+00:00","author":{"@id":"https:\/\/www.africa-press.net\/congo-kinshasa\/#\/schema\/person\/2b1cf3cd81a31e3cd26889ca66d677f1"},"description":"Le pre\u0301sident sud-africain, Cyril Ramaphosa a regrette\u0301 que, dix ans apre\u0300s la signature de l\u2019accord-cadre d\u2019Addis-Ab ...","breadcrumb":{"@id":"https:\/\/www.africa-press.net\/congo-kinshasa\/politique\/cyril-ramaphosa-encourage-la-rdc-et-le-rwanda-a-sengager-dans-un-veritable-dialogue#breadcrumb"},"inLanguage":"fr-FR","potentialAction":[{"@type":"ReadAction","target":["https:\/\/www.africa-press.net\/congo-kinshasa\/politique\/cyril-ramaphosa-encourage-la-rdc-et-le-rwanda-a-sengager-dans-un-veritable-dialogue"]}]},{"@type":"ImageObject","inLanguage":"fr-FR","@id":"https:\/\/www.africa-press.net\/congo-kinshasa\/politique\/cyril-ramaphosa-encourage-la-rdc-et-le-rwanda-a-sengager-dans-un-veritable-dialogue#primaryimage","url":"https:\/\/static.africa-press.net\/congo-kinshasa\/sites\/49\/2023\/02\/postQueueImg_1676911049.79.jpg","contentUrl":"https:\/\/static.africa-press.net\/congo-kinshasa\/sites\/49\/2023\/02\/postQueueImg_1676911049.79.jpg","width":720,"height":370,"caption":"Cyril Ramaphosa encourage la RDC et le Rwanda \u00e0 s\u2019engager dans un \u00ab v\u00e9ritable dialogue \u00bb"},{"@type":"BreadcrumbList","@id":"https:\/\/www.africa-press.net\/congo-kinshasa\/politique\/cyril-ramaphosa-encourage-la-rdc-et-le-rwanda-a-sengager-dans-un-veritable-dialogue#breadcrumb","itemListElement":[{"@type":"ListItem","position":1,"name":"Accueil","item":"https:\/\/www.africa-press.net\/congo-kinshasa\/"},{"@type":"ListItem","position":2,"name":"Cyril Ramaphosa encourage la RDC et le Rwanda \u00e0 s\u2019engager dans un \u00ab v\u00e9ritable dialogue \u00bb"}]},{"@type":"WebSite","@id":"https:\/\/www.africa-press.net\/congo-kinshasa\/#website","url":"https:\/\/www.africa-press.net\/congo-kinshasa\/","name":"Congo-kinshasa","description":"Just another Africa News Agency Sites site","potentialAction":[{"@type":"SearchAction","target":{"@type":"EntryPoint","urlTemplate":"https:\/\/www.africa-press.net\/congo-kinshasa\/?s={search_term_string}"},"query-input":{"@type":"PropertyValueSpecification","valueRequired":true,"valueName":"search_term_string"}}],"inLanguage":"fr-FR"},{"@type":"Person","@id":"https:\/\/www.africa-press.net\/congo-kinshasa\/#\/schema\/person\/2b1cf3cd81a31e3cd26889ca66d677f1","name":"cfeditorfr"}]}},"_links":{"self":[{"href":"https:\/\/www.africa-press.net\/congo-kinshasa\/wp-json\/wp\/v2\/posts\/55243","targetHints":{"allow":["GET"]}}],"collection":[{"href":"https:\/\/www.africa-press.net\/congo-kinshasa\/wp-json\/wp\/v2\/posts"}],"about":[{"href":"https:\/\/www.africa-press.net\/congo-kinshasa\/wp-json\/wp\/v2\/types\/post"}],"author":[{"embeddable":true,"href":"https:\/\/www.africa-press.net\/congo-kinshasa\/wp-json\/wp\/v2\/users\/82"}],"replies":[{"embeddable":true,"href":"https:\/\/www.africa-press.net\/congo-kinshasa\/wp-json\/wp\/v2\/comments?post=55243"}],"version-history":[{"count":0,"href":"https:\/\/www.africa-press.net\/congo-kinshasa\/wp-json\/wp\/v2\/posts\/55243\/revisions"}],"wp:featuredmedia":[{"embeddable":true,"href":"https:\/\/www.africa-press.net\/congo-kinshasa\/wp-json\/wp\/v2\/media\/55242"}],"wp:attachment":[{"href":"https:\/\/www.africa-press.net\/congo-kinshasa\/wp-json\/wp\/v2\/media?parent=55243"}],"wp:term":[{"taxonomy":"category","embeddable":true,"href":"https:\/\/www.africa-press.net\/congo-kinshasa\/wp-json\/wp\/v2\/categories?post=55243"},{"taxonomy":"post_tag","embeddable":true,"href":"https:\/\/www.africa-press.net\/congo-kinshasa\/wp-json\/wp\/v2\/tags?post=55243"}],"curies":[{"name":"wp","href":"https:\/\/api.w.org\/{rel}","templated":true}]}}