{"id":62377,"date":"2023-05-11T12:28:37","date_gmt":"2023-05-11T12:28:37","guid":{"rendered":"https:\/\/www.africa-press.net\/congo-kinshasa\/politique\/cyril-ramaphosa-appelle-a-la-fin-du-conflit-dans-lest-de-la-rdc"},"modified":"2023-05-11T12:54:01","modified_gmt":"2023-05-11T12:54:01","slug":"cyril-ramaphosa-appelle-a-la-fin-du-conflit-dans-lest-de-la-rdc","status":"publish","type":"post","link":"https:\/\/www.africa-press.net\/congo-kinshasa\/politique\/cyril-ramaphosa-appelle-a-la-fin-du-conflit-dans-lest-de-la-rdc","title":{"rendered":"Cyril Ramaphosa appelle \u00e0 la fin du conflit dans l\u2019Est de la RDC"},"content":{"rendered":"<p><span style=\"color: #ff6600\"><strong>Africa-Press &#8211; Congo Kinshasa. <\/strong><\/span><b>Le conflit dans la re\u0301gion Est de la RDC doit prendre fin et l\u2019Afrique du Sud est pre\u0302te a\u0300 contribuer aux efforts visant a\u0300 ramener la paix dans la re\u0301gion, a de\u0301clare\u0301 le pre\u0301sident sud-africain, Cyril Ramaphosa. Il s\u2019est ainsi exprime\u0301 lundi 8 mai en Namibie, a\u0300 l\u2019issue du Sommet extraordinaire de la Troi\u0308ka de la SADC et des pays contributeurs de troupes de la Brigade d\u2019intervention de la MONUSCO.<\/b><\/p>\n<p>Le chef de l&rsquo;Etat sud-africain note avec pre\u0301occupation la de\u0301te\u0301rioration de la situation se\u0301curitaire dans l\u2019Est de la RDC : \u00ab Nous condamnons les activite\u0301s des groupes arme\u0301s ille\u0301gaux et leur demandons, ainsi qu\u2019a\u0300 leurs commanditaires, de cesser imme\u0301diatement leurs activite\u0301s. La guerre dure depuis trop longtemps et nous sommes fermement convaincus que le peuple de la RDC me\u0301rite la paix et le de\u0301veloppement \u00bb.<\/p>\n<p>Se confiant au journal sud-africain SAnews, Cyril Ramaphosa, annonce que \u00ab l\u2019Afrique du Sud est pre\u0302te a\u0300 contribuer a\u0300 l\u2019e\u0301laboration d\u2019instruments re\u0301gionaux efficaces, qui pourraient aider a\u0300 stabiliser la situation se\u0301curitaire actuelle qui pre\u0301vaut dans l\u2019est de la RDC \u00bb.<\/p>\n<p>Il dit par ailleurs soutenir \u00ab la ne\u0301cessite\u0301 d\u2019une planification a\u0300 long terme ancre\u0301e dans l\u2019architecture de paix et de se\u0301curite\u0301 de la SADC \u00bb.<\/p>\n<p>Selon la pre\u0301sidence sud-africaine, le conflit dans l\u2019Est de la RDC fait l\u2019objet d\u2019une \u00ab attention particulie\u0300re \u00bb non seulement lors du sommet de la SADC, mais aussi de la part de l\u2019Union africaine (UA) et d\u2019autres organismes re\u0301gionaux.<\/p>\n<p>L\u2019Afrique du Sud est l\u2019un des pays contributeurs de troupes de la Brigade d\u2019intervention de la Force de la MONUSCO, qui avait de\u0301fait le M23 entre 2012 et 2013.<\/p>\n<p><strong>Pour plus d&rsquo;informations et d&rsquo;analyses sur la <a href=\"https:\/\/www.africa-press.net\/congo-kinshasa\">Congo Kinshasa<\/a>, suivez <a href=\"https:\/\/www.africa-press.net\/\">Africa-Press<\/a><\/strong><\/p>\n","protected":false},"excerpt":{"rendered":"<p>Africa-Press &#8211; Congo Kinshasa. Le conflit dans la re\u0301gion Est de la RDC doit prendre fin et l\u2019Afrique du Sud est pre\u0302te a\u0300 contribuer aux efforts visant a\u0300 ramener la paix dans la re\u0301gion, a de\u0301clare\u0301 le pre\u0301sident sud-africain, Cyril Ramaphosa. Il s\u2019est ainsi exprime\u0301 lundi 8 mai en Namibie, a\u0300 l\u2019issue du Sommet extraordinaire [&hellip;]<\/p>\n","protected":false},"author":82,"featured_media":62374,"comment_status":"open","ping_status":"closed","sticky":false,"template":"","format":"standard","meta":{"footnotes":""},"categories":[2,10],"tags":[36,47,46],"class_list":["post-62377","post","type-post","status-publish","format-standard","has-post-thumbnail","hentry","category-politique","category-toutes-les-actualites","tag-africa-press","tag-africa-press-congo-kinshasa","tag-congo-kinshasa"],"yoast_head":"<!-- This site is optimized with the Yoast SEO Premium plugin v26.1 (Yoast SEO v27.0) - https:\/\/yoast.com\/product\/yoast-seo-premium-wordpress\/ -->\n<title>Cyril Ramaphosa appelle \u00e0 la fin du conflit dans l\u2019Est de la RDC - Congo-kinshasa<\/title>\n<meta name=\"description\" content=\"Le conflit dans la re\u0301gion Est de la RDC doit prendre fin et l\u2019Afrique du Sud est pre\u0302te a\u0300 contribuer aux efforts vi ...\" \/>\n<meta name=\"robots\" content=\"index, follow, max-snippet:-1, max-image-preview:large, max-video-preview:-1\" \/>\n<link rel=\"canonical\" href=\"https:\/\/www.africa-press.net\/congo-kinshasa\/politique\/cyril-ramaphosa-appelle-a-la-fin-du-conflit-dans-lest-de-la-rdc\" \/>\n<meta property=\"og:locale\" content=\"fr_FR\" \/>\n<meta property=\"og:type\" content=\"article\" \/>\n<meta property=\"og:title\" content=\"Cyril Ramaphosa appelle \u00e0 la fin du conflit dans l\u2019Est de la RDC\" \/>\n<meta property=\"og:description\" content=\"Le conflit dans la re\u0301gion Est de la RDC doit prendre fin et l\u2019Afrique du Sud est pre\u0302te a\u0300 contribuer aux efforts vi ...\" \/>\n<meta property=\"og:url\" content=\"https:\/\/www.africa-press.net\/congo-kinshasa\/politique\/cyril-ramaphosa-appelle-a-la-fin-du-conflit-dans-lest-de-la-rdc\" \/>\n<meta property=\"og:site_name\" content=\"Congo-kinshasa\" \/>\n<meta property=\"article:published_time\" content=\"2023-05-11T12:28:37+00:00\" \/>\n<meta property=\"article:modified_time\" content=\"2023-05-11T12:54:01+00:00\" \/>\n<meta property=\"og:image\" content=\"https:\/\/static.africa-press.net\/congo-kinshasa\/sites\/49\/2023\/05\/postQueueImg_1683795521.08.jpg\" \/>\n\t<meta property=\"og:image:width\" content=\"1199\" \/>\n\t<meta property=\"og:image:height\" content=\"674\" \/>\n\t<meta property=\"og:image:type\" content=\"image\/jpeg\" \/>\n<meta name=\"author\" content=\"cfeditorfr\" \/>\n<meta name=\"twitter:card\" content=\"summary_large_image\" \/>\n<meta name=\"twitter:label1\" content=\"\u00c9crit par\" \/>\n\t<meta name=\"twitter:data1\" content=\"cfeditorfr\" \/>\n\t<meta name=\"twitter:label2\" content=\"Dur\u00e9e de lecture estim\u00e9e\" \/>\n\t<meta name=\"twitter:data2\" content=\"2 minutes\" \/>\n<script type=\"application\/ld+json\" class=\"yoast-schema-graph\">{\"@context\":\"https:\/\/schema.org\",\"@graph\":[{\"@type\":\"Article\",\"@id\":\"https:\/\/www.africa-press.net\/congo-kinshasa\/politique\/cyril-ramaphosa-appelle-a-la-fin-du-conflit-dans-lest-de-la-rdc#article\",\"isPartOf\":{\"@id\":\"https:\/\/www.africa-press.net\/congo-kinshasa\/politique\/cyril-ramaphosa-appelle-a-la-fin-du-conflit-dans-lest-de-la-rdc\"},\"author\":{\"name\":\"cfeditorfr\",\"@id\":\"https:\/\/www.africa-press.net\/congo-kinshasa\/#\/schema\/person\/2b1cf3cd81a31e3cd26889ca66d677f1\"},\"headline\":\"Cyril Ramaphosa appelle \u00e0 la fin du conflit dans l\u2019Est de la RDC\",\"datePublished\":\"2023-05-11T12:28:37+00:00\",\"dateModified\":\"2023-05-11T12:54:01+00:00\",\"mainEntityOfPage\":{\"@id\":\"https:\/\/www.africa-press.net\/congo-kinshasa\/politique\/cyril-ramaphosa-appelle-a-la-fin-du-conflit-dans-lest-de-la-rdc\"},\"wordCount\":336,\"commentCount\":0,\"image\":{\"@id\":\"https:\/\/www.africa-press.net\/congo-kinshasa\/politique\/cyril-ramaphosa-appelle-a-la-fin-du-conflit-dans-lest-de-la-rdc#primaryimage\"},\"thumbnailUrl\":\"https:\/\/static.africa-press.net\/congo-kinshasa\/sites\/49\/2023\/05\/postQueueImg_1683795521.08.jpg\",\"keywords\":[\"Africa Press\",\"Africa Press-Congo Kinshasa\",\"Congo Kinshasa\"],\"articleSection\":[\"Politique\",\"Toutes les actualit\u00e9s\"],\"inLanguage\":\"fr-FR\",\"potentialAction\":[{\"@type\":\"CommentAction\",\"name\":\"Comment\",\"target\":[\"https:\/\/www.africa-press.net\/congo-kinshasa\/politique\/cyril-ramaphosa-appelle-a-la-fin-du-conflit-dans-lest-de-la-rdc#respond\"]}]},{\"@type\":\"WebPage\",\"@id\":\"https:\/\/www.africa-press.net\/congo-kinshasa\/politique\/cyril-ramaphosa-appelle-a-la-fin-du-conflit-dans-lest-de-la-rdc\",\"url\":\"https:\/\/www.africa-press.net\/congo-kinshasa\/politique\/cyril-ramaphosa-appelle-a-la-fin-du-conflit-dans-lest-de-la-rdc\",\"name\":\"Cyril Ramaphosa appelle \u00e0 la fin du conflit dans l\u2019Est de la RDC - Congo-kinshasa\",\"isPartOf\":{\"@id\":\"https:\/\/www.africa-press.net\/congo-kinshasa\/#website\"},\"primaryImageOfPage\":{\"@id\":\"https:\/\/www.africa-press.net\/congo-kinshasa\/politique\/cyril-ramaphosa-appelle-a-la-fin-du-conflit-dans-lest-de-la-rdc#primaryimage\"},\"image\":{\"@id\":\"https:\/\/www.africa-press.net\/congo-kinshasa\/politique\/cyril-ramaphosa-appelle-a-la-fin-du-conflit-dans-lest-de-la-rdc#primaryimage\"},\"thumbnailUrl\":\"https:\/\/static.africa-press.net\/congo-kinshasa\/sites\/49\/2023\/05\/postQueueImg_1683795521.08.jpg\",\"datePublished\":\"2023-05-11T12:28:37+00:00\",\"dateModified\":\"2023-05-11T12:54:01+00:00\",\"author\":{\"@id\":\"https:\/\/www.africa-press.net\/congo-kinshasa\/#\/schema\/person\/2b1cf3cd81a31e3cd26889ca66d677f1\"},\"description\":\"Le conflit dans la re\u0301gion Est de la RDC doit prendre fin et l\u2019Afrique du Sud est pre\u0302te a\u0300 contribuer aux efforts vi ...\",\"breadcrumb\":{\"@id\":\"https:\/\/www.africa-press.net\/congo-kinshasa\/politique\/cyril-ramaphosa-appelle-a-la-fin-du-conflit-dans-lest-de-la-rdc#breadcrumb\"},\"inLanguage\":\"fr-FR\",\"potentialAction\":[{\"@type\":\"ReadAction\",\"target\":[\"https:\/\/www.africa-press.net\/congo-kinshasa\/politique\/cyril-ramaphosa-appelle-a-la-fin-du-conflit-dans-lest-de-la-rdc\"]}]},{\"@type\":\"ImageObject\",\"inLanguage\":\"fr-FR\",\"@id\":\"https:\/\/www.africa-press.net\/congo-kinshasa\/politique\/cyril-ramaphosa-appelle-a-la-fin-du-conflit-dans-lest-de-la-rdc#primaryimage\",\"url\":\"https:\/\/static.africa-press.net\/congo-kinshasa\/sites\/49\/2023\/05\/postQueueImg_1683795521.08.jpg\",\"contentUrl\":\"https:\/\/static.africa-press.net\/congo-kinshasa\/sites\/49\/2023\/05\/postQueueImg_1683795521.08.jpg\",\"width\":1199,\"height\":674,\"caption\":\"Cyril Ramaphosa appelle \u00e0 la fin du conflit dans l\u2019Est de la RDC\"},{\"@type\":\"BreadcrumbList\",\"@id\":\"https:\/\/www.africa-press.net\/congo-kinshasa\/politique\/cyril-ramaphosa-appelle-a-la-fin-du-conflit-dans-lest-de-la-rdc#breadcrumb\",\"itemListElement\":[{\"@type\":\"ListItem\",\"position\":1,\"name\":\"Accueil\",\"item\":\"https:\/\/www.africa-press.net\/congo-kinshasa\/\"},{\"@type\":\"ListItem\",\"position\":2,\"name\":\"Cyril Ramaphosa appelle \u00e0 la fin du conflit dans l\u2019Est de la RDC\"}]},{\"@type\":\"WebSite\",\"@id\":\"https:\/\/www.africa-press.net\/congo-kinshasa\/#website\",\"url\":\"https:\/\/www.africa-press.net\/congo-kinshasa\/\",\"name\":\"Congo-kinshasa\",\"description\":\"Just another Africa News Agency Sites site\",\"potentialAction\":[{\"@type\":\"SearchAction\",\"target\":{\"@type\":\"EntryPoint\",\"urlTemplate\":\"https:\/\/www.africa-press.net\/congo-kinshasa\/?s={search_term_string}\"},\"query-input\":{\"@type\":\"PropertyValueSpecification\",\"valueRequired\":true,\"valueName\":\"search_term_string\"}}],\"inLanguage\":\"fr-FR\"},{\"@type\":\"Person\",\"@id\":\"https:\/\/www.africa-press.net\/congo-kinshasa\/#\/schema\/person\/2b1cf3cd81a31e3cd26889ca66d677f1\",\"name\":\"cfeditorfr\"}]}<\/script>\n<!-- \/ Yoast SEO Premium plugin. -->","yoast_head_json":{"title":"Cyril Ramaphosa appelle \u00e0 la fin du conflit dans l\u2019Est de la RDC - Congo-kinshasa","description":"Le conflit dans la re\u0301gion Est de la RDC doit prendre fin et l\u2019Afrique du Sud est pre\u0302te a\u0300 contribuer aux efforts vi ...","robots":{"index":"index","follow":"follow","max-snippet":"max-snippet:-1","max-image-preview":"max-image-preview:large","max-video-preview":"max-video-preview:-1"},"canonical":"https:\/\/www.africa-press.net\/congo-kinshasa\/politique\/cyril-ramaphosa-appelle-a-la-fin-du-conflit-dans-lest-de-la-rdc","og_locale":"fr_FR","og_type":"article","og_title":"Cyril Ramaphosa appelle \u00e0 la fin du conflit dans l\u2019Est de la RDC","og_description":"Le conflit dans la re\u0301gion Est de la RDC doit prendre fin et l\u2019Afrique du Sud est pre\u0302te a\u0300 contribuer aux efforts vi ...","og_url":"https:\/\/www.africa-press.net\/congo-kinshasa\/politique\/cyril-ramaphosa-appelle-a-la-fin-du-conflit-dans-lest-de-la-rdc","og_site_name":"Congo-kinshasa","article_published_time":"2023-05-11T12:28:37+00:00","article_modified_time":"2023-05-11T12:54:01+00:00","og_image":[{"width":1199,"height":674,"url":"https:\/\/static.africa-press.net\/congo-kinshasa\/sites\/49\/2023\/05\/postQueueImg_1683795521.08.jpg","type":"image\/jpeg"}],"author":"cfeditorfr","twitter_card":"summary_large_image","twitter_misc":{"\u00c9crit par":"cfeditorfr","Dur\u00e9e de lecture estim\u00e9e":"2 minutes"},"schema":{"@context":"https:\/\/schema.org","@graph":[{"@type":"Article","@id":"https:\/\/www.africa-press.net\/congo-kinshasa\/politique\/cyril-ramaphosa-appelle-a-la-fin-du-conflit-dans-lest-de-la-rdc#article","isPartOf":{"@id":"https:\/\/www.africa-press.net\/congo-kinshasa\/politique\/cyril-ramaphosa-appelle-a-la-fin-du-conflit-dans-lest-de-la-rdc"},"author":{"name":"cfeditorfr","@id":"https:\/\/www.africa-press.net\/congo-kinshasa\/#\/schema\/person\/2b1cf3cd81a31e3cd26889ca66d677f1"},"headline":"Cyril Ramaphosa appelle \u00e0 la fin du conflit dans l\u2019Est de la RDC","datePublished":"2023-05-11T12:28:37+00:00","dateModified":"2023-05-11T12:54:01+00:00","mainEntityOfPage":{"@id":"https:\/\/www.africa-press.net\/congo-kinshasa\/politique\/cyril-ramaphosa-appelle-a-la-fin-du-conflit-dans-lest-de-la-rdc"},"wordCount":336,"commentCount":0,"image":{"@id":"https:\/\/www.africa-press.net\/congo-kinshasa\/politique\/cyril-ramaphosa-appelle-a-la-fin-du-conflit-dans-lest-de-la-rdc#primaryimage"},"thumbnailUrl":"https:\/\/static.africa-press.net\/congo-kinshasa\/sites\/49\/2023\/05\/postQueueImg_1683795521.08.jpg","keywords":["Africa Press","Africa Press-Congo Kinshasa","Congo Kinshasa"],"articleSection":["Politique","Toutes les actualit\u00e9s"],"inLanguage":"fr-FR","potentialAction":[{"@type":"CommentAction","name":"Comment","target":["https:\/\/www.africa-press.net\/congo-kinshasa\/politique\/cyril-ramaphosa-appelle-a-la-fin-du-conflit-dans-lest-de-la-rdc#respond"]}]},{"@type":"WebPage","@id":"https:\/\/www.africa-press.net\/congo-kinshasa\/politique\/cyril-ramaphosa-appelle-a-la-fin-du-conflit-dans-lest-de-la-rdc","url":"https:\/\/www.africa-press.net\/congo-kinshasa\/politique\/cyril-ramaphosa-appelle-a-la-fin-du-conflit-dans-lest-de-la-rdc","name":"Cyril Ramaphosa appelle \u00e0 la fin du conflit dans l\u2019Est de la RDC - Congo-kinshasa","isPartOf":{"@id":"https:\/\/www.africa-press.net\/congo-kinshasa\/#website"},"primaryImageOfPage":{"@id":"https:\/\/www.africa-press.net\/congo-kinshasa\/politique\/cyril-ramaphosa-appelle-a-la-fin-du-conflit-dans-lest-de-la-rdc#primaryimage"},"image":{"@id":"https:\/\/www.africa-press.net\/congo-kinshasa\/politique\/cyril-ramaphosa-appelle-a-la-fin-du-conflit-dans-lest-de-la-rdc#primaryimage"},"thumbnailUrl":"https:\/\/static.africa-press.net\/congo-kinshasa\/sites\/49\/2023\/05\/postQueueImg_1683795521.08.jpg","datePublished":"2023-05-11T12:28:37+00:00","dateModified":"2023-05-11T12:54:01+00:00","author":{"@id":"https:\/\/www.africa-press.net\/congo-kinshasa\/#\/schema\/person\/2b1cf3cd81a31e3cd26889ca66d677f1"},"description":"Le conflit dans la re\u0301gion Est de la RDC doit prendre fin et l\u2019Afrique du Sud est pre\u0302te a\u0300 contribuer aux efforts vi ...","breadcrumb":{"@id":"https:\/\/www.africa-press.net\/congo-kinshasa\/politique\/cyril-ramaphosa-appelle-a-la-fin-du-conflit-dans-lest-de-la-rdc#breadcrumb"},"inLanguage":"fr-FR","potentialAction":[{"@type":"ReadAction","target":["https:\/\/www.africa-press.net\/congo-kinshasa\/politique\/cyril-ramaphosa-appelle-a-la-fin-du-conflit-dans-lest-de-la-rdc"]}]},{"@type":"ImageObject","inLanguage":"fr-FR","@id":"https:\/\/www.africa-press.net\/congo-kinshasa\/politique\/cyril-ramaphosa-appelle-a-la-fin-du-conflit-dans-lest-de-la-rdc#primaryimage","url":"https:\/\/static.africa-press.net\/congo-kinshasa\/sites\/49\/2023\/05\/postQueueImg_1683795521.08.jpg","contentUrl":"https:\/\/static.africa-press.net\/congo-kinshasa\/sites\/49\/2023\/05\/postQueueImg_1683795521.08.jpg","width":1199,"height":674,"caption":"Cyril Ramaphosa appelle \u00e0 la fin du conflit dans l\u2019Est de la RDC"},{"@type":"BreadcrumbList","@id":"https:\/\/www.africa-press.net\/congo-kinshasa\/politique\/cyril-ramaphosa-appelle-a-la-fin-du-conflit-dans-lest-de-la-rdc#breadcrumb","itemListElement":[{"@type":"ListItem","position":1,"name":"Accueil","item":"https:\/\/www.africa-press.net\/congo-kinshasa\/"},{"@type":"ListItem","position":2,"name":"Cyril Ramaphosa appelle \u00e0 la fin du conflit dans l\u2019Est de la RDC"}]},{"@type":"WebSite","@id":"https:\/\/www.africa-press.net\/congo-kinshasa\/#website","url":"https:\/\/www.africa-press.net\/congo-kinshasa\/","name":"Congo-kinshasa","description":"Just another Africa News Agency Sites site","potentialAction":[{"@type":"SearchAction","target":{"@type":"EntryPoint","urlTemplate":"https:\/\/www.africa-press.net\/congo-kinshasa\/?s={search_term_string}"},"query-input":{"@type":"PropertyValueSpecification","valueRequired":true,"valueName":"search_term_string"}}],"inLanguage":"fr-FR"},{"@type":"Person","@id":"https:\/\/www.africa-press.net\/congo-kinshasa\/#\/schema\/person\/2b1cf3cd81a31e3cd26889ca66d677f1","name":"cfeditorfr"}]}},"_links":{"self":[{"href":"https:\/\/www.africa-press.net\/congo-kinshasa\/wp-json\/wp\/v2\/posts\/62377","targetHints":{"allow":["GET"]}}],"collection":[{"href":"https:\/\/www.africa-press.net\/congo-kinshasa\/wp-json\/wp\/v2\/posts"}],"about":[{"href":"https:\/\/www.africa-press.net\/congo-kinshasa\/wp-json\/wp\/v2\/types\/post"}],"author":[{"embeddable":true,"href":"https:\/\/www.africa-press.net\/congo-kinshasa\/wp-json\/wp\/v2\/users\/82"}],"replies":[{"embeddable":true,"href":"https:\/\/www.africa-press.net\/congo-kinshasa\/wp-json\/wp\/v2\/comments?post=62377"}],"version-history":[{"count":0,"href":"https:\/\/www.africa-press.net\/congo-kinshasa\/wp-json\/wp\/v2\/posts\/62377\/revisions"}],"wp:featuredmedia":[{"embeddable":true,"href":"https:\/\/www.africa-press.net\/congo-kinshasa\/wp-json\/wp\/v2\/media\/62374"}],"wp:attachment":[{"href":"https:\/\/www.africa-press.net\/congo-kinshasa\/wp-json\/wp\/v2\/media?parent=62377"}],"wp:term":[{"taxonomy":"category","embeddable":true,"href":"https:\/\/www.africa-press.net\/congo-kinshasa\/wp-json\/wp\/v2\/categories?post=62377"},{"taxonomy":"post_tag","embeddable":true,"href":"https:\/\/www.africa-press.net\/congo-kinshasa\/wp-json\/wp\/v2\/tags?post=62377"}],"curies":[{"name":"wp","href":"https:\/\/api.w.org\/{rel}","templated":true}]}}