{"id":6291,"date":"2021-06-07T17:41:44","date_gmt":"2021-06-07T17:41:44","guid":{"rendered":"https:\/\/www.africa-press.net\/congo-kinshasa\/politique\/sama-lukonde-exhorte-les-humanitaires-a-mettre-sur-pied-des-mesures-dencadrement-des-sinistres-de-goma"},"modified":"2021-06-07T18:04:56","modified_gmt":"2021-06-07T18:04:56","slug":"sama-lukonde-exhorte-les-humanitaires-a-mettre-sur-pied-des-mesures-dencadrement-des-sinistres-de-goma","status":"publish","type":"post","link":"https:\/\/www.africa-press.net\/congo-kinshasa\/politique\/sama-lukonde-exhorte-les-humanitaires-a-mettre-sur-pied-des-mesures-dencadrement-des-sinistres-de-goma","title":{"rendered":"Sama Lukonde exhorte les humanitaires \u00e0 mettre sur pied des mesures d\u2019encadrement des sinistr\u00e9s de Goma"},"content":{"rendered":"<p><span style=\"color: #ff6600\"><strong><a href=\"https:\/\/www.africa-press.net\/\">Africa-Press<\/a> &#8211; <a href=\"https:\/\/www.africa-press.net\/congo-kinshasa\">Congo Kinshasa<\/a>. <\/strong><\/span><b>Le Premier ministre, Jean-Michel Sama Lukonde Kyenge a pr\u00e9sid\u00e9, dimanche, apr\u00e8s avoir visit\u00e9 les installations de l\u2019OVG \u00e0 Goma, une s\u00e9ance de travail avec les partenaires humanitaires \u0153uvrant \u00e0 Goma \u00e0 qui il a exhort\u00e9 \u00e0 mettre sur pied des mesures d\u2019encadrement et de l\u2019am\u00e9lioration de conditions de vie des d\u00e9plac\u00e9es et de sinistr\u00e9s de Goma.<\/b><\/p>\n<p>Tous les repr\u00e9sentants des organisations nationales et internationales intervenant dans les questions d\u2019appui humanitaire et de d\u00e9veloppement en faveur des populations sinistr\u00e9es et d\u00e9plac\u00e9es de Goma ont \u00e9t\u00e9 convi\u00e9s \u00e0 cette s\u00e9ance de travail consacr\u00e9e \u00e0 l\u2019\u00e9valuation de la situation de l\u2019assistance des victimes en cette p\u00e9riode o\u00f9 plus de 160 mille personnes sont de retour \u00e0 Goma.<\/p>\n<p>A cette occasion, les repr\u00e9sentants des organisations humanitaires ont renouvel\u00e9 leur franche collaboration avec le Gouvernement congolais.<\/p>\n<p>Sama Lukonde a pr\u00e9sid\u00e9 \u00e9galement Une r\u00e9union du Conseil de s\u00e9curit\u00e9 \u00e0 Goma<\/p>\n<p>Le Premier ministre a pr\u00e9sid\u00e9 juste apr\u00e8s la s\u00e9ance de travail avec les humanitaires, une r\u00e9union de s\u00e9curit\u00e9 avec toutes les autorit\u00e9s commises \u00e0 l\u2019\u00e9tat de si\u00e8ge de la province du Nord-Kivu, les membres du Gouvernement et les d\u00e9put\u00e9s nationaux \u00e9lus de Goma.<\/p>\n<p>Au cours de cette r\u00e9union, toutes les questions relatives aux op\u00e9rations militaires sur le terrain ont \u00e9t\u00e9 pass\u00e9es en revues pour des dispositions utiles. La gestion de la crise due \u00e0 l\u2019\u00e9ruption volcanique a \u00e9t\u00e9 \u00e9voqu\u00e9e pour renforcer les dispositions de soutien aux populations victimes de cette catastrophe naturelle.<\/p>\n<p>Le Premier ministre Sama Lukonde a instruit toutes parties prenantes de se mettre au travail en vue de privil\u00e9gier le bien-\u00eatre des populations.<\/p>\n","protected":false},"excerpt":{"rendered":"<p>Africa-Press &#8211; Congo Kinshasa. Le Premier ministre, Jean-Michel Sama Lukonde Kyenge a pr\u00e9sid\u00e9, dimanche, apr\u00e8s avoir visit\u00e9 les installations de l\u2019OVG \u00e0 Goma, une s\u00e9ance de travail avec les partenaires humanitaires \u0153uvrant \u00e0 Goma \u00e0 qui il a exhort\u00e9 \u00e0 mettre sur pied des mesures d\u2019encadrement et de l\u2019am\u00e9lioration de conditions de vie des d\u00e9plac\u00e9es [&hellip;]<\/p>\n","protected":false},"author":82,"featured_media":6290,"comment_status":"open","ping_status":"closed","sticky":false,"template":"","format":"standard","meta":{"footnotes":""},"categories":[11,2,10],"tags":[36,47,46],"class_list":["post-6291","post","type-post","status-publish","format-standard","has-post-thumbnail","hentry","category-homepage-french","category-politique","category-toutes-les-actualites","tag-africa-press","tag-africa-press-congo-kinshasa","tag-congo-kinshasa"],"yoast_head":"<!-- This site is optimized with the Yoast SEO Premium plugin v26.1 (Yoast SEO v27.0) - https:\/\/yoast.com\/product\/yoast-seo-premium-wordpress\/ -->\n<title>Sama Lukonde exhorte les humanitaires \u00e0 mettre sur pied des mesures d\u2019encadrement des sinistr\u00e9s de Goma - Congo-kinshasa<\/title>\n<meta name=\"description\" content=\"Le Premier ministre, Jean-Michel Sama Lukonde Kyenge a pr\u00e9sid\u00e9, dimanche, apr\u00e8s avoir visit\u00e9 les installations de l\u2019O ...\" \/>\n<meta name=\"robots\" content=\"index, follow, max-snippet:-1, max-image-preview:large, max-video-preview:-1\" \/>\n<link rel=\"canonical\" href=\"https:\/\/www.africa-press.net\/congo-kinshasa\/politique\/sama-lukonde-exhorte-les-humanitaires-a-mettre-sur-pied-des-mesures-dencadrement-des-sinistres-de-goma\" \/>\n<meta property=\"og:locale\" content=\"fr_FR\" \/>\n<meta property=\"og:type\" content=\"article\" \/>\n<meta property=\"og:title\" content=\"Sama Lukonde exhorte les humanitaires \u00e0 mettre sur pied des mesures d\u2019encadrement des sinistr\u00e9s de Goma\" \/>\n<meta property=\"og:description\" content=\"Le Premier ministre, Jean-Michel Sama Lukonde Kyenge a pr\u00e9sid\u00e9, dimanche, apr\u00e8s avoir visit\u00e9 les installations de l\u2019O ...\" \/>\n<meta property=\"og:url\" content=\"https:\/\/www.africa-press.net\/congo-kinshasa\/politique\/sama-lukonde-exhorte-les-humanitaires-a-mettre-sur-pied-des-mesures-dencadrement-des-sinistres-de-goma\" \/>\n<meta property=\"og:site_name\" content=\"Congo-kinshasa\" \/>\n<meta property=\"article:published_time\" content=\"2021-06-07T17:41:44+00:00\" \/>\n<meta property=\"article:modified_time\" content=\"2021-06-07T18:04:56+00:00\" \/>\n<meta property=\"og:image\" content=\"https:\/\/static.africa-press.net\/centrafricaine\/sites\/49\/2021\/06\/img-60be5fb19cbf5.jpg\" \/>\n\t<meta property=\"og:image:width\" content=\"720\" \/>\n\t<meta property=\"og:image:height\" content=\"483\" \/>\n\t<meta property=\"og:image:type\" content=\"image\/jpeg\" \/>\n<meta name=\"author\" content=\"cfeditorfr\" \/>\n<meta name=\"twitter:card\" content=\"summary_large_image\" \/>\n<meta name=\"twitter:label1\" content=\"\u00c9crit par\" \/>\n\t<meta name=\"twitter:data1\" content=\"cfeditorfr\" \/>\n\t<meta name=\"twitter:label2\" content=\"Dur\u00e9e de lecture estim\u00e9e\" \/>\n\t<meta name=\"twitter:data2\" content=\"1 minute\" \/>\n<script type=\"application\/ld+json\" class=\"yoast-schema-graph\">{\"@context\":\"https:\/\/schema.org\",\"@graph\":[{\"@type\":\"Article\",\"@id\":\"https:\/\/www.africa-press.net\/congo-kinshasa\/politique\/sama-lukonde-exhorte-les-humanitaires-a-mettre-sur-pied-des-mesures-dencadrement-des-sinistres-de-goma#article\",\"isPartOf\":{\"@id\":\"https:\/\/www.africa-press.net\/congo-kinshasa\/politique\/sama-lukonde-exhorte-les-humanitaires-a-mettre-sur-pied-des-mesures-dencadrement-des-sinistres-de-goma\"},\"author\":{\"name\":\"cfeditorfr\",\"@id\":\"https:\/\/www.africa-press.net\/congo-kinshasa\/#\/schema\/person\/2b1cf3cd81a31e3cd26889ca66d677f1\"},\"headline\":\"Sama Lukonde exhorte les humanitaires \u00e0 mettre sur pied des mesures d\u2019encadrement des sinistr\u00e9s de Goma\",\"datePublished\":\"2021-06-07T17:41:44+00:00\",\"dateModified\":\"2021-06-07T18:04:56+00:00\",\"mainEntityOfPage\":{\"@id\":\"https:\/\/www.africa-press.net\/congo-kinshasa\/politique\/sama-lukonde-exhorte-les-humanitaires-a-mettre-sur-pied-des-mesures-dencadrement-des-sinistres-de-goma\"},\"wordCount\":312,\"commentCount\":0,\"image\":{\"@id\":\"https:\/\/www.africa-press.net\/congo-kinshasa\/politique\/sama-lukonde-exhorte-les-humanitaires-a-mettre-sur-pied-des-mesures-dencadrement-des-sinistres-de-goma#primaryimage\"},\"thumbnailUrl\":\"https:\/\/static.africa-press.net\/centrafricaine\/sites\/49\/2021\/06\/img-60be5fb19cbf5.jpg\",\"keywords\":[\"Africa Press\",\"Africa Press-Congo Kinshasa\",\"Congo Kinshasa\"],\"articleSection\":[\"homepage-french\",\"Politique\",\"Toutes les actualit\u00e9s\"],\"inLanguage\":\"fr-FR\",\"potentialAction\":[{\"@type\":\"CommentAction\",\"name\":\"Comment\",\"target\":[\"https:\/\/www.africa-press.net\/congo-kinshasa\/politique\/sama-lukonde-exhorte-les-humanitaires-a-mettre-sur-pied-des-mesures-dencadrement-des-sinistres-de-goma#respond\"]}]},{\"@type\":\"WebPage\",\"@id\":\"https:\/\/www.africa-press.net\/congo-kinshasa\/politique\/sama-lukonde-exhorte-les-humanitaires-a-mettre-sur-pied-des-mesures-dencadrement-des-sinistres-de-goma\",\"url\":\"https:\/\/www.africa-press.net\/congo-kinshasa\/politique\/sama-lukonde-exhorte-les-humanitaires-a-mettre-sur-pied-des-mesures-dencadrement-des-sinistres-de-goma\",\"name\":\"Sama Lukonde exhorte les humanitaires \u00e0 mettre sur pied des mesures d\u2019encadrement des sinistr\u00e9s de Goma - Congo-kinshasa\",\"isPartOf\":{\"@id\":\"https:\/\/www.africa-press.net\/congo-kinshasa\/#website\"},\"primaryImageOfPage\":{\"@id\":\"https:\/\/www.africa-press.net\/congo-kinshasa\/politique\/sama-lukonde-exhorte-les-humanitaires-a-mettre-sur-pied-des-mesures-dencadrement-des-sinistres-de-goma#primaryimage\"},\"image\":{\"@id\":\"https:\/\/www.africa-press.net\/congo-kinshasa\/politique\/sama-lukonde-exhorte-les-humanitaires-a-mettre-sur-pied-des-mesures-dencadrement-des-sinistres-de-goma#primaryimage\"},\"thumbnailUrl\":\"https:\/\/static.africa-press.net\/centrafricaine\/sites\/49\/2021\/06\/img-60be5fb19cbf5.jpg\",\"datePublished\":\"2021-06-07T17:41:44+00:00\",\"dateModified\":\"2021-06-07T18:04:56+00:00\",\"author\":{\"@id\":\"https:\/\/www.africa-press.net\/congo-kinshasa\/#\/schema\/person\/2b1cf3cd81a31e3cd26889ca66d677f1\"},\"description\":\"Le Premier ministre, Jean-Michel Sama Lukonde Kyenge a pr\u00e9sid\u00e9, dimanche, apr\u00e8s avoir visit\u00e9 les installations de l\u2019O ...\",\"breadcrumb\":{\"@id\":\"https:\/\/www.africa-press.net\/congo-kinshasa\/politique\/sama-lukonde-exhorte-les-humanitaires-a-mettre-sur-pied-des-mesures-dencadrement-des-sinistres-de-goma#breadcrumb\"},\"inLanguage\":\"fr-FR\",\"potentialAction\":[{\"@type\":\"ReadAction\",\"target\":[\"https:\/\/www.africa-press.net\/congo-kinshasa\/politique\/sama-lukonde-exhorte-les-humanitaires-a-mettre-sur-pied-des-mesures-dencadrement-des-sinistres-de-goma\"]}]},{\"@type\":\"ImageObject\",\"inLanguage\":\"fr-FR\",\"@id\":\"https:\/\/www.africa-press.net\/congo-kinshasa\/politique\/sama-lukonde-exhorte-les-humanitaires-a-mettre-sur-pied-des-mesures-dencadrement-des-sinistres-de-goma#primaryimage\",\"url\":\"https:\/\/static.africa-press.net\/centrafricaine\/sites\/49\/2021\/06\/img-60be5fb19cbf5.jpg\",\"contentUrl\":\"https:\/\/static.africa-press.net\/centrafricaine\/sites\/49\/2021\/06\/img-60be5fb19cbf5.jpg\",\"width\":720,\"height\":483,\"caption\":\"Sama Lukonde exhorte les humanitaires \u00e0 mettre sur pied des mesures d\u2019encadrement des sinistr\u00e9s de Goma\"},{\"@type\":\"BreadcrumbList\",\"@id\":\"https:\/\/www.africa-press.net\/congo-kinshasa\/politique\/sama-lukonde-exhorte-les-humanitaires-a-mettre-sur-pied-des-mesures-dencadrement-des-sinistres-de-goma#breadcrumb\",\"itemListElement\":[{\"@type\":\"ListItem\",\"position\":1,\"name\":\"Accueil\",\"item\":\"https:\/\/www.africa-press.net\/congo-kinshasa\/\"},{\"@type\":\"ListItem\",\"position\":2,\"name\":\"Sama Lukonde exhorte les humanitaires \u00e0 mettre sur pied des mesures d\u2019encadrement des sinistr\u00e9s de Goma\"}]},{\"@type\":\"WebSite\",\"@id\":\"https:\/\/www.africa-press.net\/congo-kinshasa\/#website\",\"url\":\"https:\/\/www.africa-press.net\/congo-kinshasa\/\",\"name\":\"Congo-kinshasa\",\"description\":\"Just another Africa News Agency Sites site\",\"potentialAction\":[{\"@type\":\"SearchAction\",\"target\":{\"@type\":\"EntryPoint\",\"urlTemplate\":\"https:\/\/www.africa-press.net\/congo-kinshasa\/?s={search_term_string}\"},\"query-input\":{\"@type\":\"PropertyValueSpecification\",\"valueRequired\":true,\"valueName\":\"search_term_string\"}}],\"inLanguage\":\"fr-FR\"},{\"@type\":\"Person\",\"@id\":\"https:\/\/www.africa-press.net\/congo-kinshasa\/#\/schema\/person\/2b1cf3cd81a31e3cd26889ca66d677f1\",\"name\":\"cfeditorfr\"}]}<\/script>\n<!-- \/ Yoast SEO Premium plugin. -->","yoast_head_json":{"title":"Sama Lukonde exhorte les humanitaires \u00e0 mettre sur pied des mesures d\u2019encadrement des sinistr\u00e9s de Goma - Congo-kinshasa","description":"Le Premier ministre, Jean-Michel Sama Lukonde Kyenge a pr\u00e9sid\u00e9, dimanche, apr\u00e8s avoir visit\u00e9 les installations de l\u2019O ...","robots":{"index":"index","follow":"follow","max-snippet":"max-snippet:-1","max-image-preview":"max-image-preview:large","max-video-preview":"max-video-preview:-1"},"canonical":"https:\/\/www.africa-press.net\/congo-kinshasa\/politique\/sama-lukonde-exhorte-les-humanitaires-a-mettre-sur-pied-des-mesures-dencadrement-des-sinistres-de-goma","og_locale":"fr_FR","og_type":"article","og_title":"Sama Lukonde exhorte les humanitaires \u00e0 mettre sur pied des mesures d\u2019encadrement des sinistr\u00e9s de Goma","og_description":"Le Premier ministre, Jean-Michel Sama Lukonde Kyenge a pr\u00e9sid\u00e9, dimanche, apr\u00e8s avoir visit\u00e9 les installations de l\u2019O ...","og_url":"https:\/\/www.africa-press.net\/congo-kinshasa\/politique\/sama-lukonde-exhorte-les-humanitaires-a-mettre-sur-pied-des-mesures-dencadrement-des-sinistres-de-goma","og_site_name":"Congo-kinshasa","article_published_time":"2021-06-07T17:41:44+00:00","article_modified_time":"2021-06-07T18:04:56+00:00","og_image":[{"width":720,"height":483,"url":"https:\/\/static.africa-press.net\/centrafricaine\/sites\/49\/2021\/06\/img-60be5fb19cbf5.jpg","type":"image\/jpeg"}],"author":"cfeditorfr","twitter_card":"summary_large_image","twitter_misc":{"\u00c9crit par":"cfeditorfr","Dur\u00e9e de lecture estim\u00e9e":"1 minute"},"schema":{"@context":"https:\/\/schema.org","@graph":[{"@type":"Article","@id":"https:\/\/www.africa-press.net\/congo-kinshasa\/politique\/sama-lukonde-exhorte-les-humanitaires-a-mettre-sur-pied-des-mesures-dencadrement-des-sinistres-de-goma#article","isPartOf":{"@id":"https:\/\/www.africa-press.net\/congo-kinshasa\/politique\/sama-lukonde-exhorte-les-humanitaires-a-mettre-sur-pied-des-mesures-dencadrement-des-sinistres-de-goma"},"author":{"name":"cfeditorfr","@id":"https:\/\/www.africa-press.net\/congo-kinshasa\/#\/schema\/person\/2b1cf3cd81a31e3cd26889ca66d677f1"},"headline":"Sama Lukonde exhorte les humanitaires \u00e0 mettre sur pied des mesures d\u2019encadrement des sinistr\u00e9s de Goma","datePublished":"2021-06-07T17:41:44+00:00","dateModified":"2021-06-07T18:04:56+00:00","mainEntityOfPage":{"@id":"https:\/\/www.africa-press.net\/congo-kinshasa\/politique\/sama-lukonde-exhorte-les-humanitaires-a-mettre-sur-pied-des-mesures-dencadrement-des-sinistres-de-goma"},"wordCount":312,"commentCount":0,"image":{"@id":"https:\/\/www.africa-press.net\/congo-kinshasa\/politique\/sama-lukonde-exhorte-les-humanitaires-a-mettre-sur-pied-des-mesures-dencadrement-des-sinistres-de-goma#primaryimage"},"thumbnailUrl":"https:\/\/static.africa-press.net\/centrafricaine\/sites\/49\/2021\/06\/img-60be5fb19cbf5.jpg","keywords":["Africa Press","Africa Press-Congo Kinshasa","Congo Kinshasa"],"articleSection":["homepage-french","Politique","Toutes les actualit\u00e9s"],"inLanguage":"fr-FR","potentialAction":[{"@type":"CommentAction","name":"Comment","target":["https:\/\/www.africa-press.net\/congo-kinshasa\/politique\/sama-lukonde-exhorte-les-humanitaires-a-mettre-sur-pied-des-mesures-dencadrement-des-sinistres-de-goma#respond"]}]},{"@type":"WebPage","@id":"https:\/\/www.africa-press.net\/congo-kinshasa\/politique\/sama-lukonde-exhorte-les-humanitaires-a-mettre-sur-pied-des-mesures-dencadrement-des-sinistres-de-goma","url":"https:\/\/www.africa-press.net\/congo-kinshasa\/politique\/sama-lukonde-exhorte-les-humanitaires-a-mettre-sur-pied-des-mesures-dencadrement-des-sinistres-de-goma","name":"Sama Lukonde exhorte les humanitaires \u00e0 mettre sur pied des mesures d\u2019encadrement des sinistr\u00e9s de Goma - Congo-kinshasa","isPartOf":{"@id":"https:\/\/www.africa-press.net\/congo-kinshasa\/#website"},"primaryImageOfPage":{"@id":"https:\/\/www.africa-press.net\/congo-kinshasa\/politique\/sama-lukonde-exhorte-les-humanitaires-a-mettre-sur-pied-des-mesures-dencadrement-des-sinistres-de-goma#primaryimage"},"image":{"@id":"https:\/\/www.africa-press.net\/congo-kinshasa\/politique\/sama-lukonde-exhorte-les-humanitaires-a-mettre-sur-pied-des-mesures-dencadrement-des-sinistres-de-goma#primaryimage"},"thumbnailUrl":"https:\/\/static.africa-press.net\/centrafricaine\/sites\/49\/2021\/06\/img-60be5fb19cbf5.jpg","datePublished":"2021-06-07T17:41:44+00:00","dateModified":"2021-06-07T18:04:56+00:00","author":{"@id":"https:\/\/www.africa-press.net\/congo-kinshasa\/#\/schema\/person\/2b1cf3cd81a31e3cd26889ca66d677f1"},"description":"Le Premier ministre, Jean-Michel Sama Lukonde Kyenge a pr\u00e9sid\u00e9, dimanche, apr\u00e8s avoir visit\u00e9 les installations de l\u2019O ...","breadcrumb":{"@id":"https:\/\/www.africa-press.net\/congo-kinshasa\/politique\/sama-lukonde-exhorte-les-humanitaires-a-mettre-sur-pied-des-mesures-dencadrement-des-sinistres-de-goma#breadcrumb"},"inLanguage":"fr-FR","potentialAction":[{"@type":"ReadAction","target":["https:\/\/www.africa-press.net\/congo-kinshasa\/politique\/sama-lukonde-exhorte-les-humanitaires-a-mettre-sur-pied-des-mesures-dencadrement-des-sinistres-de-goma"]}]},{"@type":"ImageObject","inLanguage":"fr-FR","@id":"https:\/\/www.africa-press.net\/congo-kinshasa\/politique\/sama-lukonde-exhorte-les-humanitaires-a-mettre-sur-pied-des-mesures-dencadrement-des-sinistres-de-goma#primaryimage","url":"https:\/\/static.africa-press.net\/centrafricaine\/sites\/49\/2021\/06\/img-60be5fb19cbf5.jpg","contentUrl":"https:\/\/static.africa-press.net\/centrafricaine\/sites\/49\/2021\/06\/img-60be5fb19cbf5.jpg","width":720,"height":483,"caption":"Sama Lukonde exhorte les humanitaires \u00e0 mettre sur pied des mesures d\u2019encadrement des sinistr\u00e9s de Goma"},{"@type":"BreadcrumbList","@id":"https:\/\/www.africa-press.net\/congo-kinshasa\/politique\/sama-lukonde-exhorte-les-humanitaires-a-mettre-sur-pied-des-mesures-dencadrement-des-sinistres-de-goma#breadcrumb","itemListElement":[{"@type":"ListItem","position":1,"name":"Accueil","item":"https:\/\/www.africa-press.net\/congo-kinshasa\/"},{"@type":"ListItem","position":2,"name":"Sama Lukonde exhorte les humanitaires \u00e0 mettre sur pied des mesures d\u2019encadrement des sinistr\u00e9s de Goma"}]},{"@type":"WebSite","@id":"https:\/\/www.africa-press.net\/congo-kinshasa\/#website","url":"https:\/\/www.africa-press.net\/congo-kinshasa\/","name":"Congo-kinshasa","description":"Just another Africa News Agency Sites site","potentialAction":[{"@type":"SearchAction","target":{"@type":"EntryPoint","urlTemplate":"https:\/\/www.africa-press.net\/congo-kinshasa\/?s={search_term_string}"},"query-input":{"@type":"PropertyValueSpecification","valueRequired":true,"valueName":"search_term_string"}}],"inLanguage":"fr-FR"},{"@type":"Person","@id":"https:\/\/www.africa-press.net\/congo-kinshasa\/#\/schema\/person\/2b1cf3cd81a31e3cd26889ca66d677f1","name":"cfeditorfr"}]}},"_links":{"self":[{"href":"https:\/\/www.africa-press.net\/congo-kinshasa\/wp-json\/wp\/v2\/posts\/6291","targetHints":{"allow":["GET"]}}],"collection":[{"href":"https:\/\/www.africa-press.net\/congo-kinshasa\/wp-json\/wp\/v2\/posts"}],"about":[{"href":"https:\/\/www.africa-press.net\/congo-kinshasa\/wp-json\/wp\/v2\/types\/post"}],"author":[{"embeddable":true,"href":"https:\/\/www.africa-press.net\/congo-kinshasa\/wp-json\/wp\/v2\/users\/82"}],"replies":[{"embeddable":true,"href":"https:\/\/www.africa-press.net\/congo-kinshasa\/wp-json\/wp\/v2\/comments?post=6291"}],"version-history":[{"count":0,"href":"https:\/\/www.africa-press.net\/congo-kinshasa\/wp-json\/wp\/v2\/posts\/6291\/revisions"}],"wp:featuredmedia":[{"embeddable":true,"href":"https:\/\/www.africa-press.net\/congo-kinshasa\/wp-json\/wp\/v2\/media\/6290"}],"wp:attachment":[{"href":"https:\/\/www.africa-press.net\/congo-kinshasa\/wp-json\/wp\/v2\/media?parent=6291"}],"wp:term":[{"taxonomy":"category","embeddable":true,"href":"https:\/\/www.africa-press.net\/congo-kinshasa\/wp-json\/wp\/v2\/categories?post=6291"},{"taxonomy":"post_tag","embeddable":true,"href":"https:\/\/www.africa-press.net\/congo-kinshasa\/wp-json\/wp\/v2\/tags?post=6291"}],"curies":[{"name":"wp","href":"https:\/\/api.w.org\/{rel}","templated":true}]}}