{"id":85393,"date":"2024-02-26T21:17:11","date_gmt":"2024-02-26T21:17:11","guid":{"rendered":"https:\/\/www.africa-press.net\/congo-kinshasa\/politique\/guerre-a-lest-de-la-rd-congo-les-minerais-sont-le-moteur-de-cette-crise"},"modified":"2024-02-27T09:12:23","modified_gmt":"2024-02-27T09:12:23","slug":"guerre-a-lest-de-la-rd-congo-les-minerais-sont-le-moteur-de-cette-crise","status":"publish","type":"post","link":"https:\/\/www.africa-press.net\/congo-kinshasa\/economie\/guerre-a-lest-de-la-rd-congo-les-minerais-sont-le-moteur-de-cette-crise","title":{"rendered":"Guerre \u00e0 l&rsquo;est de la RD Congo : \u00ab\u00a0Les minerais sont le moteur de cette crise\u00a0\u00bb"},"content":{"rendered":"<p><span style=\"color: #ff6600\"><strong>Africa-Press &#8211; Congo Kinshasa. <\/strong><\/span>Le protocole d&rsquo;accord signe\u0301 entre l&rsquo;Union europe\u0301enne et le Rwanda, le 19 fe\u0301vrier, concernant l&rsquo;exploitation de matie\u0300res premie\u0300res, dont les minerais, a de\u0301clenche\u0301 l&rsquo;ire du pre\u0301sident de la Re\u0301publique de\u0301mocratique du Congo, Fe\u0301lix Tshisekedi. Il accuse le Rwanda de piller les ressources minie\u0300res congolaises et l&rsquo;UE de s&rsquo;en rendre complice. Que se passe-t-il vraiment dans ces mines ? Ele\u0301ments de re\u0301ponse avec le chercheur associe\u0301 a\u0300 l&rsquo;IFRI, Thierry Vircoulon.<\/p>\n<p><b>TV5MONDE: Le pre\u0301sident Tshisekedi parle de provocation de la part de l\u2019Union europe\u0301enne, il accuse le Rwanda d\u2019e\u0302tre un pays \u00ab\u00a0receleur\u00a0\u00bb et l\u2019UE d\u2019e\u0302tre \u00ab\u00a0complice de vol\u00a0\u00bb de minerais, apre\u0300s cet annonce d&rsquo;accord. Pourquoi de telles accusations ?<\/b><\/p>\n<p>Thierry Vircoulon, chercheur associe\u0301 a\u0300 l&rsquo;IFRI: La Re\u0301publique de\u0301mocratique du Congo accuse le Rwanda de lui piller ses minerais. Selon Kigali, il y aurait de la contrebande de minerais entre la re\u0301gion du Kivu, a\u0300 l\u2019est de la RDC et le Rwanda. Le Rwanda exporterait donc des minerais congolais. Et s&rsquo;il y a contrebande, par de\u0301finition, elle repose sur de la corruption, notamment de l\u2019arme\u0301e congolaise. Des Congolais vendent ces minerais aux Rwandais.<\/p>\n<p><b>TV5MONDE: De quels minerais et ressources est-il question ?<\/b><\/p>\n<p>Thierry Vircoulon: On parle surtout de coltan (ou tantale), d\u2019e\u0301tain (cassite\u0301rite) et de tungste\u0300ne (wolframite). Ces mine\u0301raux sont collectivement de\u0301signe\u0301s sous le vocable \u00ab\u00a03T\u00a0\u00bb. Il est e\u0301galement question d\u2019or.<\/p>\n<p>L\u2019UE est a\u0300 la recherche de minerais un peu partout sur la plane\u0300te, notamment le coltan. Thierry Vircoulon, chercheur associe\u0301 a\u0300 l&rsquo;IFRI.<\/p>\n<p><b>TV5MONDE: Que signifie cet accord entre l\u2019Union europe\u0301enne et le Rwanda ?<\/b><\/p>\n<p>Thierry Vircoulon: Ce n&rsquo;est qu&rsquo;un MOU, un \u00ab\u00a0momerendum of understanding\u00a0\u00bb(protocole d\u2019entente en franc\u0327ais, ndlr). C&rsquo;est juste une de\u0301claration d&rsquo;intention, rien de dramatique. De plus, l\u2019UE a signe\u0301 le me\u0302me type d\u2019accord avec la Re\u0301publique de\u0301mocratique du Congo l\u2019an dernier. Cela fait tout simplement partie de la politique europe\u0301enne. L\u2019UE est a\u0300 la recherche de minerais un peu partout sur la plane\u0300te, notamment le coltan, (ne\u0301cessaire pour certaines nouvelles technologies, ndlr). Elle signe donc ce genre de MOU avec tout le monde.<\/p>\n<p>La Re\u0301publique de\u0301mocratique du Congo s&#8217;emporte pour peu de choses finalement. Cela ne changera pas le fait que cela fait 30 ans ou plus qu&rsquo;il y a une contrebande de minerais entre la RDC et le Rwanda.<\/p>\n<p><b>TV5MONDE: Qu\u2019est-ce que cela dit de l\u2019UE concernant ces accusations de pillages du Rwanda ?<\/b><\/p>\n<p>Thierry Vircoulon: Comme je le disais, un MOU du me\u0302me genre a de\u0301ja\u0300 e\u0301te\u0301 signe\u0301 entre la RDC et l&rsquo;UE. Pour les 27 c\u2019est la suite logique de leur politique. Concernant ces accusations de pillage, cela fait des anne\u0301es qu\u2019elles existent.<\/p>\n<p>Ensuite, les de\u0301clarations du pre\u0301sident congolais Fe\u0301lix Tshisekedi et du ministre congolais des Affaires e\u0301trange\u0300res, Christophe Lutundula, ont uniquement un but propagandiste, pour exploiter politiquement cette annonce, alors que la Re\u0301publique de\u0301mocratique du Congo a signe\u0301 le me\u0302me MOU.<\/p>\n<p>Les minerais sont le carburant de cette crise. Thierry Vircoulon<\/p>\n<p>E\u0301videmment, pour Bruxelles, le timing est mauvais. Cet accord est signe\u0301 au moment ou\u0300 le M23 se rapproche de Goma et ou\u0300 la tension est la plus forte au Nord-Kivu. Cela montre qu\u2019au sein de l&rsquo;Union europe\u0301enne, ce ne sont pas des diplomates. Ce genre d\u2019accord est signe\u0301 au plus mauvais moment.<\/p>\n<p>Cela fait un pactole minier et financier important pour l\u2019E\u0301tat rwandais qui n\u2019a, en ve\u0301rite\u0301, pas autant de ressources. Thierry Vircoulon<\/p>\n<p><b>TV5MONDE: Cette de\u0301cision met-elle en lumie\u0300re l&rsquo;e\u0301le\u0301ment central de la crise que traverse la Re\u0301publique de\u0301mocratique du Congo, a\u0300 savoir, l&rsquo;exploitation de ces minerais pre\u0301cieux ?<\/b><\/p>\n<p>Thierry Vircoulon: Les minerais sont le carburant de cette crise. Et oui, cela tombe d\u2019autant plus mal, au moment ou\u0300 on en parle de plus en plus. Cela fait au moins 30 ans que ce conflit en Re\u0301publique de\u0301mocratique du Congo, a lieu. Le M23 avait de\u0301ja\u0300 fait parler de lui en 2012, en 2008, avec toujours en fond, ce proble\u0300me de minerais pille\u0301s.<\/p>\n<p>Carte de la re\u0301gion du Kivu a\u0300 l&rsquo;est de la Re\u0301publique de\u0301mocratique du Congo, et a\u0300 la frontie\u0300re du Rwanda.<\/p>\n<p>TV5MONDE: Selon l\u2019Office rwandais des mines, les recettes d\u2019exportation de mine\u0301raux du Rwanda en 2023 ont augmente\u0301 pour atteindre le record de 1,1 milliard de dollars. Dans le me\u0302me temps, le ministre congolais des Finances, Nicolas Kazadi estimait une perte justement d\u2019un milliard de dollars dans ses exportations de minerais. Ce pillage est donc ave\u0301re\u0301 selon vous ?<\/p>\n<p>Thierry Vircoulon: Il n&rsquo;y a pas de doute sur le pillage. Concernant ces exportations record, c\u2019est simple, cela vient de la mine de Rubaya, qui est passe\u0301e sous contro\u0302le du M23. De fait, sa production passe directement au Rwanda.<\/p>\n<p>Les chiffres ont e\u0301te\u0301 tre\u0300s bons en 2023, mais tout le monde sait tre\u0300s bien que leurs chiffres de production et d&rsquo;exportation ne collent pas. Il n\u2019y a pas de myste\u0300re. Les chiffres augmentent a\u0300 cause de ce contro\u0302le et parce qu\u2019 il y a toujours cette contrebande importante dans la re\u0301gion du Kivu, et ce, malgre\u0301 les initiatives de trac\u0327abilite\u0301 mises en \u0153uvre. Cela fait un pactole minier et financier important pour l\u2019E\u0301tat rwandais qui n\u2019a, en ve\u0301rite\u0301, pas autant de ressources.<\/p>\n<p><b>TV5MONDE: De quelles ressources minie\u0300res et de quelles infrastructures d&rsquo;exploitation dispose le Rwanda ?<\/b><\/p>\n<p>Thierry Vircoulon: Les gisements ne s\u2019arre\u0302tant pas a\u0300 la frontie\u0300re, le Rwanda posse\u0300de les me\u0302mes minerais que la RDC. La seule diffe\u0301rence, c&rsquo;est qu&rsquo;il y en a moins au Rwanda qu&rsquo;au Nord-Kivu. Ils ont des plus petits gisements. Il y a plusieurs entreprises minie\u0300res e\u0301trange\u0300res ou nationales qui forment le secteur minier au Rwanda. C\u2019est un secteur assez re\u0301cent. Il s\u2019est de\u0301veloppe\u0301 surtout sur les 15 dernie\u0300res anne\u0301es.<\/p>\n<p>Bruxelles a e\u0301te\u0301 bien mal conseille\u0301e de signer cela, car il existe de\u0301ja\u0300 depuis des syste\u0300mes de trac\u0327abilite\u0301 sur les minerais du Kivu et sur les minerais rwandais. Thierry Vircoulon<\/p>\n<p>En janvier de cette anne\u0301e, le Rwanda a signe\u0301 un accord industriel avec la socie\u0301te\u0301 Rio Tinto ( groupe minier multinational anglo-australien ndlr) pour exploiter le Lithium, et cela risque d\u2019avoir des effets importants pour le pays e\u0301galement.<\/p>\n<p><b>TV5MONDE: L\u2019argument de \u00ab\u00a0la trac\u0327abilite\u0301 et la lutte contre le trafic de mine\u0301raux\u00a0\u00bb qui serait garantie par cet accord est porte\u0301e par Bruxelles. Qu\u2019en est-il alors ?<\/b><\/p>\n<p>Thierry Vircoulon: Il existe de nombreux rapports, dont celui de l\u2019ONU sur cette contrebande de minerais avec le Rwanda et sur la contamination des chai\u0302nes d&rsquo;approvisionnement, cense\u0301es e\u0302tre propres, justement par des minerais ille\u0301gaux. Il y a tout un dispositif pour ve\u0301rifier cela. On se dit en effet que Bruxelles a e\u0301te\u0301 bien mal conseille\u0301e de signer cela, car il existe de\u0301ja\u0300 depuis des syste\u0300mes de trac\u0327abilite\u0301 sur les minerais du Kivu et sur les minerais rwandais. Ces syste\u0300mes mettent au jour la contrebande qui existe. Mais cette de\u0301cision, comme je vous le disais fait partie d\u2019une politique globale de recherche de minerais partout dans le monde. L\u2019UE essaye de signer des accords avec quasiment tous les pays producteurs. Ils posent les jalons d\u2019une politique d&rsquo;approvisionnement.<\/p>\n<p>En attendant, la situation s\u2019envenime sur le terrain. Et de son co\u0302te\u0301, le gouvernement congolais continue d\u2019e\u0302tre dans sa logique qui consiste a\u0300 dire que rien n\u2019est de sa faute.<\/p>\n<p><strong>Pour plus d&rsquo;informations et d&rsquo;analyses sur la <a href=\"https:\/\/www.africa-press.net\/congo-kinshasa\">Congo Kinshasa<\/a>, suivez <a href=\"https:\/\/www.africa-press.net\/\">Africa-Press<\/a><\/strong><\/p>\n","protected":false},"excerpt":{"rendered":"<p>Africa-Press &#8211; Congo Kinshasa. Le protocole d&rsquo;accord signe\u0301 entre l&rsquo;Union europe\u0301enne et le Rwanda, le 19 fe\u0301vrier, concernant l&rsquo;exploitation de matie\u0300res premie\u0300res, dont les minerais, a de\u0301clenche\u0301 l&rsquo;ire du pre\u0301sident de la Re\u0301publique de\u0301mocratique du Congo, Fe\u0301lix Tshisekedi. Il accuse le Rwanda de piller les ressources minie\u0300res congolaises et l&rsquo;UE de s&rsquo;en rendre complice. Que [&hellip;]<\/p>\n","protected":false},"author":82,"featured_media":85392,"comment_status":"open","ping_status":"closed","sticky":false,"template":"","format":"standard","meta":{"footnotes":""},"categories":[3,10],"tags":[36,47,46],"class_list":["post-85393","post","type-post","status-publish","format-standard","has-post-thumbnail","hentry","category-economie","category-toutes-les-actualites","tag-africa-press","tag-africa-press-congo-kinshasa","tag-congo-kinshasa"],"yoast_head":"<!-- This site is optimized with the Yoast SEO Premium plugin v26.1 (Yoast SEO v27.0) - https:\/\/yoast.com\/product\/yoast-seo-premium-wordpress\/ -->\n<title>Guerre \u00e0 l&#039;est de la RD Congo : &quot;Les minerais sont le moteur de cette crise&quot; - Congo-kinshasa<\/title>\n<meta name=\"description\" content=\"Le protocole d&#039;accord signe\u0301 entre l&#039;Union europe\u0301enne et le Rwanda, le 19 fe\u0301vrier, concernant l&#039;exploitation de matie\u0300 ...\" \/>\n<meta name=\"robots\" content=\"index, follow, max-snippet:-1, max-image-preview:large, max-video-preview:-1\" \/>\n<link rel=\"canonical\" href=\"https:\/\/www.africa-press.net\/congo-kinshasa\/economie\/guerre-a-lest-de-la-rd-congo-les-minerais-sont-le-moteur-de-cette-crise\" \/>\n<meta property=\"og:locale\" content=\"fr_FR\" \/>\n<meta property=\"og:type\" content=\"article\" \/>\n<meta property=\"og:title\" content=\"Guerre \u00e0 l&#039;est de la RD Congo : &quot;Les minerais sont le moteur de cette crise&quot;\" \/>\n<meta property=\"og:description\" content=\"Le protocole d&#039;accord signe\u0301 entre l&#039;Union europe\u0301enne et le Rwanda, le 19 fe\u0301vrier, concernant l&#039;exploitation de matie\u0300 ...\" \/>\n<meta property=\"og:url\" content=\"https:\/\/www.africa-press.net\/congo-kinshasa\/economie\/guerre-a-lest-de-la-rd-congo-les-minerais-sont-le-moteur-de-cette-crise\" \/>\n<meta property=\"og:site_name\" content=\"Congo-kinshasa\" \/>\n<meta property=\"article:published_time\" content=\"2024-02-26T21:17:11+00:00\" \/>\n<meta property=\"article:modified_time\" content=\"2024-02-27T09:12:23+00:00\" \/>\n<meta property=\"og:image\" content=\"https:\/\/static.africa-press.net\/congo-kinshasa\/sites\/49\/2024\/02\/sm_1709012065.59947.jpg\" \/>\n\t<meta property=\"og:image:width\" content=\"1024\" \/>\n\t<meta property=\"og:image:height\" content=\"576\" \/>\n\t<meta property=\"og:image:type\" content=\"image\/jpeg\" \/>\n<meta name=\"author\" content=\"cfeditorfr\" \/>\n<meta name=\"twitter:card\" content=\"summary_large_image\" \/>\n<meta name=\"twitter:label1\" content=\"\u00c9crit par\" \/>\n\t<meta name=\"twitter:data1\" content=\"cfeditorfr\" \/>\n\t<meta name=\"twitter:label2\" content=\"Dur\u00e9e de lecture estim\u00e9e\" \/>\n\t<meta name=\"twitter:data2\" content=\"7 minutes\" \/>\n<script type=\"application\/ld+json\" class=\"yoast-schema-graph\">{\"@context\":\"https:\/\/schema.org\",\"@graph\":[{\"@type\":\"Article\",\"@id\":\"https:\/\/www.africa-press.net\/congo-kinshasa\/economie\/guerre-a-lest-de-la-rd-congo-les-minerais-sont-le-moteur-de-cette-crise#article\",\"isPartOf\":{\"@id\":\"https:\/\/www.africa-press.net\/congo-kinshasa\/economie\/guerre-a-lest-de-la-rd-congo-les-minerais-sont-le-moteur-de-cette-crise\"},\"author\":{\"name\":\"cfeditorfr\",\"@id\":\"https:\/\/www.africa-press.net\/congo-kinshasa\/#\/schema\/person\/2b1cf3cd81a31e3cd26889ca66d677f1\"},\"headline\":\"Guerre \u00e0 l&rsquo;est de la RD Congo : \u00ab\u00a0Les minerais sont le moteur de cette crise\u00a0\u00bb\",\"datePublished\":\"2024-02-26T21:17:11+00:00\",\"dateModified\":\"2024-02-27T09:12:23+00:00\",\"mainEntityOfPage\":{\"@id\":\"https:\/\/www.africa-press.net\/congo-kinshasa\/economie\/guerre-a-lest-de-la-rd-congo-les-minerais-sont-le-moteur-de-cette-crise\"},\"wordCount\":1391,\"commentCount\":0,\"image\":{\"@id\":\"https:\/\/www.africa-press.net\/congo-kinshasa\/economie\/guerre-a-lest-de-la-rd-congo-les-minerais-sont-le-moteur-de-cette-crise#primaryimage\"},\"thumbnailUrl\":\"https:\/\/static.africa-press.net\/congo-kinshasa\/sites\/49\/2024\/02\/sm_1709012065.59947.jpg\",\"keywords\":[\"Africa Press\",\"Africa Press-Congo Kinshasa\",\"Congo Kinshasa\"],\"articleSection\":[\"\u00c9conomie\",\"Toutes les actualit\u00e9s\"],\"inLanguage\":\"fr-FR\",\"potentialAction\":[{\"@type\":\"CommentAction\",\"name\":\"Comment\",\"target\":[\"https:\/\/www.africa-press.net\/congo-kinshasa\/economie\/guerre-a-lest-de-la-rd-congo-les-minerais-sont-le-moteur-de-cette-crise#respond\"]}]},{\"@type\":\"WebPage\",\"@id\":\"https:\/\/www.africa-press.net\/congo-kinshasa\/economie\/guerre-a-lest-de-la-rd-congo-les-minerais-sont-le-moteur-de-cette-crise\",\"url\":\"https:\/\/www.africa-press.net\/congo-kinshasa\/economie\/guerre-a-lest-de-la-rd-congo-les-minerais-sont-le-moteur-de-cette-crise\",\"name\":\"Guerre \u00e0 l'est de la RD Congo : \\\"Les minerais sont le moteur de cette crise\\\" - Congo-kinshasa\",\"isPartOf\":{\"@id\":\"https:\/\/www.africa-press.net\/congo-kinshasa\/#website\"},\"primaryImageOfPage\":{\"@id\":\"https:\/\/www.africa-press.net\/congo-kinshasa\/economie\/guerre-a-lest-de-la-rd-congo-les-minerais-sont-le-moteur-de-cette-crise#primaryimage\"},\"image\":{\"@id\":\"https:\/\/www.africa-press.net\/congo-kinshasa\/economie\/guerre-a-lest-de-la-rd-congo-les-minerais-sont-le-moteur-de-cette-crise#primaryimage\"},\"thumbnailUrl\":\"https:\/\/static.africa-press.net\/congo-kinshasa\/sites\/49\/2024\/02\/sm_1709012065.59947.jpg\",\"datePublished\":\"2024-02-26T21:17:11+00:00\",\"dateModified\":\"2024-02-27T09:12:23+00:00\",\"author\":{\"@id\":\"https:\/\/www.africa-press.net\/congo-kinshasa\/#\/schema\/person\/2b1cf3cd81a31e3cd26889ca66d677f1\"},\"description\":\"Le protocole d'accord signe\u0301 entre l'Union europe\u0301enne et le Rwanda, le 19 fe\u0301vrier, concernant l'exploitation de matie\u0300 ...\",\"breadcrumb\":{\"@id\":\"https:\/\/www.africa-press.net\/congo-kinshasa\/economie\/guerre-a-lest-de-la-rd-congo-les-minerais-sont-le-moteur-de-cette-crise#breadcrumb\"},\"inLanguage\":\"fr-FR\",\"potentialAction\":[{\"@type\":\"ReadAction\",\"target\":[\"https:\/\/www.africa-press.net\/congo-kinshasa\/economie\/guerre-a-lest-de-la-rd-congo-les-minerais-sont-le-moteur-de-cette-crise\"]}]},{\"@type\":\"ImageObject\",\"inLanguage\":\"fr-FR\",\"@id\":\"https:\/\/www.africa-press.net\/congo-kinshasa\/economie\/guerre-a-lest-de-la-rd-congo-les-minerais-sont-le-moteur-de-cette-crise#primaryimage\",\"url\":\"https:\/\/static.africa-press.net\/congo-kinshasa\/sites\/49\/2024\/02\/sm_1709012065.59947.jpg\",\"contentUrl\":\"https:\/\/static.africa-press.net\/congo-kinshasa\/sites\/49\/2024\/02\/sm_1709012065.59947.jpg\",\"width\":1024,\"height\":576,\"caption\":\"Guerre \u00e0 l'est de la RD Congo : \\\"Les minerais sont le moteur de cette crise\\\"\"},{\"@type\":\"BreadcrumbList\",\"@id\":\"https:\/\/www.africa-press.net\/congo-kinshasa\/economie\/guerre-a-lest-de-la-rd-congo-les-minerais-sont-le-moteur-de-cette-crise#breadcrumb\",\"itemListElement\":[{\"@type\":\"ListItem\",\"position\":1,\"name\":\"Accueil\",\"item\":\"https:\/\/www.africa-press.net\/congo-kinshasa\/\"},{\"@type\":\"ListItem\",\"position\":2,\"name\":\"Guerre \u00e0 l&#8217;est de la RD Congo : &#8220;Les minerais sont le moteur de cette crise&#8221;\"}]},{\"@type\":\"WebSite\",\"@id\":\"https:\/\/www.africa-press.net\/congo-kinshasa\/#website\",\"url\":\"https:\/\/www.africa-press.net\/congo-kinshasa\/\",\"name\":\"Congo-kinshasa\",\"description\":\"Just another Africa News Agency Sites site\",\"potentialAction\":[{\"@type\":\"SearchAction\",\"target\":{\"@type\":\"EntryPoint\",\"urlTemplate\":\"https:\/\/www.africa-press.net\/congo-kinshasa\/?s={search_term_string}\"},\"query-input\":{\"@type\":\"PropertyValueSpecification\",\"valueRequired\":true,\"valueName\":\"search_term_string\"}}],\"inLanguage\":\"fr-FR\"},{\"@type\":\"Person\",\"@id\":\"https:\/\/www.africa-press.net\/congo-kinshasa\/#\/schema\/person\/2b1cf3cd81a31e3cd26889ca66d677f1\",\"name\":\"cfeditorfr\"}]}<\/script>\n<!-- \/ Yoast SEO Premium plugin. -->","yoast_head_json":{"title":"Guerre \u00e0 l'est de la RD Congo : \"Les minerais sont le moteur de cette crise\" - Congo-kinshasa","description":"Le protocole d'accord signe\u0301 entre l'Union europe\u0301enne et le Rwanda, le 19 fe\u0301vrier, concernant l'exploitation de matie\u0300 ...","robots":{"index":"index","follow":"follow","max-snippet":"max-snippet:-1","max-image-preview":"max-image-preview:large","max-video-preview":"max-video-preview:-1"},"canonical":"https:\/\/www.africa-press.net\/congo-kinshasa\/economie\/guerre-a-lest-de-la-rd-congo-les-minerais-sont-le-moteur-de-cette-crise","og_locale":"fr_FR","og_type":"article","og_title":"Guerre \u00e0 l'est de la RD Congo : \"Les minerais sont le moteur de cette crise\"","og_description":"Le protocole d'accord signe\u0301 entre l'Union europe\u0301enne et le Rwanda, le 19 fe\u0301vrier, concernant l'exploitation de matie\u0300 ...","og_url":"https:\/\/www.africa-press.net\/congo-kinshasa\/economie\/guerre-a-lest-de-la-rd-congo-les-minerais-sont-le-moteur-de-cette-crise","og_site_name":"Congo-kinshasa","article_published_time":"2024-02-26T21:17:11+00:00","article_modified_time":"2024-02-27T09:12:23+00:00","og_image":[{"width":1024,"height":576,"url":"https:\/\/static.africa-press.net\/congo-kinshasa\/sites\/49\/2024\/02\/sm_1709012065.59947.jpg","type":"image\/jpeg"}],"author":"cfeditorfr","twitter_card":"summary_large_image","twitter_misc":{"\u00c9crit par":"cfeditorfr","Dur\u00e9e de lecture estim\u00e9e":"7 minutes"},"schema":{"@context":"https:\/\/schema.org","@graph":[{"@type":"Article","@id":"https:\/\/www.africa-press.net\/congo-kinshasa\/economie\/guerre-a-lest-de-la-rd-congo-les-minerais-sont-le-moteur-de-cette-crise#article","isPartOf":{"@id":"https:\/\/www.africa-press.net\/congo-kinshasa\/economie\/guerre-a-lest-de-la-rd-congo-les-minerais-sont-le-moteur-de-cette-crise"},"author":{"name":"cfeditorfr","@id":"https:\/\/www.africa-press.net\/congo-kinshasa\/#\/schema\/person\/2b1cf3cd81a31e3cd26889ca66d677f1"},"headline":"Guerre \u00e0 l&rsquo;est de la RD Congo : \u00ab\u00a0Les minerais sont le moteur de cette crise\u00a0\u00bb","datePublished":"2024-02-26T21:17:11+00:00","dateModified":"2024-02-27T09:12:23+00:00","mainEntityOfPage":{"@id":"https:\/\/www.africa-press.net\/congo-kinshasa\/economie\/guerre-a-lest-de-la-rd-congo-les-minerais-sont-le-moteur-de-cette-crise"},"wordCount":1391,"commentCount":0,"image":{"@id":"https:\/\/www.africa-press.net\/congo-kinshasa\/economie\/guerre-a-lest-de-la-rd-congo-les-minerais-sont-le-moteur-de-cette-crise#primaryimage"},"thumbnailUrl":"https:\/\/static.africa-press.net\/congo-kinshasa\/sites\/49\/2024\/02\/sm_1709012065.59947.jpg","keywords":["Africa Press","Africa Press-Congo Kinshasa","Congo Kinshasa"],"articleSection":["\u00c9conomie","Toutes les actualit\u00e9s"],"inLanguage":"fr-FR","potentialAction":[{"@type":"CommentAction","name":"Comment","target":["https:\/\/www.africa-press.net\/congo-kinshasa\/economie\/guerre-a-lest-de-la-rd-congo-les-minerais-sont-le-moteur-de-cette-crise#respond"]}]},{"@type":"WebPage","@id":"https:\/\/www.africa-press.net\/congo-kinshasa\/economie\/guerre-a-lest-de-la-rd-congo-les-minerais-sont-le-moteur-de-cette-crise","url":"https:\/\/www.africa-press.net\/congo-kinshasa\/economie\/guerre-a-lest-de-la-rd-congo-les-minerais-sont-le-moteur-de-cette-crise","name":"Guerre \u00e0 l'est de la RD Congo : \"Les minerais sont le moteur de cette crise\" - Congo-kinshasa","isPartOf":{"@id":"https:\/\/www.africa-press.net\/congo-kinshasa\/#website"},"primaryImageOfPage":{"@id":"https:\/\/www.africa-press.net\/congo-kinshasa\/economie\/guerre-a-lest-de-la-rd-congo-les-minerais-sont-le-moteur-de-cette-crise#primaryimage"},"image":{"@id":"https:\/\/www.africa-press.net\/congo-kinshasa\/economie\/guerre-a-lest-de-la-rd-congo-les-minerais-sont-le-moteur-de-cette-crise#primaryimage"},"thumbnailUrl":"https:\/\/static.africa-press.net\/congo-kinshasa\/sites\/49\/2024\/02\/sm_1709012065.59947.jpg","datePublished":"2024-02-26T21:17:11+00:00","dateModified":"2024-02-27T09:12:23+00:00","author":{"@id":"https:\/\/www.africa-press.net\/congo-kinshasa\/#\/schema\/person\/2b1cf3cd81a31e3cd26889ca66d677f1"},"description":"Le protocole d'accord signe\u0301 entre l'Union europe\u0301enne et le Rwanda, le 19 fe\u0301vrier, concernant l'exploitation de matie\u0300 ...","breadcrumb":{"@id":"https:\/\/www.africa-press.net\/congo-kinshasa\/economie\/guerre-a-lest-de-la-rd-congo-les-minerais-sont-le-moteur-de-cette-crise#breadcrumb"},"inLanguage":"fr-FR","potentialAction":[{"@type":"ReadAction","target":["https:\/\/www.africa-press.net\/congo-kinshasa\/economie\/guerre-a-lest-de-la-rd-congo-les-minerais-sont-le-moteur-de-cette-crise"]}]},{"@type":"ImageObject","inLanguage":"fr-FR","@id":"https:\/\/www.africa-press.net\/congo-kinshasa\/economie\/guerre-a-lest-de-la-rd-congo-les-minerais-sont-le-moteur-de-cette-crise#primaryimage","url":"https:\/\/static.africa-press.net\/congo-kinshasa\/sites\/49\/2024\/02\/sm_1709012065.59947.jpg","contentUrl":"https:\/\/static.africa-press.net\/congo-kinshasa\/sites\/49\/2024\/02\/sm_1709012065.59947.jpg","width":1024,"height":576,"caption":"Guerre \u00e0 l'est de la RD Congo : \"Les minerais sont le moteur de cette crise\""},{"@type":"BreadcrumbList","@id":"https:\/\/www.africa-press.net\/congo-kinshasa\/economie\/guerre-a-lest-de-la-rd-congo-les-minerais-sont-le-moteur-de-cette-crise#breadcrumb","itemListElement":[{"@type":"ListItem","position":1,"name":"Accueil","item":"https:\/\/www.africa-press.net\/congo-kinshasa\/"},{"@type":"ListItem","position":2,"name":"Guerre \u00e0 l&#8217;est de la RD Congo : &#8220;Les minerais sont le moteur de cette crise&#8221;"}]},{"@type":"WebSite","@id":"https:\/\/www.africa-press.net\/congo-kinshasa\/#website","url":"https:\/\/www.africa-press.net\/congo-kinshasa\/","name":"Congo-kinshasa","description":"Just another Africa News Agency Sites site","potentialAction":[{"@type":"SearchAction","target":{"@type":"EntryPoint","urlTemplate":"https:\/\/www.africa-press.net\/congo-kinshasa\/?s={search_term_string}"},"query-input":{"@type":"PropertyValueSpecification","valueRequired":true,"valueName":"search_term_string"}}],"inLanguage":"fr-FR"},{"@type":"Person","@id":"https:\/\/www.africa-press.net\/congo-kinshasa\/#\/schema\/person\/2b1cf3cd81a31e3cd26889ca66d677f1","name":"cfeditorfr"}]}},"_links":{"self":[{"href":"https:\/\/www.africa-press.net\/congo-kinshasa\/wp-json\/wp\/v2\/posts\/85393","targetHints":{"allow":["GET"]}}],"collection":[{"href":"https:\/\/www.africa-press.net\/congo-kinshasa\/wp-json\/wp\/v2\/posts"}],"about":[{"href":"https:\/\/www.africa-press.net\/congo-kinshasa\/wp-json\/wp\/v2\/types\/post"}],"author":[{"embeddable":true,"href":"https:\/\/www.africa-press.net\/congo-kinshasa\/wp-json\/wp\/v2\/users\/82"}],"replies":[{"embeddable":true,"href":"https:\/\/www.africa-press.net\/congo-kinshasa\/wp-json\/wp\/v2\/comments?post=85393"}],"version-history":[{"count":0,"href":"https:\/\/www.africa-press.net\/congo-kinshasa\/wp-json\/wp\/v2\/posts\/85393\/revisions"}],"wp:featuredmedia":[{"embeddable":true,"href":"https:\/\/www.africa-press.net\/congo-kinshasa\/wp-json\/wp\/v2\/media\/85392"}],"wp:attachment":[{"href":"https:\/\/www.africa-press.net\/congo-kinshasa\/wp-json\/wp\/v2\/media?parent=85393"}],"wp:term":[{"taxonomy":"category","embeddable":true,"href":"https:\/\/www.africa-press.net\/congo-kinshasa\/wp-json\/wp\/v2\/categories?post=85393"},{"taxonomy":"post_tag","embeddable":true,"href":"https:\/\/www.africa-press.net\/congo-kinshasa\/wp-json\/wp\/v2\/tags?post=85393"}],"curies":[{"name":"wp","href":"https:\/\/api.w.org\/{rel}","templated":true}]}}