{"id":97583,"date":"2024-09-13T20:39:43","date_gmt":"2024-09-13T20:39:43","guid":{"rendered":"https:\/\/www.africa-press.net\/congo-kinshasa\/politique\/mort-de-maradona-le-proces-de-son-equipe-medicale-a-nouveau-reporte-a-mars-2025"},"modified":"2024-09-13T21:06:26","modified_gmt":"2024-09-13T21:06:26","slug":"mort-de-maradona-le-proces-de-son-equipe-medicale-a-nouveau-reporte-a-mars-2025","status":"publish","type":"post","link":"https:\/\/www.africa-press.net\/congo-kinshasa\/sports\/mort-de-maradona-le-proces-de-son-equipe-medicale-a-nouveau-reporte-a-mars-2025","title":{"rendered":"Mort de Maradona : le proc\u00e8s de son \u00e9quipe m\u00e9dicale \u00e0 nouveau report\u00e9, \u00e0 mars 2025"},"content":{"rendered":"<p><span style=\"color: #ff6600\"><strong>Africa-Press &#8211; Congo Kinshasa. <\/strong><\/span><b>Le proce\u0300s tre\u0300s attendu de huit professionnels de sante\u0301 pour ne\u0301gligence potentielle ayant entrai\u0302ne\u0301 la mort de Diego Maradona en 2020, qui devait commencer en octobre, a e\u0301te\u0301 reporte\u0301 au 11 mars prochain, a annonce\u0301 la justice argentine.<\/b><\/p>\n<p>Nouveau report dans l&rsquo;affaire Maradona. Alors qu&rsquo;il devait de\u0301buter en octobre, le proce\u0300s de plusieurs professionnels de sante\u0301 pour potentielle ne\u0301gligence ayant entrai\u0302ne\u0301 la mort du footballeur star en 2020, a e\u0301te\u0301 une nouvelle fois reporte\u0301 jeudi, au 11 mars prochain, a annonce\u0301 la justice.<\/p>\n<p>Le tribunal de San Isidro (nord de Buenos Aires) a dans une re\u0301solution adopte\u0301e a\u0300 deux juges contre un, \u00ab\u00a0fait droit a\u0300 la demande de report de l&rsquo;audience\u00a0\u00bb sollicite\u0301e par les de\u0301fenseurs de trois des huit accuse\u0301s, relevant l&rsquo;absence d&rsquo;opposition des autres parties.<\/p>\n<p>Le proce\u0300s a e\u0301te\u0301 renvoye\u0301 au 11 mars 2025 a\u0300 9H30 (12H30 GMT). C&rsquo;est son deuxie\u0300me report: initialement pre\u0301vu en juin, il avait de\u0301ja\u0300 e\u0301te\u0301 repousse\u0301 une fois, au 1er octobre.<\/p>\n<p>Toutefois l&rsquo;une des accuse\u0301s, l&rsquo;infirmie\u0300re Gisela Madrid &#8211; qui depuis le de\u0301but dit n&rsquo;avoir fait que suivre les directives des me\u0301decins &#8211; avait demande\u0301 a\u0300 e\u0302tre juge\u0301e a\u0300 part, et par un jury populaire. Elle sera bien juge\u0301e selon cette modalite\u0301, et de\u0300s octobre, a\u0300 partir du 2, a prononce\u0301 le tribunal dans une re\u0301solution distincte.<\/p>\n<p><b>Ne\u0301gligence potentielle<\/b><\/p>\n<p>Le report sollicite\u0301 une nouvelle fois pour le proce\u0300s principal invoque un de\u0301lai qui \u00ab\u00a0fragiliserait le droit de la de\u0301fense\u00a0\u00bb, ainsi qu&rsquo;une simultane\u0301ite\u0301 potentiellement proble\u0301matique avec le proce\u0300s de l&rsquo;infirmie\u0300re.<\/p>\n<p>Maradona, ico\u0302ne argentine et le\u0301gende du football mondial, est de\u0301ce\u0301de\u0301 a\u0300 60 ans d&rsquo;une crise cardio-respiratoire le 25 novembre 2020, seul sur un lit me\u0301dicalise\u0301 d&rsquo;une re\u0301sidence de Tigre (nord de Buenos Aires), ou\u0300 il e\u0301tait en convalescence apre\u0300s une neurochirurgie pour un he\u0301matome a\u0300 la te\u0302te.<\/p>\n<p>Par deux fois, en 2022 puis en appel en mars 2023, la justice a confirme\u0301 un proce\u0300s a\u0300 venir pour son e\u0301quipe me\u0301dicale, pour ne\u0301gligence potentielle ayant entrai\u0302ne\u0301 sa mort.<\/p>\n<p>Parmi ces huit praticiens, un neurochirurgien et me\u0301decin traitant, un me\u0301decin clinicien, une psychiatre, une psychologue, un chef infirmier, des infirmiers. Tous demeurent en liberte\u0301.<\/p>\n<p>La justice a retenu a\u0300 leur encontre la qualification d'\u00a0\u00bbhomicide avec dol e\u0301ventuel\u00a0\u00bb, soit une infraction caracte\u0301rise\u0301e lorsqu&rsquo;une personne commet une ne\u0301gligence, tout en sachant que celle-ci peut entrai\u0302ner la mort. Elle est passible de 8 a\u0300 25 ans de prison.<\/p>\n<p><strong>Pour plus d&rsquo;informations et d&rsquo;analyses sur la <span style=\"color: #ff6600\">Congo Kinshasa<\/span>, suivez <span style=\"color: #ff6600\">Africa-Press<\/span><\/strong><\/p>\n","protected":false},"excerpt":{"rendered":"<p>Africa-Press &#8211; Congo Kinshasa. Le proce\u0300s tre\u0300s attendu de huit professionnels de sante\u0301 pour ne\u0301gligence potentielle ayant entrai\u0302ne\u0301 la mort de Diego Maradona en 2020, qui devait commencer en octobre, a e\u0301te\u0301 reporte\u0301 au 11 mars prochain, a annonce\u0301 la justice argentine. Nouveau report dans l&rsquo;affaire Maradona. Alors qu&rsquo;il devait de\u0301buter en octobre, le proce\u0300s [&hellip;]<\/p>\n","protected":false},"author":82,"featured_media":97582,"comment_status":"open","ping_status":"closed","sticky":false,"template":"","format":"standard","meta":{"footnotes":""},"categories":[6,10],"tags":[46],"class_list":["post-97583","post","type-post","status-publish","format-standard","has-post-thumbnail","hentry","category-sports","category-toutes-les-actualites","tag-congo-kinshasa"],"yoast_head":"<!-- This site is optimized with the Yoast SEO Premium plugin v26.1 (Yoast SEO v27.0) - https:\/\/yoast.com\/product\/yoast-seo-premium-wordpress\/ -->\n<title>Mort de Maradona : le proc\u00e8s de son \u00e9quipe m\u00e9dicale \u00e0 nouveau report\u00e9, \u00e0 mars 2025 - Congo-kinshasa<\/title>\n<meta name=\"description\" content=\"Le proce\u0300s tre\u0300s attendu de huit professionnels de sante\u0301 pour ne\u0301gligence potentielle ayant entrai\u0302ne\u0301 la mort de Di ...\" \/>\n<meta name=\"robots\" content=\"index, follow, max-snippet:-1, max-image-preview:large, max-video-preview:-1\" \/>\n<link rel=\"canonical\" href=\"https:\/\/www.africa-press.net\/congo-kinshasa\/sports\/mort-de-maradona-le-proces-de-son-equipe-medicale-a-nouveau-reporte-a-mars-2025\" \/>\n<meta property=\"og:locale\" content=\"fr_FR\" \/>\n<meta property=\"og:type\" content=\"article\" \/>\n<meta property=\"og:title\" content=\"Mort de Maradona : le proc\u00e8s de son \u00e9quipe m\u00e9dicale \u00e0 nouveau report\u00e9, \u00e0 mars 2025\" \/>\n<meta property=\"og:description\" content=\"Le proce\u0300s tre\u0300s attendu de huit professionnels de sante\u0301 pour ne\u0301gligence potentielle ayant entrai\u0302ne\u0301 la mort de Di ...\" \/>\n<meta property=\"og:url\" content=\"https:\/\/www.africa-press.net\/congo-kinshasa\/sports\/mort-de-maradona-le-proces-de-son-equipe-medicale-a-nouveau-reporte-a-mars-2025\" \/>\n<meta property=\"og:site_name\" content=\"Congo-kinshasa\" \/>\n<meta property=\"article:published_time\" content=\"2024-09-13T20:39:43+00:00\" \/>\n<meta property=\"article:modified_time\" content=\"2024-09-13T21:06:26+00:00\" \/>\n<meta property=\"og:image\" content=\"https:\/\/static.africa-press.net\/congo-kinshasa\/sites\/49\/2024\/09\/sm_1726248623.222045.jpg\" \/>\n\t<meta property=\"og:image:width\" content=\"720\" \/>\n\t<meta property=\"og:image:height\" content=\"461\" \/>\n\t<meta property=\"og:image:type\" content=\"image\/jpeg\" \/>\n<meta name=\"author\" content=\"cfeditorfr\" \/>\n<meta name=\"twitter:card\" content=\"summary_large_image\" \/>\n<meta name=\"twitter:label1\" content=\"\u00c9crit par\" \/>\n\t<meta name=\"twitter:data1\" content=\"cfeditorfr\" \/>\n\t<meta name=\"twitter:label2\" content=\"Dur\u00e9e de lecture estim\u00e9e\" \/>\n\t<meta name=\"twitter:data2\" content=\"2 minutes\" \/>\n<script type=\"application\/ld+json\" class=\"yoast-schema-graph\">{\"@context\":\"https:\/\/schema.org\",\"@graph\":[{\"@type\":\"Article\",\"@id\":\"https:\/\/www.africa-press.net\/congo-kinshasa\/sports\/mort-de-maradona-le-proces-de-son-equipe-medicale-a-nouveau-reporte-a-mars-2025#article\",\"isPartOf\":{\"@id\":\"https:\/\/www.africa-press.net\/congo-kinshasa\/sports\/mort-de-maradona-le-proces-de-son-equipe-medicale-a-nouveau-reporte-a-mars-2025\"},\"author\":{\"name\":\"cfeditorfr\",\"@id\":\"https:\/\/www.africa-press.net\/congo-kinshasa\/#\/schema\/person\/2b1cf3cd81a31e3cd26889ca66d677f1\"},\"headline\":\"Mort de Maradona : le proc\u00e8s de son \u00e9quipe m\u00e9dicale \u00e0 nouveau report\u00e9, \u00e0 mars 2025\",\"datePublished\":\"2024-09-13T20:39:43+00:00\",\"dateModified\":\"2024-09-13T21:06:26+00:00\",\"mainEntityOfPage\":{\"@id\":\"https:\/\/www.africa-press.net\/congo-kinshasa\/sports\/mort-de-maradona-le-proces-de-son-equipe-medicale-a-nouveau-reporte-a-mars-2025\"},\"wordCount\":480,\"commentCount\":0,\"image\":{\"@id\":\"https:\/\/www.africa-press.net\/congo-kinshasa\/sports\/mort-de-maradona-le-proces-de-son-equipe-medicale-a-nouveau-reporte-a-mars-2025#primaryimage\"},\"thumbnailUrl\":\"https:\/\/static.africa-press.net\/congo-kinshasa\/sites\/49\/2024\/09\/sm_1726248623.222045.jpg\",\"keywords\":[\"Congo Kinshasa\"],\"articleSection\":[\"Sports\",\"Toutes les actualit\u00e9s\"],\"inLanguage\":\"fr-FR\",\"potentialAction\":[{\"@type\":\"CommentAction\",\"name\":\"Comment\",\"target\":[\"https:\/\/www.africa-press.net\/congo-kinshasa\/sports\/mort-de-maradona-le-proces-de-son-equipe-medicale-a-nouveau-reporte-a-mars-2025#respond\"]}]},{\"@type\":\"WebPage\",\"@id\":\"https:\/\/www.africa-press.net\/congo-kinshasa\/sports\/mort-de-maradona-le-proces-de-son-equipe-medicale-a-nouveau-reporte-a-mars-2025\",\"url\":\"https:\/\/www.africa-press.net\/congo-kinshasa\/sports\/mort-de-maradona-le-proces-de-son-equipe-medicale-a-nouveau-reporte-a-mars-2025\",\"name\":\"Mort de Maradona : le proc\u00e8s de son \u00e9quipe m\u00e9dicale \u00e0 nouveau report\u00e9, \u00e0 mars 2025 - Congo-kinshasa\",\"isPartOf\":{\"@id\":\"https:\/\/www.africa-press.net\/congo-kinshasa\/#website\"},\"primaryImageOfPage\":{\"@id\":\"https:\/\/www.africa-press.net\/congo-kinshasa\/sports\/mort-de-maradona-le-proces-de-son-equipe-medicale-a-nouveau-reporte-a-mars-2025#primaryimage\"},\"image\":{\"@id\":\"https:\/\/www.africa-press.net\/congo-kinshasa\/sports\/mort-de-maradona-le-proces-de-son-equipe-medicale-a-nouveau-reporte-a-mars-2025#primaryimage\"},\"thumbnailUrl\":\"https:\/\/static.africa-press.net\/congo-kinshasa\/sites\/49\/2024\/09\/sm_1726248623.222045.jpg\",\"datePublished\":\"2024-09-13T20:39:43+00:00\",\"dateModified\":\"2024-09-13T21:06:26+00:00\",\"author\":{\"@id\":\"https:\/\/www.africa-press.net\/congo-kinshasa\/#\/schema\/person\/2b1cf3cd81a31e3cd26889ca66d677f1\"},\"description\":\"Le proce\u0300s tre\u0300s attendu de huit professionnels de sante\u0301 pour ne\u0301gligence potentielle ayant entrai\u0302ne\u0301 la mort de Di ...\",\"breadcrumb\":{\"@id\":\"https:\/\/www.africa-press.net\/congo-kinshasa\/sports\/mort-de-maradona-le-proces-de-son-equipe-medicale-a-nouveau-reporte-a-mars-2025#breadcrumb\"},\"inLanguage\":\"fr-FR\",\"potentialAction\":[{\"@type\":\"ReadAction\",\"target\":[\"https:\/\/www.africa-press.net\/congo-kinshasa\/sports\/mort-de-maradona-le-proces-de-son-equipe-medicale-a-nouveau-reporte-a-mars-2025\"]}]},{\"@type\":\"ImageObject\",\"inLanguage\":\"fr-FR\",\"@id\":\"https:\/\/www.africa-press.net\/congo-kinshasa\/sports\/mort-de-maradona-le-proces-de-son-equipe-medicale-a-nouveau-reporte-a-mars-2025#primaryimage\",\"url\":\"https:\/\/static.africa-press.net\/congo-kinshasa\/sites\/49\/2024\/09\/sm_1726248623.222045.jpg\",\"contentUrl\":\"https:\/\/static.africa-press.net\/congo-kinshasa\/sites\/49\/2024\/09\/sm_1726248623.222045.jpg\",\"width\":720,\"height\":461,\"caption\":\"Mort de Maradona : le proc\u00e8s de son \u00e9quipe m\u00e9dicale \u00e0 nouveau report\u00e9, \u00e0 mars 2025\"},{\"@type\":\"BreadcrumbList\",\"@id\":\"https:\/\/www.africa-press.net\/congo-kinshasa\/sports\/mort-de-maradona-le-proces-de-son-equipe-medicale-a-nouveau-reporte-a-mars-2025#breadcrumb\",\"itemListElement\":[{\"@type\":\"ListItem\",\"position\":1,\"name\":\"Accueil\",\"item\":\"https:\/\/www.africa-press.net\/congo-kinshasa\/\"},{\"@type\":\"ListItem\",\"position\":2,\"name\":\"Mort de Maradona : le proc\u00e8s de son \u00e9quipe m\u00e9dicale \u00e0 nouveau report\u00e9, \u00e0 mars 2025\"}]},{\"@type\":\"WebSite\",\"@id\":\"https:\/\/www.africa-press.net\/congo-kinshasa\/#website\",\"url\":\"https:\/\/www.africa-press.net\/congo-kinshasa\/\",\"name\":\"Congo-kinshasa\",\"description\":\"Just another Africa News Agency Sites site\",\"potentialAction\":[{\"@type\":\"SearchAction\",\"target\":{\"@type\":\"EntryPoint\",\"urlTemplate\":\"https:\/\/www.africa-press.net\/congo-kinshasa\/?s={search_term_string}\"},\"query-input\":{\"@type\":\"PropertyValueSpecification\",\"valueRequired\":true,\"valueName\":\"search_term_string\"}}],\"inLanguage\":\"fr-FR\"},{\"@type\":\"Person\",\"@id\":\"https:\/\/www.africa-press.net\/congo-kinshasa\/#\/schema\/person\/2b1cf3cd81a31e3cd26889ca66d677f1\",\"name\":\"cfeditorfr\"}]}<\/script>\n<!-- \/ Yoast SEO Premium plugin. -->","yoast_head_json":{"title":"Mort de Maradona : le proc\u00e8s de son \u00e9quipe m\u00e9dicale \u00e0 nouveau report\u00e9, \u00e0 mars 2025 - Congo-kinshasa","description":"Le proce\u0300s tre\u0300s attendu de huit professionnels de sante\u0301 pour ne\u0301gligence potentielle ayant entrai\u0302ne\u0301 la mort de Di ...","robots":{"index":"index","follow":"follow","max-snippet":"max-snippet:-1","max-image-preview":"max-image-preview:large","max-video-preview":"max-video-preview:-1"},"canonical":"https:\/\/www.africa-press.net\/congo-kinshasa\/sports\/mort-de-maradona-le-proces-de-son-equipe-medicale-a-nouveau-reporte-a-mars-2025","og_locale":"fr_FR","og_type":"article","og_title":"Mort de Maradona : le proc\u00e8s de son \u00e9quipe m\u00e9dicale \u00e0 nouveau report\u00e9, \u00e0 mars 2025","og_description":"Le proce\u0300s tre\u0300s attendu de huit professionnels de sante\u0301 pour ne\u0301gligence potentielle ayant entrai\u0302ne\u0301 la mort de Di ...","og_url":"https:\/\/www.africa-press.net\/congo-kinshasa\/sports\/mort-de-maradona-le-proces-de-son-equipe-medicale-a-nouveau-reporte-a-mars-2025","og_site_name":"Congo-kinshasa","article_published_time":"2024-09-13T20:39:43+00:00","article_modified_time":"2024-09-13T21:06:26+00:00","og_image":[{"width":720,"height":461,"url":"https:\/\/static.africa-press.net\/congo-kinshasa\/sites\/49\/2024\/09\/sm_1726248623.222045.jpg","type":"image\/jpeg"}],"author":"cfeditorfr","twitter_card":"summary_large_image","twitter_misc":{"\u00c9crit par":"cfeditorfr","Dur\u00e9e de lecture estim\u00e9e":"2 minutes"},"schema":{"@context":"https:\/\/schema.org","@graph":[{"@type":"Article","@id":"https:\/\/www.africa-press.net\/congo-kinshasa\/sports\/mort-de-maradona-le-proces-de-son-equipe-medicale-a-nouveau-reporte-a-mars-2025#article","isPartOf":{"@id":"https:\/\/www.africa-press.net\/congo-kinshasa\/sports\/mort-de-maradona-le-proces-de-son-equipe-medicale-a-nouveau-reporte-a-mars-2025"},"author":{"name":"cfeditorfr","@id":"https:\/\/www.africa-press.net\/congo-kinshasa\/#\/schema\/person\/2b1cf3cd81a31e3cd26889ca66d677f1"},"headline":"Mort de Maradona : le proc\u00e8s de son \u00e9quipe m\u00e9dicale \u00e0 nouveau report\u00e9, \u00e0 mars 2025","datePublished":"2024-09-13T20:39:43+00:00","dateModified":"2024-09-13T21:06:26+00:00","mainEntityOfPage":{"@id":"https:\/\/www.africa-press.net\/congo-kinshasa\/sports\/mort-de-maradona-le-proces-de-son-equipe-medicale-a-nouveau-reporte-a-mars-2025"},"wordCount":480,"commentCount":0,"image":{"@id":"https:\/\/www.africa-press.net\/congo-kinshasa\/sports\/mort-de-maradona-le-proces-de-son-equipe-medicale-a-nouveau-reporte-a-mars-2025#primaryimage"},"thumbnailUrl":"https:\/\/static.africa-press.net\/congo-kinshasa\/sites\/49\/2024\/09\/sm_1726248623.222045.jpg","keywords":["Congo Kinshasa"],"articleSection":["Sports","Toutes les actualit\u00e9s"],"inLanguage":"fr-FR","potentialAction":[{"@type":"CommentAction","name":"Comment","target":["https:\/\/www.africa-press.net\/congo-kinshasa\/sports\/mort-de-maradona-le-proces-de-son-equipe-medicale-a-nouveau-reporte-a-mars-2025#respond"]}]},{"@type":"WebPage","@id":"https:\/\/www.africa-press.net\/congo-kinshasa\/sports\/mort-de-maradona-le-proces-de-son-equipe-medicale-a-nouveau-reporte-a-mars-2025","url":"https:\/\/www.africa-press.net\/congo-kinshasa\/sports\/mort-de-maradona-le-proces-de-son-equipe-medicale-a-nouveau-reporte-a-mars-2025","name":"Mort de Maradona : le proc\u00e8s de son \u00e9quipe m\u00e9dicale \u00e0 nouveau report\u00e9, \u00e0 mars 2025 - Congo-kinshasa","isPartOf":{"@id":"https:\/\/www.africa-press.net\/congo-kinshasa\/#website"},"primaryImageOfPage":{"@id":"https:\/\/www.africa-press.net\/congo-kinshasa\/sports\/mort-de-maradona-le-proces-de-son-equipe-medicale-a-nouveau-reporte-a-mars-2025#primaryimage"},"image":{"@id":"https:\/\/www.africa-press.net\/congo-kinshasa\/sports\/mort-de-maradona-le-proces-de-son-equipe-medicale-a-nouveau-reporte-a-mars-2025#primaryimage"},"thumbnailUrl":"https:\/\/static.africa-press.net\/congo-kinshasa\/sites\/49\/2024\/09\/sm_1726248623.222045.jpg","datePublished":"2024-09-13T20:39:43+00:00","dateModified":"2024-09-13T21:06:26+00:00","author":{"@id":"https:\/\/www.africa-press.net\/congo-kinshasa\/#\/schema\/person\/2b1cf3cd81a31e3cd26889ca66d677f1"},"description":"Le proce\u0300s tre\u0300s attendu de huit professionnels de sante\u0301 pour ne\u0301gligence potentielle ayant entrai\u0302ne\u0301 la mort de Di ...","breadcrumb":{"@id":"https:\/\/www.africa-press.net\/congo-kinshasa\/sports\/mort-de-maradona-le-proces-de-son-equipe-medicale-a-nouveau-reporte-a-mars-2025#breadcrumb"},"inLanguage":"fr-FR","potentialAction":[{"@type":"ReadAction","target":["https:\/\/www.africa-press.net\/congo-kinshasa\/sports\/mort-de-maradona-le-proces-de-son-equipe-medicale-a-nouveau-reporte-a-mars-2025"]}]},{"@type":"ImageObject","inLanguage":"fr-FR","@id":"https:\/\/www.africa-press.net\/congo-kinshasa\/sports\/mort-de-maradona-le-proces-de-son-equipe-medicale-a-nouveau-reporte-a-mars-2025#primaryimage","url":"https:\/\/static.africa-press.net\/congo-kinshasa\/sites\/49\/2024\/09\/sm_1726248623.222045.jpg","contentUrl":"https:\/\/static.africa-press.net\/congo-kinshasa\/sites\/49\/2024\/09\/sm_1726248623.222045.jpg","width":720,"height":461,"caption":"Mort de Maradona : le proc\u00e8s de son \u00e9quipe m\u00e9dicale \u00e0 nouveau report\u00e9, \u00e0 mars 2025"},{"@type":"BreadcrumbList","@id":"https:\/\/www.africa-press.net\/congo-kinshasa\/sports\/mort-de-maradona-le-proces-de-son-equipe-medicale-a-nouveau-reporte-a-mars-2025#breadcrumb","itemListElement":[{"@type":"ListItem","position":1,"name":"Accueil","item":"https:\/\/www.africa-press.net\/congo-kinshasa\/"},{"@type":"ListItem","position":2,"name":"Mort de Maradona : le proc\u00e8s de son \u00e9quipe m\u00e9dicale \u00e0 nouveau report\u00e9, \u00e0 mars 2025"}]},{"@type":"WebSite","@id":"https:\/\/www.africa-press.net\/congo-kinshasa\/#website","url":"https:\/\/www.africa-press.net\/congo-kinshasa\/","name":"Congo-kinshasa","description":"Just another Africa News Agency Sites site","potentialAction":[{"@type":"SearchAction","target":{"@type":"EntryPoint","urlTemplate":"https:\/\/www.africa-press.net\/congo-kinshasa\/?s={search_term_string}"},"query-input":{"@type":"PropertyValueSpecification","valueRequired":true,"valueName":"search_term_string"}}],"inLanguage":"fr-FR"},{"@type":"Person","@id":"https:\/\/www.africa-press.net\/congo-kinshasa\/#\/schema\/person\/2b1cf3cd81a31e3cd26889ca66d677f1","name":"cfeditorfr"}]}},"_links":{"self":[{"href":"https:\/\/www.africa-press.net\/congo-kinshasa\/wp-json\/wp\/v2\/posts\/97583","targetHints":{"allow":["GET"]}}],"collection":[{"href":"https:\/\/www.africa-press.net\/congo-kinshasa\/wp-json\/wp\/v2\/posts"}],"about":[{"href":"https:\/\/www.africa-press.net\/congo-kinshasa\/wp-json\/wp\/v2\/types\/post"}],"author":[{"embeddable":true,"href":"https:\/\/www.africa-press.net\/congo-kinshasa\/wp-json\/wp\/v2\/users\/82"}],"replies":[{"embeddable":true,"href":"https:\/\/www.africa-press.net\/congo-kinshasa\/wp-json\/wp\/v2\/comments?post=97583"}],"version-history":[{"count":0,"href":"https:\/\/www.africa-press.net\/congo-kinshasa\/wp-json\/wp\/v2\/posts\/97583\/revisions"}],"wp:featuredmedia":[{"embeddable":true,"href":"https:\/\/www.africa-press.net\/congo-kinshasa\/wp-json\/wp\/v2\/media\/97582"}],"wp:attachment":[{"href":"https:\/\/www.africa-press.net\/congo-kinshasa\/wp-json\/wp\/v2\/media?parent=97583"}],"wp:term":[{"taxonomy":"category","embeddable":true,"href":"https:\/\/www.africa-press.net\/congo-kinshasa\/wp-json\/wp\/v2\/categories?post=97583"},{"taxonomy":"post_tag","embeddable":true,"href":"https:\/\/www.africa-press.net\/congo-kinshasa\/wp-json\/wp\/v2\/tags?post=97583"}],"curies":[{"name":"wp","href":"https:\/\/api.w.org\/{rel}","templated":true}]}}