{"id":100114,"date":"2025-06-02T18:56:50","date_gmt":"2025-06-02T18:56:50","guid":{"rendered":"https:\/\/www.africa-press.net\/cotedivoire\/politique\/mobilisation-de-la-jeunesse-pour-ouattara-au-pre-congres"},"modified":"2025-06-02T19:18:32","modified_gmt":"2025-06-02T19:18:32","slug":"mobilisation-de-la-jeunesse-pour-ouattara-au-pre-congres","status":"publish","type":"post","link":"https:\/\/www.africa-press.net\/cotedivoire\/parties\/mobilisation-de-la-jeunesse-pour-ouattara-au-pre-congres","title":{"rendered":"Mobilisation de la jeunesse pour Ouattara au pr\u00e9-congr\u00e8s"},"content":{"rendered":"<p><span style=\"color: #ff6600\"><strong>Africa-Press &#8211; C\u00f4te d&rsquo;Ivoire. <\/strong><\/span>En marge du deuxie\u0300me congre\u0300s ordinaire du Rassemblement des Houphoue\u0308tistes pour la De\u0301mocratie et la Paix (RHDP), pre\u0301vu du 21 au 22 juin, la coordination re\u0301gionale dudit parti dans la re\u0301gion du Be\u0301re\u0301, a organise\u0301 son pre\u0301-congre\u0300s le dimanche 1er juin 2025 a\u0300 Mankono. Ce pre\u0301-congre\u0300s a e\u0301te\u0301 l\u2019occasion pour les e\u0301lus et cadres de la re\u0301gion de mobiliser les populations, surtout les jeunes, autour de la candidature du Pre\u0301sident Alassane Ouattara.<\/p>\n<p>Au terme de ce pre\u0301-congre\u0300s, un grand meeting, qui a rassemble\u0301 plus de 5 000 militants, a eu lieu a\u0300 l\u2019espace Moussa Bazar, en pre\u0301sence de plusieurs personnalite\u0301s politiques, administratives et coutumie\u0300res. A\u0300 cette occasion, Me\u0301pha Dosso, cadre du RHDP, a tenu a\u0300 rendre hommage au pre\u0301sident de la Re\u0301publique, Alassane Ouattara.<\/p>\n<p>\u00ab Ce pre\u0301-congre\u0300s n\u2019est pas un simple rassemblement, c\u2019est un acte fort de reconnaissance envers le pre\u0301sident Ouattara. Le de\u0301veloppement du Be\u0301re\u0301 est une re\u0301alite\u0301 visible: e\u0301lectrification a\u0300 plus de 95 %, e\u0301coles re\u0301nove\u0301es, infrastructures routie\u0300res en pleine mutation&#8230;; Comment ne pas renouveler notre confiance a\u0300 celui qui transforme nos vies au quotidien? \u00bb a-t-il de\u0301clare\u0301.<\/p>\n<p>Pour Me\u0301pha Dosso, la candidature d\u2019Alassane Ouattara est non seulement souhaite\u0301e, mais perc\u0327ue comme indispensable a\u0300 la poursuite du de\u0301veloppement harmonieux de la re\u0301gion. Ainsi, il a sonne\u0301 la mobilisation. \u00ab D\u2019ici au 25 octobre 2025, nous allons intensifier nos efforts pour convaincre chaque village, chaque famille, que le choix du progre\u0300s ne passe que par le Pre\u0301sident de la Re\u0301publique, Alassane Ouattara. Notre objectif est clair, de\u0301passer les 100 000 voix dans la re\u0301gion lors de la pre\u0301sidentielle&#8230;\u00bb a-t-il martele\u0301.<\/p>\n<p>Prenant la parole au nom du pre\u0301sident du directoire de leur parti, le ministre Ibrahim Kalil Konate\u0301 a salue\u0301 l\u2019organisation re\u0301ussie de ce pre\u0301-congre\u0300s et l\u2019enthousiasme manifeste des populations. Il a appele\u0301 a\u0300 l\u2019unite\u0301, a\u0300 la solidarite\u0301 et a\u0300 la cohe\u0301sion autour du Pre\u0301sident Ouattara pour consolider les acquis et ouvrir de nouvelles perspectives de de\u0301veloppement.<\/p>\n<p><strong>Pour plus d&rsquo;informations et d&rsquo;analyses sur la <span style=\"color: #ff6600\">C\u00f4te d&rsquo;Ivoire<\/span>, suivez <span style=\"color: #ff6600\">Africa-Press<\/span><\/strong><\/p>\n","protected":false},"excerpt":{"rendered":"<p>Africa-Press &#8211; C\u00f4te d&rsquo;Ivoire. En marge du deuxie\u0300me congre\u0300s ordinaire du Rassemblement des Houphoue\u0308tistes pour la De\u0301mocratie et la Paix (RHDP), pre\u0301vu du 21 au 22 juin, la coordination re\u0301gionale dudit parti dans la re\u0301gion du Be\u0301re\u0301, a organise\u0301 son pre\u0301-congre\u0300s le dimanche 1er juin 2025 a\u0300 Mankono. Ce pre\u0301-congre\u0300s a e\u0301te\u0301 l\u2019occasion pour les [&hellip;]<\/p>\n","protected":false},"author":82,"featured_media":100113,"comment_status":"open","ping_status":"closed","sticky":false,"template":"","format":"standard","meta":{"footnotes":""},"categories":[4,10],"tags":[3293,29,17870,4590,3292,17773,371],"class_list":["post-100114","post","type-post","status-publish","format-standard","has-post-thumbnail","hentry","category-parties","category-toutes-les-actualites","tag-bere","tag-cote-divoire","tag-ibrahim-kalil","tag-mankono","tag-mepha-dosso","tag-pre-congres","tag-rhdp"],"yoast_head":"<!-- This site is optimized with the Yoast SEO Premium plugin v26.1 (Yoast SEO v27.0) - https:\/\/yoast.com\/product\/yoast-seo-premium-wordpress\/ -->\n<title>Mobilisation de la jeunesse pour Ouattara au pr\u00e9-congr\u00e8s - C\u00f4te d&#039;Ivoire<\/title>\n<meta name=\"description\" content=\"En marge du deuxie\u0300me congre\u0300s ordinaire du Rassemblement des Houphoue\u0308tistes pour la De\u0301mocratie et la Paix (RHDP), pre ...\" \/>\n<meta name=\"robots\" content=\"index, follow, max-snippet:-1, max-image-preview:large, max-video-preview:-1\" \/>\n<link rel=\"canonical\" href=\"https:\/\/www.africa-press.net\/cotedivoire\/parties\/mobilisation-de-la-jeunesse-pour-ouattara-au-pre-congres\" \/>\n<meta property=\"og:locale\" content=\"fr_FR\" \/>\n<meta property=\"og:type\" content=\"article\" \/>\n<meta property=\"og:title\" content=\"Mobilisation de la jeunesse pour Ouattara au pr\u00e9-congr\u00e8s\" \/>\n<meta property=\"og:description\" content=\"En marge du deuxie\u0300me congre\u0300s ordinaire du Rassemblement des Houphoue\u0308tistes pour la De\u0301mocratie et la Paix (RHDP), pre ...\" \/>\n<meta property=\"og:url\" content=\"https:\/\/www.africa-press.net\/cotedivoire\/parties\/mobilisation-de-la-jeunesse-pour-ouattara-au-pre-congres\" \/>\n<meta property=\"og:site_name\" content=\"C\u00f4te d&#039;Ivoire\" \/>\n<meta property=\"article:published_time\" content=\"2025-06-02T18:56:50+00:00\" \/>\n<meta property=\"article:modified_time\" content=\"2025-06-02T19:18:32+00:00\" \/>\n<meta property=\"og:image\" content=\"https:\/\/static.africa-press.net\/cote\/sites\/43\/2025\/06\/sm_1748879242.099437.jpg\" \/>\n\t<meta property=\"og:image:width\" content=\"720\" \/>\n\t<meta property=\"og:image:height\" content=\"480\" \/>\n\t<meta property=\"og:image:type\" content=\"image\/jpeg\" \/>\n<meta name=\"author\" content=\"cfeditorfr\" \/>\n<meta name=\"twitter:card\" content=\"summary_large_image\" \/>\n<meta name=\"twitter:label1\" content=\"\u00c9crit par\" \/>\n\t<meta name=\"twitter:data1\" content=\"cfeditorfr\" \/>\n\t<meta name=\"twitter:label2\" content=\"Dur\u00e9e de lecture estim\u00e9e\" \/>\n\t<meta name=\"twitter:data2\" content=\"2 minutes\" \/>\n<script type=\"application\/ld+json\" class=\"yoast-schema-graph\">{\"@context\":\"https:\/\/schema.org\",\"@graph\":[{\"@type\":\"Article\",\"@id\":\"https:\/\/www.africa-press.net\/cotedivoire\/parties\/mobilisation-de-la-jeunesse-pour-ouattara-au-pre-congres#article\",\"isPartOf\":{\"@id\":\"https:\/\/www.africa-press.net\/cotedivoire\/parties\/mobilisation-de-la-jeunesse-pour-ouattara-au-pre-congres\"},\"author\":{\"name\":\"cfeditorfr\",\"@id\":\"https:\/\/www.africa-press.net\/cotedivoire\/#\/schema\/person\/2b1cf3cd81a31e3cd26889ca66d677f1\"},\"headline\":\"Mobilisation de la jeunesse pour Ouattara au pr\u00e9-congr\u00e8s\",\"datePublished\":\"2025-06-02T18:56:50+00:00\",\"dateModified\":\"2025-06-02T19:18:32+00:00\",\"mainEntityOfPage\":{\"@id\":\"https:\/\/www.africa-press.net\/cotedivoire\/parties\/mobilisation-de-la-jeunesse-pour-ouattara-au-pre-congres\"},\"wordCount\":397,\"commentCount\":0,\"image\":{\"@id\":\"https:\/\/www.africa-press.net\/cotedivoire\/parties\/mobilisation-de-la-jeunesse-pour-ouattara-au-pre-congres#primaryimage\"},\"thumbnailUrl\":\"https:\/\/static.africa-press.net\/cote\/sites\/43\/2025\/06\/sm_1748879242.099437.jpg\",\"keywords\":[\"Ber\u00e9\",\"C\u00d4TE D'IVOIRE\",\"Ibrahim Kalil\",\"Mankono\",\"Mepha Dosso\",\"pr\u00e9-congr\u00e8s\",\"RHDP\"],\"articleSection\":[\"Parties\",\"Toutes les actualit\u00e9s\"],\"inLanguage\":\"fr-FR\",\"potentialAction\":[{\"@type\":\"CommentAction\",\"name\":\"Comment\",\"target\":[\"https:\/\/www.africa-press.net\/cotedivoire\/parties\/mobilisation-de-la-jeunesse-pour-ouattara-au-pre-congres#respond\"]}]},{\"@type\":\"WebPage\",\"@id\":\"https:\/\/www.africa-press.net\/cotedivoire\/parties\/mobilisation-de-la-jeunesse-pour-ouattara-au-pre-congres\",\"url\":\"https:\/\/www.africa-press.net\/cotedivoire\/parties\/mobilisation-de-la-jeunesse-pour-ouattara-au-pre-congres\",\"name\":\"Mobilisation de la jeunesse pour Ouattara au pr\u00e9-congr\u00e8s - C\u00f4te d&#039;Ivoire\",\"isPartOf\":{\"@id\":\"https:\/\/www.africa-press.net\/cotedivoire\/#website\"},\"primaryImageOfPage\":{\"@id\":\"https:\/\/www.africa-press.net\/cotedivoire\/parties\/mobilisation-de-la-jeunesse-pour-ouattara-au-pre-congres#primaryimage\"},\"image\":{\"@id\":\"https:\/\/www.africa-press.net\/cotedivoire\/parties\/mobilisation-de-la-jeunesse-pour-ouattara-au-pre-congres#primaryimage\"},\"thumbnailUrl\":\"https:\/\/static.africa-press.net\/cote\/sites\/43\/2025\/06\/sm_1748879242.099437.jpg\",\"datePublished\":\"2025-06-02T18:56:50+00:00\",\"dateModified\":\"2025-06-02T19:18:32+00:00\",\"author\":{\"@id\":\"https:\/\/www.africa-press.net\/cotedivoire\/#\/schema\/person\/2b1cf3cd81a31e3cd26889ca66d677f1\"},\"description\":\"En marge du deuxie\u0300me congre\u0300s ordinaire du Rassemblement des Houphoue\u0308tistes pour la De\u0301mocratie et la Paix (RHDP), pre ...\",\"breadcrumb\":{\"@id\":\"https:\/\/www.africa-press.net\/cotedivoire\/parties\/mobilisation-de-la-jeunesse-pour-ouattara-au-pre-congres#breadcrumb\"},\"inLanguage\":\"fr-FR\",\"potentialAction\":[{\"@type\":\"ReadAction\",\"target\":[\"https:\/\/www.africa-press.net\/cotedivoire\/parties\/mobilisation-de-la-jeunesse-pour-ouattara-au-pre-congres\"]}]},{\"@type\":\"ImageObject\",\"inLanguage\":\"fr-FR\",\"@id\":\"https:\/\/www.africa-press.net\/cotedivoire\/parties\/mobilisation-de-la-jeunesse-pour-ouattara-au-pre-congres#primaryimage\",\"url\":\"https:\/\/static.africa-press.net\/cote\/sites\/43\/2025\/06\/sm_1748879242.099437.jpg\",\"contentUrl\":\"https:\/\/static.africa-press.net\/cote\/sites\/43\/2025\/06\/sm_1748879242.099437.jpg\",\"width\":720,\"height\":480,\"caption\":\"Mobilisation de la jeunesse pour Ouattara au pr\u00e9-congr\u00e8s\"},{\"@type\":\"BreadcrumbList\",\"@id\":\"https:\/\/www.africa-press.net\/cotedivoire\/parties\/mobilisation-de-la-jeunesse-pour-ouattara-au-pre-congres#breadcrumb\",\"itemListElement\":[{\"@type\":\"ListItem\",\"position\":1,\"name\":\"Accueil\",\"item\":\"https:\/\/www.africa-press.net\/cotedivoire\/\"},{\"@type\":\"ListItem\",\"position\":2,\"name\":\"Mobilisation de la jeunesse pour Ouattara au pr\u00e9-congr\u00e8s\"}]},{\"@type\":\"WebSite\",\"@id\":\"https:\/\/www.africa-press.net\/cotedivoire\/#website\",\"url\":\"https:\/\/www.africa-press.net\/cotedivoire\/\",\"name\":\"C\u00f4te d&#039;Ivoire\",\"description\":\"Just another Africa News Agency Sites site\",\"potentialAction\":[{\"@type\":\"SearchAction\",\"target\":{\"@type\":\"EntryPoint\",\"urlTemplate\":\"https:\/\/www.africa-press.net\/cotedivoire\/?s={search_term_string}\"},\"query-input\":{\"@type\":\"PropertyValueSpecification\",\"valueRequired\":true,\"valueName\":\"search_term_string\"}}],\"inLanguage\":\"fr-FR\"},{\"@type\":\"Person\",\"@id\":\"https:\/\/www.africa-press.net\/cotedivoire\/#\/schema\/person\/2b1cf3cd81a31e3cd26889ca66d677f1\",\"name\":\"cfeditorfr\"}]}<\/script>\n<!-- \/ Yoast SEO Premium plugin. -->","yoast_head_json":{"title":"Mobilisation de la jeunesse pour Ouattara au pr\u00e9-congr\u00e8s - C\u00f4te d&#039;Ivoire","description":"En marge du deuxie\u0300me congre\u0300s ordinaire du Rassemblement des Houphoue\u0308tistes pour la De\u0301mocratie et la Paix (RHDP), pre ...","robots":{"index":"index","follow":"follow","max-snippet":"max-snippet:-1","max-image-preview":"max-image-preview:large","max-video-preview":"max-video-preview:-1"},"canonical":"https:\/\/www.africa-press.net\/cotedivoire\/parties\/mobilisation-de-la-jeunesse-pour-ouattara-au-pre-congres","og_locale":"fr_FR","og_type":"article","og_title":"Mobilisation de la jeunesse pour Ouattara au pr\u00e9-congr\u00e8s","og_description":"En marge du deuxie\u0300me congre\u0300s ordinaire du Rassemblement des Houphoue\u0308tistes pour la De\u0301mocratie et la Paix (RHDP), pre ...","og_url":"https:\/\/www.africa-press.net\/cotedivoire\/parties\/mobilisation-de-la-jeunesse-pour-ouattara-au-pre-congres","og_site_name":"C\u00f4te d&#039;Ivoire","article_published_time":"2025-06-02T18:56:50+00:00","article_modified_time":"2025-06-02T19:18:32+00:00","og_image":[{"width":720,"height":480,"url":"https:\/\/static.africa-press.net\/cote\/sites\/43\/2025\/06\/sm_1748879242.099437.jpg","type":"image\/jpeg"}],"author":"cfeditorfr","twitter_card":"summary_large_image","twitter_misc":{"\u00c9crit par":"cfeditorfr","Dur\u00e9e de lecture estim\u00e9e":"2 minutes"},"schema":{"@context":"https:\/\/schema.org","@graph":[{"@type":"Article","@id":"https:\/\/www.africa-press.net\/cotedivoire\/parties\/mobilisation-de-la-jeunesse-pour-ouattara-au-pre-congres#article","isPartOf":{"@id":"https:\/\/www.africa-press.net\/cotedivoire\/parties\/mobilisation-de-la-jeunesse-pour-ouattara-au-pre-congres"},"author":{"name":"cfeditorfr","@id":"https:\/\/www.africa-press.net\/cotedivoire\/#\/schema\/person\/2b1cf3cd81a31e3cd26889ca66d677f1"},"headline":"Mobilisation de la jeunesse pour Ouattara au pr\u00e9-congr\u00e8s","datePublished":"2025-06-02T18:56:50+00:00","dateModified":"2025-06-02T19:18:32+00:00","mainEntityOfPage":{"@id":"https:\/\/www.africa-press.net\/cotedivoire\/parties\/mobilisation-de-la-jeunesse-pour-ouattara-au-pre-congres"},"wordCount":397,"commentCount":0,"image":{"@id":"https:\/\/www.africa-press.net\/cotedivoire\/parties\/mobilisation-de-la-jeunesse-pour-ouattara-au-pre-congres#primaryimage"},"thumbnailUrl":"https:\/\/static.africa-press.net\/cote\/sites\/43\/2025\/06\/sm_1748879242.099437.jpg","keywords":["Ber\u00e9","C\u00d4TE D'IVOIRE","Ibrahim Kalil","Mankono","Mepha Dosso","pr\u00e9-congr\u00e8s","RHDP"],"articleSection":["Parties","Toutes les actualit\u00e9s"],"inLanguage":"fr-FR","potentialAction":[{"@type":"CommentAction","name":"Comment","target":["https:\/\/www.africa-press.net\/cotedivoire\/parties\/mobilisation-de-la-jeunesse-pour-ouattara-au-pre-congres#respond"]}]},{"@type":"WebPage","@id":"https:\/\/www.africa-press.net\/cotedivoire\/parties\/mobilisation-de-la-jeunesse-pour-ouattara-au-pre-congres","url":"https:\/\/www.africa-press.net\/cotedivoire\/parties\/mobilisation-de-la-jeunesse-pour-ouattara-au-pre-congres","name":"Mobilisation de la jeunesse pour Ouattara au pr\u00e9-congr\u00e8s - C\u00f4te d&#039;Ivoire","isPartOf":{"@id":"https:\/\/www.africa-press.net\/cotedivoire\/#website"},"primaryImageOfPage":{"@id":"https:\/\/www.africa-press.net\/cotedivoire\/parties\/mobilisation-de-la-jeunesse-pour-ouattara-au-pre-congres#primaryimage"},"image":{"@id":"https:\/\/www.africa-press.net\/cotedivoire\/parties\/mobilisation-de-la-jeunesse-pour-ouattara-au-pre-congres#primaryimage"},"thumbnailUrl":"https:\/\/static.africa-press.net\/cote\/sites\/43\/2025\/06\/sm_1748879242.099437.jpg","datePublished":"2025-06-02T18:56:50+00:00","dateModified":"2025-06-02T19:18:32+00:00","author":{"@id":"https:\/\/www.africa-press.net\/cotedivoire\/#\/schema\/person\/2b1cf3cd81a31e3cd26889ca66d677f1"},"description":"En marge du deuxie\u0300me congre\u0300s ordinaire du Rassemblement des Houphoue\u0308tistes pour la De\u0301mocratie et la Paix (RHDP), pre ...","breadcrumb":{"@id":"https:\/\/www.africa-press.net\/cotedivoire\/parties\/mobilisation-de-la-jeunesse-pour-ouattara-au-pre-congres#breadcrumb"},"inLanguage":"fr-FR","potentialAction":[{"@type":"ReadAction","target":["https:\/\/www.africa-press.net\/cotedivoire\/parties\/mobilisation-de-la-jeunesse-pour-ouattara-au-pre-congres"]}]},{"@type":"ImageObject","inLanguage":"fr-FR","@id":"https:\/\/www.africa-press.net\/cotedivoire\/parties\/mobilisation-de-la-jeunesse-pour-ouattara-au-pre-congres#primaryimage","url":"https:\/\/static.africa-press.net\/cote\/sites\/43\/2025\/06\/sm_1748879242.099437.jpg","contentUrl":"https:\/\/static.africa-press.net\/cote\/sites\/43\/2025\/06\/sm_1748879242.099437.jpg","width":720,"height":480,"caption":"Mobilisation de la jeunesse pour Ouattara au pr\u00e9-congr\u00e8s"},{"@type":"BreadcrumbList","@id":"https:\/\/www.africa-press.net\/cotedivoire\/parties\/mobilisation-de-la-jeunesse-pour-ouattara-au-pre-congres#breadcrumb","itemListElement":[{"@type":"ListItem","position":1,"name":"Accueil","item":"https:\/\/www.africa-press.net\/cotedivoire\/"},{"@type":"ListItem","position":2,"name":"Mobilisation de la jeunesse pour Ouattara au pr\u00e9-congr\u00e8s"}]},{"@type":"WebSite","@id":"https:\/\/www.africa-press.net\/cotedivoire\/#website","url":"https:\/\/www.africa-press.net\/cotedivoire\/","name":"C\u00f4te d&#039;Ivoire","description":"Just another Africa News Agency Sites site","potentialAction":[{"@type":"SearchAction","target":{"@type":"EntryPoint","urlTemplate":"https:\/\/www.africa-press.net\/cotedivoire\/?s={search_term_string}"},"query-input":{"@type":"PropertyValueSpecification","valueRequired":true,"valueName":"search_term_string"}}],"inLanguage":"fr-FR"},{"@type":"Person","@id":"https:\/\/www.africa-press.net\/cotedivoire\/#\/schema\/person\/2b1cf3cd81a31e3cd26889ca66d677f1","name":"cfeditorfr"}]}},"_links":{"self":[{"href":"https:\/\/www.africa-press.net\/cotedivoire\/wp-json\/wp\/v2\/posts\/100114","targetHints":{"allow":["GET"]}}],"collection":[{"href":"https:\/\/www.africa-press.net\/cotedivoire\/wp-json\/wp\/v2\/posts"}],"about":[{"href":"https:\/\/www.africa-press.net\/cotedivoire\/wp-json\/wp\/v2\/types\/post"}],"author":[{"embeddable":true,"href":"https:\/\/www.africa-press.net\/cotedivoire\/wp-json\/wp\/v2\/users\/82"}],"replies":[{"embeddable":true,"href":"https:\/\/www.africa-press.net\/cotedivoire\/wp-json\/wp\/v2\/comments?post=100114"}],"version-history":[{"count":0,"href":"https:\/\/www.africa-press.net\/cotedivoire\/wp-json\/wp\/v2\/posts\/100114\/revisions"}],"wp:featuredmedia":[{"embeddable":true,"href":"https:\/\/www.africa-press.net\/cotedivoire\/wp-json\/wp\/v2\/media\/100113"}],"wp:attachment":[{"href":"https:\/\/www.africa-press.net\/cotedivoire\/wp-json\/wp\/v2\/media?parent=100114"}],"wp:term":[{"taxonomy":"category","embeddable":true,"href":"https:\/\/www.africa-press.net\/cotedivoire\/wp-json\/wp\/v2\/categories?post=100114"},{"taxonomy":"post_tag","embeddable":true,"href":"https:\/\/www.africa-press.net\/cotedivoire\/wp-json\/wp\/v2\/tags?post=100114"}],"curies":[{"name":"wp","href":"https:\/\/api.w.org\/{rel}","templated":true}]}}