{"id":100117,"date":"2025-06-02T18:57:04","date_gmt":"2025-06-02T18:57:04","guid":{"rendered":"https:\/\/www.africa-press.net\/cotedivoire\/politique\/mobilisation-des-militants-rhdp-pour-ouattara-a-gbeke"},"modified":"2025-06-02T19:18:51","modified_gmt":"2025-06-02T19:18:51","slug":"mobilisation-des-militants-rhdp-pour-ouattara-a-gbeke","status":"publish","type":"post","link":"https:\/\/www.africa-press.net\/cotedivoire\/parties\/mobilisation-des-militants-rhdp-pour-ouattara-a-gbeke","title":{"rendered":"Mobilisation des militants RHDP pour Ouattara \u00e0 Gb\u00eak\u00ea"},"content":{"rendered":"<p><span style=\"color: #ff6600\"><strong>Africa-Press &#8211; C\u00f4te d&rsquo;Ivoire. <\/strong><\/span>Ce dimanche 01 juin 2025 a\u0300 Be\u0301oumi, le pre\u0301-congre\u0300s du RHDP de la re\u0301gion de Gbe\u0302ke\u0302, a\u0300 e\u0301te\u0301 l&rsquo;occasion pour le Ministre de l&rsquo;Environnement, du De\u0301veloppement Durable et de la Transition E\u0301cologique Assahore\u0301 Konan Jacques par ailleurs Pre\u0301sident du Conseil Re\u0301gional de Gbe\u0302ke\u0302, de mobiliser les militants et militantes de sa sphe\u0300re politique a\u0300 4 mois de l&rsquo;e\u0301lection pre\u0301sidentielle pre\u0301vue en octobre 2025. Le coordinateur principal du RHDP Gbe\u0302ke\u0302, a exprime\u0301 sa satisfaction face a\u0300 la grande mobilisation des militants.<\/p>\n<p>\u00ab Chers militants, chers militantes, chers fre\u0300res et soeurs de la coordination re\u0301gionale de Gbe\u0302ke\u0302, je tiens a\u0300 exprimer ma profonde gratitude a\u0300 chacune et a\u0300 chacun d&rsquo;entre vous pour votre pre\u0301sence, votre discipline et surtout votre engagement sans faille envers notre grande famille politique le RHDP. Cette journe\u0301e d&rsquo;e\u0301changes intenses et de de\u0301bats constructifs, nous a permis de re\u0301affirmer notre attention aux valeurs du RHDP.<\/p>\n<p>Je voudrais en ce instants solennel lancer un appel a\u0300 l&rsquo;unite\u0301 et a\u0300 la cohe\u0301sion, car c&rsquo;est ensemble dans l&rsquo;e\u0301coute et le respect mutuel que nous pourrons ba\u0302tir un avenir a\u0300 la hauteur des aspirations de nos populations. Je remercie tout le monde, tous les de\u0301le\u0301gue\u0301s, les responsables locaux du parti et les e\u0301lus qui ont contribue\u0301 aux succe\u0300s du rendez-vous politique. Vos efforts ne serons pas vains. Ils sont la preuve vivante que le RHDP est un parti de conviction et d&rsquo;action&#8230;\u00bb a fait savoir Assahore\u0301 Konan Jacques.<\/p>\n<p>Pre\u0300s de 800 participants compose\u0301s de toutes les structures du parti du Pre\u0301sident Alassane Ouattara dans la re\u0301gion, ont re\u0301pondu pre\u0301sent a\u0300 l&rsquo;appel de ce pre\u0301-congre\u0300s pre\u0301side\u0301 par le ministre Assahore\u0301 Konan Jacques, au cours duquel, trois commission ont e\u0301te\u0301 mises en place. La premie\u0300re commission assigne\u0301e au pre\u0301sident lui-me\u0302me, a sie\u0301ge\u0301 sur les statuts et re\u0300glements inte\u0301rieurs. La deuxie\u0300me commission vie et le fonctionnement du parti a e\u0301te\u0301 confie\u0301e au premier vice-pre\u0301sident le ministre Gouverneur Jean Claude Kouassi et la troisie\u0300me commission la politique ge\u0301ne\u0301rale avait a\u0300 sa te\u0302te le deuxie\u0300me vice-pre\u0301sident le ministre Ahoutou Koffi Emmanuel.<\/p>\n<p>Concernant les grandes articulations, le pre\u0301-congre\u0300s de Gbe\u0302ke\u0302 a fait des propositions de projets de socie\u0301te\u0301 pour les prochaines anne\u0301es. \u00ab De\u0301centralisation des po\u0302les e\u0301conomique dans les re\u0301gions, soutenir les champignons nationaux ainsi que les formations techniques.\u00bb a-t-on indique\u0301.<\/p>\n<p>Aussi, le pre\u0301-congre\u0300s a formule\u0301 des propositions, notamment celle de poursuivre la politique d&#8217;emploi et l&rsquo;autonomisation des jeunes et des femmes dont 6 motions ont e\u0301te\u0301 porte\u0301es sur les structures re\u0301gionales du parti. Les e\u0301lus et les cadres de la re\u0301gion, l&rsquo;union des jeunes du RHDP, l&rsquo;union des femmes du RHDP et l&rsquo;union des enseignants du RHDP ainsi qu&rsquo;une motion spe\u0301ciale du pre\u0301-congre\u0300s re\u0301gional.<\/p>\n<p>Le pre\u0301-congre\u0300s de Gbe\u0302ke\u0302 a\u0300 travers cette motion, a demande\u0301 \u00ab a\u0300 l&rsquo;unanimite\u0301 a\u0300 SEM le Pre\u0301sident Alassane Ouattara de nous faire l&rsquo;honneur d&rsquo;accepter de demeurer le pre\u0301sident de notre grand parti le RHDP. Assure a\u0300 son SEM Alassane Ouattara de la mobilisation des militants pour la victoire finale de\u0300s le premier tour&#8230;\u00bb<\/p>\n<p><strong>Pour plus d&rsquo;informations et d&rsquo;analyses sur la <span style=\"color: #ff6600\">C\u00f4te d&rsquo;Ivoire<\/span>, suivez <span style=\"color: #ff6600\">Africa-Press<\/span><\/strong><\/p>\n","protected":false},"excerpt":{"rendered":"<p>Africa-Press &#8211; C\u00f4te d&rsquo;Ivoire. Ce dimanche 01 juin 2025 a\u0300 Be\u0301oumi, le pre\u0301-congre\u0300s du RHDP de la re\u0301gion de Gbe\u0302ke\u0302, a\u0300 e\u0301te\u0301 l&rsquo;occasion pour le Ministre de l&rsquo;Environnement, du De\u0301veloppement Durable et de la Transition E\u0301cologique Assahore\u0301 Konan Jacques par ailleurs Pre\u0301sident du Conseil Re\u0301gional de Gbe\u0302ke\u0302, de mobiliser les militants et militantes de sa [&hellip;]<\/p>\n","protected":false},"author":82,"featured_media":100116,"comment_status":"open","ping_status":"closed","sticky":false,"template":"","format":"standard","meta":{"footnotes":""},"categories":[4,20,10],"tags":[38,1471,29,741,17773,371],"class_list":["post-100117","post","type-post","status-publish","format-standard","has-post-thumbnail","hentry","category-parties","category-top-nouvelles","category-toutes-les-actualites","tag-alassane-ouattara","tag-assahore-konan-jacques","tag-cote-divoire","tag-gbeke","tag-pre-congres","tag-rhdp"],"yoast_head":"<!-- This site is optimized with the Yoast SEO Premium plugin v26.1 (Yoast SEO v27.0) - https:\/\/yoast.com\/product\/yoast-seo-premium-wordpress\/ -->\n<title>Mobilisation des militants RHDP pour Ouattara \u00e0 Gb\u00eak\u00ea - C\u00f4te d&#039;Ivoire<\/title>\n<meta name=\"description\" content=\"Ce dimanche 01 juin 2025 a\u0300 Be\u0301oumi, le pre\u0301-congre\u0300s du RHDP de la re\u0301gion de Gbe\u0302ke\u0302, a\u0300 e\u0301te\u0301 l&#039;occasion pour le Mini ...\" \/>\n<meta name=\"robots\" content=\"index, follow, max-snippet:-1, max-image-preview:large, max-video-preview:-1\" \/>\n<link rel=\"canonical\" href=\"https:\/\/www.africa-press.net\/cotedivoire\/parties\/mobilisation-des-militants-rhdp-pour-ouattara-a-gbeke\" \/>\n<meta property=\"og:locale\" content=\"fr_FR\" \/>\n<meta property=\"og:type\" content=\"article\" \/>\n<meta property=\"og:title\" content=\"Mobilisation des militants RHDP pour Ouattara \u00e0 Gb\u00eak\u00ea\" \/>\n<meta property=\"og:description\" content=\"Ce dimanche 01 juin 2025 a\u0300 Be\u0301oumi, le pre\u0301-congre\u0300s du RHDP de la re\u0301gion de Gbe\u0302ke\u0302, a\u0300 e\u0301te\u0301 l&#039;occasion pour le Mini ...\" \/>\n<meta property=\"og:url\" content=\"https:\/\/www.africa-press.net\/cotedivoire\/parties\/mobilisation-des-militants-rhdp-pour-ouattara-a-gbeke\" \/>\n<meta property=\"og:site_name\" content=\"C\u00f4te d&#039;Ivoire\" \/>\n<meta property=\"article:published_time\" content=\"2025-06-02T18:57:04+00:00\" \/>\n<meta property=\"article:modified_time\" content=\"2025-06-02T19:18:51+00:00\" \/>\n<meta property=\"og:image\" content=\"https:\/\/static.africa-press.net\/cote\/sites\/43\/2025\/06\/sm_1748879273.670373.jpg\" \/>\n\t<meta property=\"og:image:width\" content=\"720\" \/>\n\t<meta property=\"og:image:height\" content=\"480\" \/>\n\t<meta property=\"og:image:type\" content=\"image\/jpeg\" \/>\n<meta name=\"author\" content=\"cfeditorfr\" \/>\n<meta name=\"twitter:card\" content=\"summary_large_image\" \/>\n<meta name=\"twitter:label1\" content=\"\u00c9crit par\" \/>\n\t<meta name=\"twitter:data1\" content=\"cfeditorfr\" \/>\n\t<meta name=\"twitter:label2\" content=\"Dur\u00e9e de lecture estim\u00e9e\" \/>\n\t<meta name=\"twitter:data2\" content=\"3 minutes\" \/>\n<script type=\"application\/ld+json\" class=\"yoast-schema-graph\">{\"@context\":\"https:\/\/schema.org\",\"@graph\":[{\"@type\":\"Article\",\"@id\":\"https:\/\/www.africa-press.net\/cotedivoire\/parties\/mobilisation-des-militants-rhdp-pour-ouattara-a-gbeke#article\",\"isPartOf\":{\"@id\":\"https:\/\/www.africa-press.net\/cotedivoire\/parties\/mobilisation-des-militants-rhdp-pour-ouattara-a-gbeke\"},\"author\":{\"name\":\"cfeditorfr\",\"@id\":\"https:\/\/www.africa-press.net\/cotedivoire\/#\/schema\/person\/2b1cf3cd81a31e3cd26889ca66d677f1\"},\"headline\":\"Mobilisation des militants RHDP pour Ouattara \u00e0 Gb\u00eak\u00ea\",\"datePublished\":\"2025-06-02T18:57:04+00:00\",\"dateModified\":\"2025-06-02T19:18:51+00:00\",\"mainEntityOfPage\":{\"@id\":\"https:\/\/www.africa-press.net\/cotedivoire\/parties\/mobilisation-des-militants-rhdp-pour-ouattara-a-gbeke\"},\"wordCount\":613,\"commentCount\":0,\"image\":{\"@id\":\"https:\/\/www.africa-press.net\/cotedivoire\/parties\/mobilisation-des-militants-rhdp-pour-ouattara-a-gbeke#primaryimage\"},\"thumbnailUrl\":\"https:\/\/static.africa-press.net\/cote\/sites\/43\/2025\/06\/sm_1748879273.670373.jpg\",\"keywords\":[\"Alassane Ouattara\",\"Assahor\u00e9 Konan Jacques\",\"C\u00d4TE D'IVOIRE\",\"Gb\u00eak\u00ea\",\"pr\u00e9-congr\u00e8s\",\"RHDP\"],\"articleSection\":[\"Parties\",\"Top Nouvelles\",\"Toutes les actualit\u00e9s\"],\"inLanguage\":\"fr-FR\",\"potentialAction\":[{\"@type\":\"CommentAction\",\"name\":\"Comment\",\"target\":[\"https:\/\/www.africa-press.net\/cotedivoire\/parties\/mobilisation-des-militants-rhdp-pour-ouattara-a-gbeke#respond\"]}]},{\"@type\":\"WebPage\",\"@id\":\"https:\/\/www.africa-press.net\/cotedivoire\/parties\/mobilisation-des-militants-rhdp-pour-ouattara-a-gbeke\",\"url\":\"https:\/\/www.africa-press.net\/cotedivoire\/parties\/mobilisation-des-militants-rhdp-pour-ouattara-a-gbeke\",\"name\":\"Mobilisation des militants RHDP pour Ouattara \u00e0 Gb\u00eak\u00ea - C\u00f4te d&#039;Ivoire\",\"isPartOf\":{\"@id\":\"https:\/\/www.africa-press.net\/cotedivoire\/#website\"},\"primaryImageOfPage\":{\"@id\":\"https:\/\/www.africa-press.net\/cotedivoire\/parties\/mobilisation-des-militants-rhdp-pour-ouattara-a-gbeke#primaryimage\"},\"image\":{\"@id\":\"https:\/\/www.africa-press.net\/cotedivoire\/parties\/mobilisation-des-militants-rhdp-pour-ouattara-a-gbeke#primaryimage\"},\"thumbnailUrl\":\"https:\/\/static.africa-press.net\/cote\/sites\/43\/2025\/06\/sm_1748879273.670373.jpg\",\"datePublished\":\"2025-06-02T18:57:04+00:00\",\"dateModified\":\"2025-06-02T19:18:51+00:00\",\"author\":{\"@id\":\"https:\/\/www.africa-press.net\/cotedivoire\/#\/schema\/person\/2b1cf3cd81a31e3cd26889ca66d677f1\"},\"description\":\"Ce dimanche 01 juin 2025 a\u0300 Be\u0301oumi, le pre\u0301-congre\u0300s du RHDP de la re\u0301gion de Gbe\u0302ke\u0302, a\u0300 e\u0301te\u0301 l'occasion pour le Mini ...\",\"breadcrumb\":{\"@id\":\"https:\/\/www.africa-press.net\/cotedivoire\/parties\/mobilisation-des-militants-rhdp-pour-ouattara-a-gbeke#breadcrumb\"},\"inLanguage\":\"fr-FR\",\"potentialAction\":[{\"@type\":\"ReadAction\",\"target\":[\"https:\/\/www.africa-press.net\/cotedivoire\/parties\/mobilisation-des-militants-rhdp-pour-ouattara-a-gbeke\"]}]},{\"@type\":\"ImageObject\",\"inLanguage\":\"fr-FR\",\"@id\":\"https:\/\/www.africa-press.net\/cotedivoire\/parties\/mobilisation-des-militants-rhdp-pour-ouattara-a-gbeke#primaryimage\",\"url\":\"https:\/\/static.africa-press.net\/cote\/sites\/43\/2025\/06\/sm_1748879273.670373.jpg\",\"contentUrl\":\"https:\/\/static.africa-press.net\/cote\/sites\/43\/2025\/06\/sm_1748879273.670373.jpg\",\"width\":720,\"height\":480,\"caption\":\"Mobilisation des militants RHDP pour Ouattara \u00e0 Gb\u00eak\u00ea\"},{\"@type\":\"BreadcrumbList\",\"@id\":\"https:\/\/www.africa-press.net\/cotedivoire\/parties\/mobilisation-des-militants-rhdp-pour-ouattara-a-gbeke#breadcrumb\",\"itemListElement\":[{\"@type\":\"ListItem\",\"position\":1,\"name\":\"Accueil\",\"item\":\"https:\/\/www.africa-press.net\/cotedivoire\/\"},{\"@type\":\"ListItem\",\"position\":2,\"name\":\"Mobilisation des militants RHDP pour Ouattara \u00e0 Gb\u00eak\u00ea\"}]},{\"@type\":\"WebSite\",\"@id\":\"https:\/\/www.africa-press.net\/cotedivoire\/#website\",\"url\":\"https:\/\/www.africa-press.net\/cotedivoire\/\",\"name\":\"C\u00f4te d&#039;Ivoire\",\"description\":\"Just another Africa News Agency Sites site\",\"potentialAction\":[{\"@type\":\"SearchAction\",\"target\":{\"@type\":\"EntryPoint\",\"urlTemplate\":\"https:\/\/www.africa-press.net\/cotedivoire\/?s={search_term_string}\"},\"query-input\":{\"@type\":\"PropertyValueSpecification\",\"valueRequired\":true,\"valueName\":\"search_term_string\"}}],\"inLanguage\":\"fr-FR\"},{\"@type\":\"Person\",\"@id\":\"https:\/\/www.africa-press.net\/cotedivoire\/#\/schema\/person\/2b1cf3cd81a31e3cd26889ca66d677f1\",\"name\":\"cfeditorfr\"}]}<\/script>\n<!-- \/ Yoast SEO Premium plugin. -->","yoast_head_json":{"title":"Mobilisation des militants RHDP pour Ouattara \u00e0 Gb\u00eak\u00ea - C\u00f4te d&#039;Ivoire","description":"Ce dimanche 01 juin 2025 a\u0300 Be\u0301oumi, le pre\u0301-congre\u0300s du RHDP de la re\u0301gion de Gbe\u0302ke\u0302, a\u0300 e\u0301te\u0301 l'occasion pour le Mini ...","robots":{"index":"index","follow":"follow","max-snippet":"max-snippet:-1","max-image-preview":"max-image-preview:large","max-video-preview":"max-video-preview:-1"},"canonical":"https:\/\/www.africa-press.net\/cotedivoire\/parties\/mobilisation-des-militants-rhdp-pour-ouattara-a-gbeke","og_locale":"fr_FR","og_type":"article","og_title":"Mobilisation des militants RHDP pour Ouattara \u00e0 Gb\u00eak\u00ea","og_description":"Ce dimanche 01 juin 2025 a\u0300 Be\u0301oumi, le pre\u0301-congre\u0300s du RHDP de la re\u0301gion de Gbe\u0302ke\u0302, a\u0300 e\u0301te\u0301 l'occasion pour le Mini ...","og_url":"https:\/\/www.africa-press.net\/cotedivoire\/parties\/mobilisation-des-militants-rhdp-pour-ouattara-a-gbeke","og_site_name":"C\u00f4te d&#039;Ivoire","article_published_time":"2025-06-02T18:57:04+00:00","article_modified_time":"2025-06-02T19:18:51+00:00","og_image":[{"width":720,"height":480,"url":"https:\/\/static.africa-press.net\/cote\/sites\/43\/2025\/06\/sm_1748879273.670373.jpg","type":"image\/jpeg"}],"author":"cfeditorfr","twitter_card":"summary_large_image","twitter_misc":{"\u00c9crit par":"cfeditorfr","Dur\u00e9e de lecture estim\u00e9e":"3 minutes"},"schema":{"@context":"https:\/\/schema.org","@graph":[{"@type":"Article","@id":"https:\/\/www.africa-press.net\/cotedivoire\/parties\/mobilisation-des-militants-rhdp-pour-ouattara-a-gbeke#article","isPartOf":{"@id":"https:\/\/www.africa-press.net\/cotedivoire\/parties\/mobilisation-des-militants-rhdp-pour-ouattara-a-gbeke"},"author":{"name":"cfeditorfr","@id":"https:\/\/www.africa-press.net\/cotedivoire\/#\/schema\/person\/2b1cf3cd81a31e3cd26889ca66d677f1"},"headline":"Mobilisation des militants RHDP pour Ouattara \u00e0 Gb\u00eak\u00ea","datePublished":"2025-06-02T18:57:04+00:00","dateModified":"2025-06-02T19:18:51+00:00","mainEntityOfPage":{"@id":"https:\/\/www.africa-press.net\/cotedivoire\/parties\/mobilisation-des-militants-rhdp-pour-ouattara-a-gbeke"},"wordCount":613,"commentCount":0,"image":{"@id":"https:\/\/www.africa-press.net\/cotedivoire\/parties\/mobilisation-des-militants-rhdp-pour-ouattara-a-gbeke#primaryimage"},"thumbnailUrl":"https:\/\/static.africa-press.net\/cote\/sites\/43\/2025\/06\/sm_1748879273.670373.jpg","keywords":["Alassane Ouattara","Assahor\u00e9 Konan Jacques","C\u00d4TE D'IVOIRE","Gb\u00eak\u00ea","pr\u00e9-congr\u00e8s","RHDP"],"articleSection":["Parties","Top Nouvelles","Toutes les actualit\u00e9s"],"inLanguage":"fr-FR","potentialAction":[{"@type":"CommentAction","name":"Comment","target":["https:\/\/www.africa-press.net\/cotedivoire\/parties\/mobilisation-des-militants-rhdp-pour-ouattara-a-gbeke#respond"]}]},{"@type":"WebPage","@id":"https:\/\/www.africa-press.net\/cotedivoire\/parties\/mobilisation-des-militants-rhdp-pour-ouattara-a-gbeke","url":"https:\/\/www.africa-press.net\/cotedivoire\/parties\/mobilisation-des-militants-rhdp-pour-ouattara-a-gbeke","name":"Mobilisation des militants RHDP pour Ouattara \u00e0 Gb\u00eak\u00ea - C\u00f4te d&#039;Ivoire","isPartOf":{"@id":"https:\/\/www.africa-press.net\/cotedivoire\/#website"},"primaryImageOfPage":{"@id":"https:\/\/www.africa-press.net\/cotedivoire\/parties\/mobilisation-des-militants-rhdp-pour-ouattara-a-gbeke#primaryimage"},"image":{"@id":"https:\/\/www.africa-press.net\/cotedivoire\/parties\/mobilisation-des-militants-rhdp-pour-ouattara-a-gbeke#primaryimage"},"thumbnailUrl":"https:\/\/static.africa-press.net\/cote\/sites\/43\/2025\/06\/sm_1748879273.670373.jpg","datePublished":"2025-06-02T18:57:04+00:00","dateModified":"2025-06-02T19:18:51+00:00","author":{"@id":"https:\/\/www.africa-press.net\/cotedivoire\/#\/schema\/person\/2b1cf3cd81a31e3cd26889ca66d677f1"},"description":"Ce dimanche 01 juin 2025 a\u0300 Be\u0301oumi, le pre\u0301-congre\u0300s du RHDP de la re\u0301gion de Gbe\u0302ke\u0302, a\u0300 e\u0301te\u0301 l'occasion pour le Mini ...","breadcrumb":{"@id":"https:\/\/www.africa-press.net\/cotedivoire\/parties\/mobilisation-des-militants-rhdp-pour-ouattara-a-gbeke#breadcrumb"},"inLanguage":"fr-FR","potentialAction":[{"@type":"ReadAction","target":["https:\/\/www.africa-press.net\/cotedivoire\/parties\/mobilisation-des-militants-rhdp-pour-ouattara-a-gbeke"]}]},{"@type":"ImageObject","inLanguage":"fr-FR","@id":"https:\/\/www.africa-press.net\/cotedivoire\/parties\/mobilisation-des-militants-rhdp-pour-ouattara-a-gbeke#primaryimage","url":"https:\/\/static.africa-press.net\/cote\/sites\/43\/2025\/06\/sm_1748879273.670373.jpg","contentUrl":"https:\/\/static.africa-press.net\/cote\/sites\/43\/2025\/06\/sm_1748879273.670373.jpg","width":720,"height":480,"caption":"Mobilisation des militants RHDP pour Ouattara \u00e0 Gb\u00eak\u00ea"},{"@type":"BreadcrumbList","@id":"https:\/\/www.africa-press.net\/cotedivoire\/parties\/mobilisation-des-militants-rhdp-pour-ouattara-a-gbeke#breadcrumb","itemListElement":[{"@type":"ListItem","position":1,"name":"Accueil","item":"https:\/\/www.africa-press.net\/cotedivoire\/"},{"@type":"ListItem","position":2,"name":"Mobilisation des militants RHDP pour Ouattara \u00e0 Gb\u00eak\u00ea"}]},{"@type":"WebSite","@id":"https:\/\/www.africa-press.net\/cotedivoire\/#website","url":"https:\/\/www.africa-press.net\/cotedivoire\/","name":"C\u00f4te d&#039;Ivoire","description":"Just another Africa News Agency Sites site","potentialAction":[{"@type":"SearchAction","target":{"@type":"EntryPoint","urlTemplate":"https:\/\/www.africa-press.net\/cotedivoire\/?s={search_term_string}"},"query-input":{"@type":"PropertyValueSpecification","valueRequired":true,"valueName":"search_term_string"}}],"inLanguage":"fr-FR"},{"@type":"Person","@id":"https:\/\/www.africa-press.net\/cotedivoire\/#\/schema\/person\/2b1cf3cd81a31e3cd26889ca66d677f1","name":"cfeditorfr"}]}},"_links":{"self":[{"href":"https:\/\/www.africa-press.net\/cotedivoire\/wp-json\/wp\/v2\/posts\/100117","targetHints":{"allow":["GET"]}}],"collection":[{"href":"https:\/\/www.africa-press.net\/cotedivoire\/wp-json\/wp\/v2\/posts"}],"about":[{"href":"https:\/\/www.africa-press.net\/cotedivoire\/wp-json\/wp\/v2\/types\/post"}],"author":[{"embeddable":true,"href":"https:\/\/www.africa-press.net\/cotedivoire\/wp-json\/wp\/v2\/users\/82"}],"replies":[{"embeddable":true,"href":"https:\/\/www.africa-press.net\/cotedivoire\/wp-json\/wp\/v2\/comments?post=100117"}],"version-history":[{"count":0,"href":"https:\/\/www.africa-press.net\/cotedivoire\/wp-json\/wp\/v2\/posts\/100117\/revisions"}],"wp:featuredmedia":[{"embeddable":true,"href":"https:\/\/www.africa-press.net\/cotedivoire\/wp-json\/wp\/v2\/media\/100116"}],"wp:attachment":[{"href":"https:\/\/www.africa-press.net\/cotedivoire\/wp-json\/wp\/v2\/media?parent=100117"}],"wp:term":[{"taxonomy":"category","embeddable":true,"href":"https:\/\/www.africa-press.net\/cotedivoire\/wp-json\/wp\/v2\/categories?post=100117"},{"taxonomy":"post_tag","embeddable":true,"href":"https:\/\/www.africa-press.net\/cotedivoire\/wp-json\/wp\/v2\/tags?post=100117"}],"curies":[{"name":"wp","href":"https:\/\/api.w.org\/{rel}","templated":true}]}}