{"id":100140,"date":"2025-06-03T19:08:04","date_gmt":"2025-06-03T19:08:04","guid":{"rendered":"https:\/\/www.africa-press.net\/cotedivoire\/politique\/sensibilisation-des-journalistes-sur-les-maladies-tropicales"},"modified":"2025-06-03T19:42:05","modified_gmt":"2025-06-03T19:42:05","slug":"sensibilisation-des-journalistes-sur-les-maladies-tropicales","status":"publish","type":"post","link":"https:\/\/www.africa-press.net\/cotedivoire\/toutes-les-actualites\/sensibilisation-des-journalistes-sur-les-maladies-tropicales","title":{"rendered":"Sensibilisation des journalistes sur les maladies tropicales"},"content":{"rendered":"<p><span style=\"color: #ff6600\"><strong>Africa-Press &#8211; C\u00f4te d&rsquo;Ivoire. <\/strong><\/span>A\u0300 l\u2019heure ou\u0300 presque personne n&rsquo;accorde de l&rsquo;importance aux maladies tropicales ne\u0301glige\u0301es (MTN), plus de 80 journalistes de 35 pays africains sont attendus a\u0300 Abidjan du 25 au 27 novembre prochain pour renverser la tendance. L\u2019objectif est clair: faire des journalistes les fers de lance d\u2019une nouvelle dynamique de sensibilisation, d\u2019information et de plaidoyer sur ces pathologies oublie\u0301es, mais bien re\u0301elles, qui continuent de faire des ravages silencieux sur le continent.<\/p>\n<p>Organise\u0301 par le Re\u0301seau des Me\u0301dias Africains pour la Promotion de la Sante\u0301 et de l\u2019Environnement (REMAPSEN), le forum est pre\u0301sente\u0301 comme une re\u0301ponse urgente au de\u0301ficit de couverture me\u0301diatique dont souffrent les MTN. \u00ab Voyez vous-me\u0302me, quand on dit MTN, on pense d\u2019abord a\u0300 une entreprise de te\u0301le\u0301phonie mobile. Il faut qu\u2019on change c\u0327a. Il faut que c\u0327a e\u0301voque aussi la maladie, la souffrance, et surtout l\u2019urgence d\u2019agir \u00bb, a martele\u0301 ce vendredi 30 Mai 2025 Bemba Youssouf, pre\u0301sident du conseil d\u2019administration du REMAPSEN, au lancement a\u0300 Abidjan de la 4e\u0300 e\u0301dition du forum et des Awards du REMAPSEN.<\/p>\n<p>Pour lui, les journalistes africains doivent e\u0302tre mieux outille\u0301s et surtout sensibilise\u0301s a\u0300 leur ro\u0302le strate\u0301gique. \u00ab Le forum vise a\u0300 faire nai\u0302tre une ve\u0301ritable spe\u0301cialisation des journalistes sur les MTN. Il ne s\u2019agit plus seulement d\u2019en parler, mais de devenir des acteurs a\u0300 part entie\u0300re de la lutte \u00bb, insiste-t-il.<\/p>\n<p>En plus des panels et formations, un plan d\u2019action re\u0301gional sera adopte\u0301, de me\u0302me qu\u2019un pool de journalistes spe\u0301cialise\u0301s de\u0301die\u0301 a\u0300 l\u2019accompagnement des programmes nationaux de lutte contre ces maladies.<\/p>\n<p>Au-dela\u0300 de la formation, le forum mise sur la compe\u0301tition pour susciter l\u2019inte\u0301re\u0302t des journalistes. Les meilleurs reportages sur les MTN seront prime\u0301s dans le cadre d\u2019un concours re\u0301gional: \u00ab\u00a0le prix Michel Sidibe\u0301\u00a0\u00bb, une fac\u0327on d\u2019encourager la qualite\u0301 et la cre\u0301ativite\u0301 dans le traitement de ces sujets complexes. \u00ab Nous voulons cre\u0301er une dynamique d\u2019e\u0301mulation dans les re\u0301dactions africaines. Faire des MTN un sujet d\u2019inte\u0301re\u0302t et non de routine. C\u2019est ainsi que nous pourrons changer les mentalite\u0301s et mobiliser les de\u0301cideurs \u00bb, explique Coulibaly Zio Oumar, Directeur Exe\u0301cutif du REMAPSEN.<\/p>\n<p>La forte implication du ministe\u0300re de la Sante\u0301, de l&rsquo;hygie\u0300ne publique et de la Couverture Maladie Universelle ivoirien te\u0301moigne du caracte\u0300re prioritaire que prend de\u0301sormais la lutte contre les MTN. \u00ab Nous accueillons ce forum avec beaucoup d\u2019espoir. Il faut communiquer, il faut e\u0301duquer, il faut sensibiliser les populations et les de\u0301cideurs pour donner plus de place a\u0300 ces maladies dans les politiques de sante\u0301 \u00bb, a soutenu Dr Dje\u0301 Norbert, directeur coordonnateur du Programme national de lutte contre les MTN a\u0300 chimiothe\u0301rapie pre\u0301ventive.<\/p>\n<p>Chaque anne\u0301e, le ministe\u0300re distribue, poursuit-il, gratuitement des me\u0301dicaments contre la bilharziose, le trachome, la filariose lymphatique et d\u2019autres pathologies regroupe\u0301es sous l\u2019e\u0301tiquette MTN. Mais pour que ces efforts aient un re\u0301el impact, l\u2019adhe\u0301sion communautaire est essentielle. Et cette adhe\u0301sion passe par une information claire, accessible et constante.<\/p>\n<p>Les MTN, comme la le\u0300pre, la bilharziose ou encore l\u2019ulce\u0300re de Buruli, touchent principalement les populations les plus vulne\u0301rables: rurales, isole\u0301es, sans acce\u0300s a\u0300 une information sanitaire fiable. \u00ab Ces maladies ne font plus la Une des me\u0301dias. Mais elles n\u2019ont pas disparu pour autant. Elles tuent encore. En silence. Et c\u2019est ce silence que nous voulons briser avec ce forum \u00bb, a plaide\u0301 Dr Renault Iro, coordinateur du programme national de lutte contre la le\u0300pre.<\/p>\n<p>Selon lui, le forum des me\u0301dias offre une opportunite\u0301 unique de repositionner ces maladies dans l\u2019espace public, de raviver les consciences, et surtout de cre\u0301er une synergie durable entre les me\u0301dias, les acteurs de sante\u0301 et les populations.<\/p>\n<p>Avec la participation de journalistes venus de presque toute l&rsquo;Afrique, ce forum entend unir toutes les voix des me\u0301dias pour constituer un front commun face a\u0300 ces pathologies trop longtemps rele\u0301gue\u0301es en arrie\u0300re plan. En marge des travaux, les journalistes visiteront des communaute\u0301s touche\u0301es par les MTN, pour mieux comprendre la re\u0301alite\u0301 du terrain et traduire cette expe\u0301rience en re\u0301cits puissants.<\/p>\n<p>\u00ab Nous ne pouvons pas continuer a\u0300 parler du sida, du cancer et oublier ces maladies-la\u0300 qui existent encore. Les me\u0301dias africains doivent porter ce combat. Et nous, au REMAPSEN, nous les accompagnerons \u00bb, a conclu Bemba Youssouf.<\/p>\n<p>Avec ce premier Forum des me\u0301dias sur les MTN en Afrique, une page semble se tourner. Celle de l\u2019indiffe\u0301rence. Et une nouvelle commence a\u0300 s\u2019e\u0301crire: celle d\u2019un engagement journalistique au service de la sante\u0301 publique, de l\u2019e\u0301quite\u0301 et de la dignite\u0301 humaine. Car lutter contre les MTN, c\u2019est avant tout rendre visible l\u2019invisible.<\/p>\n<p><strong>Pour plus d&rsquo;informations et d&rsquo;analyses sur la <span style=\"color: #ff6600\">C\u00f4te d&rsquo;Ivoire<\/span>, suivez <span style=\"color: #ff6600\">Africa-Press<\/span><\/strong><\/p>\n","protected":false},"excerpt":{"rendered":"<p>Africa-Press &#8211; C\u00f4te d&rsquo;Ivoire. A\u0300 l\u2019heure ou\u0300 presque personne n&rsquo;accorde de l&rsquo;importance aux maladies tropicales ne\u0301glige\u0301es (MTN), plus de 80 journalistes de 35 pays africains sont attendus a\u0300 Abidjan du 25 au 27 novembre prochain pour renverser la tendance. L\u2019objectif est clair: faire des journalistes les fers de lance d\u2019une nouvelle dynamique de sensibilisation, d\u2019information [&hellip;]<\/p>\n","protected":false},"author":82,"featured_media":100139,"comment_status":"open","ping_status":"closed","sticky":false,"template":"","format":"standard","meta":{"footnotes":""},"categories":[21,10],"tags":[29,4921,4436,6630,395,766,17874],"class_list":["post-100140","post","type-post","status-publish","format-standard","has-post-thumbnail","hentry","category-communaute","category-toutes-les-actualites","tag-cote-divoire","tag-information","tag-journalistes","tag-maladies","tag-pays","tag-sensibilisation","tag-tropicales"],"yoast_head":"<!-- This site is optimized with the Yoast SEO Premium plugin v26.1 (Yoast SEO v27.0) - https:\/\/yoast.com\/product\/yoast-seo-premium-wordpress\/ -->\n<title>Sensibilisation des journalistes sur les maladies tropicales - C\u00f4te d&#039;Ivoire<\/title>\n<meta name=\"description\" content=\"A\u0300 l\u2019heure ou\u0300 presque personne n&#039;accorde de l&#039;importance aux maladies tropicales ne\u0301glige\u0301es (MTN), plus de 80 journali ...\" \/>\n<meta name=\"robots\" content=\"index, follow, max-snippet:-1, max-image-preview:large, max-video-preview:-1\" \/>\n<link rel=\"canonical\" href=\"https:\/\/www.africa-press.net\/cotedivoire\/toutes-les-actualites\/sensibilisation-des-journalistes-sur-les-maladies-tropicales\" \/>\n<meta property=\"og:locale\" content=\"fr_FR\" \/>\n<meta property=\"og:type\" content=\"article\" \/>\n<meta property=\"og:title\" content=\"Sensibilisation des journalistes sur les maladies tropicales\" \/>\n<meta property=\"og:description\" content=\"A\u0300 l\u2019heure ou\u0300 presque personne n&#039;accorde de l&#039;importance aux maladies tropicales ne\u0301glige\u0301es (MTN), plus de 80 journali ...\" \/>\n<meta property=\"og:url\" content=\"https:\/\/www.africa-press.net\/cotedivoire\/toutes-les-actualites\/sensibilisation-des-journalistes-sur-les-maladies-tropicales\" \/>\n<meta property=\"og:site_name\" content=\"C\u00f4te d&#039;Ivoire\" \/>\n<meta property=\"article:published_time\" content=\"2025-06-03T19:08:04+00:00\" \/>\n<meta property=\"article:modified_time\" content=\"2025-06-03T19:42:05+00:00\" \/>\n<meta property=\"og:image\" content=\"https:\/\/static.africa-press.net\/cote\/sites\/43\/2025\/06\/sm_1748967085.646046.jpg\" \/>\n\t<meta property=\"og:image:width\" content=\"720\" \/>\n\t<meta property=\"og:image:height\" content=\"540\" \/>\n\t<meta property=\"og:image:type\" content=\"image\/jpeg\" \/>\n<meta name=\"author\" content=\"cfeditorfr\" \/>\n<meta name=\"twitter:card\" content=\"summary_large_image\" \/>\n<meta name=\"twitter:label1\" content=\"\u00c9crit par\" \/>\n\t<meta name=\"twitter:data1\" content=\"cfeditorfr\" \/>\n\t<meta name=\"twitter:label2\" content=\"Dur\u00e9e de lecture estim\u00e9e\" \/>\n\t<meta name=\"twitter:data2\" content=\"5 minutes\" \/>\n<script type=\"application\/ld+json\" class=\"yoast-schema-graph\">{\"@context\":\"https:\/\/schema.org\",\"@graph\":[{\"@type\":\"Article\",\"@id\":\"https:\/\/www.africa-press.net\/cotedivoire\/toutes-les-actualites\/sensibilisation-des-journalistes-sur-les-maladies-tropicales#article\",\"isPartOf\":{\"@id\":\"https:\/\/www.africa-press.net\/cotedivoire\/toutes-les-actualites\/sensibilisation-des-journalistes-sur-les-maladies-tropicales\"},\"author\":{\"name\":\"cfeditorfr\",\"@id\":\"https:\/\/www.africa-press.net\/cotedivoire\/#\/schema\/person\/2b1cf3cd81a31e3cd26889ca66d677f1\"},\"headline\":\"Sensibilisation des journalistes sur les maladies tropicales\",\"datePublished\":\"2025-06-03T19:08:04+00:00\",\"dateModified\":\"2025-06-03T19:42:05+00:00\",\"mainEntityOfPage\":{\"@id\":\"https:\/\/www.africa-press.net\/cotedivoire\/toutes-les-actualites\/sensibilisation-des-journalistes-sur-les-maladies-tropicales\"},\"wordCount\":877,\"commentCount\":0,\"image\":{\"@id\":\"https:\/\/www.africa-press.net\/cotedivoire\/toutes-les-actualites\/sensibilisation-des-journalistes-sur-les-maladies-tropicales#primaryimage\"},\"thumbnailUrl\":\"https:\/\/static.africa-press.net\/cote\/sites\/43\/2025\/06\/sm_1748967085.646046.jpg\",\"keywords\":[\"C\u00d4TE D'IVOIRE\",\"information\",\"journalistes\",\"maladies\",\"Pays\",\"sensibilisation\",\"tropicales\"],\"articleSection\":[\"Communaut\u00e9\",\"Toutes les actualit\u00e9s\"],\"inLanguage\":\"fr-FR\",\"potentialAction\":[{\"@type\":\"CommentAction\",\"name\":\"Comment\",\"target\":[\"https:\/\/www.africa-press.net\/cotedivoire\/toutes-les-actualites\/sensibilisation-des-journalistes-sur-les-maladies-tropicales#respond\"]}]},{\"@type\":\"WebPage\",\"@id\":\"https:\/\/www.africa-press.net\/cotedivoire\/toutes-les-actualites\/sensibilisation-des-journalistes-sur-les-maladies-tropicales\",\"url\":\"https:\/\/www.africa-press.net\/cotedivoire\/toutes-les-actualites\/sensibilisation-des-journalistes-sur-les-maladies-tropicales\",\"name\":\"Sensibilisation des journalistes sur les maladies tropicales - C\u00f4te d&#039;Ivoire\",\"isPartOf\":{\"@id\":\"https:\/\/www.africa-press.net\/cotedivoire\/#website\"},\"primaryImageOfPage\":{\"@id\":\"https:\/\/www.africa-press.net\/cotedivoire\/toutes-les-actualites\/sensibilisation-des-journalistes-sur-les-maladies-tropicales#primaryimage\"},\"image\":{\"@id\":\"https:\/\/www.africa-press.net\/cotedivoire\/toutes-les-actualites\/sensibilisation-des-journalistes-sur-les-maladies-tropicales#primaryimage\"},\"thumbnailUrl\":\"https:\/\/static.africa-press.net\/cote\/sites\/43\/2025\/06\/sm_1748967085.646046.jpg\",\"datePublished\":\"2025-06-03T19:08:04+00:00\",\"dateModified\":\"2025-06-03T19:42:05+00:00\",\"author\":{\"@id\":\"https:\/\/www.africa-press.net\/cotedivoire\/#\/schema\/person\/2b1cf3cd81a31e3cd26889ca66d677f1\"},\"description\":\"A\u0300 l\u2019heure ou\u0300 presque personne n'accorde de l'importance aux maladies tropicales ne\u0301glige\u0301es (MTN), plus de 80 journali ...\",\"breadcrumb\":{\"@id\":\"https:\/\/www.africa-press.net\/cotedivoire\/toutes-les-actualites\/sensibilisation-des-journalistes-sur-les-maladies-tropicales#breadcrumb\"},\"inLanguage\":\"fr-FR\",\"potentialAction\":[{\"@type\":\"ReadAction\",\"target\":[\"https:\/\/www.africa-press.net\/cotedivoire\/toutes-les-actualites\/sensibilisation-des-journalistes-sur-les-maladies-tropicales\"]}]},{\"@type\":\"ImageObject\",\"inLanguage\":\"fr-FR\",\"@id\":\"https:\/\/www.africa-press.net\/cotedivoire\/toutes-les-actualites\/sensibilisation-des-journalistes-sur-les-maladies-tropicales#primaryimage\",\"url\":\"https:\/\/static.africa-press.net\/cote\/sites\/43\/2025\/06\/sm_1748967085.646046.jpg\",\"contentUrl\":\"https:\/\/static.africa-press.net\/cote\/sites\/43\/2025\/06\/sm_1748967085.646046.jpg\",\"width\":720,\"height\":540,\"caption\":\"Sensibilisation des journalistes sur les maladies tropicales\"},{\"@type\":\"BreadcrumbList\",\"@id\":\"https:\/\/www.africa-press.net\/cotedivoire\/toutes-les-actualites\/sensibilisation-des-journalistes-sur-les-maladies-tropicales#breadcrumb\",\"itemListElement\":[{\"@type\":\"ListItem\",\"position\":1,\"name\":\"Accueil\",\"item\":\"https:\/\/www.africa-press.net\/cotedivoire\/\"},{\"@type\":\"ListItem\",\"position\":2,\"name\":\"Sensibilisation des journalistes sur les maladies tropicales\"}]},{\"@type\":\"WebSite\",\"@id\":\"https:\/\/www.africa-press.net\/cotedivoire\/#website\",\"url\":\"https:\/\/www.africa-press.net\/cotedivoire\/\",\"name\":\"C\u00f4te d&#039;Ivoire\",\"description\":\"Just another Africa News Agency Sites site\",\"potentialAction\":[{\"@type\":\"SearchAction\",\"target\":{\"@type\":\"EntryPoint\",\"urlTemplate\":\"https:\/\/www.africa-press.net\/cotedivoire\/?s={search_term_string}\"},\"query-input\":{\"@type\":\"PropertyValueSpecification\",\"valueRequired\":true,\"valueName\":\"search_term_string\"}}],\"inLanguage\":\"fr-FR\"},{\"@type\":\"Person\",\"@id\":\"https:\/\/www.africa-press.net\/cotedivoire\/#\/schema\/person\/2b1cf3cd81a31e3cd26889ca66d677f1\",\"name\":\"cfeditorfr\"}]}<\/script>\n<!-- \/ Yoast SEO Premium plugin. -->","yoast_head_json":{"title":"Sensibilisation des journalistes sur les maladies tropicales - C\u00f4te d&#039;Ivoire","description":"A\u0300 l\u2019heure ou\u0300 presque personne n'accorde de l'importance aux maladies tropicales ne\u0301glige\u0301es (MTN), plus de 80 journali ...","robots":{"index":"index","follow":"follow","max-snippet":"max-snippet:-1","max-image-preview":"max-image-preview:large","max-video-preview":"max-video-preview:-1"},"canonical":"https:\/\/www.africa-press.net\/cotedivoire\/toutes-les-actualites\/sensibilisation-des-journalistes-sur-les-maladies-tropicales","og_locale":"fr_FR","og_type":"article","og_title":"Sensibilisation des journalistes sur les maladies tropicales","og_description":"A\u0300 l\u2019heure ou\u0300 presque personne n'accorde de l'importance aux maladies tropicales ne\u0301glige\u0301es (MTN), plus de 80 journali ...","og_url":"https:\/\/www.africa-press.net\/cotedivoire\/toutes-les-actualites\/sensibilisation-des-journalistes-sur-les-maladies-tropicales","og_site_name":"C\u00f4te d&#039;Ivoire","article_published_time":"2025-06-03T19:08:04+00:00","article_modified_time":"2025-06-03T19:42:05+00:00","og_image":[{"width":720,"height":540,"url":"https:\/\/static.africa-press.net\/cote\/sites\/43\/2025\/06\/sm_1748967085.646046.jpg","type":"image\/jpeg"}],"author":"cfeditorfr","twitter_card":"summary_large_image","twitter_misc":{"\u00c9crit par":"cfeditorfr","Dur\u00e9e de lecture estim\u00e9e":"5 minutes"},"schema":{"@context":"https:\/\/schema.org","@graph":[{"@type":"Article","@id":"https:\/\/www.africa-press.net\/cotedivoire\/toutes-les-actualites\/sensibilisation-des-journalistes-sur-les-maladies-tropicales#article","isPartOf":{"@id":"https:\/\/www.africa-press.net\/cotedivoire\/toutes-les-actualites\/sensibilisation-des-journalistes-sur-les-maladies-tropicales"},"author":{"name":"cfeditorfr","@id":"https:\/\/www.africa-press.net\/cotedivoire\/#\/schema\/person\/2b1cf3cd81a31e3cd26889ca66d677f1"},"headline":"Sensibilisation des journalistes sur les maladies tropicales","datePublished":"2025-06-03T19:08:04+00:00","dateModified":"2025-06-03T19:42:05+00:00","mainEntityOfPage":{"@id":"https:\/\/www.africa-press.net\/cotedivoire\/toutes-les-actualites\/sensibilisation-des-journalistes-sur-les-maladies-tropicales"},"wordCount":877,"commentCount":0,"image":{"@id":"https:\/\/www.africa-press.net\/cotedivoire\/toutes-les-actualites\/sensibilisation-des-journalistes-sur-les-maladies-tropicales#primaryimage"},"thumbnailUrl":"https:\/\/static.africa-press.net\/cote\/sites\/43\/2025\/06\/sm_1748967085.646046.jpg","keywords":["C\u00d4TE D'IVOIRE","information","journalistes","maladies","Pays","sensibilisation","tropicales"],"articleSection":["Communaut\u00e9","Toutes les actualit\u00e9s"],"inLanguage":"fr-FR","potentialAction":[{"@type":"CommentAction","name":"Comment","target":["https:\/\/www.africa-press.net\/cotedivoire\/toutes-les-actualites\/sensibilisation-des-journalistes-sur-les-maladies-tropicales#respond"]}]},{"@type":"WebPage","@id":"https:\/\/www.africa-press.net\/cotedivoire\/toutes-les-actualites\/sensibilisation-des-journalistes-sur-les-maladies-tropicales","url":"https:\/\/www.africa-press.net\/cotedivoire\/toutes-les-actualites\/sensibilisation-des-journalistes-sur-les-maladies-tropicales","name":"Sensibilisation des journalistes sur les maladies tropicales - C\u00f4te d&#039;Ivoire","isPartOf":{"@id":"https:\/\/www.africa-press.net\/cotedivoire\/#website"},"primaryImageOfPage":{"@id":"https:\/\/www.africa-press.net\/cotedivoire\/toutes-les-actualites\/sensibilisation-des-journalistes-sur-les-maladies-tropicales#primaryimage"},"image":{"@id":"https:\/\/www.africa-press.net\/cotedivoire\/toutes-les-actualites\/sensibilisation-des-journalistes-sur-les-maladies-tropicales#primaryimage"},"thumbnailUrl":"https:\/\/static.africa-press.net\/cote\/sites\/43\/2025\/06\/sm_1748967085.646046.jpg","datePublished":"2025-06-03T19:08:04+00:00","dateModified":"2025-06-03T19:42:05+00:00","author":{"@id":"https:\/\/www.africa-press.net\/cotedivoire\/#\/schema\/person\/2b1cf3cd81a31e3cd26889ca66d677f1"},"description":"A\u0300 l\u2019heure ou\u0300 presque personne n'accorde de l'importance aux maladies tropicales ne\u0301glige\u0301es (MTN), plus de 80 journali ...","breadcrumb":{"@id":"https:\/\/www.africa-press.net\/cotedivoire\/toutes-les-actualites\/sensibilisation-des-journalistes-sur-les-maladies-tropicales#breadcrumb"},"inLanguage":"fr-FR","potentialAction":[{"@type":"ReadAction","target":["https:\/\/www.africa-press.net\/cotedivoire\/toutes-les-actualites\/sensibilisation-des-journalistes-sur-les-maladies-tropicales"]}]},{"@type":"ImageObject","inLanguage":"fr-FR","@id":"https:\/\/www.africa-press.net\/cotedivoire\/toutes-les-actualites\/sensibilisation-des-journalistes-sur-les-maladies-tropicales#primaryimage","url":"https:\/\/static.africa-press.net\/cote\/sites\/43\/2025\/06\/sm_1748967085.646046.jpg","contentUrl":"https:\/\/static.africa-press.net\/cote\/sites\/43\/2025\/06\/sm_1748967085.646046.jpg","width":720,"height":540,"caption":"Sensibilisation des journalistes sur les maladies tropicales"},{"@type":"BreadcrumbList","@id":"https:\/\/www.africa-press.net\/cotedivoire\/toutes-les-actualites\/sensibilisation-des-journalistes-sur-les-maladies-tropicales#breadcrumb","itemListElement":[{"@type":"ListItem","position":1,"name":"Accueil","item":"https:\/\/www.africa-press.net\/cotedivoire\/"},{"@type":"ListItem","position":2,"name":"Sensibilisation des journalistes sur les maladies tropicales"}]},{"@type":"WebSite","@id":"https:\/\/www.africa-press.net\/cotedivoire\/#website","url":"https:\/\/www.africa-press.net\/cotedivoire\/","name":"C\u00f4te d&#039;Ivoire","description":"Just another Africa News Agency Sites site","potentialAction":[{"@type":"SearchAction","target":{"@type":"EntryPoint","urlTemplate":"https:\/\/www.africa-press.net\/cotedivoire\/?s={search_term_string}"},"query-input":{"@type":"PropertyValueSpecification","valueRequired":true,"valueName":"search_term_string"}}],"inLanguage":"fr-FR"},{"@type":"Person","@id":"https:\/\/www.africa-press.net\/cotedivoire\/#\/schema\/person\/2b1cf3cd81a31e3cd26889ca66d677f1","name":"cfeditorfr"}]}},"_links":{"self":[{"href":"https:\/\/www.africa-press.net\/cotedivoire\/wp-json\/wp\/v2\/posts\/100140","targetHints":{"allow":["GET"]}}],"collection":[{"href":"https:\/\/www.africa-press.net\/cotedivoire\/wp-json\/wp\/v2\/posts"}],"about":[{"href":"https:\/\/www.africa-press.net\/cotedivoire\/wp-json\/wp\/v2\/types\/post"}],"author":[{"embeddable":true,"href":"https:\/\/www.africa-press.net\/cotedivoire\/wp-json\/wp\/v2\/users\/82"}],"replies":[{"embeddable":true,"href":"https:\/\/www.africa-press.net\/cotedivoire\/wp-json\/wp\/v2\/comments?post=100140"}],"version-history":[{"count":0,"href":"https:\/\/www.africa-press.net\/cotedivoire\/wp-json\/wp\/v2\/posts\/100140\/revisions"}],"wp:featuredmedia":[{"embeddable":true,"href":"https:\/\/www.africa-press.net\/cotedivoire\/wp-json\/wp\/v2\/media\/100139"}],"wp:attachment":[{"href":"https:\/\/www.africa-press.net\/cotedivoire\/wp-json\/wp\/v2\/media?parent=100140"}],"wp:term":[{"taxonomy":"category","embeddable":true,"href":"https:\/\/www.africa-press.net\/cotedivoire\/wp-json\/wp\/v2\/categories?post=100140"},{"taxonomy":"post_tag","embeddable":true,"href":"https:\/\/www.africa-press.net\/cotedivoire\/wp-json\/wp\/v2\/tags?post=100140"}],"curies":[{"name":"wp","href":"https:\/\/api.w.org\/{rel}","templated":true}]}}