{"id":10022,"date":"2021-07-17T10:37:57","date_gmt":"2021-07-17T10:37:57","guid":{"rendered":"https:\/\/www.africa-press.net\/cotedivoire\/?p=10022"},"modified":"2021-07-18T03:47:19","modified_gmt":"2021-07-18T03:47:19","slug":"cote-divoire-charles-ble-goude-recu-a-lambassade-a-la-haye-pour-obtenir-un-passeport","status":"publish","type":"post","link":"https:\/\/www.africa-press.net\/cotedivoire\/politique\/cote-divoire-charles-ble-goude-recu-a-lambassade-a-la-haye-pour-obtenir-un-passeport","title":{"rendered":"Charles Bl\u00e9 Goud\u00e9 re\u00e7u \u00e0 l\u2019ambassade \u00e0 la Haye pour obtenir un passeport"},"content":{"rendered":"<p><span style=\"color: #ff6600\"><strong><a href=\"https:\/\/www.africa-press.net\/\">Africa-Press<\/a> &#8211; <a href=\"https:\/\/www.africa-press.net\/cotedivoire\">C\u00f4te d&rsquo;Ivoire<\/a>. <\/strong><\/span>Charles Bl\u00e9 Goud\u00e9, pilier du pouvoir de l\u2019ex-pr\u00e9sident Laurent Gbagbo dont le retour en C\u00f4te d\u2019Ivoire a \u00e9t\u00e9 retard\u00e9 faute de passeport, a \u00e9t\u00e9 re\u00e7u vendredi \u00e0 l\u2019ambassade ivoirienne \u00e0 la Haye pour l\u2019\u00e9tablissement de son document de voyage.<\/p>\n<p>\u00ab J\u2019ai \u00e9t\u00e9 re\u00e7u par le consul de l\u2019ambassade de mon pays pour l\u2019\u00e9tablissement de mon passeport \u00bb a expliqu\u00e9 Charles Bl\u00e9 Goud\u00e9 depuis La Haye o\u00f9 il vit actuellement. \u00ab Cette rencontre a eu pour objet de proc\u00e9der \u00e0 l\u2019enr\u00f4lement de monsieur Charles Bl\u00e9 Goud\u00e9 en vue de la d\u00e9livrance de son passeport ordinaire \u00bb a confirm\u00e9, de son c\u00f4t\u00e9, son avocat, Claver N\u2019Dry. Charles Bl\u00e9 Goud\u00e9 salue la \u00ab volont\u00e9 de d\u00e9crispation \u00bb du pr\u00e9sident Alassane Ouattara<\/p>\n<p>Charles Bl\u00e9 Goud\u00e9, 49 ans, avait affirm\u00e9 le 19 avril que la Cour p\u00e9nale internationale (CPI), qui l\u2019a d\u00e9finitivement acquitt\u00e9 de crimes contre l\u2019humanit\u00e9 le 31 mars en m\u00eame temps que Laurent Gbagbo, s\u2019\u00e9tait engag\u00e9e \u00e0 l\u2019aider \u00e0 obtenir un passeport. Selon le communiqu\u00e9 de son avocat, Charles Bl\u00e9 Goud\u00e9 salue la \u00ab volont\u00e9 de d\u00e9crispation \u00bb du pr\u00e9sident Alassane Ouattara et lui exprime sa \u00ab gratitude pour avoir facilit\u00e9 cette premi\u00e8re \u00e9tape qui ouvre la porte de son retour prochain en C\u00f4te d\u2019Ivoire en vue de participer physiquement au processus de paix et de r\u00e9conciliation en cours \u00bb.<\/p>\n<p><b>Condamnation<\/b><\/p>\n<p>De son c\u00f4t\u00e9, le parti de Laurent Gbagbo, le Front populaire ivoirien, a appel\u00e9 vendredi le gouvernement dans un communiqu\u00e9 \u00e0 \u00ab d\u00e9livrer diligemment \u00bb \u00e0 Charles Bl\u00e9 Goud\u00e9, \u00ab son passeport afin qu\u2019il regagne, dans les meilleurs d\u00e9lais, son pays \u00ab au nom de la r\u00e9conciliation nationale \u00bb.<\/p>\n<p>Arr\u00eat\u00e9 en 2013 au Ghana, Charles Bl\u00e9 Goud\u00e9 \u2013 surnomm\u00e9 \u00ab le g\u00e9n\u00e9ral de la rue \u00bb pour sa capacit\u00e9 \u00e0 mobiliser les foules et notamment la jeunesse \u2013 avait \u00e9t\u00e9 transf\u00e9r\u00e9 \u00e0 la CPI \u00e0 La Haye en 2014. Ses d\u00e9tracteurs et certaines ONG internationales le consid\u00e8rent comme un de ceux qui ont le plus contribu\u00e9 aux violences pendant la crise post-\u00e9lectorale de 2010-2011.<\/p>\n<p>Comme Laurent Gbagbo, Charles Bl\u00e9 Goud\u00e9 a \u00e9t\u00e9 condamn\u00e9 par contumace en C\u00f4te d\u2019Ivoire \u00e0 20 ans de prison pour des faits li\u00e9s \u00e0 cette crise. Si le gouvernement a laiss\u00e9 entendre que la peine prononc\u00e9e contre Laurent Gbagbo pourrait \u00eatre abandonn\u00e9e, il n\u2019a rien dit concernant celle de Charles Bl\u00e9 Goud\u00e9.<\/p>\n","protected":false},"excerpt":{"rendered":"<p>Africa-Press &#8211; C\u00f4te d&rsquo;Ivoire. Charles Bl\u00e9 Goud\u00e9, pilier du pouvoir de l\u2019ex-pr\u00e9sident Laurent Gbagbo dont le retour en C\u00f4te d\u2019Ivoire a \u00e9t\u00e9 retard\u00e9 faute de passeport, a \u00e9t\u00e9 re\u00e7u vendredi \u00e0 l\u2019ambassade ivoirienne \u00e0 la Haye pour l\u2019\u00e9tablissement de son document de voyage. \u00ab J\u2019ai \u00e9t\u00e9 re\u00e7u par le consul de l\u2019ambassade de mon pays [&hellip;]<\/p>\n","protected":false},"author":82,"featured_media":10021,"comment_status":"open","ping_status":"closed","sticky":false,"template":"","format":"standard","meta":{"footnotes":""},"categories":[11,2,20,10],"tags":[56,63,29],"class_list":["post-10022","post","type-post","status-publish","format-standard","has-post-thumbnail","hentry","category-homepage-french","category-politique","category-top-nouvelles","category-toutes-les-actualites","tag-africa-press","tag-africa-press-cote-divoire","tag-cote-divoire"],"yoast_head":"<!-- This site is optimized with the Yoast SEO Premium plugin v26.1 (Yoast SEO v27.0) - https:\/\/yoast.com\/product\/yoast-seo-premium-wordpress\/ -->\n<title>Charles Bl\u00e9 Goud\u00e9 re\u00e7u \u00e0 l\u2019ambassade \u00e0 la Haye pour obtenir un passeport - C\u00f4te d&#039;Ivoire<\/title>\n<meta name=\"description\" content=\"Charles Bl\u00e9 Goud\u00e9, pilier du pouvoir de l\u2019ex-pr\u00e9sident Laurent Gbagbo dont le retour en C\u00f4te d\u2019Ivoire a \u00e9t\u00e9 retard\u00e9 faut ...\" \/>\n<meta name=\"robots\" content=\"index, follow, max-snippet:-1, max-image-preview:large, max-video-preview:-1\" \/>\n<link rel=\"canonical\" href=\"https:\/\/www.africa-press.net\/cotedivoire\/politique\/cote-divoire-charles-ble-goude-recu-a-lambassade-a-la-haye-pour-obtenir-un-passeport\" \/>\n<meta property=\"og:locale\" content=\"fr_FR\" \/>\n<meta property=\"og:type\" content=\"article\" \/>\n<meta property=\"og:title\" content=\"Charles Bl\u00e9 Goud\u00e9 re\u00e7u \u00e0 l\u2019ambassade \u00e0 la Haye pour obtenir un passeport\" \/>\n<meta property=\"og:description\" content=\"Charles Bl\u00e9 Goud\u00e9, pilier du pouvoir de l\u2019ex-pr\u00e9sident Laurent Gbagbo dont le retour en C\u00f4te d\u2019Ivoire a \u00e9t\u00e9 retard\u00e9 faut ...\" \/>\n<meta property=\"og:url\" content=\"https:\/\/www.africa-press.net\/cotedivoire\/politique\/cote-divoire-charles-ble-goude-recu-a-lambassade-a-la-haye-pour-obtenir-un-passeport\" \/>\n<meta property=\"og:site_name\" content=\"C\u00f4te d&#039;Ivoire\" \/>\n<meta property=\"article:published_time\" content=\"2021-07-17T10:37:57+00:00\" \/>\n<meta property=\"article:modified_time\" content=\"2021-07-18T03:47:19+00:00\" \/>\n<meta property=\"og:image\" content=\"https:\/\/static.africa-press.net\/cote\/sites\/43\/2021\/07\/img-60f2b281d8ad6.jpg\" \/>\n\t<meta property=\"og:image:width\" content=\"720\" \/>\n\t<meta property=\"og:image:height\" content=\"360\" \/>\n\t<meta property=\"og:image:type\" content=\"image\/jpeg\" \/>\n<meta name=\"author\" content=\"cfeditorfr\" \/>\n<meta name=\"twitter:card\" content=\"summary_large_image\" \/>\n<meta name=\"twitter:label1\" content=\"\u00c9crit par\" \/>\n\t<meta name=\"twitter:data1\" content=\"cfeditorfr\" \/>\n\t<meta name=\"twitter:label2\" content=\"Dur\u00e9e de lecture estim\u00e9e\" \/>\n\t<meta name=\"twitter:data2\" content=\"2 minutes\" \/>\n<script type=\"application\/ld+json\" class=\"yoast-schema-graph\">{\"@context\":\"https:\/\/schema.org\",\"@graph\":[{\"@type\":\"Article\",\"@id\":\"https:\/\/www.africa-press.net\/cotedivoire\/politique\/cote-divoire-charles-ble-goude-recu-a-lambassade-a-la-haye-pour-obtenir-un-passeport#article\",\"isPartOf\":{\"@id\":\"https:\/\/www.africa-press.net\/cotedivoire\/politique\/cote-divoire-charles-ble-goude-recu-a-lambassade-a-la-haye-pour-obtenir-un-passeport\"},\"author\":{\"name\":\"cfeditorfr\",\"@id\":\"https:\/\/www.africa-press.net\/cotedivoire\/#\/schema\/person\/2b1cf3cd81a31e3cd26889ca66d677f1\"},\"headline\":\"Charles Bl\u00e9 Goud\u00e9 re\u00e7u \u00e0 l\u2019ambassade \u00e0 la Haye pour obtenir un passeport\",\"datePublished\":\"2021-07-17T10:37:57+00:00\",\"dateModified\":\"2021-07-18T03:47:19+00:00\",\"mainEntityOfPage\":{\"@id\":\"https:\/\/www.africa-press.net\/cotedivoire\/politique\/cote-divoire-charles-ble-goude-recu-a-lambassade-a-la-haye-pour-obtenir-un-passeport\"},\"wordCount\":417,\"commentCount\":0,\"image\":{\"@id\":\"https:\/\/www.africa-press.net\/cotedivoire\/politique\/cote-divoire-charles-ble-goude-recu-a-lambassade-a-la-haye-pour-obtenir-un-passeport#primaryimage\"},\"thumbnailUrl\":\"https:\/\/static.africa-press.net\/cote\/sites\/43\/2021\/07\/img-60f2b281d8ad6.jpg\",\"keywords\":[\"Africa Press\",\"Africa Press-C\u00f4te d'Ivoire\",\"C\u00d4TE D'IVOIRE\"],\"articleSection\":[\"homepage-french\",\"Politique\",\"Top Nouvelles\",\"Toutes les actualit\u00e9s\"],\"inLanguage\":\"fr-FR\",\"potentialAction\":[{\"@type\":\"CommentAction\",\"name\":\"Comment\",\"target\":[\"https:\/\/www.africa-press.net\/cotedivoire\/politique\/cote-divoire-charles-ble-goude-recu-a-lambassade-a-la-haye-pour-obtenir-un-passeport#respond\"]}]},{\"@type\":\"WebPage\",\"@id\":\"https:\/\/www.africa-press.net\/cotedivoire\/politique\/cote-divoire-charles-ble-goude-recu-a-lambassade-a-la-haye-pour-obtenir-un-passeport\",\"url\":\"https:\/\/www.africa-press.net\/cotedivoire\/politique\/cote-divoire-charles-ble-goude-recu-a-lambassade-a-la-haye-pour-obtenir-un-passeport\",\"name\":\"Charles Bl\u00e9 Goud\u00e9 re\u00e7u \u00e0 l\u2019ambassade \u00e0 la Haye pour obtenir un passeport - C\u00f4te d&#039;Ivoire\",\"isPartOf\":{\"@id\":\"https:\/\/www.africa-press.net\/cotedivoire\/#website\"},\"primaryImageOfPage\":{\"@id\":\"https:\/\/www.africa-press.net\/cotedivoire\/politique\/cote-divoire-charles-ble-goude-recu-a-lambassade-a-la-haye-pour-obtenir-un-passeport#primaryimage\"},\"image\":{\"@id\":\"https:\/\/www.africa-press.net\/cotedivoire\/politique\/cote-divoire-charles-ble-goude-recu-a-lambassade-a-la-haye-pour-obtenir-un-passeport#primaryimage\"},\"thumbnailUrl\":\"https:\/\/static.africa-press.net\/cote\/sites\/43\/2021\/07\/img-60f2b281d8ad6.jpg\",\"datePublished\":\"2021-07-17T10:37:57+00:00\",\"dateModified\":\"2021-07-18T03:47:19+00:00\",\"author\":{\"@id\":\"https:\/\/www.africa-press.net\/cotedivoire\/#\/schema\/person\/2b1cf3cd81a31e3cd26889ca66d677f1\"},\"description\":\"Charles Bl\u00e9 Goud\u00e9, pilier du pouvoir de l\u2019ex-pr\u00e9sident Laurent Gbagbo dont le retour en C\u00f4te d\u2019Ivoire a \u00e9t\u00e9 retard\u00e9 faut ...\",\"breadcrumb\":{\"@id\":\"https:\/\/www.africa-press.net\/cotedivoire\/politique\/cote-divoire-charles-ble-goude-recu-a-lambassade-a-la-haye-pour-obtenir-un-passeport#breadcrumb\"},\"inLanguage\":\"fr-FR\",\"potentialAction\":[{\"@type\":\"ReadAction\",\"target\":[\"https:\/\/www.africa-press.net\/cotedivoire\/politique\/cote-divoire-charles-ble-goude-recu-a-lambassade-a-la-haye-pour-obtenir-un-passeport\"]}]},{\"@type\":\"ImageObject\",\"inLanguage\":\"fr-FR\",\"@id\":\"https:\/\/www.africa-press.net\/cotedivoire\/politique\/cote-divoire-charles-ble-goude-recu-a-lambassade-a-la-haye-pour-obtenir-un-passeport#primaryimage\",\"url\":\"https:\/\/static.africa-press.net\/cote\/sites\/43\/2021\/07\/img-60f2b281d8ad6.jpg\",\"contentUrl\":\"https:\/\/static.africa-press.net\/cote\/sites\/43\/2021\/07\/img-60f2b281d8ad6.jpg\",\"width\":720,\"height\":360,\"caption\":\"C\u00f4te d\u2019Ivoire : Charles Bl\u00e9 Goud\u00e9 re\u00e7u \u00e0 l\u2019ambassade \u00e0 la Haye pour obtenir un passeport\"},{\"@type\":\"BreadcrumbList\",\"@id\":\"https:\/\/www.africa-press.net\/cotedivoire\/politique\/cote-divoire-charles-ble-goude-recu-a-lambassade-a-la-haye-pour-obtenir-un-passeport#breadcrumb\",\"itemListElement\":[{\"@type\":\"ListItem\",\"position\":1,\"name\":\"Accueil\",\"item\":\"https:\/\/www.africa-press.net\/cotedivoire\/\"},{\"@type\":\"ListItem\",\"position\":2,\"name\":\"Charles Bl\u00e9 Goud\u00e9 re\u00e7u \u00e0 l\u2019ambassade \u00e0 la Haye pour obtenir un passeport\"}]},{\"@type\":\"WebSite\",\"@id\":\"https:\/\/www.africa-press.net\/cotedivoire\/#website\",\"url\":\"https:\/\/www.africa-press.net\/cotedivoire\/\",\"name\":\"C\u00f4te d&#039;Ivoire\",\"description\":\"Just another Africa News Agency Sites site\",\"potentialAction\":[{\"@type\":\"SearchAction\",\"target\":{\"@type\":\"EntryPoint\",\"urlTemplate\":\"https:\/\/www.africa-press.net\/cotedivoire\/?s={search_term_string}\"},\"query-input\":{\"@type\":\"PropertyValueSpecification\",\"valueRequired\":true,\"valueName\":\"search_term_string\"}}],\"inLanguage\":\"fr-FR\"},{\"@type\":\"Person\",\"@id\":\"https:\/\/www.africa-press.net\/cotedivoire\/#\/schema\/person\/2b1cf3cd81a31e3cd26889ca66d677f1\",\"name\":\"cfeditorfr\"}]}<\/script>\n<!-- \/ Yoast SEO Premium plugin. -->","yoast_head_json":{"title":"Charles Bl\u00e9 Goud\u00e9 re\u00e7u \u00e0 l\u2019ambassade \u00e0 la Haye pour obtenir un passeport - C\u00f4te d&#039;Ivoire","description":"Charles Bl\u00e9 Goud\u00e9, pilier du pouvoir de l\u2019ex-pr\u00e9sident Laurent Gbagbo dont le retour en C\u00f4te d\u2019Ivoire a \u00e9t\u00e9 retard\u00e9 faut ...","robots":{"index":"index","follow":"follow","max-snippet":"max-snippet:-1","max-image-preview":"max-image-preview:large","max-video-preview":"max-video-preview:-1"},"canonical":"https:\/\/www.africa-press.net\/cotedivoire\/politique\/cote-divoire-charles-ble-goude-recu-a-lambassade-a-la-haye-pour-obtenir-un-passeport","og_locale":"fr_FR","og_type":"article","og_title":"Charles Bl\u00e9 Goud\u00e9 re\u00e7u \u00e0 l\u2019ambassade \u00e0 la Haye pour obtenir un passeport","og_description":"Charles Bl\u00e9 Goud\u00e9, pilier du pouvoir de l\u2019ex-pr\u00e9sident Laurent Gbagbo dont le retour en C\u00f4te d\u2019Ivoire a \u00e9t\u00e9 retard\u00e9 faut ...","og_url":"https:\/\/www.africa-press.net\/cotedivoire\/politique\/cote-divoire-charles-ble-goude-recu-a-lambassade-a-la-haye-pour-obtenir-un-passeport","og_site_name":"C\u00f4te d&#039;Ivoire","article_published_time":"2021-07-17T10:37:57+00:00","article_modified_time":"2021-07-18T03:47:19+00:00","og_image":[{"width":720,"height":360,"url":"https:\/\/static.africa-press.net\/cote\/sites\/43\/2021\/07\/img-60f2b281d8ad6.jpg","type":"image\/jpeg"}],"author":"cfeditorfr","twitter_card":"summary_large_image","twitter_misc":{"\u00c9crit par":"cfeditorfr","Dur\u00e9e de lecture estim\u00e9e":"2 minutes"},"schema":{"@context":"https:\/\/schema.org","@graph":[{"@type":"Article","@id":"https:\/\/www.africa-press.net\/cotedivoire\/politique\/cote-divoire-charles-ble-goude-recu-a-lambassade-a-la-haye-pour-obtenir-un-passeport#article","isPartOf":{"@id":"https:\/\/www.africa-press.net\/cotedivoire\/politique\/cote-divoire-charles-ble-goude-recu-a-lambassade-a-la-haye-pour-obtenir-un-passeport"},"author":{"name":"cfeditorfr","@id":"https:\/\/www.africa-press.net\/cotedivoire\/#\/schema\/person\/2b1cf3cd81a31e3cd26889ca66d677f1"},"headline":"Charles Bl\u00e9 Goud\u00e9 re\u00e7u \u00e0 l\u2019ambassade \u00e0 la Haye pour obtenir un passeport","datePublished":"2021-07-17T10:37:57+00:00","dateModified":"2021-07-18T03:47:19+00:00","mainEntityOfPage":{"@id":"https:\/\/www.africa-press.net\/cotedivoire\/politique\/cote-divoire-charles-ble-goude-recu-a-lambassade-a-la-haye-pour-obtenir-un-passeport"},"wordCount":417,"commentCount":0,"image":{"@id":"https:\/\/www.africa-press.net\/cotedivoire\/politique\/cote-divoire-charles-ble-goude-recu-a-lambassade-a-la-haye-pour-obtenir-un-passeport#primaryimage"},"thumbnailUrl":"https:\/\/static.africa-press.net\/cote\/sites\/43\/2021\/07\/img-60f2b281d8ad6.jpg","keywords":["Africa Press","Africa Press-C\u00f4te d'Ivoire","C\u00d4TE D'IVOIRE"],"articleSection":["homepage-french","Politique","Top Nouvelles","Toutes les actualit\u00e9s"],"inLanguage":"fr-FR","potentialAction":[{"@type":"CommentAction","name":"Comment","target":["https:\/\/www.africa-press.net\/cotedivoire\/politique\/cote-divoire-charles-ble-goude-recu-a-lambassade-a-la-haye-pour-obtenir-un-passeport#respond"]}]},{"@type":"WebPage","@id":"https:\/\/www.africa-press.net\/cotedivoire\/politique\/cote-divoire-charles-ble-goude-recu-a-lambassade-a-la-haye-pour-obtenir-un-passeport","url":"https:\/\/www.africa-press.net\/cotedivoire\/politique\/cote-divoire-charles-ble-goude-recu-a-lambassade-a-la-haye-pour-obtenir-un-passeport","name":"Charles Bl\u00e9 Goud\u00e9 re\u00e7u \u00e0 l\u2019ambassade \u00e0 la Haye pour obtenir un passeport - C\u00f4te d&#039;Ivoire","isPartOf":{"@id":"https:\/\/www.africa-press.net\/cotedivoire\/#website"},"primaryImageOfPage":{"@id":"https:\/\/www.africa-press.net\/cotedivoire\/politique\/cote-divoire-charles-ble-goude-recu-a-lambassade-a-la-haye-pour-obtenir-un-passeport#primaryimage"},"image":{"@id":"https:\/\/www.africa-press.net\/cotedivoire\/politique\/cote-divoire-charles-ble-goude-recu-a-lambassade-a-la-haye-pour-obtenir-un-passeport#primaryimage"},"thumbnailUrl":"https:\/\/static.africa-press.net\/cote\/sites\/43\/2021\/07\/img-60f2b281d8ad6.jpg","datePublished":"2021-07-17T10:37:57+00:00","dateModified":"2021-07-18T03:47:19+00:00","author":{"@id":"https:\/\/www.africa-press.net\/cotedivoire\/#\/schema\/person\/2b1cf3cd81a31e3cd26889ca66d677f1"},"description":"Charles Bl\u00e9 Goud\u00e9, pilier du pouvoir de l\u2019ex-pr\u00e9sident Laurent Gbagbo dont le retour en C\u00f4te d\u2019Ivoire a \u00e9t\u00e9 retard\u00e9 faut ...","breadcrumb":{"@id":"https:\/\/www.africa-press.net\/cotedivoire\/politique\/cote-divoire-charles-ble-goude-recu-a-lambassade-a-la-haye-pour-obtenir-un-passeport#breadcrumb"},"inLanguage":"fr-FR","potentialAction":[{"@type":"ReadAction","target":["https:\/\/www.africa-press.net\/cotedivoire\/politique\/cote-divoire-charles-ble-goude-recu-a-lambassade-a-la-haye-pour-obtenir-un-passeport"]}]},{"@type":"ImageObject","inLanguage":"fr-FR","@id":"https:\/\/www.africa-press.net\/cotedivoire\/politique\/cote-divoire-charles-ble-goude-recu-a-lambassade-a-la-haye-pour-obtenir-un-passeport#primaryimage","url":"https:\/\/static.africa-press.net\/cote\/sites\/43\/2021\/07\/img-60f2b281d8ad6.jpg","contentUrl":"https:\/\/static.africa-press.net\/cote\/sites\/43\/2021\/07\/img-60f2b281d8ad6.jpg","width":720,"height":360,"caption":"C\u00f4te d\u2019Ivoire : Charles Bl\u00e9 Goud\u00e9 re\u00e7u \u00e0 l\u2019ambassade \u00e0 la Haye pour obtenir un passeport"},{"@type":"BreadcrumbList","@id":"https:\/\/www.africa-press.net\/cotedivoire\/politique\/cote-divoire-charles-ble-goude-recu-a-lambassade-a-la-haye-pour-obtenir-un-passeport#breadcrumb","itemListElement":[{"@type":"ListItem","position":1,"name":"Accueil","item":"https:\/\/www.africa-press.net\/cotedivoire\/"},{"@type":"ListItem","position":2,"name":"Charles Bl\u00e9 Goud\u00e9 re\u00e7u \u00e0 l\u2019ambassade \u00e0 la Haye pour obtenir un passeport"}]},{"@type":"WebSite","@id":"https:\/\/www.africa-press.net\/cotedivoire\/#website","url":"https:\/\/www.africa-press.net\/cotedivoire\/","name":"C\u00f4te d&#039;Ivoire","description":"Just another Africa News Agency Sites site","potentialAction":[{"@type":"SearchAction","target":{"@type":"EntryPoint","urlTemplate":"https:\/\/www.africa-press.net\/cotedivoire\/?s={search_term_string}"},"query-input":{"@type":"PropertyValueSpecification","valueRequired":true,"valueName":"search_term_string"}}],"inLanguage":"fr-FR"},{"@type":"Person","@id":"https:\/\/www.africa-press.net\/cotedivoire\/#\/schema\/person\/2b1cf3cd81a31e3cd26889ca66d677f1","name":"cfeditorfr"}]}},"_links":{"self":[{"href":"https:\/\/www.africa-press.net\/cotedivoire\/wp-json\/wp\/v2\/posts\/10022","targetHints":{"allow":["GET"]}}],"collection":[{"href":"https:\/\/www.africa-press.net\/cotedivoire\/wp-json\/wp\/v2\/posts"}],"about":[{"href":"https:\/\/www.africa-press.net\/cotedivoire\/wp-json\/wp\/v2\/types\/post"}],"author":[{"embeddable":true,"href":"https:\/\/www.africa-press.net\/cotedivoire\/wp-json\/wp\/v2\/users\/82"}],"replies":[{"embeddable":true,"href":"https:\/\/www.africa-press.net\/cotedivoire\/wp-json\/wp\/v2\/comments?post=10022"}],"version-history":[{"count":0,"href":"https:\/\/www.africa-press.net\/cotedivoire\/wp-json\/wp\/v2\/posts\/10022\/revisions"}],"wp:featuredmedia":[{"embeddable":true,"href":"https:\/\/www.africa-press.net\/cotedivoire\/wp-json\/wp\/v2\/media\/10021"}],"wp:attachment":[{"href":"https:\/\/www.africa-press.net\/cotedivoire\/wp-json\/wp\/v2\/media?parent=10022"}],"wp:term":[{"taxonomy":"category","embeddable":true,"href":"https:\/\/www.africa-press.net\/cotedivoire\/wp-json\/wp\/v2\/categories?post=10022"},{"taxonomy":"post_tag","embeddable":true,"href":"https:\/\/www.africa-press.net\/cotedivoire\/wp-json\/wp\/v2\/tags?post=10022"}],"curies":[{"name":"wp","href":"https:\/\/api.w.org\/{rel}","templated":true}]}}