{"id":10025,"date":"2021-07-17T10:47:35","date_gmt":"2021-07-17T10:47:35","guid":{"rendered":"https:\/\/www.africa-press.net\/cotedivoire\/?p=10025"},"modified":"2021-07-18T03:47:43","modified_gmt":"2021-07-18T03:47:43","slug":"cote-divoire-deces-de-charles-gomis-grande-figure-de-la-diplomatie-ivoirienne","status":"publish","type":"post","link":"https:\/\/www.africa-press.net\/cotedivoire\/politique\/cote-divoire-deces-de-charles-gomis-grande-figure-de-la-diplomatie-ivoirienne","title":{"rendered":"d\u00e9c\u00e8s de Charles Gomis, grande figure de la diplomatie ivoirienne"},"content":{"rendered":"<p><span style=\"color: #ff6600\"><strong><a href=\"https:\/\/www.africa-press.net\/\">Africa-Press<\/a> &#8211; <a href=\"https:\/\/www.africa-press.net\/cotedivoire\">C\u00f4te d&rsquo;Ivoire<\/a>. <\/strong><\/span>Le diplomate Charles Gomis, qui fut un proche du pr\u00e9sident F\u00e9lix Houphou\u00ebt-Boigny, est d\u00e9c\u00e9d\u00e9 ce 16 juillet \u00e0 Paris \u00e0 l\u2019\u00e2ge de 81 ans. La C\u00f4te d\u2019Ivoire perd l\u2019un de ses ambassadeurs les plus embl\u00e9matiques.<\/p>\n<p>Pour beaucoup, c\u2019\u00e9tait un pilier. Une m\u00e9moire autant qu\u2019un guide. Charles Gomis, charismatique figure de la diplomatie ivoirienne, est d\u00e9c\u00e9d\u00e9 ce vendredi 16 juillet \u00e0 Paris, o\u00f9 il s\u00e9journait. Il avait f\u00eat\u00e9 son 80e anniversaire le 5 f\u00e9vrier dernier. L\u2019information a \u00e9t\u00e9 confirm\u00e9e \u00e0 Jeune Afrique par des sources proches de la famille.<\/p>\n<p>Embauch\u00e9 en tant que stagiaire par un certain Henri Konan B\u00e9di\u00e9, alors ambassadeur de C\u00f4te d\u2019Ivoire \u00e0 Washington, Charles Gomis est devenu le directeur de cabinet de ce dernier lorsqu\u2019il a \u00e9t\u00e9 nomm\u00e9 ministre de l\u2019\u00c9conomie et des Finances, en 1967. Le natif de Grand-Bassam, qui n\u2019avait alors que 27 ans, restera \u00e0 ce poste jusqu\u2019en 1973.<\/p>\n<p>Ce dipl\u00f4m\u00e9 de l\u2019Universit\u00e9 de Californie, si\u00e8gera ensuite au conseil d\u2019administration de plusieurs entreprises publiques. Il si\u00e8gera \u00e9galement \u00e0 cette \u00e9poque au conseil de surveillance de la Bourse des valeurs d\u2019Abidjan, o\u00f9 il sera l\u2019un des artisans de l\u2019ouverture de l\u2019\u00e9conomie ivoirienne \u00e0 la capitalisation boursi\u00e8re, voulue par Houphou\u00ebt-Boigny.<\/p>\n<p><b>Washington, Brasilia, Paris\u2026<\/b><\/p>\n<p>Sa carri\u00e8re de diplomate, sous F\u00e9lix Houphou\u00ebt-Boigny, l\u2019a men\u00e9 de Washington \u00e0 Brasilia en passant par Bogota. Nomm\u00e9 ministre des Affaires \u00e9trang\u00e8res dans le gouvernement form\u00e9 par Seydou Diarra apr\u00e8s le coup d\u2019\u00c9tat de Robert Gue\u00ef contre B\u00e9di\u00e9, en mars 2000, Charles Gomis quittera son poste en octobre, et rejoindra par la suite le groupe Sifca (Soci\u00e9t\u00e9 immobili\u00e8re et financi\u00e8re de la c\u00f4te africaine).<\/p>\n<p>Il n\u2019en abandonnera pas pour autant son b\u00e2ton de diplomate. En 2002, il rejoint la Mission des Nations unies au Congo (Monuc), dont il dirigera le bureau en Ituri, dans l\u2019est de la RDC, en 2006 et 2007. De 2013 \u00e0 2020, il fut ambassadeur de la C\u00f4te d\u2019Ivoire en France, au Portugal et \u00e0 Monaco. Poste qu\u2019il occupa jusqu\u2019en 2020. Cette ann\u00e9e-l\u00e0, le pr\u00e9sident Alassane Ouattara le nomme s\u00e9nateur. Charles Gomis \u00e9tait depuis le deuxi\u00e8me vice-pr\u00e9sident de la chambre haute du Parlement ivoirien.<\/p>\n<p>Polyglotte, le mot toujours choisi avec soin, r\u00e9put\u00e9 pour son \u00e9l\u00e9gance, Charles Gomis \u00e9tait une figure particuli\u00e8rement respect\u00e9e en C\u00f4te d\u2019Ivoire, notamment au sein de la classe politique. Sur ses quatre filles, Sylvie, Henriette, Evelyne et Camille-Alexandra \u2013 , deux sont mari\u00e9es \u00e0 des figures de la sc\u00e8ne politique ivoirienne : Henriette est mari\u00e9e \u00e0 Jean-Louis Billon ; Sylvie \u00e0 Thierry Tanoh. Evelyne est pour sa part mari\u00e9e au financier camerounais Cyrille Nkontchou.<\/p>\n<p>Militant de longue date au Parti d\u00e9mocratique de C\u00f4te d\u2019Ivoire d\u2019Henri Konan B\u00e9di\u00e9, Charles Gomis avait, r\u00e9cemment, rejoint les rangs du Rassemblement des houphou\u00ebtistes pour la d\u00e9mocratie et la paix (RHDP, de Ouattara).<\/p>\n","protected":false},"excerpt":{"rendered":"<p>Africa-Press &#8211; C\u00f4te d&rsquo;Ivoire. Le diplomate Charles Gomis, qui fut un proche du pr\u00e9sident F\u00e9lix Houphou\u00ebt-Boigny, est d\u00e9c\u00e9d\u00e9 ce 16 juillet \u00e0 Paris \u00e0 l\u2019\u00e2ge de 81 ans. La C\u00f4te d\u2019Ivoire perd l\u2019un de ses ambassadeurs les plus embl\u00e9matiques. Pour beaucoup, c\u2019\u00e9tait un pilier. Une m\u00e9moire autant qu\u2019un guide. Charles Gomis, charismatique figure de la [&hellip;]<\/p>\n","protected":false},"author":82,"featured_media":10024,"comment_status":"open","ping_status":"closed","sticky":false,"template":"","format":"standard","meta":{"footnotes":""},"categories":[11,2,20,10],"tags":[56,63,29],"class_list":["post-10025","post","type-post","status-publish","format-standard","has-post-thumbnail","hentry","category-homepage-french","category-politique","category-top-nouvelles","category-toutes-les-actualites","tag-africa-press","tag-africa-press-cote-divoire","tag-cote-divoire"],"yoast_head":"<!-- This site is optimized with the Yoast SEO Premium plugin v26.1 (Yoast SEO v27.0) - https:\/\/yoast.com\/product\/yoast-seo-premium-wordpress\/ -->\n<title>d\u00e9c\u00e8s de Charles Gomis, grande figure de la diplomatie ivoirienne - C\u00f4te d&#039;Ivoire<\/title>\n<meta name=\"description\" content=\"Le diplomate Charles Gomis, qui fut un proche du pr\u00e9sident F\u00e9lix Houphou\u00ebt-Boigny, est d\u00e9c\u00e9d\u00e9 ce 16 juillet \u00e0 Paris \u00e0 l\u2019 ...\" \/>\n<meta name=\"robots\" content=\"index, follow, max-snippet:-1, max-image-preview:large, max-video-preview:-1\" \/>\n<link rel=\"canonical\" href=\"https:\/\/www.africa-press.net\/cotedivoire\/politique\/cote-divoire-deces-de-charles-gomis-grande-figure-de-la-diplomatie-ivoirienne\" \/>\n<meta property=\"og:locale\" content=\"fr_FR\" \/>\n<meta property=\"og:type\" content=\"article\" \/>\n<meta property=\"og:title\" content=\"d\u00e9c\u00e8s de Charles Gomis, grande figure de la diplomatie ivoirienne\" \/>\n<meta property=\"og:description\" content=\"Le diplomate Charles Gomis, qui fut un proche du pr\u00e9sident F\u00e9lix Houphou\u00ebt-Boigny, est d\u00e9c\u00e9d\u00e9 ce 16 juillet \u00e0 Paris \u00e0 l\u2019 ...\" \/>\n<meta property=\"og:url\" content=\"https:\/\/www.africa-press.net\/cotedivoire\/politique\/cote-divoire-deces-de-charles-gomis-grande-figure-de-la-diplomatie-ivoirienne\" \/>\n<meta property=\"og:site_name\" content=\"C\u00f4te d&#039;Ivoire\" \/>\n<meta property=\"article:published_time\" content=\"2021-07-17T10:47:35+00:00\" \/>\n<meta property=\"article:modified_time\" content=\"2021-07-18T03:47:43+00:00\" \/>\n<meta property=\"og:image\" content=\"https:\/\/static.africa-press.net\/cote\/sites\/43\/2021\/07\/img-60f2b2a7e032c.jpg\" \/>\n\t<meta property=\"og:image:width\" content=\"720\" \/>\n\t<meta property=\"og:image:height\" content=\"360\" \/>\n\t<meta property=\"og:image:type\" content=\"image\/jpeg\" \/>\n<meta name=\"author\" content=\"cfeditorfr\" \/>\n<meta name=\"twitter:card\" content=\"summary_large_image\" \/>\n<meta name=\"twitter:label1\" content=\"\u00c9crit par\" \/>\n\t<meta name=\"twitter:data1\" content=\"cfeditorfr\" \/>\n\t<meta name=\"twitter:label2\" content=\"Dur\u00e9e de lecture estim\u00e9e\" \/>\n\t<meta name=\"twitter:data2\" content=\"3 minutes\" \/>\n<script type=\"application\/ld+json\" class=\"yoast-schema-graph\">{\"@context\":\"https:\/\/schema.org\",\"@graph\":[{\"@type\":\"Article\",\"@id\":\"https:\/\/www.africa-press.net\/cotedivoire\/politique\/cote-divoire-deces-de-charles-gomis-grande-figure-de-la-diplomatie-ivoirienne#article\",\"isPartOf\":{\"@id\":\"https:\/\/www.africa-press.net\/cotedivoire\/politique\/cote-divoire-deces-de-charles-gomis-grande-figure-de-la-diplomatie-ivoirienne\"},\"author\":{\"name\":\"cfeditorfr\",\"@id\":\"https:\/\/www.africa-press.net\/cotedivoire\/#\/schema\/person\/2b1cf3cd81a31e3cd26889ca66d677f1\"},\"headline\":\"d\u00e9c\u00e8s de Charles Gomis, grande figure de la diplomatie ivoirienne\",\"datePublished\":\"2021-07-17T10:47:35+00:00\",\"dateModified\":\"2021-07-18T03:47:43+00:00\",\"mainEntityOfPage\":{\"@id\":\"https:\/\/www.africa-press.net\/cotedivoire\/politique\/cote-divoire-deces-de-charles-gomis-grande-figure-de-la-diplomatie-ivoirienne\"},\"wordCount\":517,\"commentCount\":0,\"image\":{\"@id\":\"https:\/\/www.africa-press.net\/cotedivoire\/politique\/cote-divoire-deces-de-charles-gomis-grande-figure-de-la-diplomatie-ivoirienne#primaryimage\"},\"thumbnailUrl\":\"https:\/\/static.africa-press.net\/cote\/sites\/43\/2021\/07\/img-60f2b2a7e032c.jpg\",\"keywords\":[\"Africa Press\",\"Africa Press-C\u00f4te d'Ivoire\",\"C\u00d4TE D'IVOIRE\"],\"articleSection\":[\"homepage-french\",\"Politique\",\"Top Nouvelles\",\"Toutes les actualit\u00e9s\"],\"inLanguage\":\"fr-FR\",\"potentialAction\":[{\"@type\":\"CommentAction\",\"name\":\"Comment\",\"target\":[\"https:\/\/www.africa-press.net\/cotedivoire\/politique\/cote-divoire-deces-de-charles-gomis-grande-figure-de-la-diplomatie-ivoirienne#respond\"]}]},{\"@type\":\"WebPage\",\"@id\":\"https:\/\/www.africa-press.net\/cotedivoire\/politique\/cote-divoire-deces-de-charles-gomis-grande-figure-de-la-diplomatie-ivoirienne\",\"url\":\"https:\/\/www.africa-press.net\/cotedivoire\/politique\/cote-divoire-deces-de-charles-gomis-grande-figure-de-la-diplomatie-ivoirienne\",\"name\":\"d\u00e9c\u00e8s de Charles Gomis, grande figure de la diplomatie ivoirienne - C\u00f4te d&#039;Ivoire\",\"isPartOf\":{\"@id\":\"https:\/\/www.africa-press.net\/cotedivoire\/#website\"},\"primaryImageOfPage\":{\"@id\":\"https:\/\/www.africa-press.net\/cotedivoire\/politique\/cote-divoire-deces-de-charles-gomis-grande-figure-de-la-diplomatie-ivoirienne#primaryimage\"},\"image\":{\"@id\":\"https:\/\/www.africa-press.net\/cotedivoire\/politique\/cote-divoire-deces-de-charles-gomis-grande-figure-de-la-diplomatie-ivoirienne#primaryimage\"},\"thumbnailUrl\":\"https:\/\/static.africa-press.net\/cote\/sites\/43\/2021\/07\/img-60f2b2a7e032c.jpg\",\"datePublished\":\"2021-07-17T10:47:35+00:00\",\"dateModified\":\"2021-07-18T03:47:43+00:00\",\"author\":{\"@id\":\"https:\/\/www.africa-press.net\/cotedivoire\/#\/schema\/person\/2b1cf3cd81a31e3cd26889ca66d677f1\"},\"description\":\"Le diplomate Charles Gomis, qui fut un proche du pr\u00e9sident F\u00e9lix Houphou\u00ebt-Boigny, est d\u00e9c\u00e9d\u00e9 ce 16 juillet \u00e0 Paris \u00e0 l\u2019 ...\",\"breadcrumb\":{\"@id\":\"https:\/\/www.africa-press.net\/cotedivoire\/politique\/cote-divoire-deces-de-charles-gomis-grande-figure-de-la-diplomatie-ivoirienne#breadcrumb\"},\"inLanguage\":\"fr-FR\",\"potentialAction\":[{\"@type\":\"ReadAction\",\"target\":[\"https:\/\/www.africa-press.net\/cotedivoire\/politique\/cote-divoire-deces-de-charles-gomis-grande-figure-de-la-diplomatie-ivoirienne\"]}]},{\"@type\":\"ImageObject\",\"inLanguage\":\"fr-FR\",\"@id\":\"https:\/\/www.africa-press.net\/cotedivoire\/politique\/cote-divoire-deces-de-charles-gomis-grande-figure-de-la-diplomatie-ivoirienne#primaryimage\",\"url\":\"https:\/\/static.africa-press.net\/cote\/sites\/43\/2021\/07\/img-60f2b2a7e032c.jpg\",\"contentUrl\":\"https:\/\/static.africa-press.net\/cote\/sites\/43\/2021\/07\/img-60f2b2a7e032c.jpg\",\"width\":720,\"height\":360,\"caption\":\"C\u00f4te d\u2019Ivoire\u00a0: d\u00e9c\u00e8s de Charles Gomis, grande figure de la diplomatie ivoirienne\"},{\"@type\":\"BreadcrumbList\",\"@id\":\"https:\/\/www.africa-press.net\/cotedivoire\/politique\/cote-divoire-deces-de-charles-gomis-grande-figure-de-la-diplomatie-ivoirienne#breadcrumb\",\"itemListElement\":[{\"@type\":\"ListItem\",\"position\":1,\"name\":\"Accueil\",\"item\":\"https:\/\/www.africa-press.net\/cotedivoire\/\"},{\"@type\":\"ListItem\",\"position\":2,\"name\":\"d\u00e9c\u00e8s de Charles Gomis, grande figure de la diplomatie ivoirienne\"}]},{\"@type\":\"WebSite\",\"@id\":\"https:\/\/www.africa-press.net\/cotedivoire\/#website\",\"url\":\"https:\/\/www.africa-press.net\/cotedivoire\/\",\"name\":\"C\u00f4te d&#039;Ivoire\",\"description\":\"Just another Africa News Agency Sites site\",\"potentialAction\":[{\"@type\":\"SearchAction\",\"target\":{\"@type\":\"EntryPoint\",\"urlTemplate\":\"https:\/\/www.africa-press.net\/cotedivoire\/?s={search_term_string}\"},\"query-input\":{\"@type\":\"PropertyValueSpecification\",\"valueRequired\":true,\"valueName\":\"search_term_string\"}}],\"inLanguage\":\"fr-FR\"},{\"@type\":\"Person\",\"@id\":\"https:\/\/www.africa-press.net\/cotedivoire\/#\/schema\/person\/2b1cf3cd81a31e3cd26889ca66d677f1\",\"name\":\"cfeditorfr\"}]}<\/script>\n<!-- \/ Yoast SEO Premium plugin. -->","yoast_head_json":{"title":"d\u00e9c\u00e8s de Charles Gomis, grande figure de la diplomatie ivoirienne - C\u00f4te d&#039;Ivoire","description":"Le diplomate Charles Gomis, qui fut un proche du pr\u00e9sident F\u00e9lix Houphou\u00ebt-Boigny, est d\u00e9c\u00e9d\u00e9 ce 16 juillet \u00e0 Paris \u00e0 l\u2019 ...","robots":{"index":"index","follow":"follow","max-snippet":"max-snippet:-1","max-image-preview":"max-image-preview:large","max-video-preview":"max-video-preview:-1"},"canonical":"https:\/\/www.africa-press.net\/cotedivoire\/politique\/cote-divoire-deces-de-charles-gomis-grande-figure-de-la-diplomatie-ivoirienne","og_locale":"fr_FR","og_type":"article","og_title":"d\u00e9c\u00e8s de Charles Gomis, grande figure de la diplomatie ivoirienne","og_description":"Le diplomate Charles Gomis, qui fut un proche du pr\u00e9sident F\u00e9lix Houphou\u00ebt-Boigny, est d\u00e9c\u00e9d\u00e9 ce 16 juillet \u00e0 Paris \u00e0 l\u2019 ...","og_url":"https:\/\/www.africa-press.net\/cotedivoire\/politique\/cote-divoire-deces-de-charles-gomis-grande-figure-de-la-diplomatie-ivoirienne","og_site_name":"C\u00f4te d&#039;Ivoire","article_published_time":"2021-07-17T10:47:35+00:00","article_modified_time":"2021-07-18T03:47:43+00:00","og_image":[{"width":720,"height":360,"url":"https:\/\/static.africa-press.net\/cote\/sites\/43\/2021\/07\/img-60f2b2a7e032c.jpg","type":"image\/jpeg"}],"author":"cfeditorfr","twitter_card":"summary_large_image","twitter_misc":{"\u00c9crit par":"cfeditorfr","Dur\u00e9e de lecture estim\u00e9e":"3 minutes"},"schema":{"@context":"https:\/\/schema.org","@graph":[{"@type":"Article","@id":"https:\/\/www.africa-press.net\/cotedivoire\/politique\/cote-divoire-deces-de-charles-gomis-grande-figure-de-la-diplomatie-ivoirienne#article","isPartOf":{"@id":"https:\/\/www.africa-press.net\/cotedivoire\/politique\/cote-divoire-deces-de-charles-gomis-grande-figure-de-la-diplomatie-ivoirienne"},"author":{"name":"cfeditorfr","@id":"https:\/\/www.africa-press.net\/cotedivoire\/#\/schema\/person\/2b1cf3cd81a31e3cd26889ca66d677f1"},"headline":"d\u00e9c\u00e8s de Charles Gomis, grande figure de la diplomatie ivoirienne","datePublished":"2021-07-17T10:47:35+00:00","dateModified":"2021-07-18T03:47:43+00:00","mainEntityOfPage":{"@id":"https:\/\/www.africa-press.net\/cotedivoire\/politique\/cote-divoire-deces-de-charles-gomis-grande-figure-de-la-diplomatie-ivoirienne"},"wordCount":517,"commentCount":0,"image":{"@id":"https:\/\/www.africa-press.net\/cotedivoire\/politique\/cote-divoire-deces-de-charles-gomis-grande-figure-de-la-diplomatie-ivoirienne#primaryimage"},"thumbnailUrl":"https:\/\/static.africa-press.net\/cote\/sites\/43\/2021\/07\/img-60f2b2a7e032c.jpg","keywords":["Africa Press","Africa Press-C\u00f4te d'Ivoire","C\u00d4TE D'IVOIRE"],"articleSection":["homepage-french","Politique","Top Nouvelles","Toutes les actualit\u00e9s"],"inLanguage":"fr-FR","potentialAction":[{"@type":"CommentAction","name":"Comment","target":["https:\/\/www.africa-press.net\/cotedivoire\/politique\/cote-divoire-deces-de-charles-gomis-grande-figure-de-la-diplomatie-ivoirienne#respond"]}]},{"@type":"WebPage","@id":"https:\/\/www.africa-press.net\/cotedivoire\/politique\/cote-divoire-deces-de-charles-gomis-grande-figure-de-la-diplomatie-ivoirienne","url":"https:\/\/www.africa-press.net\/cotedivoire\/politique\/cote-divoire-deces-de-charles-gomis-grande-figure-de-la-diplomatie-ivoirienne","name":"d\u00e9c\u00e8s de Charles Gomis, grande figure de la diplomatie ivoirienne - C\u00f4te d&#039;Ivoire","isPartOf":{"@id":"https:\/\/www.africa-press.net\/cotedivoire\/#website"},"primaryImageOfPage":{"@id":"https:\/\/www.africa-press.net\/cotedivoire\/politique\/cote-divoire-deces-de-charles-gomis-grande-figure-de-la-diplomatie-ivoirienne#primaryimage"},"image":{"@id":"https:\/\/www.africa-press.net\/cotedivoire\/politique\/cote-divoire-deces-de-charles-gomis-grande-figure-de-la-diplomatie-ivoirienne#primaryimage"},"thumbnailUrl":"https:\/\/static.africa-press.net\/cote\/sites\/43\/2021\/07\/img-60f2b2a7e032c.jpg","datePublished":"2021-07-17T10:47:35+00:00","dateModified":"2021-07-18T03:47:43+00:00","author":{"@id":"https:\/\/www.africa-press.net\/cotedivoire\/#\/schema\/person\/2b1cf3cd81a31e3cd26889ca66d677f1"},"description":"Le diplomate Charles Gomis, qui fut un proche du pr\u00e9sident F\u00e9lix Houphou\u00ebt-Boigny, est d\u00e9c\u00e9d\u00e9 ce 16 juillet \u00e0 Paris \u00e0 l\u2019 ...","breadcrumb":{"@id":"https:\/\/www.africa-press.net\/cotedivoire\/politique\/cote-divoire-deces-de-charles-gomis-grande-figure-de-la-diplomatie-ivoirienne#breadcrumb"},"inLanguage":"fr-FR","potentialAction":[{"@type":"ReadAction","target":["https:\/\/www.africa-press.net\/cotedivoire\/politique\/cote-divoire-deces-de-charles-gomis-grande-figure-de-la-diplomatie-ivoirienne"]}]},{"@type":"ImageObject","inLanguage":"fr-FR","@id":"https:\/\/www.africa-press.net\/cotedivoire\/politique\/cote-divoire-deces-de-charles-gomis-grande-figure-de-la-diplomatie-ivoirienne#primaryimage","url":"https:\/\/static.africa-press.net\/cote\/sites\/43\/2021\/07\/img-60f2b2a7e032c.jpg","contentUrl":"https:\/\/static.africa-press.net\/cote\/sites\/43\/2021\/07\/img-60f2b2a7e032c.jpg","width":720,"height":360,"caption":"C\u00f4te d\u2019Ivoire\u00a0: d\u00e9c\u00e8s de Charles Gomis, grande figure de la diplomatie ivoirienne"},{"@type":"BreadcrumbList","@id":"https:\/\/www.africa-press.net\/cotedivoire\/politique\/cote-divoire-deces-de-charles-gomis-grande-figure-de-la-diplomatie-ivoirienne#breadcrumb","itemListElement":[{"@type":"ListItem","position":1,"name":"Accueil","item":"https:\/\/www.africa-press.net\/cotedivoire\/"},{"@type":"ListItem","position":2,"name":"d\u00e9c\u00e8s de Charles Gomis, grande figure de la diplomatie ivoirienne"}]},{"@type":"WebSite","@id":"https:\/\/www.africa-press.net\/cotedivoire\/#website","url":"https:\/\/www.africa-press.net\/cotedivoire\/","name":"C\u00f4te d&#039;Ivoire","description":"Just another Africa News Agency Sites site","potentialAction":[{"@type":"SearchAction","target":{"@type":"EntryPoint","urlTemplate":"https:\/\/www.africa-press.net\/cotedivoire\/?s={search_term_string}"},"query-input":{"@type":"PropertyValueSpecification","valueRequired":true,"valueName":"search_term_string"}}],"inLanguage":"fr-FR"},{"@type":"Person","@id":"https:\/\/www.africa-press.net\/cotedivoire\/#\/schema\/person\/2b1cf3cd81a31e3cd26889ca66d677f1","name":"cfeditorfr"}]}},"_links":{"self":[{"href":"https:\/\/www.africa-press.net\/cotedivoire\/wp-json\/wp\/v2\/posts\/10025","targetHints":{"allow":["GET"]}}],"collection":[{"href":"https:\/\/www.africa-press.net\/cotedivoire\/wp-json\/wp\/v2\/posts"}],"about":[{"href":"https:\/\/www.africa-press.net\/cotedivoire\/wp-json\/wp\/v2\/types\/post"}],"author":[{"embeddable":true,"href":"https:\/\/www.africa-press.net\/cotedivoire\/wp-json\/wp\/v2\/users\/82"}],"replies":[{"embeddable":true,"href":"https:\/\/www.africa-press.net\/cotedivoire\/wp-json\/wp\/v2\/comments?post=10025"}],"version-history":[{"count":0,"href":"https:\/\/www.africa-press.net\/cotedivoire\/wp-json\/wp\/v2\/posts\/10025\/revisions"}],"wp:featuredmedia":[{"embeddable":true,"href":"https:\/\/www.africa-press.net\/cotedivoire\/wp-json\/wp\/v2\/media\/10024"}],"wp:attachment":[{"href":"https:\/\/www.africa-press.net\/cotedivoire\/wp-json\/wp\/v2\/media?parent=10025"}],"wp:term":[{"taxonomy":"category","embeddable":true,"href":"https:\/\/www.africa-press.net\/cotedivoire\/wp-json\/wp\/v2\/categories?post=10025"},{"taxonomy":"post_tag","embeddable":true,"href":"https:\/\/www.africa-press.net\/cotedivoire\/wp-json\/wp\/v2\/tags?post=10025"}],"curies":[{"name":"wp","href":"https:\/\/api.w.org\/{rel}","templated":true}]}}