{"id":10028,"date":"2021-07-17T10:56:11","date_gmt":"2021-07-17T10:56:11","guid":{"rendered":"https:\/\/www.africa-press.net\/cotedivoire\/?p=10028"},"modified":"2021-07-18T03:47:43","modified_gmt":"2021-07-18T03:47:43","slug":"laurent-gbagbo-a-de-grands-projets-pour-la-cote-divoire-rencontre-avec-damana-pickass-vice-president-du-fpi","status":"publish","type":"post","link":"https:\/\/www.africa-press.net\/cotedivoire\/politique\/laurent-gbagbo-a-de-grands-projets-pour-la-cote-divoire-rencontre-avec-damana-pickass-vice-president-du-fpi","title":{"rendered":"\u00ab Laurent Gbagbo a de grands projets pour la C\u00f4te d\u2019Ivoire \u00bb : rencontre avec Damana Pickass, vice-pr\u00e9sident du FPI"},"content":{"rendered":"<p><span style=\"color: #ff6600\"><strong><a href=\"https:\/\/www.africa-press.net\/\">Africa-Press<\/a> &#8211; <a href=\"https:\/\/www.africa-press.net\/cotedivoire\">C\u00f4te d&rsquo;Ivoire<\/a>. <\/strong><\/span>Rentr\u00e9 d\u2019exil en avril 2021, Damana Pickass est un proche de Laurent Gbagbo. Pour lui, c\u2019est une certitude : l\u2019ancien pr\u00e9sident continuera de jouer un r\u00f4le politique.<\/p>\n<p>Il y a dix ans, les images de Pickass arrachant les r\u00e9sultats provisoires du second tour de la pr\u00e9sidentielle des mains du porte-\u00adparole de la Commission \u00e9lectorale ind\u00e9pendante, Yacouba Bamba, avaient fait le tour du monde. C\u2019\u00e9tait avant l\u2019arrestation de Laurent Gbagbo, son transf\u00e8rement \u00e0 la CPI, et la fuite de Pickass vers le Ghana, oblig\u00e9 de se d\u00e9guiser lors de son voyage pour \u00e9viter de se faire lui aussi arr\u00eater.<\/p>\n<p>Une d\u00e9cennie apr\u00e8s, Pickass assure vouloir tourner cette page, et se pose volontiers en rassembleur. Surtout, il le revendique avec force : ni les ann\u00e9es \u00e9coul\u00e9es ni la distance n\u2019ont affect\u00e9 les relations qu\u2019il entretient avec l\u2019ancien pr\u00e9sident ivoirien. Au contraire, Damana Pickass fait, encore et toujours, partie des fid\u00e8les parmi les fid\u00e8les de Laurent Gbagbo, avec lequel il a si intimement li\u00e9 soin propre destin.<\/p>\n<p><b>Le r\u00eave du retour<\/b><\/p>\n<p>Le 31 mars dernier, lorsque l\u2019ancien pr\u00e9sident est d\u00e9finitivement acquitt\u00e9 par la CPI, pour Damana Pickass aussi, les choses se pr\u00e9cisent. Les n\u00e9gociations entre le Haut commissariat des Nations unies pour les r\u00e9fugi\u00e9s, les autorit\u00e9s ghan\u00e9ennes et le gouvernement ivoirien parviennent \u00e0 un accord. \u00c0 Abidjan, le pr\u00e9sident Alassane Ouattara a d\u00e9cid\u00e9 de lancer un processus de r\u00e9conciliation nationale. Des amnisties sont annonc\u00e9es et le retour des exil\u00e9s facilit\u00e9. Damana Pickass est de ceux-l\u00e0. Le 30 avril, il atterrit \u00e0 l\u2019a\u00e9roport F\u00e9lix-Houphou\u00ebt-Boigny. Il n\u2019a alors qu\u2019une seule id\u00e9e en t\u00eate : pr\u00e9parer un accueil grandiose pour le retour de Gbagbo, le 17 juin.<\/p>\n","protected":false},"excerpt":{"rendered":"<p>Africa-Press &#8211; C\u00f4te d&rsquo;Ivoire. Rentr\u00e9 d\u2019exil en avril 2021, Damana Pickass est un proche de Laurent Gbagbo. Pour lui, c\u2019est une certitude : l\u2019ancien pr\u00e9sident continuera de jouer un r\u00f4le politique. Il y a dix ans, les images de Pickass arrachant les r\u00e9sultats provisoires du second tour de la pr\u00e9sidentielle des mains du porte-\u00adparole de [&hellip;]<\/p>\n","protected":false},"author":82,"featured_media":10027,"comment_status":"open","ping_status":"closed","sticky":false,"template":"","format":"standard","meta":{"footnotes":""},"categories":[11,2,20,10],"tags":[56,63,29],"class_list":["post-10028","post","type-post","status-publish","format-standard","has-post-thumbnail","hentry","category-homepage-french","category-politique","category-top-nouvelles","category-toutes-les-actualites","tag-africa-press","tag-africa-press-cote-divoire","tag-cote-divoire"],"yoast_head":"<!-- This site is optimized with the Yoast SEO Premium plugin v26.1 (Yoast SEO v27.0) - https:\/\/yoast.com\/product\/yoast-seo-premium-wordpress\/ -->\n<title>\u00ab Laurent Gbagbo a de grands projets pour la C\u00f4te d\u2019Ivoire \u00bb : rencontre avec Damana Pickass, vice-pr\u00e9sident du FPI - C\u00f4te d&#039;Ivoire<\/title>\n<meta name=\"description\" content=\"Rentr\u00e9 d\u2019exil en avril 2021, Damana Pickass est un proche de Laurent Gbagbo. Pour lui, c\u2019est une certitude : l\u2019ancien pr ...\" \/>\n<meta name=\"robots\" content=\"index, follow, max-snippet:-1, max-image-preview:large, max-video-preview:-1\" \/>\n<link rel=\"canonical\" href=\"https:\/\/www.africa-press.net\/cotedivoire\/politique\/laurent-gbagbo-a-de-grands-projets-pour-la-cote-divoire-rencontre-avec-damana-pickass-vice-president-du-fpi\" \/>\n<meta property=\"og:locale\" content=\"fr_FR\" \/>\n<meta property=\"og:type\" content=\"article\" \/>\n<meta property=\"og:title\" content=\"\u00ab Laurent Gbagbo a de grands projets pour la C\u00f4te d\u2019Ivoire \u00bb : rencontre avec Damana Pickass, vice-pr\u00e9sident du FPI\" \/>\n<meta property=\"og:description\" content=\"Rentr\u00e9 d\u2019exil en avril 2021, Damana Pickass est un proche de Laurent Gbagbo. Pour lui, c\u2019est une certitude : l\u2019ancien pr ...\" \/>\n<meta property=\"og:url\" content=\"https:\/\/www.africa-press.net\/cotedivoire\/politique\/laurent-gbagbo-a-de-grands-projets-pour-la-cote-divoire-rencontre-avec-damana-pickass-vice-president-du-fpi\" \/>\n<meta property=\"og:site_name\" content=\"C\u00f4te d&#039;Ivoire\" \/>\n<meta property=\"article:published_time\" content=\"2021-07-17T10:56:11+00:00\" \/>\n<meta property=\"article:modified_time\" content=\"2021-07-18T03:47:43+00:00\" \/>\n<meta property=\"og:image\" content=\"https:\/\/static.africa-press.net\/cote\/sites\/43\/2021\/07\/img-60f2b2cc41720.jpg\" \/>\n\t<meta property=\"og:image:width\" content=\"720\" \/>\n\t<meta property=\"og:image:height\" content=\"360\" \/>\n\t<meta property=\"og:image:type\" content=\"image\/jpeg\" \/>\n<meta name=\"author\" content=\"cfeditorfr\" \/>\n<meta name=\"twitter:card\" content=\"summary_large_image\" \/>\n<meta name=\"twitter:label1\" content=\"\u00c9crit par\" \/>\n\t<meta name=\"twitter:data1\" content=\"cfeditorfr\" \/>\n\t<meta name=\"twitter:label2\" content=\"Dur\u00e9e de lecture estim\u00e9e\" \/>\n\t<meta name=\"twitter:data2\" content=\"2 minutes\" \/>\n<script type=\"application\/ld+json\" class=\"yoast-schema-graph\">{\"@context\":\"https:\/\/schema.org\",\"@graph\":[{\"@type\":\"Article\",\"@id\":\"https:\/\/www.africa-press.net\/cotedivoire\/politique\/laurent-gbagbo-a-de-grands-projets-pour-la-cote-divoire-rencontre-avec-damana-pickass-vice-president-du-fpi#article\",\"isPartOf\":{\"@id\":\"https:\/\/www.africa-press.net\/cotedivoire\/politique\/laurent-gbagbo-a-de-grands-projets-pour-la-cote-divoire-rencontre-avec-damana-pickass-vice-president-du-fpi\"},\"author\":{\"name\":\"cfeditorfr\",\"@id\":\"https:\/\/www.africa-press.net\/cotedivoire\/#\/schema\/person\/2b1cf3cd81a31e3cd26889ca66d677f1\"},\"headline\":\"\u00ab Laurent Gbagbo a de grands projets pour la C\u00f4te d\u2019Ivoire \u00bb : rencontre avec Damana Pickass, vice-pr\u00e9sident du FPI\",\"datePublished\":\"2021-07-17T10:56:11+00:00\",\"dateModified\":\"2021-07-18T03:47:43+00:00\",\"mainEntityOfPage\":{\"@id\":\"https:\/\/www.africa-press.net\/cotedivoire\/politique\/laurent-gbagbo-a-de-grands-projets-pour-la-cote-divoire-rencontre-avec-damana-pickass-vice-president-du-fpi\"},\"wordCount\":334,\"commentCount\":0,\"image\":{\"@id\":\"https:\/\/www.africa-press.net\/cotedivoire\/politique\/laurent-gbagbo-a-de-grands-projets-pour-la-cote-divoire-rencontre-avec-damana-pickass-vice-president-du-fpi#primaryimage\"},\"thumbnailUrl\":\"https:\/\/static.africa-press.net\/cote\/sites\/43\/2021\/07\/img-60f2b2cc41720.jpg\",\"keywords\":[\"Africa Press\",\"Africa Press-C\u00f4te d'Ivoire\",\"C\u00d4TE D'IVOIRE\"],\"articleSection\":[\"homepage-french\",\"Politique\",\"Top Nouvelles\",\"Toutes les actualit\u00e9s\"],\"inLanguage\":\"fr-FR\",\"potentialAction\":[{\"@type\":\"CommentAction\",\"name\":\"Comment\",\"target\":[\"https:\/\/www.africa-press.net\/cotedivoire\/politique\/laurent-gbagbo-a-de-grands-projets-pour-la-cote-divoire-rencontre-avec-damana-pickass-vice-president-du-fpi#respond\"]}]},{\"@type\":\"WebPage\",\"@id\":\"https:\/\/www.africa-press.net\/cotedivoire\/politique\/laurent-gbagbo-a-de-grands-projets-pour-la-cote-divoire-rencontre-avec-damana-pickass-vice-president-du-fpi\",\"url\":\"https:\/\/www.africa-press.net\/cotedivoire\/politique\/laurent-gbagbo-a-de-grands-projets-pour-la-cote-divoire-rencontre-avec-damana-pickass-vice-president-du-fpi\",\"name\":\"\u00ab Laurent Gbagbo a de grands projets pour la C\u00f4te d\u2019Ivoire \u00bb : rencontre avec Damana Pickass, vice-pr\u00e9sident du FPI - C\u00f4te d&#039;Ivoire\",\"isPartOf\":{\"@id\":\"https:\/\/www.africa-press.net\/cotedivoire\/#website\"},\"primaryImageOfPage\":{\"@id\":\"https:\/\/www.africa-press.net\/cotedivoire\/politique\/laurent-gbagbo-a-de-grands-projets-pour-la-cote-divoire-rencontre-avec-damana-pickass-vice-president-du-fpi#primaryimage\"},\"image\":{\"@id\":\"https:\/\/www.africa-press.net\/cotedivoire\/politique\/laurent-gbagbo-a-de-grands-projets-pour-la-cote-divoire-rencontre-avec-damana-pickass-vice-president-du-fpi#primaryimage\"},\"thumbnailUrl\":\"https:\/\/static.africa-press.net\/cote\/sites\/43\/2021\/07\/img-60f2b2cc41720.jpg\",\"datePublished\":\"2021-07-17T10:56:11+00:00\",\"dateModified\":\"2021-07-18T03:47:43+00:00\",\"author\":{\"@id\":\"https:\/\/www.africa-press.net\/cotedivoire\/#\/schema\/person\/2b1cf3cd81a31e3cd26889ca66d677f1\"},\"description\":\"Rentr\u00e9 d\u2019exil en avril 2021, Damana Pickass est un proche de Laurent Gbagbo. Pour lui, c\u2019est une certitude : l\u2019ancien pr ...\",\"breadcrumb\":{\"@id\":\"https:\/\/www.africa-press.net\/cotedivoire\/politique\/laurent-gbagbo-a-de-grands-projets-pour-la-cote-divoire-rencontre-avec-damana-pickass-vice-president-du-fpi#breadcrumb\"},\"inLanguage\":\"fr-FR\",\"potentialAction\":[{\"@type\":\"ReadAction\",\"target\":[\"https:\/\/www.africa-press.net\/cotedivoire\/politique\/laurent-gbagbo-a-de-grands-projets-pour-la-cote-divoire-rencontre-avec-damana-pickass-vice-president-du-fpi\"]}]},{\"@type\":\"ImageObject\",\"inLanguage\":\"fr-FR\",\"@id\":\"https:\/\/www.africa-press.net\/cotedivoire\/politique\/laurent-gbagbo-a-de-grands-projets-pour-la-cote-divoire-rencontre-avec-damana-pickass-vice-president-du-fpi#primaryimage\",\"url\":\"https:\/\/static.africa-press.net\/cote\/sites\/43\/2021\/07\/img-60f2b2cc41720.jpg\",\"contentUrl\":\"https:\/\/static.africa-press.net\/cote\/sites\/43\/2021\/07\/img-60f2b2cc41720.jpg\",\"width\":720,\"height\":360,\"caption\":\"\u00ab Laurent Gbagbo a de grands projets pour la C\u00f4te d\u2019Ivoire \u00bb : rencontre avec Damana Pickass, vice-pr\u00e9sident du FPI\"},{\"@type\":\"BreadcrumbList\",\"@id\":\"https:\/\/www.africa-press.net\/cotedivoire\/politique\/laurent-gbagbo-a-de-grands-projets-pour-la-cote-divoire-rencontre-avec-damana-pickass-vice-president-du-fpi#breadcrumb\",\"itemListElement\":[{\"@type\":\"ListItem\",\"position\":1,\"name\":\"Accueil\",\"item\":\"https:\/\/www.africa-press.net\/cotedivoire\/\"},{\"@type\":\"ListItem\",\"position\":2,\"name\":\"\u00ab Laurent Gbagbo a de grands projets pour la C\u00f4te d\u2019Ivoire \u00bb : rencontre avec Damana Pickass, vice-pr\u00e9sident du FPI\"}]},{\"@type\":\"WebSite\",\"@id\":\"https:\/\/www.africa-press.net\/cotedivoire\/#website\",\"url\":\"https:\/\/www.africa-press.net\/cotedivoire\/\",\"name\":\"C\u00f4te d&#039;Ivoire\",\"description\":\"Just another Africa News Agency Sites site\",\"potentialAction\":[{\"@type\":\"SearchAction\",\"target\":{\"@type\":\"EntryPoint\",\"urlTemplate\":\"https:\/\/www.africa-press.net\/cotedivoire\/?s={search_term_string}\"},\"query-input\":{\"@type\":\"PropertyValueSpecification\",\"valueRequired\":true,\"valueName\":\"search_term_string\"}}],\"inLanguage\":\"fr-FR\"},{\"@type\":\"Person\",\"@id\":\"https:\/\/www.africa-press.net\/cotedivoire\/#\/schema\/person\/2b1cf3cd81a31e3cd26889ca66d677f1\",\"name\":\"cfeditorfr\"}]}<\/script>\n<!-- \/ Yoast SEO Premium plugin. -->","yoast_head_json":{"title":"\u00ab Laurent Gbagbo a de grands projets pour la C\u00f4te d\u2019Ivoire \u00bb : rencontre avec Damana Pickass, vice-pr\u00e9sident du FPI - C\u00f4te d&#039;Ivoire","description":"Rentr\u00e9 d\u2019exil en avril 2021, Damana Pickass est un proche de Laurent Gbagbo. Pour lui, c\u2019est une certitude : l\u2019ancien pr ...","robots":{"index":"index","follow":"follow","max-snippet":"max-snippet:-1","max-image-preview":"max-image-preview:large","max-video-preview":"max-video-preview:-1"},"canonical":"https:\/\/www.africa-press.net\/cotedivoire\/politique\/laurent-gbagbo-a-de-grands-projets-pour-la-cote-divoire-rencontre-avec-damana-pickass-vice-president-du-fpi","og_locale":"fr_FR","og_type":"article","og_title":"\u00ab Laurent Gbagbo a de grands projets pour la C\u00f4te d\u2019Ivoire \u00bb : rencontre avec Damana Pickass, vice-pr\u00e9sident du FPI","og_description":"Rentr\u00e9 d\u2019exil en avril 2021, Damana Pickass est un proche de Laurent Gbagbo. Pour lui, c\u2019est une certitude : l\u2019ancien pr ...","og_url":"https:\/\/www.africa-press.net\/cotedivoire\/politique\/laurent-gbagbo-a-de-grands-projets-pour-la-cote-divoire-rencontre-avec-damana-pickass-vice-president-du-fpi","og_site_name":"C\u00f4te d&#039;Ivoire","article_published_time":"2021-07-17T10:56:11+00:00","article_modified_time":"2021-07-18T03:47:43+00:00","og_image":[{"width":720,"height":360,"url":"https:\/\/static.africa-press.net\/cote\/sites\/43\/2021\/07\/img-60f2b2cc41720.jpg","type":"image\/jpeg"}],"author":"cfeditorfr","twitter_card":"summary_large_image","twitter_misc":{"\u00c9crit par":"cfeditorfr","Dur\u00e9e de lecture estim\u00e9e":"2 minutes"},"schema":{"@context":"https:\/\/schema.org","@graph":[{"@type":"Article","@id":"https:\/\/www.africa-press.net\/cotedivoire\/politique\/laurent-gbagbo-a-de-grands-projets-pour-la-cote-divoire-rencontre-avec-damana-pickass-vice-president-du-fpi#article","isPartOf":{"@id":"https:\/\/www.africa-press.net\/cotedivoire\/politique\/laurent-gbagbo-a-de-grands-projets-pour-la-cote-divoire-rencontre-avec-damana-pickass-vice-president-du-fpi"},"author":{"name":"cfeditorfr","@id":"https:\/\/www.africa-press.net\/cotedivoire\/#\/schema\/person\/2b1cf3cd81a31e3cd26889ca66d677f1"},"headline":"\u00ab Laurent Gbagbo a de grands projets pour la C\u00f4te d\u2019Ivoire \u00bb : rencontre avec Damana Pickass, vice-pr\u00e9sident du FPI","datePublished":"2021-07-17T10:56:11+00:00","dateModified":"2021-07-18T03:47:43+00:00","mainEntityOfPage":{"@id":"https:\/\/www.africa-press.net\/cotedivoire\/politique\/laurent-gbagbo-a-de-grands-projets-pour-la-cote-divoire-rencontre-avec-damana-pickass-vice-president-du-fpi"},"wordCount":334,"commentCount":0,"image":{"@id":"https:\/\/www.africa-press.net\/cotedivoire\/politique\/laurent-gbagbo-a-de-grands-projets-pour-la-cote-divoire-rencontre-avec-damana-pickass-vice-president-du-fpi#primaryimage"},"thumbnailUrl":"https:\/\/static.africa-press.net\/cote\/sites\/43\/2021\/07\/img-60f2b2cc41720.jpg","keywords":["Africa Press","Africa Press-C\u00f4te d'Ivoire","C\u00d4TE D'IVOIRE"],"articleSection":["homepage-french","Politique","Top Nouvelles","Toutes les actualit\u00e9s"],"inLanguage":"fr-FR","potentialAction":[{"@type":"CommentAction","name":"Comment","target":["https:\/\/www.africa-press.net\/cotedivoire\/politique\/laurent-gbagbo-a-de-grands-projets-pour-la-cote-divoire-rencontre-avec-damana-pickass-vice-president-du-fpi#respond"]}]},{"@type":"WebPage","@id":"https:\/\/www.africa-press.net\/cotedivoire\/politique\/laurent-gbagbo-a-de-grands-projets-pour-la-cote-divoire-rencontre-avec-damana-pickass-vice-president-du-fpi","url":"https:\/\/www.africa-press.net\/cotedivoire\/politique\/laurent-gbagbo-a-de-grands-projets-pour-la-cote-divoire-rencontre-avec-damana-pickass-vice-president-du-fpi","name":"\u00ab Laurent Gbagbo a de grands projets pour la C\u00f4te d\u2019Ivoire \u00bb : rencontre avec Damana Pickass, vice-pr\u00e9sident du FPI - C\u00f4te d&#039;Ivoire","isPartOf":{"@id":"https:\/\/www.africa-press.net\/cotedivoire\/#website"},"primaryImageOfPage":{"@id":"https:\/\/www.africa-press.net\/cotedivoire\/politique\/laurent-gbagbo-a-de-grands-projets-pour-la-cote-divoire-rencontre-avec-damana-pickass-vice-president-du-fpi#primaryimage"},"image":{"@id":"https:\/\/www.africa-press.net\/cotedivoire\/politique\/laurent-gbagbo-a-de-grands-projets-pour-la-cote-divoire-rencontre-avec-damana-pickass-vice-president-du-fpi#primaryimage"},"thumbnailUrl":"https:\/\/static.africa-press.net\/cote\/sites\/43\/2021\/07\/img-60f2b2cc41720.jpg","datePublished":"2021-07-17T10:56:11+00:00","dateModified":"2021-07-18T03:47:43+00:00","author":{"@id":"https:\/\/www.africa-press.net\/cotedivoire\/#\/schema\/person\/2b1cf3cd81a31e3cd26889ca66d677f1"},"description":"Rentr\u00e9 d\u2019exil en avril 2021, Damana Pickass est un proche de Laurent Gbagbo. Pour lui, c\u2019est une certitude : l\u2019ancien pr ...","breadcrumb":{"@id":"https:\/\/www.africa-press.net\/cotedivoire\/politique\/laurent-gbagbo-a-de-grands-projets-pour-la-cote-divoire-rencontre-avec-damana-pickass-vice-president-du-fpi#breadcrumb"},"inLanguage":"fr-FR","potentialAction":[{"@type":"ReadAction","target":["https:\/\/www.africa-press.net\/cotedivoire\/politique\/laurent-gbagbo-a-de-grands-projets-pour-la-cote-divoire-rencontre-avec-damana-pickass-vice-president-du-fpi"]}]},{"@type":"ImageObject","inLanguage":"fr-FR","@id":"https:\/\/www.africa-press.net\/cotedivoire\/politique\/laurent-gbagbo-a-de-grands-projets-pour-la-cote-divoire-rencontre-avec-damana-pickass-vice-president-du-fpi#primaryimage","url":"https:\/\/static.africa-press.net\/cote\/sites\/43\/2021\/07\/img-60f2b2cc41720.jpg","contentUrl":"https:\/\/static.africa-press.net\/cote\/sites\/43\/2021\/07\/img-60f2b2cc41720.jpg","width":720,"height":360,"caption":"\u00ab Laurent Gbagbo a de grands projets pour la C\u00f4te d\u2019Ivoire \u00bb : rencontre avec Damana Pickass, vice-pr\u00e9sident du FPI"},{"@type":"BreadcrumbList","@id":"https:\/\/www.africa-press.net\/cotedivoire\/politique\/laurent-gbagbo-a-de-grands-projets-pour-la-cote-divoire-rencontre-avec-damana-pickass-vice-president-du-fpi#breadcrumb","itemListElement":[{"@type":"ListItem","position":1,"name":"Accueil","item":"https:\/\/www.africa-press.net\/cotedivoire\/"},{"@type":"ListItem","position":2,"name":"\u00ab Laurent Gbagbo a de grands projets pour la C\u00f4te d\u2019Ivoire \u00bb : rencontre avec Damana Pickass, vice-pr\u00e9sident du FPI"}]},{"@type":"WebSite","@id":"https:\/\/www.africa-press.net\/cotedivoire\/#website","url":"https:\/\/www.africa-press.net\/cotedivoire\/","name":"C\u00f4te d&#039;Ivoire","description":"Just another Africa News Agency Sites site","potentialAction":[{"@type":"SearchAction","target":{"@type":"EntryPoint","urlTemplate":"https:\/\/www.africa-press.net\/cotedivoire\/?s={search_term_string}"},"query-input":{"@type":"PropertyValueSpecification","valueRequired":true,"valueName":"search_term_string"}}],"inLanguage":"fr-FR"},{"@type":"Person","@id":"https:\/\/www.africa-press.net\/cotedivoire\/#\/schema\/person\/2b1cf3cd81a31e3cd26889ca66d677f1","name":"cfeditorfr"}]}},"_links":{"self":[{"href":"https:\/\/www.africa-press.net\/cotedivoire\/wp-json\/wp\/v2\/posts\/10028","targetHints":{"allow":["GET"]}}],"collection":[{"href":"https:\/\/www.africa-press.net\/cotedivoire\/wp-json\/wp\/v2\/posts"}],"about":[{"href":"https:\/\/www.africa-press.net\/cotedivoire\/wp-json\/wp\/v2\/types\/post"}],"author":[{"embeddable":true,"href":"https:\/\/www.africa-press.net\/cotedivoire\/wp-json\/wp\/v2\/users\/82"}],"replies":[{"embeddable":true,"href":"https:\/\/www.africa-press.net\/cotedivoire\/wp-json\/wp\/v2\/comments?post=10028"}],"version-history":[{"count":0,"href":"https:\/\/www.africa-press.net\/cotedivoire\/wp-json\/wp\/v2\/posts\/10028\/revisions"}],"wp:featuredmedia":[{"embeddable":true,"href":"https:\/\/www.africa-press.net\/cotedivoire\/wp-json\/wp\/v2\/media\/10027"}],"wp:attachment":[{"href":"https:\/\/www.africa-press.net\/cotedivoire\/wp-json\/wp\/v2\/media?parent=10028"}],"wp:term":[{"taxonomy":"category","embeddable":true,"href":"https:\/\/www.africa-press.net\/cotedivoire\/wp-json\/wp\/v2\/categories?post=10028"},{"taxonomy":"post_tag","embeddable":true,"href":"https:\/\/www.africa-press.net\/cotedivoire\/wp-json\/wp\/v2\/tags?post=10028"}],"curies":[{"name":"wp","href":"https:\/\/api.w.org\/{rel}","templated":true}]}}