{"id":10031,"date":"2021-07-17T11:01:53","date_gmt":"2021-07-17T11:01:53","guid":{"rendered":"https:\/\/www.africa-press.net\/cotedivoire\/?p=10031"},"modified":"2021-07-18T03:47:51","modified_gmt":"2021-07-18T03:47:51","slug":"cote-divoire-kkb-na-jamais-recadre-bictogo-son-dementi","status":"publish","type":"post","link":"https:\/\/www.africa-press.net\/cotedivoire\/politique\/cote-divoire-kkb-na-jamais-recadre-bictogo-son-dementi","title":{"rendered":"KKB n\u2019a jamais recadr\u00e9 Bictogo, son d\u00e9menti"},"content":{"rendered":"<p><span style=\"color: #ff6600\"><strong><a href=\"https:\/\/www.africa-press.net\/\">Africa-Press<\/a> &#8211; <a href=\"https:\/\/www.africa-press.net\/cotedivoire\">C\u00f4te d&rsquo;Ivoire<\/a>. <\/strong><\/span>Un article de presse a laiss\u00e9 entendre que j\u2019aurais r\u00e9pondu \u00ab en filigrane \u00e0 Adama BICTOGO, Directeur Ex\u00e9cutif du RHDP \u00bb sur le contenu de sa conf\u00e9rence de presse du 12 juillet 2021.<\/p>\n<p>Malgr\u00e9 toute la consid\u00e9ration que je dois aux femmes et aux hommes des m\u00e9dias que je consid\u00e8re comme des partenaires \u00e0 part enti\u00e8re de la r\u00e9conciliation nationale, je ne me reconnais ni dans les propos qui me sont attribu\u00e9s, encore moins dans l\u2019interpr\u00e9tation qui en est faite.<\/p>\n<p>Le Ministre de la R\u00e9conciliation et de la Coh\u00e9sion Nationale n\u2019a pas vocation \u00e0 recadrer, \u00e0 sermonner ou \u00e0 juger. Ma mission est de rapprocher, de concilier et d\u2019\u00eatre engag\u00e9 r\u00e9solument dans la fabrique de la paix.<\/p>\n<p>Je suis au service de la paix dans une C\u00f4te d\u2019Ivoire qui aspire \u00e0 plus de stabilit\u00e9 afin de poursuivre sa marche vers le d\u00e9veloppement.<\/p>\n<p>Dans cette optique, il me plait d\u2019en appeler au sens des responsabilit\u00e9s des journalistes pour que leurs plumes ne compliquent davantage ma mission.<\/p>\n<p>KOUADIO KONAN Bertin<\/p>\n<p>Ministre de la R\u00e9conciliation et de la Coh\u00e9sion Nationale<\/p>\n","protected":false},"excerpt":{"rendered":"<p>Africa-Press &#8211; C\u00f4te d&rsquo;Ivoire. Un article de presse a laiss\u00e9 entendre que j\u2019aurais r\u00e9pondu \u00ab en filigrane \u00e0 Adama BICTOGO, Directeur Ex\u00e9cutif du RHDP \u00bb sur le contenu de sa conf\u00e9rence de presse du 12 juillet 2021. Malgr\u00e9 toute la consid\u00e9ration que je dois aux femmes et aux hommes des m\u00e9dias que je consid\u00e8re comme [&hellip;]<\/p>\n","protected":false},"author":82,"featured_media":10030,"comment_status":"open","ping_status":"closed","sticky":false,"template":"","format":"standard","meta":{"footnotes":""},"categories":[11,2,20,10],"tags":[56,63,29],"class_list":["post-10031","post","type-post","status-publish","format-standard","has-post-thumbnail","hentry","category-homepage-french","category-politique","category-top-nouvelles","category-toutes-les-actualites","tag-africa-press","tag-africa-press-cote-divoire","tag-cote-divoire"],"yoast_head":"<!-- This site is optimized with the Yoast SEO Premium plugin v26.1 (Yoast SEO v27.0) - https:\/\/yoast.com\/product\/yoast-seo-premium-wordpress\/ -->\n<title>KKB n\u2019a jamais recadr\u00e9 Bictogo, son d\u00e9menti - C\u00f4te d&#039;Ivoire<\/title>\n<meta name=\"description\" content=\"Un article de presse a laiss\u00e9 entendre que j\u2019aurais r\u00e9pondu \u00ab en filigrane \u00e0 Adama BICTOGO, Directeur Ex\u00e9cutif du RHDP \u00bb ...\" \/>\n<meta name=\"robots\" content=\"index, follow, max-snippet:-1, max-image-preview:large, max-video-preview:-1\" \/>\n<link rel=\"canonical\" href=\"https:\/\/www.africa-press.net\/cotedivoire\/politique\/cote-divoire-kkb-na-jamais-recadre-bictogo-son-dementi\" \/>\n<meta property=\"og:locale\" content=\"fr_FR\" \/>\n<meta property=\"og:type\" content=\"article\" \/>\n<meta property=\"og:title\" content=\"KKB n\u2019a jamais recadr\u00e9 Bictogo, son d\u00e9menti\" \/>\n<meta property=\"og:description\" content=\"Un article de presse a laiss\u00e9 entendre que j\u2019aurais r\u00e9pondu \u00ab en filigrane \u00e0 Adama BICTOGO, Directeur Ex\u00e9cutif du RHDP \u00bb ...\" \/>\n<meta property=\"og:url\" content=\"https:\/\/www.africa-press.net\/cotedivoire\/politique\/cote-divoire-kkb-na-jamais-recadre-bictogo-son-dementi\" \/>\n<meta property=\"og:site_name\" content=\"C\u00f4te d&#039;Ivoire\" \/>\n<meta property=\"article:published_time\" content=\"2021-07-17T11:01:53+00:00\" \/>\n<meta property=\"article:modified_time\" content=\"2021-07-18T03:47:51+00:00\" \/>\n<meta property=\"og:image\" content=\"https:\/\/static.africa-press.net\/cote\/sites\/43\/2021\/07\/img-60f2b2f301449.jpg\" \/>\n\t<meta property=\"og:image:width\" content=\"960\" \/>\n\t<meta property=\"og:image:height\" content=\"719\" \/>\n\t<meta property=\"og:image:type\" content=\"image\/jpeg\" \/>\n<meta name=\"author\" content=\"cfeditorfr\" \/>\n<meta name=\"twitter:card\" content=\"summary_large_image\" \/>\n<meta name=\"twitter:label1\" content=\"\u00c9crit par\" \/>\n\t<meta name=\"twitter:data1\" content=\"cfeditorfr\" \/>\n\t<meta name=\"twitter:label2\" content=\"Dur\u00e9e de lecture estim\u00e9e\" \/>\n\t<meta name=\"twitter:data2\" content=\"1 minute\" \/>\n<script type=\"application\/ld+json\" class=\"yoast-schema-graph\">{\"@context\":\"https:\/\/schema.org\",\"@graph\":[{\"@type\":\"Article\",\"@id\":\"https:\/\/www.africa-press.net\/cotedivoire\/politique\/cote-divoire-kkb-na-jamais-recadre-bictogo-son-dementi#article\",\"isPartOf\":{\"@id\":\"https:\/\/www.africa-press.net\/cotedivoire\/politique\/cote-divoire-kkb-na-jamais-recadre-bictogo-son-dementi\"},\"author\":{\"name\":\"cfeditorfr\",\"@id\":\"https:\/\/www.africa-press.net\/cotedivoire\/#\/schema\/person\/2b1cf3cd81a31e3cd26889ca66d677f1\"},\"headline\":\"KKB n\u2019a jamais recadr\u00e9 Bictogo, son d\u00e9menti\",\"datePublished\":\"2021-07-17T11:01:53+00:00\",\"dateModified\":\"2021-07-18T03:47:51+00:00\",\"mainEntityOfPage\":{\"@id\":\"https:\/\/www.africa-press.net\/cotedivoire\/politique\/cote-divoire-kkb-na-jamais-recadre-bictogo-son-dementi\"},\"wordCount\":206,\"commentCount\":0,\"image\":{\"@id\":\"https:\/\/www.africa-press.net\/cotedivoire\/politique\/cote-divoire-kkb-na-jamais-recadre-bictogo-son-dementi#primaryimage\"},\"thumbnailUrl\":\"https:\/\/static.africa-press.net\/cote\/sites\/43\/2021\/07\/img-60f2b2f301449.jpg\",\"keywords\":[\"Africa Press\",\"Africa Press-C\u00f4te d'Ivoire\",\"C\u00d4TE D'IVOIRE\"],\"articleSection\":[\"homepage-french\",\"Politique\",\"Top Nouvelles\",\"Toutes les actualit\u00e9s\"],\"inLanguage\":\"fr-FR\",\"potentialAction\":[{\"@type\":\"CommentAction\",\"name\":\"Comment\",\"target\":[\"https:\/\/www.africa-press.net\/cotedivoire\/politique\/cote-divoire-kkb-na-jamais-recadre-bictogo-son-dementi#respond\"]}]},{\"@type\":\"WebPage\",\"@id\":\"https:\/\/www.africa-press.net\/cotedivoire\/politique\/cote-divoire-kkb-na-jamais-recadre-bictogo-son-dementi\",\"url\":\"https:\/\/www.africa-press.net\/cotedivoire\/politique\/cote-divoire-kkb-na-jamais-recadre-bictogo-son-dementi\",\"name\":\"KKB n\u2019a jamais recadr\u00e9 Bictogo, son d\u00e9menti - C\u00f4te d&#039;Ivoire\",\"isPartOf\":{\"@id\":\"https:\/\/www.africa-press.net\/cotedivoire\/#website\"},\"primaryImageOfPage\":{\"@id\":\"https:\/\/www.africa-press.net\/cotedivoire\/politique\/cote-divoire-kkb-na-jamais-recadre-bictogo-son-dementi#primaryimage\"},\"image\":{\"@id\":\"https:\/\/www.africa-press.net\/cotedivoire\/politique\/cote-divoire-kkb-na-jamais-recadre-bictogo-son-dementi#primaryimage\"},\"thumbnailUrl\":\"https:\/\/static.africa-press.net\/cote\/sites\/43\/2021\/07\/img-60f2b2f301449.jpg\",\"datePublished\":\"2021-07-17T11:01:53+00:00\",\"dateModified\":\"2021-07-18T03:47:51+00:00\",\"author\":{\"@id\":\"https:\/\/www.africa-press.net\/cotedivoire\/#\/schema\/person\/2b1cf3cd81a31e3cd26889ca66d677f1\"},\"description\":\"Un article de presse a laiss\u00e9 entendre que j\u2019aurais r\u00e9pondu \u00ab en filigrane \u00e0 Adama BICTOGO, Directeur Ex\u00e9cutif du RHDP \u00bb ...\",\"breadcrumb\":{\"@id\":\"https:\/\/www.africa-press.net\/cotedivoire\/politique\/cote-divoire-kkb-na-jamais-recadre-bictogo-son-dementi#breadcrumb\"},\"inLanguage\":\"fr-FR\",\"potentialAction\":[{\"@type\":\"ReadAction\",\"target\":[\"https:\/\/www.africa-press.net\/cotedivoire\/politique\/cote-divoire-kkb-na-jamais-recadre-bictogo-son-dementi\"]}]},{\"@type\":\"ImageObject\",\"inLanguage\":\"fr-FR\",\"@id\":\"https:\/\/www.africa-press.net\/cotedivoire\/politique\/cote-divoire-kkb-na-jamais-recadre-bictogo-son-dementi#primaryimage\",\"url\":\"https:\/\/static.africa-press.net\/cote\/sites\/43\/2021\/07\/img-60f2b2f301449.jpg\",\"contentUrl\":\"https:\/\/static.africa-press.net\/cote\/sites\/43\/2021\/07\/img-60f2b2f301449.jpg\",\"width\":960,\"height\":719,\"caption\":\"C\u00f4te-d\u2019Ivoire: KKB n\u2019a jamais recadr\u00e9 Bictogo, son d\u00e9menti\"},{\"@type\":\"BreadcrumbList\",\"@id\":\"https:\/\/www.africa-press.net\/cotedivoire\/politique\/cote-divoire-kkb-na-jamais-recadre-bictogo-son-dementi#breadcrumb\",\"itemListElement\":[{\"@type\":\"ListItem\",\"position\":1,\"name\":\"Accueil\",\"item\":\"https:\/\/www.africa-press.net\/cotedivoire\/\"},{\"@type\":\"ListItem\",\"position\":2,\"name\":\"KKB n\u2019a jamais recadr\u00e9 Bictogo, son d\u00e9menti\"}]},{\"@type\":\"WebSite\",\"@id\":\"https:\/\/www.africa-press.net\/cotedivoire\/#website\",\"url\":\"https:\/\/www.africa-press.net\/cotedivoire\/\",\"name\":\"C\u00f4te d&#039;Ivoire\",\"description\":\"Just another Africa News Agency Sites site\",\"potentialAction\":[{\"@type\":\"SearchAction\",\"target\":{\"@type\":\"EntryPoint\",\"urlTemplate\":\"https:\/\/www.africa-press.net\/cotedivoire\/?s={search_term_string}\"},\"query-input\":{\"@type\":\"PropertyValueSpecification\",\"valueRequired\":true,\"valueName\":\"search_term_string\"}}],\"inLanguage\":\"fr-FR\"},{\"@type\":\"Person\",\"@id\":\"https:\/\/www.africa-press.net\/cotedivoire\/#\/schema\/person\/2b1cf3cd81a31e3cd26889ca66d677f1\",\"name\":\"cfeditorfr\"}]}<\/script>\n<!-- \/ Yoast SEO Premium plugin. -->","yoast_head_json":{"title":"KKB n\u2019a jamais recadr\u00e9 Bictogo, son d\u00e9menti - C\u00f4te d&#039;Ivoire","description":"Un article de presse a laiss\u00e9 entendre que j\u2019aurais r\u00e9pondu \u00ab en filigrane \u00e0 Adama BICTOGO, Directeur Ex\u00e9cutif du RHDP \u00bb ...","robots":{"index":"index","follow":"follow","max-snippet":"max-snippet:-1","max-image-preview":"max-image-preview:large","max-video-preview":"max-video-preview:-1"},"canonical":"https:\/\/www.africa-press.net\/cotedivoire\/politique\/cote-divoire-kkb-na-jamais-recadre-bictogo-son-dementi","og_locale":"fr_FR","og_type":"article","og_title":"KKB n\u2019a jamais recadr\u00e9 Bictogo, son d\u00e9menti","og_description":"Un article de presse a laiss\u00e9 entendre que j\u2019aurais r\u00e9pondu \u00ab en filigrane \u00e0 Adama BICTOGO, Directeur Ex\u00e9cutif du RHDP \u00bb ...","og_url":"https:\/\/www.africa-press.net\/cotedivoire\/politique\/cote-divoire-kkb-na-jamais-recadre-bictogo-son-dementi","og_site_name":"C\u00f4te d&#039;Ivoire","article_published_time":"2021-07-17T11:01:53+00:00","article_modified_time":"2021-07-18T03:47:51+00:00","og_image":[{"width":960,"height":719,"url":"https:\/\/static.africa-press.net\/cote\/sites\/43\/2021\/07\/img-60f2b2f301449.jpg","type":"image\/jpeg"}],"author":"cfeditorfr","twitter_card":"summary_large_image","twitter_misc":{"\u00c9crit par":"cfeditorfr","Dur\u00e9e de lecture estim\u00e9e":"1 minute"},"schema":{"@context":"https:\/\/schema.org","@graph":[{"@type":"Article","@id":"https:\/\/www.africa-press.net\/cotedivoire\/politique\/cote-divoire-kkb-na-jamais-recadre-bictogo-son-dementi#article","isPartOf":{"@id":"https:\/\/www.africa-press.net\/cotedivoire\/politique\/cote-divoire-kkb-na-jamais-recadre-bictogo-son-dementi"},"author":{"name":"cfeditorfr","@id":"https:\/\/www.africa-press.net\/cotedivoire\/#\/schema\/person\/2b1cf3cd81a31e3cd26889ca66d677f1"},"headline":"KKB n\u2019a jamais recadr\u00e9 Bictogo, son d\u00e9menti","datePublished":"2021-07-17T11:01:53+00:00","dateModified":"2021-07-18T03:47:51+00:00","mainEntityOfPage":{"@id":"https:\/\/www.africa-press.net\/cotedivoire\/politique\/cote-divoire-kkb-na-jamais-recadre-bictogo-son-dementi"},"wordCount":206,"commentCount":0,"image":{"@id":"https:\/\/www.africa-press.net\/cotedivoire\/politique\/cote-divoire-kkb-na-jamais-recadre-bictogo-son-dementi#primaryimage"},"thumbnailUrl":"https:\/\/static.africa-press.net\/cote\/sites\/43\/2021\/07\/img-60f2b2f301449.jpg","keywords":["Africa Press","Africa Press-C\u00f4te d'Ivoire","C\u00d4TE D'IVOIRE"],"articleSection":["homepage-french","Politique","Top Nouvelles","Toutes les actualit\u00e9s"],"inLanguage":"fr-FR","potentialAction":[{"@type":"CommentAction","name":"Comment","target":["https:\/\/www.africa-press.net\/cotedivoire\/politique\/cote-divoire-kkb-na-jamais-recadre-bictogo-son-dementi#respond"]}]},{"@type":"WebPage","@id":"https:\/\/www.africa-press.net\/cotedivoire\/politique\/cote-divoire-kkb-na-jamais-recadre-bictogo-son-dementi","url":"https:\/\/www.africa-press.net\/cotedivoire\/politique\/cote-divoire-kkb-na-jamais-recadre-bictogo-son-dementi","name":"KKB n\u2019a jamais recadr\u00e9 Bictogo, son d\u00e9menti - C\u00f4te d&#039;Ivoire","isPartOf":{"@id":"https:\/\/www.africa-press.net\/cotedivoire\/#website"},"primaryImageOfPage":{"@id":"https:\/\/www.africa-press.net\/cotedivoire\/politique\/cote-divoire-kkb-na-jamais-recadre-bictogo-son-dementi#primaryimage"},"image":{"@id":"https:\/\/www.africa-press.net\/cotedivoire\/politique\/cote-divoire-kkb-na-jamais-recadre-bictogo-son-dementi#primaryimage"},"thumbnailUrl":"https:\/\/static.africa-press.net\/cote\/sites\/43\/2021\/07\/img-60f2b2f301449.jpg","datePublished":"2021-07-17T11:01:53+00:00","dateModified":"2021-07-18T03:47:51+00:00","author":{"@id":"https:\/\/www.africa-press.net\/cotedivoire\/#\/schema\/person\/2b1cf3cd81a31e3cd26889ca66d677f1"},"description":"Un article de presse a laiss\u00e9 entendre que j\u2019aurais r\u00e9pondu \u00ab en filigrane \u00e0 Adama BICTOGO, Directeur Ex\u00e9cutif du RHDP \u00bb ...","breadcrumb":{"@id":"https:\/\/www.africa-press.net\/cotedivoire\/politique\/cote-divoire-kkb-na-jamais-recadre-bictogo-son-dementi#breadcrumb"},"inLanguage":"fr-FR","potentialAction":[{"@type":"ReadAction","target":["https:\/\/www.africa-press.net\/cotedivoire\/politique\/cote-divoire-kkb-na-jamais-recadre-bictogo-son-dementi"]}]},{"@type":"ImageObject","inLanguage":"fr-FR","@id":"https:\/\/www.africa-press.net\/cotedivoire\/politique\/cote-divoire-kkb-na-jamais-recadre-bictogo-son-dementi#primaryimage","url":"https:\/\/static.africa-press.net\/cote\/sites\/43\/2021\/07\/img-60f2b2f301449.jpg","contentUrl":"https:\/\/static.africa-press.net\/cote\/sites\/43\/2021\/07\/img-60f2b2f301449.jpg","width":960,"height":719,"caption":"C\u00f4te-d\u2019Ivoire: KKB n\u2019a jamais recadr\u00e9 Bictogo, son d\u00e9menti"},{"@type":"BreadcrumbList","@id":"https:\/\/www.africa-press.net\/cotedivoire\/politique\/cote-divoire-kkb-na-jamais-recadre-bictogo-son-dementi#breadcrumb","itemListElement":[{"@type":"ListItem","position":1,"name":"Accueil","item":"https:\/\/www.africa-press.net\/cotedivoire\/"},{"@type":"ListItem","position":2,"name":"KKB n\u2019a jamais recadr\u00e9 Bictogo, son d\u00e9menti"}]},{"@type":"WebSite","@id":"https:\/\/www.africa-press.net\/cotedivoire\/#website","url":"https:\/\/www.africa-press.net\/cotedivoire\/","name":"C\u00f4te d&#039;Ivoire","description":"Just another Africa News Agency Sites site","potentialAction":[{"@type":"SearchAction","target":{"@type":"EntryPoint","urlTemplate":"https:\/\/www.africa-press.net\/cotedivoire\/?s={search_term_string}"},"query-input":{"@type":"PropertyValueSpecification","valueRequired":true,"valueName":"search_term_string"}}],"inLanguage":"fr-FR"},{"@type":"Person","@id":"https:\/\/www.africa-press.net\/cotedivoire\/#\/schema\/person\/2b1cf3cd81a31e3cd26889ca66d677f1","name":"cfeditorfr"}]}},"_links":{"self":[{"href":"https:\/\/www.africa-press.net\/cotedivoire\/wp-json\/wp\/v2\/posts\/10031","targetHints":{"allow":["GET"]}}],"collection":[{"href":"https:\/\/www.africa-press.net\/cotedivoire\/wp-json\/wp\/v2\/posts"}],"about":[{"href":"https:\/\/www.africa-press.net\/cotedivoire\/wp-json\/wp\/v2\/types\/post"}],"author":[{"embeddable":true,"href":"https:\/\/www.africa-press.net\/cotedivoire\/wp-json\/wp\/v2\/users\/82"}],"replies":[{"embeddable":true,"href":"https:\/\/www.africa-press.net\/cotedivoire\/wp-json\/wp\/v2\/comments?post=10031"}],"version-history":[{"count":0,"href":"https:\/\/www.africa-press.net\/cotedivoire\/wp-json\/wp\/v2\/posts\/10031\/revisions"}],"wp:featuredmedia":[{"embeddable":true,"href":"https:\/\/www.africa-press.net\/cotedivoire\/wp-json\/wp\/v2\/media\/10030"}],"wp:attachment":[{"href":"https:\/\/www.africa-press.net\/cotedivoire\/wp-json\/wp\/v2\/media?parent=10031"}],"wp:term":[{"taxonomy":"category","embeddable":true,"href":"https:\/\/www.africa-press.net\/cotedivoire\/wp-json\/wp\/v2\/categories?post=10031"},{"taxonomy":"post_tag","embeddable":true,"href":"https:\/\/www.africa-press.net\/cotedivoire\/wp-json\/wp\/v2\/tags?post=10031"}],"curies":[{"name":"wp","href":"https:\/\/api.w.org\/{rel}","templated":true}]}}