{"id":100328,"date":"2025-06-05T19:17:34","date_gmt":"2025-06-05T19:17:34","guid":{"rendered":"https:\/\/www.africa-press.net\/cotedivoire\/politique\/mobilisation-rhdp-a-bouake-pour-soutenir-ouattara"},"modified":"2025-06-05T19:56:56","modified_gmt":"2025-06-05T19:56:56","slug":"mobilisation-rhdp-a-bouake-pour-soutenir-ouattara","status":"publish","type":"post","link":"https:\/\/www.africa-press.net\/cotedivoire\/politique\/mobilisation-rhdp-a-bouake-pour-soutenir-ouattara","title":{"rendered":"Mobilisation RHDP \u00e0 Bouak\u00e9 pour soutenir Ouattara"},"content":{"rendered":"<p><span style=\"color: #ff6600\"><strong>Africa-Press &#8211; C\u00f4te d&rsquo;Ivoire. <\/strong><\/span>L\u2019honorable Paul Dakuyo, en pre\u0301lude au pre\u0301-congre\u0300s de la coordination re\u0301gionale du de\u0301partement administratif du RHDP de la ville de Bouake\u0301, a lance\u0301 un appel a\u0300 la mobilisation en vue du succe\u0300s de cet e\u0301ve\u0301nement majeur, pre\u0301vu pour le dimanche 8 juin, suivi d\u2019un grand meeting le lundi 09 juin 2025. Dans cette dynamique, il a re\u0301uni le mercredi 04 juin 2025, les cadres du parti des Houphoue\u0308tistes favorables au Pre\u0301sident Alassane Ouattara au sie\u0300ge re\u0301gional du RHDP sis au quartier N&rsquo;Gattakro de Bouake\u0301.<\/p>\n<p>Les de\u0301pute\u0301s, se\u0301nateurs, secre\u0301taires de\u0301partementaux ainsi que les responsables des structures spe\u0301cialise\u0301es du parti e\u0301taient pre\u0301sents a\u0300 cette rencontre. Les e\u0301changes ont porte\u0301 sur le toilettage des textes, la mise en place des commissions et les dispositions pratiques a\u0300 prendre pour garantir le bon de\u0301roulement des travaux du pre\u0301-congre\u0300s, qui verra la participation de plusieurs hauts responsables du parti.<\/p>\n<p>A\u0300 l\u2019issue de cette re\u0301union pre\u0301paratoire, l\u2019honorable Paul Dakuyo a de\u0301cline\u0301 les grandes lignes de l\u2019e\u0301ve\u0301nement.\u00ab Nous sommes venus lancer la premie\u0300re re\u0301union pre\u0301paratoire du pre\u0301-congre\u0300s qui se tiendra ce dimanche 08 juin a\u0300 Bouake\u0301. Ce pre\u0301-congre\u0300s portera sur la re\u0301vision de nos textes, l\u2019organisation de la vie du parti et l\u2019orientation de notre politique libe\u0301rale. Toutes les dispositions ont e\u0301te\u0301 arre\u0302te\u0301es a\u0300 l\u2019issue de cette rencontre. Des de\u0301le\u0301gations viendront d\u2019Abidjan pour superviser les travaux&#8230;\u00bb a-t-il explique\u0301.<\/p>\n<p>Pour conclure, le pre\u0301sident du comite\u0301 d\u2019organisation, le premier adjoint au maire Paul Dakuyo, a souligne\u0301 que ce pre\u0301-congre\u0300s vise e\u0301galement a\u0300 marquer le soutien des militants a\u0300 la candidature du pre\u0301sident Alassane Ouattara a\u0300 l\u2019e\u0301lection pre\u0301sidentielle d\u2019octobre prochain. \u00ab Nous allons ple\u0301bisciter notre champion, le pre\u0301sident de la Re\u0301publique, Alassane Ouattara, au cours de ce pre\u0301-congre\u0300s. J\u2019invite donc tous les militants a\u0300 sortir massivement les 08 et 09 juin 2025 pour de\u0301montrer notre force et notre unite\u0301&#8230;\u00bb a-t-il lance\u0301.<\/p>\n<p><strong>Pour plus d&rsquo;informations et d&rsquo;analyses sur la <span style=\"color: #ff6600\">C\u00f4te d&rsquo;Ivoire<\/span>, suivez <span style=\"color: #ff6600\">Africa-Press<\/span><\/strong><\/p>\n","protected":false},"excerpt":{"rendered":"<p>Africa-Press &#8211; C\u00f4te d&rsquo;Ivoire. L\u2019honorable Paul Dakuyo, en pre\u0301lude au pre\u0301-congre\u0300s de la coordination re\u0301gionale du de\u0301partement administratif du RHDP de la ville de Bouake\u0301, a lance\u0301 un appel a\u0300 la mobilisation en vue du succe\u0300s de cet e\u0301ve\u0301nement majeur, pre\u0301vu pour le dimanche 8 juin, suivi d\u2019un grand meeting le lundi 09 juin 2025. [&hellip;]<\/p>\n","protected":false},"author":82,"featured_media":100327,"comment_status":"open","ping_status":"closed","sticky":false,"template":"","format":"standard","meta":{"footnotes":""},"categories":[2,10],"tags":[38,366,29,1124,17773,371],"class_list":["post-100328","post","type-post","status-publish","format-standard","has-post-thumbnail","hentry","category-politique","category-toutes-les-actualites","tag-alassane-ouattara","tag-bouake","tag-cote-divoire","tag-paul-dakuyo","tag-pre-congres","tag-rhdp"],"yoast_head":"<!-- This site is optimized with the Yoast SEO Premium plugin v26.1 (Yoast SEO v27.0) - https:\/\/yoast.com\/product\/yoast-seo-premium-wordpress\/ -->\n<title>Mobilisation RHDP \u00e0 Bouak\u00e9 pour soutenir Ouattara - C\u00f4te d&#039;Ivoire<\/title>\n<meta name=\"description\" content=\"L\u2019honorable Paul Dakuyo, en pre\u0301lude au pre\u0301-congre\u0300s de la coordination re\u0301gionale du de\u0301partement administratif du RHD ...\" \/>\n<meta name=\"robots\" content=\"index, follow, max-snippet:-1, max-image-preview:large, max-video-preview:-1\" \/>\n<link rel=\"canonical\" href=\"https:\/\/www.africa-press.net\/cotedivoire\/politique\/mobilisation-rhdp-a-bouake-pour-soutenir-ouattara\" \/>\n<meta property=\"og:locale\" content=\"fr_FR\" \/>\n<meta property=\"og:type\" content=\"article\" \/>\n<meta property=\"og:title\" content=\"Mobilisation RHDP \u00e0 Bouak\u00e9 pour soutenir Ouattara\" \/>\n<meta property=\"og:description\" content=\"L\u2019honorable Paul Dakuyo, en pre\u0301lude au pre\u0301-congre\u0300s de la coordination re\u0301gionale du de\u0301partement administratif du RHD ...\" \/>\n<meta property=\"og:url\" content=\"https:\/\/www.africa-press.net\/cotedivoire\/politique\/mobilisation-rhdp-a-bouake-pour-soutenir-ouattara\" \/>\n<meta property=\"og:site_name\" content=\"C\u00f4te d&#039;Ivoire\" \/>\n<meta property=\"article:published_time\" content=\"2025-06-05T19:17:34+00:00\" \/>\n<meta property=\"article:modified_time\" content=\"2025-06-05T19:56:56+00:00\" \/>\n<meta property=\"og:image\" content=\"https:\/\/static.africa-press.net\/cote\/sites\/43\/2025\/06\/sm_1749140801.216761.jpg\" \/>\n\t<meta property=\"og:image:width\" content=\"720\" \/>\n\t<meta property=\"og:image:height\" content=\"324\" \/>\n\t<meta property=\"og:image:type\" content=\"image\/jpeg\" \/>\n<meta name=\"author\" content=\"cfeditorfr\" \/>\n<meta name=\"twitter:card\" content=\"summary_large_image\" \/>\n<meta name=\"twitter:label1\" content=\"\u00c9crit par\" \/>\n\t<meta name=\"twitter:data1\" content=\"cfeditorfr\" \/>\n\t<meta name=\"twitter:label2\" content=\"Dur\u00e9e de lecture estim\u00e9e\" \/>\n\t<meta name=\"twitter:data2\" content=\"2 minutes\" \/>\n<script type=\"application\/ld+json\" class=\"yoast-schema-graph\">{\"@context\":\"https:\/\/schema.org\",\"@graph\":[{\"@type\":\"Article\",\"@id\":\"https:\/\/www.africa-press.net\/cotedivoire\/politique\/mobilisation-rhdp-a-bouake-pour-soutenir-ouattara#article\",\"isPartOf\":{\"@id\":\"https:\/\/www.africa-press.net\/cotedivoire\/politique\/mobilisation-rhdp-a-bouake-pour-soutenir-ouattara\"},\"author\":{\"name\":\"cfeditorfr\",\"@id\":\"https:\/\/www.africa-press.net\/cotedivoire\/#\/schema\/person\/2b1cf3cd81a31e3cd26889ca66d677f1\"},\"headline\":\"Mobilisation RHDP \u00e0 Bouak\u00e9 pour soutenir Ouattara\",\"datePublished\":\"2025-06-05T19:17:34+00:00\",\"dateModified\":\"2025-06-05T19:56:56+00:00\",\"mainEntityOfPage\":{\"@id\":\"https:\/\/www.africa-press.net\/cotedivoire\/politique\/mobilisation-rhdp-a-bouake-pour-soutenir-ouattara\"},\"wordCount\":390,\"commentCount\":0,\"image\":{\"@id\":\"https:\/\/www.africa-press.net\/cotedivoire\/politique\/mobilisation-rhdp-a-bouake-pour-soutenir-ouattara#primaryimage\"},\"thumbnailUrl\":\"https:\/\/static.africa-press.net\/cote\/sites\/43\/2025\/06\/sm_1749140801.216761.jpg\",\"keywords\":[\"Alassane Ouattara\",\"Bouak\u00e9\",\"C\u00d4TE D'IVOIRE\",\"Paul Dakuyo\",\"pr\u00e9-congr\u00e8s\",\"RHDP\"],\"articleSection\":[\"Politique\",\"Toutes les actualit\u00e9s\"],\"inLanguage\":\"fr-FR\",\"potentialAction\":[{\"@type\":\"CommentAction\",\"name\":\"Comment\",\"target\":[\"https:\/\/www.africa-press.net\/cotedivoire\/politique\/mobilisation-rhdp-a-bouake-pour-soutenir-ouattara#respond\"]}]},{\"@type\":\"WebPage\",\"@id\":\"https:\/\/www.africa-press.net\/cotedivoire\/politique\/mobilisation-rhdp-a-bouake-pour-soutenir-ouattara\",\"url\":\"https:\/\/www.africa-press.net\/cotedivoire\/politique\/mobilisation-rhdp-a-bouake-pour-soutenir-ouattara\",\"name\":\"Mobilisation RHDP \u00e0 Bouak\u00e9 pour soutenir Ouattara - C\u00f4te d&#039;Ivoire\",\"isPartOf\":{\"@id\":\"https:\/\/www.africa-press.net\/cotedivoire\/#website\"},\"primaryImageOfPage\":{\"@id\":\"https:\/\/www.africa-press.net\/cotedivoire\/politique\/mobilisation-rhdp-a-bouake-pour-soutenir-ouattara#primaryimage\"},\"image\":{\"@id\":\"https:\/\/www.africa-press.net\/cotedivoire\/politique\/mobilisation-rhdp-a-bouake-pour-soutenir-ouattara#primaryimage\"},\"thumbnailUrl\":\"https:\/\/static.africa-press.net\/cote\/sites\/43\/2025\/06\/sm_1749140801.216761.jpg\",\"datePublished\":\"2025-06-05T19:17:34+00:00\",\"dateModified\":\"2025-06-05T19:56:56+00:00\",\"author\":{\"@id\":\"https:\/\/www.africa-press.net\/cotedivoire\/#\/schema\/person\/2b1cf3cd81a31e3cd26889ca66d677f1\"},\"description\":\"L\u2019honorable Paul Dakuyo, en pre\u0301lude au pre\u0301-congre\u0300s de la coordination re\u0301gionale du de\u0301partement administratif du RHD ...\",\"breadcrumb\":{\"@id\":\"https:\/\/www.africa-press.net\/cotedivoire\/politique\/mobilisation-rhdp-a-bouake-pour-soutenir-ouattara#breadcrumb\"},\"inLanguage\":\"fr-FR\",\"potentialAction\":[{\"@type\":\"ReadAction\",\"target\":[\"https:\/\/www.africa-press.net\/cotedivoire\/politique\/mobilisation-rhdp-a-bouake-pour-soutenir-ouattara\"]}]},{\"@type\":\"ImageObject\",\"inLanguage\":\"fr-FR\",\"@id\":\"https:\/\/www.africa-press.net\/cotedivoire\/politique\/mobilisation-rhdp-a-bouake-pour-soutenir-ouattara#primaryimage\",\"url\":\"https:\/\/static.africa-press.net\/cote\/sites\/43\/2025\/06\/sm_1749140801.216761.jpg\",\"contentUrl\":\"https:\/\/static.africa-press.net\/cote\/sites\/43\/2025\/06\/sm_1749140801.216761.jpg\",\"width\":720,\"height\":324,\"caption\":\"Mobilisation RHDP \u00e0 Bouak\u00e9 pour soutenir Ouattara\"},{\"@type\":\"BreadcrumbList\",\"@id\":\"https:\/\/www.africa-press.net\/cotedivoire\/politique\/mobilisation-rhdp-a-bouake-pour-soutenir-ouattara#breadcrumb\",\"itemListElement\":[{\"@type\":\"ListItem\",\"position\":1,\"name\":\"Accueil\",\"item\":\"https:\/\/www.africa-press.net\/cotedivoire\/\"},{\"@type\":\"ListItem\",\"position\":2,\"name\":\"Mobilisation RHDP \u00e0 Bouak\u00e9 pour soutenir Ouattara\"}]},{\"@type\":\"WebSite\",\"@id\":\"https:\/\/www.africa-press.net\/cotedivoire\/#website\",\"url\":\"https:\/\/www.africa-press.net\/cotedivoire\/\",\"name\":\"C\u00f4te d&#039;Ivoire\",\"description\":\"Just another Africa News Agency Sites site\",\"potentialAction\":[{\"@type\":\"SearchAction\",\"target\":{\"@type\":\"EntryPoint\",\"urlTemplate\":\"https:\/\/www.africa-press.net\/cotedivoire\/?s={search_term_string}\"},\"query-input\":{\"@type\":\"PropertyValueSpecification\",\"valueRequired\":true,\"valueName\":\"search_term_string\"}}],\"inLanguage\":\"fr-FR\"},{\"@type\":\"Person\",\"@id\":\"https:\/\/www.africa-press.net\/cotedivoire\/#\/schema\/person\/2b1cf3cd81a31e3cd26889ca66d677f1\",\"name\":\"cfeditorfr\"}]}<\/script>\n<!-- \/ Yoast SEO Premium plugin. -->","yoast_head_json":{"title":"Mobilisation RHDP \u00e0 Bouak\u00e9 pour soutenir Ouattara - C\u00f4te d&#039;Ivoire","description":"L\u2019honorable Paul Dakuyo, en pre\u0301lude au pre\u0301-congre\u0300s de la coordination re\u0301gionale du de\u0301partement administratif du RHD ...","robots":{"index":"index","follow":"follow","max-snippet":"max-snippet:-1","max-image-preview":"max-image-preview:large","max-video-preview":"max-video-preview:-1"},"canonical":"https:\/\/www.africa-press.net\/cotedivoire\/politique\/mobilisation-rhdp-a-bouake-pour-soutenir-ouattara","og_locale":"fr_FR","og_type":"article","og_title":"Mobilisation RHDP \u00e0 Bouak\u00e9 pour soutenir Ouattara","og_description":"L\u2019honorable Paul Dakuyo, en pre\u0301lude au pre\u0301-congre\u0300s de la coordination re\u0301gionale du de\u0301partement administratif du RHD ...","og_url":"https:\/\/www.africa-press.net\/cotedivoire\/politique\/mobilisation-rhdp-a-bouake-pour-soutenir-ouattara","og_site_name":"C\u00f4te d&#039;Ivoire","article_published_time":"2025-06-05T19:17:34+00:00","article_modified_time":"2025-06-05T19:56:56+00:00","og_image":[{"width":720,"height":324,"url":"https:\/\/static.africa-press.net\/cote\/sites\/43\/2025\/06\/sm_1749140801.216761.jpg","type":"image\/jpeg"}],"author":"cfeditorfr","twitter_card":"summary_large_image","twitter_misc":{"\u00c9crit par":"cfeditorfr","Dur\u00e9e de lecture estim\u00e9e":"2 minutes"},"schema":{"@context":"https:\/\/schema.org","@graph":[{"@type":"Article","@id":"https:\/\/www.africa-press.net\/cotedivoire\/politique\/mobilisation-rhdp-a-bouake-pour-soutenir-ouattara#article","isPartOf":{"@id":"https:\/\/www.africa-press.net\/cotedivoire\/politique\/mobilisation-rhdp-a-bouake-pour-soutenir-ouattara"},"author":{"name":"cfeditorfr","@id":"https:\/\/www.africa-press.net\/cotedivoire\/#\/schema\/person\/2b1cf3cd81a31e3cd26889ca66d677f1"},"headline":"Mobilisation RHDP \u00e0 Bouak\u00e9 pour soutenir Ouattara","datePublished":"2025-06-05T19:17:34+00:00","dateModified":"2025-06-05T19:56:56+00:00","mainEntityOfPage":{"@id":"https:\/\/www.africa-press.net\/cotedivoire\/politique\/mobilisation-rhdp-a-bouake-pour-soutenir-ouattara"},"wordCount":390,"commentCount":0,"image":{"@id":"https:\/\/www.africa-press.net\/cotedivoire\/politique\/mobilisation-rhdp-a-bouake-pour-soutenir-ouattara#primaryimage"},"thumbnailUrl":"https:\/\/static.africa-press.net\/cote\/sites\/43\/2025\/06\/sm_1749140801.216761.jpg","keywords":["Alassane Ouattara","Bouak\u00e9","C\u00d4TE D'IVOIRE","Paul Dakuyo","pr\u00e9-congr\u00e8s","RHDP"],"articleSection":["Politique","Toutes les actualit\u00e9s"],"inLanguage":"fr-FR","potentialAction":[{"@type":"CommentAction","name":"Comment","target":["https:\/\/www.africa-press.net\/cotedivoire\/politique\/mobilisation-rhdp-a-bouake-pour-soutenir-ouattara#respond"]}]},{"@type":"WebPage","@id":"https:\/\/www.africa-press.net\/cotedivoire\/politique\/mobilisation-rhdp-a-bouake-pour-soutenir-ouattara","url":"https:\/\/www.africa-press.net\/cotedivoire\/politique\/mobilisation-rhdp-a-bouake-pour-soutenir-ouattara","name":"Mobilisation RHDP \u00e0 Bouak\u00e9 pour soutenir Ouattara - C\u00f4te d&#039;Ivoire","isPartOf":{"@id":"https:\/\/www.africa-press.net\/cotedivoire\/#website"},"primaryImageOfPage":{"@id":"https:\/\/www.africa-press.net\/cotedivoire\/politique\/mobilisation-rhdp-a-bouake-pour-soutenir-ouattara#primaryimage"},"image":{"@id":"https:\/\/www.africa-press.net\/cotedivoire\/politique\/mobilisation-rhdp-a-bouake-pour-soutenir-ouattara#primaryimage"},"thumbnailUrl":"https:\/\/static.africa-press.net\/cote\/sites\/43\/2025\/06\/sm_1749140801.216761.jpg","datePublished":"2025-06-05T19:17:34+00:00","dateModified":"2025-06-05T19:56:56+00:00","author":{"@id":"https:\/\/www.africa-press.net\/cotedivoire\/#\/schema\/person\/2b1cf3cd81a31e3cd26889ca66d677f1"},"description":"L\u2019honorable Paul Dakuyo, en pre\u0301lude au pre\u0301-congre\u0300s de la coordination re\u0301gionale du de\u0301partement administratif du RHD ...","breadcrumb":{"@id":"https:\/\/www.africa-press.net\/cotedivoire\/politique\/mobilisation-rhdp-a-bouake-pour-soutenir-ouattara#breadcrumb"},"inLanguage":"fr-FR","potentialAction":[{"@type":"ReadAction","target":["https:\/\/www.africa-press.net\/cotedivoire\/politique\/mobilisation-rhdp-a-bouake-pour-soutenir-ouattara"]}]},{"@type":"ImageObject","inLanguage":"fr-FR","@id":"https:\/\/www.africa-press.net\/cotedivoire\/politique\/mobilisation-rhdp-a-bouake-pour-soutenir-ouattara#primaryimage","url":"https:\/\/static.africa-press.net\/cote\/sites\/43\/2025\/06\/sm_1749140801.216761.jpg","contentUrl":"https:\/\/static.africa-press.net\/cote\/sites\/43\/2025\/06\/sm_1749140801.216761.jpg","width":720,"height":324,"caption":"Mobilisation RHDP \u00e0 Bouak\u00e9 pour soutenir Ouattara"},{"@type":"BreadcrumbList","@id":"https:\/\/www.africa-press.net\/cotedivoire\/politique\/mobilisation-rhdp-a-bouake-pour-soutenir-ouattara#breadcrumb","itemListElement":[{"@type":"ListItem","position":1,"name":"Accueil","item":"https:\/\/www.africa-press.net\/cotedivoire\/"},{"@type":"ListItem","position":2,"name":"Mobilisation RHDP \u00e0 Bouak\u00e9 pour soutenir Ouattara"}]},{"@type":"WebSite","@id":"https:\/\/www.africa-press.net\/cotedivoire\/#website","url":"https:\/\/www.africa-press.net\/cotedivoire\/","name":"C\u00f4te d&#039;Ivoire","description":"Just another Africa News Agency Sites site","potentialAction":[{"@type":"SearchAction","target":{"@type":"EntryPoint","urlTemplate":"https:\/\/www.africa-press.net\/cotedivoire\/?s={search_term_string}"},"query-input":{"@type":"PropertyValueSpecification","valueRequired":true,"valueName":"search_term_string"}}],"inLanguage":"fr-FR"},{"@type":"Person","@id":"https:\/\/www.africa-press.net\/cotedivoire\/#\/schema\/person\/2b1cf3cd81a31e3cd26889ca66d677f1","name":"cfeditorfr"}]}},"_links":{"self":[{"href":"https:\/\/www.africa-press.net\/cotedivoire\/wp-json\/wp\/v2\/posts\/100328","targetHints":{"allow":["GET"]}}],"collection":[{"href":"https:\/\/www.africa-press.net\/cotedivoire\/wp-json\/wp\/v2\/posts"}],"about":[{"href":"https:\/\/www.africa-press.net\/cotedivoire\/wp-json\/wp\/v2\/types\/post"}],"author":[{"embeddable":true,"href":"https:\/\/www.africa-press.net\/cotedivoire\/wp-json\/wp\/v2\/users\/82"}],"replies":[{"embeddable":true,"href":"https:\/\/www.africa-press.net\/cotedivoire\/wp-json\/wp\/v2\/comments?post=100328"}],"version-history":[{"count":0,"href":"https:\/\/www.africa-press.net\/cotedivoire\/wp-json\/wp\/v2\/posts\/100328\/revisions"}],"wp:featuredmedia":[{"embeddable":true,"href":"https:\/\/www.africa-press.net\/cotedivoire\/wp-json\/wp\/v2\/media\/100327"}],"wp:attachment":[{"href":"https:\/\/www.africa-press.net\/cotedivoire\/wp-json\/wp\/v2\/media?parent=100328"}],"wp:term":[{"taxonomy":"category","embeddable":true,"href":"https:\/\/www.africa-press.net\/cotedivoire\/wp-json\/wp\/v2\/categories?post=100328"},{"taxonomy":"post_tag","embeddable":true,"href":"https:\/\/www.africa-press.net\/cotedivoire\/wp-json\/wp\/v2\/tags?post=100328"}],"curies":[{"name":"wp","href":"https:\/\/api.w.org\/{rel}","templated":true}]}}