{"id":10038,"date":"2021-07-17T11:18:01","date_gmt":"2021-07-17T11:18:01","guid":{"rendered":"https:\/\/www.africa-press.net\/cotedivoire\/?p=10038"},"modified":"2021-07-18T03:48:29","modified_gmt":"2021-07-18T03:48:29","slug":"laurent-gbagbo-un-mois-apres","status":"publish","type":"post","link":"https:\/\/www.africa-press.net\/cotedivoire\/dossiers\/laurent-gbagbo-un-mois-apres","title":{"rendered":"Laurent Gbagbo: Un mois apr\u00e8s"},"content":{"rendered":"<p><span style=\"color: #ff6600\"><strong><a href=\"https:\/\/www.africa-press.net\/\">Africa-Press<\/a> &#8211; <a href=\"https:\/\/www.africa-press.net\/cotedivoire\">C\u00f4te d&rsquo;Ivoire<\/a>. <\/strong><\/span>\u00ab Je suis heureux de retrouver la CI et L\u2019Afrique \u00bb, telle fut l\u2019unique d\u00e9claration du Pr\u00e9sident Gbagbo \u00e0 l\u2019a\u00e9roport, dans un contexte un peu chaotique.<\/p>\n<p>Le 17 Juin 2021, le Pr\u00e9sident Laurent Gbagbo rentrait enfin au pays \u00e0 bord d\u2019un vol r\u00e9gulier en provenance de Bruxelles, apr\u00e8s 10 ans d\u2019un proc\u00e8s fleuve \u00e0 la CPI. L\u2019homme \u00e9tait accus\u00e9 de crimes contre l\u2019humanit\u00e9 suite \u00e0 la crise post \u00e9lectorale ( Octobre 2010-Avril 2011) et ses 3 000 victimes officielles, survenues selon l\u2019accusation, du fait de son refus de reconna\u00eetre sa d\u00e9faite lors de la pr\u00e9sidentielle d\u2019Octobre 2010.<\/p>\n<p>Totalement blanchi par cette juridiction le 31 Mars 2021, le pr\u00e9sident Gbagbo \u00e9tait en attente du feu vert des autorit\u00e9s pour regagner la CI, chose faite le 17 Juin dans une tr\u00e8s grande ferveur, preuve que sa popularit\u00e9 reste intacte. Au d\u00e9but de son proc\u00e8s, il avait dans une d\u00e9claration, mis en garde aussi bien le pouvoir que les membres de sa famille politique, \u00bb ceux qui pensent que je ne vais plus revenir se trompent \u00bb, avait-il d\u00e9clar\u00e9. Pari tenu donc.<\/p>\n<p>Il faut saluer ici la r\u00e9silience de l\u2019homme, sa capacit\u00e9 \u00e0 endurer, \u00e0 encaisser, \u00e0 faire face. L\u2019homme montre encore une fois qu\u2019il est un leader de terrain, quelqu\u2019un qui descend dans la vall\u00e9e, qui \u00ab transpire \u00bb pour ses id\u00e9es, m\u00eame si son approche des situations n\u2019a pas toujours produit des r\u00e9sultats merveilleux tout au long de son parcours.<\/p>\n<p>Dans un climat politique qui se veut apais\u00e9, le pr\u00e9sident Laurent Gbagbo avait affirm\u00e9 regagner son pays pour participer \u00e0 la r\u00e9conciliation en cours. \u00ab Je suis content de retrouver la C\u00f4te d\u2019Ivoire et l\u2019Afrique \u00bb, telle fut sa premi\u00e8re d\u00e9claration \u00e0 l\u2019a\u00e9roport. Sur des sites de la BBC afrique, et du m\u00e9dia am\u00e9ricain VOA, beaucoup de commentaires sont venus d\u2019Afrique australe et centrale. Les m\u00e9dias francophones en Europe ont consacr\u00e9 une large couverture \u00e0 l\u2019\u00e9v\u00e8nement, c\u2019\u00e9tait l\u2019actualit\u00e9 du continent les 16 et 17 Juin derniers, preuve encore une fois, que la C\u00f4te d\u2019Ivoire, ce pays b\u00e9ni, occupe bien une place particuli\u00e8re en Afrique.<\/p>\n<p>Officiellement, la r\u00e9conciliation est le mot d\u2019ordre, tant du c\u00f4t\u00e9 du pouvoir que de celui de l\u2019opposition dans toutes ses composantes. Pourtant quatre semaines apr\u00e8s la venue de l\u2019homme, on peut le dire, la d\u00e9fiance est grande avec les autorit\u00e9s. L\u2019atmosph\u00e8re est de plus en plus pesante. A l\u2019int\u00e9rieur m\u00eame de sa famille politique, le retour du pr\u00e9sident Gbagbo devait aussi apporter des clarifications. Or il semble que les choses coincent \u00e9galement \u00e0 ce niveau.<\/p>\n<p>Pourtant des questions de fond demeurent, auxquelles des r\u00e9ponses claires devront \u00eatre apport\u00e9es, afin de donner un contenu \u00e0 cette r\u00e9conciliation pr\u00each\u00e9e de tout bord.<\/p>\n<p>Pascal Affi N\u2019Guessan<\/p>\n<p>Le retour du Pr\u00e9sident Gbagbo devait objectivement mettre un terme \u00e0 la scission au sein de son parti. Tout le monde s\u2019accordait sur ce point. En revanche l\u2019inconnue r\u00e9sidait dans l\u2019attitude de Pascal Affi N\u2019Guessan (PAN) , le pr\u00e9sident de la branche l\u00e9gale, celle reconnue par les autorit\u00e9s. Le niveau de d\u00e9fiance entre les deux hommes est tel aujourd\u2019hui qu\u2019on voit difficilement l\u2019un travailler sous les ordres de l\u2019autre. \u00ab Si Gbagbo m\u2019a fait, moi aussi je l\u2019ai fait \u00bb, d\u00e9clarait PAN suite \u00e0 sa rencontre avec son mentor \u00e0 Bruxelles, une rencontre qui avait mis \u00e0 jour le foss\u00e9 qui s\u00e9parait d\u00e9sormais les deux hommes.<\/p>\n<p>Il faut rappeler que PAN est devenu le pr\u00e9sident de la branche l\u00e9gale suite \u00e0 une d\u00e9cision de justice. Pourtant, m\u00eame s\u2019il a la loi avec lui, il ne pourra plus diriger cette formation contre l\u2019avis de son fondateur. Il devra t\u00f4t ou tard c\u00e9der sa place de pr\u00e9sident. Reste \u00e0 savoir son point de chute.<\/p>\n<p>L\u2019homme a quand m\u00eame pris du volume en dix ans. Son attitude inflexible durant la derni\u00e8re pr\u00e9sidentielle a surpris l\u2019opinion, il \u00e9tait vu comme quelqu\u2019un \u00e0 la personnalit\u00e9 molle, plus ou moins \u00e0 la solde du pouvoir en place. On le pressentait m\u00eame au gouvernement. Lors de cette crise, il a montr\u00e9 qu\u2019il avait une certaine carrure.<\/p>\n<p>Dans les semaines pr\u00e9c\u00e9dant le 17 juin, il \u00e9tait apparu sur plusieurs plateaux de t\u00e9l\u00e9vision, affichant une s\u00e9r\u00e9nit\u00e9 quand on lui demandait s\u2019il s\u2019inqui\u00e9tait du retour du pr\u00e9sident Gbagbo. Pour lui, ce retour \u00ab clarifierait \u00bb la situation au sein du parti, mais il restait vague sur ce terme. Visiblement l\u2019homme a un \u00ab plan B \u00bb dans la t\u00eate.<\/p>\n<p>Selon la presse, il semble qu\u2019il ne veuille \u00ab rien l\u00e2cher \u00bb dans les tractations en cours en ce moment pour qu\u2019il c\u00e8de son fauteuil. Quatre semaines apr\u00e8s le retour du pr\u00e9sident Gbagbo, les deux hommes ne se sont toujours pas rencontr\u00e9s. Pourtant PAN ne pourra survivre politiquement qu\u2019en cr\u00e9ant sa formation \u00e0 lui. Il n\u2019y a pas d\u2019autres issues possibles s\u2019il veut rester cr\u00e9dible.<\/p>\n<p>Simone Ehivet Gbagbo<\/p>\n<p>Accolade entre le pr\u00e9sident Gbagbo et son \u00e9pouse Simone \u00e0 l\u2019a\u00e9roport. L\u2019homme a eu un geste de recul et s\u2019est d\u00e9gag\u00e9 de l\u2019\u00e9treinte. Il a ensuite fait un geste comme s\u2019il voulait la cong\u00e9dier, le tout sous le regard incisif de sa \u00ab seconde \u00e9pouse \u00bb Nadiana Bamba.<\/p>\n<p>C\u2019est la toute premi\u00e8re ligne qui a boug\u00e9, le Pr\u00e9sident Gbagbo a d\u00e9pos\u00e9 une demande de divorce d\u2019avec son \u00e9pouse Simone, aupr\u00e8s du tribunal de premi\u00e8re instance d\u2019Abidjan le 21 Juin, quatre jours apr\u00e8s son retour. Cette d\u00e9marche a jet\u00e9 un froid et une immense incompr\u00e9hension dans toute l\u2019opinion (adversaires comme partisans), aussi bien en CI, qu\u2019en Afrique. On savait le couple quasiment en rupture, mais personne n\u2019aurait imagin\u00e9 une telle acc\u00e9l\u00e9ration. Le lendemain du retour, il se murmurait d\u00e9j\u00e0 qu\u2019il avait \u00e9vit\u00e9 le pavillon d\u2019honneur lorsqu\u2019il a appris que Simone s\u2019y trouvait. On apprenait aussi qu\u2019il avait clairement signifi\u00e9 \u00e0 Simone le 16 Juin (la veille de son arriv\u00e9e), par l\u2019entremise d\u2019un ancien ministre, qu\u2019il ne souhaitait pas la voir \u00e0 l\u2019a\u00e9roport.<\/p>\n<p>Le fait qu\u2019elle s\u2019y soit rendue en d\u00e9pit de cet avertissement a-t-il \u00e9t\u00e9 pris par l\u2019homme comme un geste de d\u00e9fi, d\u2019o\u00f9 sa d\u00e9cision d\u2019acc\u00e9l\u00e9rer la question du divorce en guise de riposte ?<\/p>\n<p>Le Pr\u00e9sident Gbagbo s\u2019est rendu \u00e0 la Cath\u00e9drale Saint Paul du Plateau le Dimanche 20 Juin, pour assister \u00e0 la messe, c\u00e9l\u00e9br\u00e9e par le Cardinal Kutwa. C\u2019est dire que les deux hommes ont certainement eu un entretien t\u00e9l\u00e9phonique la veille. Or Les Ev\u00eaques avaient totalement d\u00e9sapprouv\u00e9 le \u00ab mariage traditionnel \u00bb du Pr\u00e9sident Gbagbo avec Nadiana Bamba en 2001. L\u2019homme s\u2019\u00e9tait alors progressivement tourn\u00e9 vers les Eglises \u00e9vang\u00e9liques, peu regardantes sur ces aspects, axant plus leur message sur la r\u00e9ussite mat\u00e9rielle. Dimanche, le Cardinal Kutwa annonce le retour du Pr\u00e9sident Gbagbo \u00e0 l\u2019Eglise Catholique et lui remet un chapelet. Lundi, l\u2019homme annonce sa demande de divorce. Faut-il y voir une co\u00efncidence ? Ou alors l\u2019Archev\u00eaque lui a-t-il implicitement demand\u00e9 de clarifier sa situation matrimoniale \u00ab sans tarder \u00bb ?<\/p>\n<p>Une autre explication reste possible. Forte de son emprise totale et d\u00e9finitive sur l\u2019homme, Nadiana Bamba a-t-elle d\u00e9cid\u00e9 de passer \u00bb \u00e0 la vitesse sup\u00e9rieure \u00bb et mettre \u00bb KO \u00bb sa rivale d\u00e8s son retour au pays ? Dans la vid\u00e9o de l\u2019accolade, on peut l\u2019entendre dire \u00ab Elle s\u2019en va \u00bb, en r\u00e9f\u00e9rence \u00e0 Simone.<\/p>\n<p>En fait, la question fondamentale n\u2019est pas tant le divorce lui-m\u00eame, que la place de l\u2019un et l\u2019autre dans le parti. C\u2019est \u00e0 ce niveau que les choses coincent depuis des ann\u00e9es. Simone a de tr\u00e8s hautes ambitions auxquelles elle n\u2019 a pas renonc\u00e9. Elle vise la t\u00eate du parti de son mari pour avoir ainsi la main sur l\u2019appareil, et elle veut aussi conserver le patronyme \u2018\u2019Gbagbo\u2019\u2019 sans lequel toute ascension serait impossible. Celui-ci ne l\u2019entend pas de cette oreille. Les deux ne s\u2019adressent plus la parole depuis longtemps, l\u2019un cherchant \u00e0 \u00e9carter l\u2019autre.<\/p>\n<p>Dans une d\u00e9claration au d\u00e9but du mois de Juin, Simone avait implicitement sugg\u00e9r\u00e9 que le Pr\u00e9sident Gbagbo ne devrait plus \u00ab se m\u00ealer \u00bb de politique \u00e0 son retour en CI. Les fid\u00e8les de l\u2019ancien pr\u00e9sident avaient r\u00e9torqu\u00e9 qu\u2019il \u00ab d\u00e9ciderait lui-m\u00eame de son avenir \u00bb. Simone reste un os au travers de la gorge de l\u2019homme. Il y a une sorte d\u2019animosit\u00e9 entre ces deux fortes t\u00eates depuis les ann\u00e9es 2000.<\/p>\n<p>Un peu comme Bill et Hillary Clinton aux USA. La presse avait maintes fois annonc\u00e9 leur divorce dans les ann\u00e9es 2003, 2004, ce qu\u2019Hillary avait toujours d\u00e9menti. Le divorce l\u2019aurait priv\u00e9 du soutien d\u2019une partie de l\u2019appareil du parti d\u00e9mocrate am\u00e9ricain, et le patronyme \u2018\u2019Clinton\u2019\u2019 aurait \u00e9t\u00e9 effac\u00e9 de son nom, ce qui aurait \u00e9t\u00e9 pr\u00e9judiciable \u00e0 ses ambitions.<\/p>\n<p>Dans ce bras de fer entre le Pr\u00e9sident Gbagbo et celle qui reste toujours son \u00e9pouse aux yeux de la loi, la plupart des cadres penchent ouvertement pour l\u2019ex-premi\u00e8re dame. Quant aux militants, ils font tous bloc derri\u00e8re elle, si on en juge par les r\u00e9actions sur les r\u00e9seaux sociaux. Avant m\u00eame le malaise cr\u00e9\u00e9 par l\u2019annonce de la demande de divorce, l\u2019image de Nadiana Bamba aux c\u00f4t\u00e9s de l\u2019homme a \u00e9t\u00e9 consid\u00e9r\u00e9e par beaucoup comme la \u00ab fausse note \u00bb du retour. Pour tous, elle aurait d\u00fb pour la circonstance, se faire discr\u00e8te et laisser toute la place \u00e0 Simone, qui bien que n\u2019ayant pas \u00e9t\u00e9 transf\u00e9r\u00e9e \u00e0 la Haye, a souffert autant sinon plus que l\u2019homme.<\/p>\n<p>Si Simone ne fait aucun \u00ab faux pas \u00bb, si elle ne se lance pas dans des d\u00e9clarations injurieuses et pol\u00e9miques, si elle conserve sa posture de femme bafou\u00e9e, rejet\u00e9e, humili\u00e9e, alors les d\u00e9g\u00e2ts collat\u00e9raux risquent d\u2019\u00eatre lourds pour le pr\u00e9sident Gbagbo, en termes d\u2019image, et en termes de coh\u00e9sion interne du parti. Le d\u00e9part \u00e9ventuel de Simone sera n\u00e9cessairement suivi d\u2019une purge envers ses partisans. Ce sera peut-\u00eatre Nadiana Bamba qui tirera d\u00e9sormais les ficelles. Il faudra s\u2019attendre \u00e0 des tensions r\u00e9currentes.<\/p>\n<p>Mais on n\u2019en est pas encore l\u00e0. Le divorce reste une proc\u00e9dure longue et \u00e9prouvante, et ce ne sera pas chose facile que d\u2019\u00e9vincer Simone, r\u00e9put\u00e9e avoir une volont\u00e9 et un temp\u00e9rament d\u2019acier, et qui b\u00e9n\u00e9ficie du soutien de toute la base. Pour preuve l\u2019\u00e9chec de la proc\u00e9dure de destitution du poste de vice pr\u00e9sidence engag\u00e9e contre elle, sept f\u00e9d\u00e9raux sur dix ont refus\u00e9 de la d\u00e9mettre. D\u2019autre part,<\/p>\n<p>Le 28 Juin \u00e0 Gagnoa, pour bien montrer qu\u2019il ne reviendrait plus sur sa d\u00e9cision malgr\u00e9 les critiques, le Pr\u00e9sident Gbagbo a rendu publiquement hommage \u00e0 Nadiana Bamba, \u00bb gr\u00e2ce \u00e0 qui il a pu tenir en prison \u00bb, \u00bb celle qui lui donnait de l\u2019argent pour se nourrir \u00bb, \u00bb celle qui faisait 450 km chaque jour afin de pouvoir le rencontrer \u00bb etc\u2026\u2026 Le Jeudi 1er Juillet dernier, une premi\u00e8re audience s\u2019est tenue au tribunal d\u2019Abidjan en pr\u00e9sence des deux int\u00e9ress\u00e9s. Selon la presse, les deux personnalit\u00e9s ont montr\u00e9 des \u00ab signes d\u2019apaisement et de d\u00e9crispation. \u00bb Reste \u00e0 savoir ce que cela veut dire. Une chose est certaine, Nadiana Bamba ne veut plus rester dans l\u2019ombre, elle entend prendre \u00ab toute sa place \u00bb aupr\u00e8s de son \u00ab homme \u00bb. Leurs s\u00e9jours \u00e0 KInshasa et \u00e0 Daoukro montrent bien que la page Simone est d\u00e9sormais tourn\u00e9e.<\/p>\n<p>B\u00e9di\u00e9<\/p>\n<p>Les pr\u00e9sidents Gbagbo et B\u00e9di\u00e9 se sont rencontr\u00e9s le 29 Juillet 2020 \u00e0 Bruxelles, dans une premi\u00e8re rencontre plac\u00e9e sous le signe \u00ab de retrouvailles \u00bb. Des discussions ont \u00e9t\u00e9 engag\u00e9es entre leurs formations, ce qui a abouti \u00e0 la mise en place d\u2019une \u00ab plate-forme \u00bb, qui a pr\u00e9sent\u00e9 des candidats dans certaines circonscriptions lors des l\u00e9gislatives de 2021. Mais cela garantit-il pour autant une \u00ab union des c\u0153urs \u00bb entre les deux hommes ?<\/p>\n<p>Le Pr\u00e9sident Gbagbo, m\u00eame s\u2019il a reconnu que les \u00e9l\u00e9ments n\u2019\u00e9taient pas r\u00e9unis pour un scrutin pr\u00e9sidentiel inclusif en Octobre 2020, avait demand\u00e9 \u00e0 ses partisans de ne pas s\u2019associer au mot d\u2019ordre de d\u00e9sob\u00e9issance civile lanc\u00e9e par toute l\u2019opposition r\u00e9unie autour du Pr\u00e9sident B\u00e9di\u00e9.<\/p>\n<p>Le 10 Juillet \u00e0 Daoukro est intervenue leur seconde rencontre, plac\u00e9e elle sous le signe de la \u00bb r\u00e9conciliation \u00bb. Le pr\u00e9sident Gbagbo s\u2019est positionn\u00e9 comme un opposant de premier plan, de par ses discours. Si l\u2019atmosph\u00e8re \u00e9tait \u00e0 la ferveur, cela efface-t-il pour autant la d\u00e9fiance entre les deux hommes, n\u00e9e du \u00ab contentieux de 2010 \u00bb. A leur \u00e2ge, on ne peut pas faire facilement table rase des peines, des douleurs et des ressentiments du pass\u00e9 comme des jeunes de trente ans. Il faudra encore beaucoup de rencontres entre les deux hommes pour parvenir \u00e0 un projet commun. Ce n\u2019est pas acquis d\u2019avance.<\/p>\n<p>Le Pr\u00e9sident Gbagbo comptabilise 10 ans au pouvoir contre 6 pour le pr\u00e9sident B\u00e9di\u00e9. Il a travers\u00e9 de nombreuses crises, entre autres celle de son jugement \u00e0 la CPI. Dans les ann\u00e9es 90, il a \u00e9t\u00e9 le principal opposant d\u2019abord au pr\u00e9sident Houphouet, ensuite au pr\u00e9sident B\u00e9di\u00e9 lui-m\u00eame. Ainsi, quoi que ce dernier soit plus \u00e2g\u00e9, le pr\u00e9sident Gbagbo a un cv politique bien plus lourd. Il faut s\u2019attendre \u00e0 une guerre de leadership.<\/p>\n<p>On voit difficilement le pr\u00e9sident Gbagbo, avec son caract\u00e8re ind\u00e9pendant, suivre sagement son a\u00een\u00e9. Il est revenu de la Haye avec une \u00e9nergie d\u00e9cupl\u00e9e, et une lueur manifeste dans les yeux. Sa carapace est trop \u00e9paisse d\u00e9sormais pour qu\u2019il se mette aux ordres de quelqu\u2019un d\u2019autre. Si comme \u00e0 son habitude, le pr\u00e9sident B\u00e9di\u00e9 s\u2019engage de tout c\u0153ur dans cette nouvelle \u00ab alliance \u00bb, peut-on en dire autant de son nouveau partenaire?<\/p>\n<p>Le Pr\u00e9sident Gbagbo a-t-il \u00e9t\u00e9 graci\u00e9 ou amnisti\u00e9 ? C\u2019est une question majeure qui a d\u00e9j\u00e0 \u00e9t\u00e9 abord\u00e9e dans la presse avant l\u2019arriv\u00e9e de l\u2019homme, mais n\u2019avait pas attir\u00e9e l\u2019attention. Aujourd\u2019hui, elle commence \u00e0 focaliser l\u2019attention. Une gr\u00e2ce annule la peine mais pas la condamnation. On peut la voir comme une r\u00e9duction de peine ( \u00e0 100% dans ce cas). Une amnistie annule \u00e0 la fois la peine et la condamnation. On peut la voir comme une prescription ( r\u00e9tro-active dans ce cas) des d\u00e9lits commis. Elle se prend par une loi vot\u00e9e au parlement, ou \u00e0 d\u00e9faut par ordonnance.<\/p>\n<p>Le Pr\u00e9sident Gbagbo (avec trois de ses ministres) avait \u00e9t\u00e9 condamn\u00e9 le 18 Janvier 2018, \u00e0 20 ans de prison dans l\u2019affaire dite \u2018\u2019 de la casse de la BCEAO\u2019\u2019. Les coffres de l\u2019institution avaient \u00e9t\u00e9 ouverts de force par son r\u00e9gime , afin de \u00ab payer les fonctionnaires \u00bb, selon la justification qui avait \u00e9t\u00e9 avanc\u00e9e.<\/p>\n<p>L\u2019ordonnance d\u2019amnistie sign\u00e9e par le Pr\u00e9sident Ouattara le 6 ao\u00fbt 2018, et qui a permis la lib\u00e9ration entre autre de Simone Gbagbo, concerne selon son \u00e9nonc\u00e9, \u00bb les personnes poursuivies ou condamn\u00e9es pour des infractions en lien avec la crise post-\u00e9lectorale de 2010 ou des infractions contre la s\u00fbret\u00e9 de l\u2019\u00c9tat commises apr\u00e8s le 21 mai 2011, \u00e0 l\u2019exclusion des personnes en proc\u00e8s devant une juridiction p\u00e9nale internationale, ainsi que de militaires et de membres de groupes arm\u00e9s \u00bb.<\/p>\n<p>Sur la liste des 800 personnes b\u00e9n\u00e9ficiant de la mesure, le nom du pr\u00e9sident Gbagbo nom n\u2019y figurait pas, puisqu\u2019il \u00e9tait encore en jugement \u00e0 la Haye. Il reste donc sous le coup d\u2019une condamnation m\u00eame s\u2019il n\u2019effectue pas sa peine. C\u2019est une question qui va de plus en plus faire d\u00e9bat, car la condamnation le prive de certains droits, dont celui de briguer la magistrature supr\u00eame.<\/p>\n<p>Rester dans son coin et se taire, ne cadre pas avec la personnalit\u00e9 de l\u2019homme. Le Pr\u00e9sident Gbagbo a commenc\u00e9 \u00e0 donner de la voie d\u00e8s le premier jour, et il continuera \u00e0 \u00eatre offensif, il voudra laver \u00ab l\u2019affront de 2010 \u00bb, il ne faut pas se voiler la face. Si son arrestation ( le 11 Avril 2011) et son transf\u00e8rement \u00e0 la Haye ( le 30 Novembre 2011) sont \u00e0 jamais grav\u00e9s dans son c\u0153ur, il y a aussi l\u2019attitude de certains proches, qui ont d\u00e9pos\u00e9 leurs valises sous d\u2019autres cieux. Cela l\u2019a certainement profond\u00e9ment affect\u00e9. Il n\u2019a pas aussi enterr\u00e9 sa m\u00e8re. C\u2019est quelque chose qui compte en Afrique. Tout cela est de nature \u00e0 l\u2019inciter \u00e0 vouloir \u00ab prendre sa revanche sur l\u2019histoire \u00bb. C\u2019est humain, on ne peut pas lui en vouloir.<\/p>\n<p>Il y a aussi tous ces milliers de personnes qui se sont rendus \u00e0 l\u2019a\u00e9roport le jour de son retour, et qui se sont aussi mass\u00e9s dans les diff\u00e9rentes villes travers\u00e9es par son cort\u00e8ge, le 28 Juin, en partance pour Gagnoa, sa r\u00e9gion natale, et le 10 Juillet en partance pour Daoukro. A Kinshasa il a aussi \u00e9t\u00e9 la vedette. Pour tout homme politique, cela peut s\u2019interpr\u00e9ter comme des \u00ab appels \u00e0 reconqu\u00e9rir le pouvoir \u00bb. Mais on ne devra pas aussi en vouloir au pouvoir en place s\u2019il cherche \u00e0 le \u00bb neutraliser \u00bb . Car c\u2019est aussi cela la politique.<\/p>\n<p>Quel sera le contenu de la r\u00e9conciliation nationale ?<\/p>\n<p>La r\u00e9conciliation nationale reste un concept plut\u00f4t vague. Que signifie-t-elle vraiment ? Il n\u2019est pas s\u00fbr que l\u2019Ivoirien ordinaire, l\u2019homme de la rue, puisse donner une r\u00e9ponse claire. On aura certainement autant de r\u00e9ponses que de personnes interrog\u00e9es.<\/p>\n<p>Qu\u2019entend-t-on par r\u00e9conciliation nationale ? On se parle maintenant certes, mais pour se dire quoi exactement ? Retour sur ce qui s\u2019est pass\u00e9 en 2010 ? Va-t-on recompter les voix ? Le Pr\u00e9sident Gbagbo s\u2019estime-t-il toujours \u00ab vainqueur \u00bb ou conc\u00e8de-t-il aujourd\u2019hui sa d\u00e9faite ? La question du r\u00e9sultat des \u00e9lections de 2010 risque d\u2019engendrer un \u00ab d\u00e9bat sans fin \u00bb dans l\u2019opinion. Le Pr\u00e9sident Gbagbo ayant \u00e9t\u00e9 innocent\u00e9, qui porte alors la responsabilit\u00e9 des 3 000 victimes ? Cette autre question risque de \u00ab pourrir \u00bb l\u2019atmosph\u00e8re et d\u00e9boucher sur une crispation.<\/p>\n<p>Pourtant ces deux questions devront \u00eatre abord\u00e9es. En Septembre-Octobre 2001, s\u2019est tenu un forum pour la r\u00e9conciliation nationale. C\u2019\u00e9tait grandiose. Les quatre leaders de l\u2019\u00e9poque se sont exprim\u00e9s, et ont m\u00eame pris une photo de famille. Tous les partis politiques, les ONG, les organisations de la soci\u00e9t\u00e9 civile, tout le monde a eu son temps de parole. Mais avait-on r\u00e9ellement abord\u00e9 les vraies questions ? Car un peu plus d\u2019an plus tard, se produisaient les graves \u00e9v\u00e8nements du 19 Septembre 2002, qui allaient entra\u00eener la partition du pays jusqu\u2019en 2011.<\/p>\n<p>La r\u00e9conciliation, la vraie, ne doit pas consister en un show retransmis en direct \u00e0 la t\u00e9l\u00e9. Il faut r\u00e9ellement se parler, mais loin des cam\u00e9ras, et il faut aborder les questions de fond, pas les questions superficielles, cosm\u00e9tiques pour donner l\u2019impression \u00e0 la population qu\u2019on se parle.<\/p>\n<p>L\u2019amnistie prise le 06 Ao\u00fbt 2018, et le fait que le pr\u00e9sident Gbagbo soit r\u00e9tabli dans ses privil\u00e8ges d\u2019ancien pr\u00e9sident, sont deux pas encourageants \u00e0 mettre \u00e0 l\u2019actif des autorit\u00e9s. Mais il faut aller plus loin, le Pr\u00e9sident Gbagbo doit pleinement recouvrer tous ses droits politiques, ce qui veut dire reprendre sans entraves les r\u00eanes de son parti , et pouvoir se pr\u00e9senter \u00e0 la prochaine pr\u00e9sidentielle s\u2019il le d\u00e9sire.<\/p>\n<p>Deux autres questions doivent aussi faire l\u2019objet de discussions : la r\u00e9forme de la CEI, et l\u2019\u00e9largissement de la gr\u00e2ce aux officiers incarc\u00e9r\u00e9s. Bien entendu se sont des questions de fond qui ne pourront pas \u00eatre r\u00e9solus en une nuit, mais la r\u00e9conciliation n\u2019aurait aucun contenu, si des r\u00e9ponses n\u2019y sont pas apport\u00e9es.<\/p>\n<p>Un duel psychologique ?<\/p>\n<p>En attendant le grand discours qui est annonc\u00e9 par son entourage, le Pr\u00e9sident Gbagbo ne se prive pas de \u00bb taper sur le pouvoir \u00bb dans chaque discours qu\u2019il prononce. Le premier jour, il s\u2019est inqui\u00e9t\u00e9 de la violence perp\u00e9tr\u00e9e par les forces de l\u2018ordre et les \u00ab forces parall\u00e8les \u00bb sur les personnes venues l\u2019accueillir. Pour lui cela signifie que \u00ab la violence se perp\u00e9tue en CI, et que le chemin vers la r\u00e9conciliation est encore long \u00bb. De m\u00eame le choix du lieu de sa premi\u00e8re \u00e9tape apr\u00e8s l\u2019a\u00e9roport, son QG de campagne de 2010 n\u2019est pas anodin. Dans ce QG ( qui soulignons-le appartient \u00e0 Nadiana Bamba), il s\u2019est adress\u00e9 \u00e0 des milliers de personnes en disant entre autres \u00bb qu\u2019il restait un soldat mobilis\u00e9 \u00bb, et en revendiquant la \u00ab victoire \u00bb \u00e0 la pr\u00e9sidentielle de 2010.<\/p>\n<p>A Gagnoa, il a affirm\u00e9 \u00bb qu\u2019on l\u2019 avait envoy\u00e9 \u00e0 la Haye pour \u00e9carter un rival politique \u00bb, \u00bb qu\u2019il n\u2019excluait rien concernant 2025\u2033. A Daoukro, il a fustig\u00e9 le \u00bb troisi\u00e8me mandat \u00ab . Pour lui, une constitution est faite pour \u00eatre respect\u00e9e, et l\u2019\u00e9lection de 2020 \u00e9tait un \u00ab braquage \u00e9lectoral \u00bb. Les ex-pr\u00e9sidents ont lanc\u00e9 un appem au \u00ab dialogue inclusif \u00ab .<\/p>\n<p>En face le pouvoir commence \u00e0 se \u00bb raidir \u00bb de plus en plus. Suite \u00e0 ses propos de Daoukro, le s\u00e9cr\u00e9taire ex\u00e9cutif du parti au pouvoir est intervenu pour dire \u00bb qu\u2019il n\u2019 y a pas n\u00e9cessit\u00e9 d\u2019un dialogue d\u00e8s lors que les institutions fonctionnent, le pays n\u2019\u00e9tant pas en crise \u00bb. Dans la foul\u00e9e, le pouvoir a refus\u00e9 au pr\u00e9sident Gbagbo une autorisation de visite aux personnes encore incarc\u00e9r\u00e9es suite \u00e0 la crise post \u00e9lectorale, notamment les officiers des forces arm\u00e9es.<\/p>\n<p>En fait il y a une guerre d\u2019\u00e9go entre le pr\u00e9sident Ouattara et l\u2019ex-pr\u00e9sident Gbagbo, un duel psychologique \u00e0 distance. Visiblement ce dernier ignore, nargue le pouvoir , qui de son c\u00f4t\u00e9 se crispe de plus en plus. Les ministres ont re\u00e7u pour consigne ferme de ne jamais utilis\u00e9 le terme \u00bb pr\u00e9sident \u00bb s\u2019ils s\u2019expriment \u00e0 son sujet. Qui fera le premier pas vers l\u2019autre ? Ce premier pas qui sera certainement bien accueilli par l\u2019opinion, mais en revanche sera per\u00e7u comme une faiblesse par le camp adverse. Il se dit que des personnalit\u00e9s ext\u00e9rieures essaient d\u2019organiser une rencontre entre les deux hommes. On voit difficilement comment cette situation pourra se d\u00e9nouer.<\/p>\n<p>En v\u00e9rit\u00e9 le pr\u00e9sident Gbagbo retrouve ses vieux r\u00e9flexes d\u2019opposant politique, il est dans son \u00e9l\u00e9ment, il est mont\u00e9 sur son cheval et il sera difficile qu\u2019il en descende. Il faut s\u2019attendre \u00e0 une attitude de plus en plus offensive vis-\u00e0-vis du pouvoir. Un bon d\u00e9part pour la r\u00e9conciliation ? C\u2019est maintenant que commence le v\u00e9ritable boulot du jeune ministre KKB, \u00e9trangement silencieux depuis la venue de l\u2019homme. DIEU b\u00e9nisse la C\u00f4te d\u2019Ivoire.<\/p>\n","protected":false},"excerpt":{"rendered":"<p>Africa-Press &#8211; C\u00f4te d&rsquo;Ivoire. \u00ab Je suis heureux de retrouver la CI et L\u2019Afrique \u00bb, telle fut l\u2019unique d\u00e9claration du Pr\u00e9sident Gbagbo \u00e0 l\u2019a\u00e9roport, dans un contexte un peu chaotique. Le 17 Juin 2021, le Pr\u00e9sident Laurent Gbagbo rentrait enfin au pays \u00e0 bord d\u2019un vol r\u00e9gulier en provenance de Bruxelles, apr\u00e8s 10 ans d\u2019un [&hellip;]<\/p>\n","protected":false},"author":82,"featured_media":10037,"comment_status":"open","ping_status":"closed","sticky":false,"template":"","format":"standard","meta":{"footnotes":""},"categories":[7,11,20,10],"tags":[56,63,29],"class_list":["post-10038","post","type-post","status-publish","format-standard","has-post-thumbnail","hentry","category-dossiers","category-homepage-french","category-top-nouvelles","category-toutes-les-actualites","tag-africa-press","tag-africa-press-cote-divoire","tag-cote-divoire"],"yoast_head":"<!-- This site is optimized with the Yoast SEO Premium plugin v26.1 (Yoast SEO v27.0) - https:\/\/yoast.com\/product\/yoast-seo-premium-wordpress\/ -->\n<title>Laurent Gbagbo: Un mois apr\u00e8s - C\u00f4te d&#039;Ivoire<\/title>\n<meta name=\"description\" content=\"Douglas Mountain \u00ab Je suis heureux de retrouver la CI et L\u2019Afrique \u00bb, telle fut l\u2019unique d\u00e9claration du Pr\u00e9sident Gbagb ...\" \/>\n<meta name=\"robots\" content=\"index, follow, max-snippet:-1, max-image-preview:large, max-video-preview:-1\" \/>\n<link rel=\"canonical\" href=\"https:\/\/www.africa-press.net\/cotedivoire\/dossiers\/laurent-gbagbo-un-mois-apres\" \/>\n<meta property=\"og:locale\" content=\"fr_FR\" \/>\n<meta property=\"og:type\" content=\"article\" \/>\n<meta property=\"og:title\" content=\"Laurent Gbagbo: Un mois apr\u00e8s\" \/>\n<meta property=\"og:description\" content=\"Douglas Mountain \u00ab Je suis heureux de retrouver la CI et L\u2019Afrique \u00bb, telle fut l\u2019unique d\u00e9claration du Pr\u00e9sident Gbagb ...\" \/>\n<meta property=\"og:url\" content=\"https:\/\/www.africa-press.net\/cotedivoire\/dossiers\/laurent-gbagbo-un-mois-apres\" \/>\n<meta property=\"og:site_name\" content=\"C\u00f4te d&#039;Ivoire\" \/>\n<meta property=\"article:published_time\" content=\"2021-07-17T11:18:01+00:00\" \/>\n<meta property=\"article:modified_time\" content=\"2021-07-18T03:48:29+00:00\" \/>\n<meta property=\"og:image\" content=\"https:\/\/static.africa-press.net\/cote\/sites\/43\/2021\/07\/img-60f2b3765cab1.jpg\" \/>\n\t<meta property=\"og:image:width\" content=\"720\" \/>\n\t<meta property=\"og:image:height\" content=\"478\" \/>\n\t<meta property=\"og:image:type\" content=\"image\/jpeg\" \/>\n<meta name=\"author\" content=\"cfeditorfr\" \/>\n<meta name=\"twitter:card\" content=\"summary_large_image\" \/>\n<meta name=\"twitter:label1\" content=\"\u00c9crit par\" \/>\n\t<meta name=\"twitter:data1\" content=\"cfeditorfr\" \/>\n\t<meta name=\"twitter:label2\" content=\"Dur\u00e9e de lecture estim\u00e9e\" \/>\n\t<meta name=\"twitter:data2\" content=\"16 minutes\" \/>\n<script type=\"application\/ld+json\" class=\"yoast-schema-graph\">{\"@context\":\"https:\/\/schema.org\",\"@graph\":[{\"@type\":\"Article\",\"@id\":\"https:\/\/www.africa-press.net\/cotedivoire\/dossiers\/laurent-gbagbo-un-mois-apres#article\",\"isPartOf\":{\"@id\":\"https:\/\/www.africa-press.net\/cotedivoire\/dossiers\/laurent-gbagbo-un-mois-apres\"},\"author\":{\"name\":\"cfeditorfr\",\"@id\":\"https:\/\/www.africa-press.net\/cotedivoire\/#\/schema\/person\/2b1cf3cd81a31e3cd26889ca66d677f1\"},\"headline\":\"Laurent Gbagbo: Un mois apr\u00e8s\",\"datePublished\":\"2021-07-17T11:18:01+00:00\",\"dateModified\":\"2021-07-18T03:48:29+00:00\",\"mainEntityOfPage\":{\"@id\":\"https:\/\/www.africa-press.net\/cotedivoire\/dossiers\/laurent-gbagbo-un-mois-apres\"},\"wordCount\":3976,\"commentCount\":0,\"image\":{\"@id\":\"https:\/\/www.africa-press.net\/cotedivoire\/dossiers\/laurent-gbagbo-un-mois-apres#primaryimage\"},\"thumbnailUrl\":\"https:\/\/static.africa-press.net\/cote\/sites\/43\/2021\/07\/img-60f2b3765cab1.jpg\",\"keywords\":[\"Africa Press\",\"Africa Press-C\u00f4te d'Ivoire\",\"C\u00d4TE D'IVOIRE\"],\"articleSection\":[\"Dossiers\",\"homepage-french\",\"Top Nouvelles\",\"Toutes les actualit\u00e9s\"],\"inLanguage\":\"fr-FR\",\"potentialAction\":[{\"@type\":\"CommentAction\",\"name\":\"Comment\",\"target\":[\"https:\/\/www.africa-press.net\/cotedivoire\/dossiers\/laurent-gbagbo-un-mois-apres#respond\"]}]},{\"@type\":\"WebPage\",\"@id\":\"https:\/\/www.africa-press.net\/cotedivoire\/dossiers\/laurent-gbagbo-un-mois-apres\",\"url\":\"https:\/\/www.africa-press.net\/cotedivoire\/dossiers\/laurent-gbagbo-un-mois-apres\",\"name\":\"Laurent Gbagbo: Un mois apr\u00e8s - C\u00f4te d&#039;Ivoire\",\"isPartOf\":{\"@id\":\"https:\/\/www.africa-press.net\/cotedivoire\/#website\"},\"primaryImageOfPage\":{\"@id\":\"https:\/\/www.africa-press.net\/cotedivoire\/dossiers\/laurent-gbagbo-un-mois-apres#primaryimage\"},\"image\":{\"@id\":\"https:\/\/www.africa-press.net\/cotedivoire\/dossiers\/laurent-gbagbo-un-mois-apres#primaryimage\"},\"thumbnailUrl\":\"https:\/\/static.africa-press.net\/cote\/sites\/43\/2021\/07\/img-60f2b3765cab1.jpg\",\"datePublished\":\"2021-07-17T11:18:01+00:00\",\"dateModified\":\"2021-07-18T03:48:29+00:00\",\"author\":{\"@id\":\"https:\/\/www.africa-press.net\/cotedivoire\/#\/schema\/person\/2b1cf3cd81a31e3cd26889ca66d677f1\"},\"description\":\"Douglas Mountain \u00ab Je suis heureux de retrouver la CI et L\u2019Afrique \u00bb, telle fut l\u2019unique d\u00e9claration du Pr\u00e9sident Gbagb ...\",\"breadcrumb\":{\"@id\":\"https:\/\/www.africa-press.net\/cotedivoire\/dossiers\/laurent-gbagbo-un-mois-apres#breadcrumb\"},\"inLanguage\":\"fr-FR\",\"potentialAction\":[{\"@type\":\"ReadAction\",\"target\":[\"https:\/\/www.africa-press.net\/cotedivoire\/dossiers\/laurent-gbagbo-un-mois-apres\"]}]},{\"@type\":\"ImageObject\",\"inLanguage\":\"fr-FR\",\"@id\":\"https:\/\/www.africa-press.net\/cotedivoire\/dossiers\/laurent-gbagbo-un-mois-apres#primaryimage\",\"url\":\"https:\/\/static.africa-press.net\/cote\/sites\/43\/2021\/07\/img-60f2b3765cab1.jpg\",\"contentUrl\":\"https:\/\/static.africa-press.net\/cote\/sites\/43\/2021\/07\/img-60f2b3765cab1.jpg\",\"width\":720,\"height\":478,\"caption\":\"Laurent Gbagbo: Un mois apr\u00e8s\"},{\"@type\":\"BreadcrumbList\",\"@id\":\"https:\/\/www.africa-press.net\/cotedivoire\/dossiers\/laurent-gbagbo-un-mois-apres#breadcrumb\",\"itemListElement\":[{\"@type\":\"ListItem\",\"position\":1,\"name\":\"Accueil\",\"item\":\"https:\/\/www.africa-press.net\/cotedivoire\/\"},{\"@type\":\"ListItem\",\"position\":2,\"name\":\"Laurent Gbagbo: Un mois apr\u00e8s\"}]},{\"@type\":\"WebSite\",\"@id\":\"https:\/\/www.africa-press.net\/cotedivoire\/#website\",\"url\":\"https:\/\/www.africa-press.net\/cotedivoire\/\",\"name\":\"C\u00f4te d&#039;Ivoire\",\"description\":\"Just another Africa News Agency Sites site\",\"potentialAction\":[{\"@type\":\"SearchAction\",\"target\":{\"@type\":\"EntryPoint\",\"urlTemplate\":\"https:\/\/www.africa-press.net\/cotedivoire\/?s={search_term_string}\"},\"query-input\":{\"@type\":\"PropertyValueSpecification\",\"valueRequired\":true,\"valueName\":\"search_term_string\"}}],\"inLanguage\":\"fr-FR\"},{\"@type\":\"Person\",\"@id\":\"https:\/\/www.africa-press.net\/cotedivoire\/#\/schema\/person\/2b1cf3cd81a31e3cd26889ca66d677f1\",\"name\":\"cfeditorfr\"}]}<\/script>\n<!-- \/ Yoast SEO Premium plugin. -->","yoast_head_json":{"title":"Laurent Gbagbo: Un mois apr\u00e8s - C\u00f4te d&#039;Ivoire","description":"Douglas Mountain \u00ab Je suis heureux de retrouver la CI et L\u2019Afrique \u00bb, telle fut l\u2019unique d\u00e9claration du Pr\u00e9sident Gbagb ...","robots":{"index":"index","follow":"follow","max-snippet":"max-snippet:-1","max-image-preview":"max-image-preview:large","max-video-preview":"max-video-preview:-1"},"canonical":"https:\/\/www.africa-press.net\/cotedivoire\/dossiers\/laurent-gbagbo-un-mois-apres","og_locale":"fr_FR","og_type":"article","og_title":"Laurent Gbagbo: Un mois apr\u00e8s","og_description":"Douglas Mountain \u00ab Je suis heureux de retrouver la CI et L\u2019Afrique \u00bb, telle fut l\u2019unique d\u00e9claration du Pr\u00e9sident Gbagb ...","og_url":"https:\/\/www.africa-press.net\/cotedivoire\/dossiers\/laurent-gbagbo-un-mois-apres","og_site_name":"C\u00f4te d&#039;Ivoire","article_published_time":"2021-07-17T11:18:01+00:00","article_modified_time":"2021-07-18T03:48:29+00:00","og_image":[{"width":720,"height":478,"url":"https:\/\/static.africa-press.net\/cote\/sites\/43\/2021\/07\/img-60f2b3765cab1.jpg","type":"image\/jpeg"}],"author":"cfeditorfr","twitter_card":"summary_large_image","twitter_misc":{"\u00c9crit par":"cfeditorfr","Dur\u00e9e de lecture estim\u00e9e":"16 minutes"},"schema":{"@context":"https:\/\/schema.org","@graph":[{"@type":"Article","@id":"https:\/\/www.africa-press.net\/cotedivoire\/dossiers\/laurent-gbagbo-un-mois-apres#article","isPartOf":{"@id":"https:\/\/www.africa-press.net\/cotedivoire\/dossiers\/laurent-gbagbo-un-mois-apres"},"author":{"name":"cfeditorfr","@id":"https:\/\/www.africa-press.net\/cotedivoire\/#\/schema\/person\/2b1cf3cd81a31e3cd26889ca66d677f1"},"headline":"Laurent Gbagbo: Un mois apr\u00e8s","datePublished":"2021-07-17T11:18:01+00:00","dateModified":"2021-07-18T03:48:29+00:00","mainEntityOfPage":{"@id":"https:\/\/www.africa-press.net\/cotedivoire\/dossiers\/laurent-gbagbo-un-mois-apres"},"wordCount":3976,"commentCount":0,"image":{"@id":"https:\/\/www.africa-press.net\/cotedivoire\/dossiers\/laurent-gbagbo-un-mois-apres#primaryimage"},"thumbnailUrl":"https:\/\/static.africa-press.net\/cote\/sites\/43\/2021\/07\/img-60f2b3765cab1.jpg","keywords":["Africa Press","Africa Press-C\u00f4te d'Ivoire","C\u00d4TE D'IVOIRE"],"articleSection":["Dossiers","homepage-french","Top Nouvelles","Toutes les actualit\u00e9s"],"inLanguage":"fr-FR","potentialAction":[{"@type":"CommentAction","name":"Comment","target":["https:\/\/www.africa-press.net\/cotedivoire\/dossiers\/laurent-gbagbo-un-mois-apres#respond"]}]},{"@type":"WebPage","@id":"https:\/\/www.africa-press.net\/cotedivoire\/dossiers\/laurent-gbagbo-un-mois-apres","url":"https:\/\/www.africa-press.net\/cotedivoire\/dossiers\/laurent-gbagbo-un-mois-apres","name":"Laurent Gbagbo: Un mois apr\u00e8s - C\u00f4te d&#039;Ivoire","isPartOf":{"@id":"https:\/\/www.africa-press.net\/cotedivoire\/#website"},"primaryImageOfPage":{"@id":"https:\/\/www.africa-press.net\/cotedivoire\/dossiers\/laurent-gbagbo-un-mois-apres#primaryimage"},"image":{"@id":"https:\/\/www.africa-press.net\/cotedivoire\/dossiers\/laurent-gbagbo-un-mois-apres#primaryimage"},"thumbnailUrl":"https:\/\/static.africa-press.net\/cote\/sites\/43\/2021\/07\/img-60f2b3765cab1.jpg","datePublished":"2021-07-17T11:18:01+00:00","dateModified":"2021-07-18T03:48:29+00:00","author":{"@id":"https:\/\/www.africa-press.net\/cotedivoire\/#\/schema\/person\/2b1cf3cd81a31e3cd26889ca66d677f1"},"description":"Douglas Mountain \u00ab Je suis heureux de retrouver la CI et L\u2019Afrique \u00bb, telle fut l\u2019unique d\u00e9claration du Pr\u00e9sident Gbagb ...","breadcrumb":{"@id":"https:\/\/www.africa-press.net\/cotedivoire\/dossiers\/laurent-gbagbo-un-mois-apres#breadcrumb"},"inLanguage":"fr-FR","potentialAction":[{"@type":"ReadAction","target":["https:\/\/www.africa-press.net\/cotedivoire\/dossiers\/laurent-gbagbo-un-mois-apres"]}]},{"@type":"ImageObject","inLanguage":"fr-FR","@id":"https:\/\/www.africa-press.net\/cotedivoire\/dossiers\/laurent-gbagbo-un-mois-apres#primaryimage","url":"https:\/\/static.africa-press.net\/cote\/sites\/43\/2021\/07\/img-60f2b3765cab1.jpg","contentUrl":"https:\/\/static.africa-press.net\/cote\/sites\/43\/2021\/07\/img-60f2b3765cab1.jpg","width":720,"height":478,"caption":"Laurent Gbagbo: Un mois apr\u00e8s"},{"@type":"BreadcrumbList","@id":"https:\/\/www.africa-press.net\/cotedivoire\/dossiers\/laurent-gbagbo-un-mois-apres#breadcrumb","itemListElement":[{"@type":"ListItem","position":1,"name":"Accueil","item":"https:\/\/www.africa-press.net\/cotedivoire\/"},{"@type":"ListItem","position":2,"name":"Laurent Gbagbo: Un mois apr\u00e8s"}]},{"@type":"WebSite","@id":"https:\/\/www.africa-press.net\/cotedivoire\/#website","url":"https:\/\/www.africa-press.net\/cotedivoire\/","name":"C\u00f4te d&#039;Ivoire","description":"Just another Africa News Agency Sites site","potentialAction":[{"@type":"SearchAction","target":{"@type":"EntryPoint","urlTemplate":"https:\/\/www.africa-press.net\/cotedivoire\/?s={search_term_string}"},"query-input":{"@type":"PropertyValueSpecification","valueRequired":true,"valueName":"search_term_string"}}],"inLanguage":"fr-FR"},{"@type":"Person","@id":"https:\/\/www.africa-press.net\/cotedivoire\/#\/schema\/person\/2b1cf3cd81a31e3cd26889ca66d677f1","name":"cfeditorfr"}]}},"_links":{"self":[{"href":"https:\/\/www.africa-press.net\/cotedivoire\/wp-json\/wp\/v2\/posts\/10038","targetHints":{"allow":["GET"]}}],"collection":[{"href":"https:\/\/www.africa-press.net\/cotedivoire\/wp-json\/wp\/v2\/posts"}],"about":[{"href":"https:\/\/www.africa-press.net\/cotedivoire\/wp-json\/wp\/v2\/types\/post"}],"author":[{"embeddable":true,"href":"https:\/\/www.africa-press.net\/cotedivoire\/wp-json\/wp\/v2\/users\/82"}],"replies":[{"embeddable":true,"href":"https:\/\/www.africa-press.net\/cotedivoire\/wp-json\/wp\/v2\/comments?post=10038"}],"version-history":[{"count":0,"href":"https:\/\/www.africa-press.net\/cotedivoire\/wp-json\/wp\/v2\/posts\/10038\/revisions"}],"wp:featuredmedia":[{"embeddable":true,"href":"https:\/\/www.africa-press.net\/cotedivoire\/wp-json\/wp\/v2\/media\/10037"}],"wp:attachment":[{"href":"https:\/\/www.africa-press.net\/cotedivoire\/wp-json\/wp\/v2\/media?parent=10038"}],"wp:term":[{"taxonomy":"category","embeddable":true,"href":"https:\/\/www.africa-press.net\/cotedivoire\/wp-json\/wp\/v2\/categories?post=10038"},{"taxonomy":"post_tag","embeddable":true,"href":"https:\/\/www.africa-press.net\/cotedivoire\/wp-json\/wp\/v2\/tags?post=10038"}],"curies":[{"name":"wp","href":"https:\/\/api.w.org\/{rel}","templated":true}]}}