{"id":10041,"date":"2021-07-17T11:25:37","date_gmt":"2021-07-17T11:25:37","guid":{"rendered":"https:\/\/www.africa-press.net\/cotedivoire\/?p=10041"},"modified":"2021-07-18T03:48:35","modified_gmt":"2021-07-18T03:48:35","slug":"les-organisations-des-personnes-handicapees-appellent-les-medias-au-secours","status":"publish","type":"post","link":"https:\/\/www.africa-press.net\/cotedivoire\/toutes-les-actualites\/les-organisations-des-personnes-handicapees-appellent-les-medias-au-secours","title":{"rendered":"Les organisations des personnes handicap\u00e9es appellent les m\u00e9dias au secours"},"content":{"rendered":"<p><span style=\"color: #ff6600\"><strong><a href=\"https:\/\/www.africa-press.net\/\">Africa-Press<\/a> &#8211; <a href=\"https:\/\/www.africa-press.net\/cotedivoire\">C\u00f4te d&rsquo;Ivoire<\/a>. <\/strong><\/span>De nombreux d\u00e9crets en leur faveur toujours pas sign\u00e9s<\/p>\n<p>Des responsables des m\u00e9dias ivoiriens, notamment des r\u00e9dacteurs en chef ont pris part jeudi 15 juillet 2021 \u00e0 l\u2019h\u00f4tel Belle c\u00f4te d\u2019Abidjan -Cocody, \u00e0 une table-ronde sur le th\u00e8me \u00bb Changer la narration : amplifier les voix des personnes handicap\u00e9es \u00e0 travers une meilleure couverture m\u00e9diatique sur les questions li\u00e9es aux personnes handicap\u00e9es \u00bb. Ce projet \u00e0 l\u2019initiative de Internews en collaboration avec l\u2019Ong Espoir Handicap vise \u00e0 sensibiliser les responsables des m\u00e9dias sur les questions relatives aux personnes vivant en situation d\u2019handicap.<\/p>\n<p>Il s\u2019agira d\u2019amener les responsables des m\u00e9dias \u00e0 inclure dans leurs diff\u00e9rents programmes les informations relatives aux personnes en situation d\u2019handicap.<\/p>\n<p>M. Paul N\u2019diaye le repr\u00e9sentant de Internews a exhort\u00e9 les responsables des m\u00e9dias \u00e0 ouvrir leurs diff\u00e9rents m\u00e9dias aux personnes handicap\u00e9es. Ce projet vise \u00e9galement \u00e0 renforcer les capacit\u00e9s des acteurs des m\u00e9dias de sorte qu\u2019ils accordent une place de choix dans leurs m\u00e9dias aux informations d\u00e9di\u00e9es aux handicap\u00e9s.<\/p>\n<p>Ce projet \u00e0 terme devrait permettre de changer de regard vis-\u00e0-vis des personnes en situation d\u2019handicap. Il s\u2019agira \u00e9galement de former les journalistes afin de leur permettre de r\u00e9ussir cette mission.<\/p>\n<p>Les journalistes ont adh\u00e9r\u00e9 au projet. Ils ont fait de nombreuses propositions qui leur permettront de r\u00e9ussir cette mission de sensibilisation sur la question des personnes en situation d\u2019handicap. Ils ont propos\u00e9 par exemple la mise en place d\u2019un point focal au sein de chaque r\u00e9daction.<\/p>\n<p>M. Diplo du minist\u00e8re de l\u2019emploi et de la protection sociale a reconnu que c\u2019est gr\u00e2ce aux journalistes qu\u2019on pourra changer de regard sur la situation des personnes handicap\u00e9es. M. Dogo Rapha\u00ebl expert en handicap et pr\u00e9sident de la F\u00e9d\u00e9ration des associations des personnes handicap\u00e9es (FAHCI) s\u2019est r\u00e9joui de ce projet. Il a ensuite pr\u00e9sent\u00e9 un triste tableau des personnes handicap\u00e9es, avant de d\u00e9plorer le fait que de nombreuses lois et d\u00e9crets en faveur des handicap\u00e9s restent toujours dans les tiroirs.<\/p>\n<p>Agn\u00e8s Kraidy journaliste, auteure et consultante a indiqu\u00e9 que l\u2019\u00e9l\u00e9ment central c\u2019est l\u2019engagement du journaliste pour ce projet.<\/p>\n<p>&nbsp;<\/p>\n","protected":false},"excerpt":{"rendered":"<p>Africa-Press &#8211; C\u00f4te d&rsquo;Ivoire. De nombreux d\u00e9crets en leur faveur toujours pas sign\u00e9s Des responsables des m\u00e9dias ivoiriens, notamment des r\u00e9dacteurs en chef ont pris part jeudi 15 juillet 2021 \u00e0 l\u2019h\u00f4tel Belle c\u00f4te d\u2019Abidjan -Cocody, \u00e0 une table-ronde sur le th\u00e8me \u00bb Changer la narration : amplifier les voix des personnes handicap\u00e9es \u00e0 travers [&hellip;]<\/p>\n","protected":false},"author":82,"featured_media":10040,"comment_status":"open","ping_status":"closed","sticky":false,"template":"","format":"standard","meta":{"footnotes":""},"categories":[21,11,10],"tags":[56,63,29],"class_list":["post-10041","post","type-post","status-publish","format-standard","has-post-thumbnail","hentry","category-communaute","category-homepage-french","category-toutes-les-actualites","tag-africa-press","tag-africa-press-cote-divoire","tag-cote-divoire"],"yoast_head":"<!-- This site is optimized with the Yoast SEO Premium plugin v26.1 (Yoast SEO v27.0) - https:\/\/yoast.com\/product\/yoast-seo-premium-wordpress\/ -->\n<title>Les organisations des personnes handicap\u00e9es appellent les m\u00e9dias au secours - C\u00f4te d&#039;Ivoire<\/title>\n<meta name=\"description\" content=\"De nombreux d\u00e9crets en leur faveur toujours pas sign\u00e9s Des responsables des m\u00e9dias ivoiriens, notamment des r\u00e9dacteurs ...\" \/>\n<meta name=\"robots\" content=\"index, follow, max-snippet:-1, max-image-preview:large, max-video-preview:-1\" \/>\n<link rel=\"canonical\" href=\"https:\/\/www.africa-press.net\/cotedivoire\/toutes-les-actualites\/les-organisations-des-personnes-handicapees-appellent-les-medias-au-secours\" \/>\n<meta property=\"og:locale\" content=\"fr_FR\" \/>\n<meta property=\"og:type\" content=\"article\" \/>\n<meta property=\"og:title\" content=\"Les organisations des personnes handicap\u00e9es appellent les m\u00e9dias au secours\" \/>\n<meta property=\"og:description\" content=\"De nombreux d\u00e9crets en leur faveur toujours pas sign\u00e9s Des responsables des m\u00e9dias ivoiriens, notamment des r\u00e9dacteurs ...\" \/>\n<meta property=\"og:url\" content=\"https:\/\/www.africa-press.net\/cotedivoire\/toutes-les-actualites\/les-organisations-des-personnes-handicapees-appellent-les-medias-au-secours\" \/>\n<meta property=\"og:site_name\" content=\"C\u00f4te d&#039;Ivoire\" \/>\n<meta property=\"article:published_time\" content=\"2021-07-17T11:25:37+00:00\" \/>\n<meta property=\"article:modified_time\" content=\"2021-07-18T03:48:35+00:00\" \/>\n<meta property=\"og:image\" content=\"https:\/\/static.africa-press.net\/cote\/sites\/43\/2021\/07\/img-60f2b39727a97.jpg\" \/>\n\t<meta property=\"og:image:width\" content=\"1040\" \/>\n\t<meta property=\"og:image:height\" content=\"780\" \/>\n\t<meta property=\"og:image:type\" content=\"image\/jpeg\" \/>\n<meta name=\"author\" content=\"cfeditorfr\" \/>\n<meta name=\"twitter:card\" content=\"summary_large_image\" \/>\n<meta name=\"twitter:label1\" content=\"\u00c9crit par\" \/>\n\t<meta name=\"twitter:data1\" content=\"cfeditorfr\" \/>\n\t<meta name=\"twitter:label2\" content=\"Dur\u00e9e de lecture estim\u00e9e\" \/>\n\t<meta name=\"twitter:data2\" content=\"2 minutes\" \/>\n<script type=\"application\/ld+json\" class=\"yoast-schema-graph\">{\"@context\":\"https:\/\/schema.org\",\"@graph\":[{\"@type\":\"Article\",\"@id\":\"https:\/\/www.africa-press.net\/cotedivoire\/toutes-les-actualites\/les-organisations-des-personnes-handicapees-appellent-les-medias-au-secours#article\",\"isPartOf\":{\"@id\":\"https:\/\/www.africa-press.net\/cotedivoire\/toutes-les-actualites\/les-organisations-des-personnes-handicapees-appellent-les-medias-au-secours\"},\"author\":{\"name\":\"cfeditorfr\",\"@id\":\"https:\/\/www.africa-press.net\/cotedivoire\/#\/schema\/person\/2b1cf3cd81a31e3cd26889ca66d677f1\"},\"headline\":\"Les organisations des personnes handicap\u00e9es appellent les m\u00e9dias au secours\",\"datePublished\":\"2021-07-17T11:25:37+00:00\",\"dateModified\":\"2021-07-18T03:48:35+00:00\",\"mainEntityOfPage\":{\"@id\":\"https:\/\/www.africa-press.net\/cotedivoire\/toutes-les-actualites\/les-organisations-des-personnes-handicapees-appellent-les-medias-au-secours\"},\"wordCount\":410,\"commentCount\":0,\"image\":{\"@id\":\"https:\/\/www.africa-press.net\/cotedivoire\/toutes-les-actualites\/les-organisations-des-personnes-handicapees-appellent-les-medias-au-secours#primaryimage\"},\"thumbnailUrl\":\"https:\/\/static.africa-press.net\/cote\/sites\/43\/2021\/07\/img-60f2b39727a97.jpg\",\"keywords\":[\"Africa Press\",\"Africa Press-C\u00f4te d'Ivoire\",\"C\u00d4TE D'IVOIRE\"],\"articleSection\":[\"Communaut\u00e9\",\"homepage-french\",\"Toutes les actualit\u00e9s\"],\"inLanguage\":\"fr-FR\",\"potentialAction\":[{\"@type\":\"CommentAction\",\"name\":\"Comment\",\"target\":[\"https:\/\/www.africa-press.net\/cotedivoire\/toutes-les-actualites\/les-organisations-des-personnes-handicapees-appellent-les-medias-au-secours#respond\"]}]},{\"@type\":\"WebPage\",\"@id\":\"https:\/\/www.africa-press.net\/cotedivoire\/toutes-les-actualites\/les-organisations-des-personnes-handicapees-appellent-les-medias-au-secours\",\"url\":\"https:\/\/www.africa-press.net\/cotedivoire\/toutes-les-actualites\/les-organisations-des-personnes-handicapees-appellent-les-medias-au-secours\",\"name\":\"Les organisations des personnes handicap\u00e9es appellent les m\u00e9dias au secours - C\u00f4te d&#039;Ivoire\",\"isPartOf\":{\"@id\":\"https:\/\/www.africa-press.net\/cotedivoire\/#website\"},\"primaryImageOfPage\":{\"@id\":\"https:\/\/www.africa-press.net\/cotedivoire\/toutes-les-actualites\/les-organisations-des-personnes-handicapees-appellent-les-medias-au-secours#primaryimage\"},\"image\":{\"@id\":\"https:\/\/www.africa-press.net\/cotedivoire\/toutes-les-actualites\/les-organisations-des-personnes-handicapees-appellent-les-medias-au-secours#primaryimage\"},\"thumbnailUrl\":\"https:\/\/static.africa-press.net\/cote\/sites\/43\/2021\/07\/img-60f2b39727a97.jpg\",\"datePublished\":\"2021-07-17T11:25:37+00:00\",\"dateModified\":\"2021-07-18T03:48:35+00:00\",\"author\":{\"@id\":\"https:\/\/www.africa-press.net\/cotedivoire\/#\/schema\/person\/2b1cf3cd81a31e3cd26889ca66d677f1\"},\"description\":\"De nombreux d\u00e9crets en leur faveur toujours pas sign\u00e9s Des responsables des m\u00e9dias ivoiriens, notamment des r\u00e9dacteurs ...\",\"breadcrumb\":{\"@id\":\"https:\/\/www.africa-press.net\/cotedivoire\/toutes-les-actualites\/les-organisations-des-personnes-handicapees-appellent-les-medias-au-secours#breadcrumb\"},\"inLanguage\":\"fr-FR\",\"potentialAction\":[{\"@type\":\"ReadAction\",\"target\":[\"https:\/\/www.africa-press.net\/cotedivoire\/toutes-les-actualites\/les-organisations-des-personnes-handicapees-appellent-les-medias-au-secours\"]}]},{\"@type\":\"ImageObject\",\"inLanguage\":\"fr-FR\",\"@id\":\"https:\/\/www.africa-press.net\/cotedivoire\/toutes-les-actualites\/les-organisations-des-personnes-handicapees-appellent-les-medias-au-secours#primaryimage\",\"url\":\"https:\/\/static.africa-press.net\/cote\/sites\/43\/2021\/07\/img-60f2b39727a97.jpg\",\"contentUrl\":\"https:\/\/static.africa-press.net\/cote\/sites\/43\/2021\/07\/img-60f2b39727a97.jpg\",\"width\":1040,\"height\":780,\"caption\":\"Les organisations des personnes handicap\u00e9es appellent les m\u00e9dias au secours\"},{\"@type\":\"BreadcrumbList\",\"@id\":\"https:\/\/www.africa-press.net\/cotedivoire\/toutes-les-actualites\/les-organisations-des-personnes-handicapees-appellent-les-medias-au-secours#breadcrumb\",\"itemListElement\":[{\"@type\":\"ListItem\",\"position\":1,\"name\":\"Accueil\",\"item\":\"https:\/\/www.africa-press.net\/cotedivoire\/\"},{\"@type\":\"ListItem\",\"position\":2,\"name\":\"Les organisations des personnes handicap\u00e9es appellent les m\u00e9dias au secours\"}]},{\"@type\":\"WebSite\",\"@id\":\"https:\/\/www.africa-press.net\/cotedivoire\/#website\",\"url\":\"https:\/\/www.africa-press.net\/cotedivoire\/\",\"name\":\"C\u00f4te d&#039;Ivoire\",\"description\":\"Just another Africa News Agency Sites site\",\"potentialAction\":[{\"@type\":\"SearchAction\",\"target\":{\"@type\":\"EntryPoint\",\"urlTemplate\":\"https:\/\/www.africa-press.net\/cotedivoire\/?s={search_term_string}\"},\"query-input\":{\"@type\":\"PropertyValueSpecification\",\"valueRequired\":true,\"valueName\":\"search_term_string\"}}],\"inLanguage\":\"fr-FR\"},{\"@type\":\"Person\",\"@id\":\"https:\/\/www.africa-press.net\/cotedivoire\/#\/schema\/person\/2b1cf3cd81a31e3cd26889ca66d677f1\",\"name\":\"cfeditorfr\"}]}<\/script>\n<!-- \/ Yoast SEO Premium plugin. -->","yoast_head_json":{"title":"Les organisations des personnes handicap\u00e9es appellent les m\u00e9dias au secours - C\u00f4te d&#039;Ivoire","description":"De nombreux d\u00e9crets en leur faveur toujours pas sign\u00e9s Des responsables des m\u00e9dias ivoiriens, notamment des r\u00e9dacteurs ...","robots":{"index":"index","follow":"follow","max-snippet":"max-snippet:-1","max-image-preview":"max-image-preview:large","max-video-preview":"max-video-preview:-1"},"canonical":"https:\/\/www.africa-press.net\/cotedivoire\/toutes-les-actualites\/les-organisations-des-personnes-handicapees-appellent-les-medias-au-secours","og_locale":"fr_FR","og_type":"article","og_title":"Les organisations des personnes handicap\u00e9es appellent les m\u00e9dias au secours","og_description":"De nombreux d\u00e9crets en leur faveur toujours pas sign\u00e9s Des responsables des m\u00e9dias ivoiriens, notamment des r\u00e9dacteurs ...","og_url":"https:\/\/www.africa-press.net\/cotedivoire\/toutes-les-actualites\/les-organisations-des-personnes-handicapees-appellent-les-medias-au-secours","og_site_name":"C\u00f4te d&#039;Ivoire","article_published_time":"2021-07-17T11:25:37+00:00","article_modified_time":"2021-07-18T03:48:35+00:00","og_image":[{"width":1040,"height":780,"url":"https:\/\/static.africa-press.net\/cote\/sites\/43\/2021\/07\/img-60f2b39727a97.jpg","type":"image\/jpeg"}],"author":"cfeditorfr","twitter_card":"summary_large_image","twitter_misc":{"\u00c9crit par":"cfeditorfr","Dur\u00e9e de lecture estim\u00e9e":"2 minutes"},"schema":{"@context":"https:\/\/schema.org","@graph":[{"@type":"Article","@id":"https:\/\/www.africa-press.net\/cotedivoire\/toutes-les-actualites\/les-organisations-des-personnes-handicapees-appellent-les-medias-au-secours#article","isPartOf":{"@id":"https:\/\/www.africa-press.net\/cotedivoire\/toutes-les-actualites\/les-organisations-des-personnes-handicapees-appellent-les-medias-au-secours"},"author":{"name":"cfeditorfr","@id":"https:\/\/www.africa-press.net\/cotedivoire\/#\/schema\/person\/2b1cf3cd81a31e3cd26889ca66d677f1"},"headline":"Les organisations des personnes handicap\u00e9es appellent les m\u00e9dias au secours","datePublished":"2021-07-17T11:25:37+00:00","dateModified":"2021-07-18T03:48:35+00:00","mainEntityOfPage":{"@id":"https:\/\/www.africa-press.net\/cotedivoire\/toutes-les-actualites\/les-organisations-des-personnes-handicapees-appellent-les-medias-au-secours"},"wordCount":410,"commentCount":0,"image":{"@id":"https:\/\/www.africa-press.net\/cotedivoire\/toutes-les-actualites\/les-organisations-des-personnes-handicapees-appellent-les-medias-au-secours#primaryimage"},"thumbnailUrl":"https:\/\/static.africa-press.net\/cote\/sites\/43\/2021\/07\/img-60f2b39727a97.jpg","keywords":["Africa Press","Africa Press-C\u00f4te d'Ivoire","C\u00d4TE D'IVOIRE"],"articleSection":["Communaut\u00e9","homepage-french","Toutes les actualit\u00e9s"],"inLanguage":"fr-FR","potentialAction":[{"@type":"CommentAction","name":"Comment","target":["https:\/\/www.africa-press.net\/cotedivoire\/toutes-les-actualites\/les-organisations-des-personnes-handicapees-appellent-les-medias-au-secours#respond"]}]},{"@type":"WebPage","@id":"https:\/\/www.africa-press.net\/cotedivoire\/toutes-les-actualites\/les-organisations-des-personnes-handicapees-appellent-les-medias-au-secours","url":"https:\/\/www.africa-press.net\/cotedivoire\/toutes-les-actualites\/les-organisations-des-personnes-handicapees-appellent-les-medias-au-secours","name":"Les organisations des personnes handicap\u00e9es appellent les m\u00e9dias au secours - C\u00f4te d&#039;Ivoire","isPartOf":{"@id":"https:\/\/www.africa-press.net\/cotedivoire\/#website"},"primaryImageOfPage":{"@id":"https:\/\/www.africa-press.net\/cotedivoire\/toutes-les-actualites\/les-organisations-des-personnes-handicapees-appellent-les-medias-au-secours#primaryimage"},"image":{"@id":"https:\/\/www.africa-press.net\/cotedivoire\/toutes-les-actualites\/les-organisations-des-personnes-handicapees-appellent-les-medias-au-secours#primaryimage"},"thumbnailUrl":"https:\/\/static.africa-press.net\/cote\/sites\/43\/2021\/07\/img-60f2b39727a97.jpg","datePublished":"2021-07-17T11:25:37+00:00","dateModified":"2021-07-18T03:48:35+00:00","author":{"@id":"https:\/\/www.africa-press.net\/cotedivoire\/#\/schema\/person\/2b1cf3cd81a31e3cd26889ca66d677f1"},"description":"De nombreux d\u00e9crets en leur faveur toujours pas sign\u00e9s Des responsables des m\u00e9dias ivoiriens, notamment des r\u00e9dacteurs ...","breadcrumb":{"@id":"https:\/\/www.africa-press.net\/cotedivoire\/toutes-les-actualites\/les-organisations-des-personnes-handicapees-appellent-les-medias-au-secours#breadcrumb"},"inLanguage":"fr-FR","potentialAction":[{"@type":"ReadAction","target":["https:\/\/www.africa-press.net\/cotedivoire\/toutes-les-actualites\/les-organisations-des-personnes-handicapees-appellent-les-medias-au-secours"]}]},{"@type":"ImageObject","inLanguage":"fr-FR","@id":"https:\/\/www.africa-press.net\/cotedivoire\/toutes-les-actualites\/les-organisations-des-personnes-handicapees-appellent-les-medias-au-secours#primaryimage","url":"https:\/\/static.africa-press.net\/cote\/sites\/43\/2021\/07\/img-60f2b39727a97.jpg","contentUrl":"https:\/\/static.africa-press.net\/cote\/sites\/43\/2021\/07\/img-60f2b39727a97.jpg","width":1040,"height":780,"caption":"Les organisations des personnes handicap\u00e9es appellent les m\u00e9dias au secours"},{"@type":"BreadcrumbList","@id":"https:\/\/www.africa-press.net\/cotedivoire\/toutes-les-actualites\/les-organisations-des-personnes-handicapees-appellent-les-medias-au-secours#breadcrumb","itemListElement":[{"@type":"ListItem","position":1,"name":"Accueil","item":"https:\/\/www.africa-press.net\/cotedivoire\/"},{"@type":"ListItem","position":2,"name":"Les organisations des personnes handicap\u00e9es appellent les m\u00e9dias au secours"}]},{"@type":"WebSite","@id":"https:\/\/www.africa-press.net\/cotedivoire\/#website","url":"https:\/\/www.africa-press.net\/cotedivoire\/","name":"C\u00f4te d&#039;Ivoire","description":"Just another Africa News Agency Sites site","potentialAction":[{"@type":"SearchAction","target":{"@type":"EntryPoint","urlTemplate":"https:\/\/www.africa-press.net\/cotedivoire\/?s={search_term_string}"},"query-input":{"@type":"PropertyValueSpecification","valueRequired":true,"valueName":"search_term_string"}}],"inLanguage":"fr-FR"},{"@type":"Person","@id":"https:\/\/www.africa-press.net\/cotedivoire\/#\/schema\/person\/2b1cf3cd81a31e3cd26889ca66d677f1","name":"cfeditorfr"}]}},"_links":{"self":[{"href":"https:\/\/www.africa-press.net\/cotedivoire\/wp-json\/wp\/v2\/posts\/10041","targetHints":{"allow":["GET"]}}],"collection":[{"href":"https:\/\/www.africa-press.net\/cotedivoire\/wp-json\/wp\/v2\/posts"}],"about":[{"href":"https:\/\/www.africa-press.net\/cotedivoire\/wp-json\/wp\/v2\/types\/post"}],"author":[{"embeddable":true,"href":"https:\/\/www.africa-press.net\/cotedivoire\/wp-json\/wp\/v2\/users\/82"}],"replies":[{"embeddable":true,"href":"https:\/\/www.africa-press.net\/cotedivoire\/wp-json\/wp\/v2\/comments?post=10041"}],"version-history":[{"count":0,"href":"https:\/\/www.africa-press.net\/cotedivoire\/wp-json\/wp\/v2\/posts\/10041\/revisions"}],"wp:featuredmedia":[{"embeddable":true,"href":"https:\/\/www.africa-press.net\/cotedivoire\/wp-json\/wp\/v2\/media\/10040"}],"wp:attachment":[{"href":"https:\/\/www.africa-press.net\/cotedivoire\/wp-json\/wp\/v2\/media?parent=10041"}],"wp:term":[{"taxonomy":"category","embeddable":true,"href":"https:\/\/www.africa-press.net\/cotedivoire\/wp-json\/wp\/v2\/categories?post=10041"},{"taxonomy":"post_tag","embeddable":true,"href":"https:\/\/www.africa-press.net\/cotedivoire\/wp-json\/wp\/v2\/tags?post=10041"}],"curies":[{"name":"wp","href":"https:\/\/api.w.org\/{rel}","templated":true}]}}