{"id":100566,"date":"2025-06-10T16:14:04","date_gmt":"2025-06-10T16:14:04","guid":{"rendered":"https:\/\/www.africa-press.net\/cotedivoire\/politique\/eleveurs-de-porcs-de-songon-reclament-justice-apres-abattage"},"modified":"2025-06-10T16:31:08","modified_gmt":"2025-06-10T16:31:08","slug":"eleveurs-de-porcs-de-songon-reclament-justice-apres-abattage","status":"publish","type":"post","link":"https:\/\/www.africa-press.net\/cotedivoire\/toutes-les-actualites\/eleveurs-de-porcs-de-songon-reclament-justice-apres-abattage","title":{"rendered":"\u00c9leveurs de porcs de Songon r\u00e9clament justice apr\u00e8s abattage"},"content":{"rendered":"<p><span style=\"color: #ff6600\"><strong>Africa-Press &#8211; C\u00f4te d&rsquo;Ivoire. <\/strong><\/span>Un an apre\u0300s l\u2019abattage massif de porcs ordonne\u0301 pour contenir la propagation de la Peste Porcine Africaine (PPA), les e\u0301leveurs de Songon, dans le district d\u2019Abidjan, n\u2019ont toujours pas rec\u0327u les indemnisations promises par les autorite\u0301s ivoiriennes.<\/p>\n<p>Leur de\u0301tresse e\u0301conomique, sociale et morale s\u2019intensifie, et leur patience atteint ses limites. Le lundi 10 juin 2025, plus de 200 d\u2019entre eux ont adresse\u0301 une pe\u0301tition solennelle au Premier Ministre, dans l\u2019espoir de briser un silence administratif devenu insupportable.<\/p>\n<p>C\u2019est le 11 mai 2024 que la PPA a e\u0301te\u0301 de\u0301tecte\u0301e a\u0300 Songon.<\/p>\n<p>Face a\u0300 la virulence du virus, la Direction des Services Ve\u0301te\u0301rinaires a lance\u0301 une ope\u0301ration d\u2019abattage sanitaire: 17 000 porcs ont e\u0301te\u0301 e\u0301limine\u0301s dans la zone, et plus de 100 000 a\u0300 l\u2019e\u0301chelle nationale. Cette re\u0301ponse rapide, destine\u0301e a\u0300 enrayer la maladie, a eu un cou\u0302t humain et e\u0301conomique conside\u0301rable pour les e\u0301leveurs. Nombre d\u2019entre eux ont tout perdu. On leur avait pourtant promis une indemnisation dans un de\u0301lai de six a\u0300 huit mois.<\/p>\n<p>Aujourd\u2019hui, treize mois plus tard, aucune compensation n\u2019a e\u0301te\u0301 verse\u0301e. Les conse\u0301quences sont dramatiques. Incapables de rembourser leurs pre\u0302ts ou de re\u0301gler leurs dettes envers fournisseurs et banques, les e\u0301leveurs se retrouvent dans des situations critiques: menace\u0301s de poursuites, incapables de subvenir aux besoins essentiels de leurs familles, certains sont au bord de l\u2019effondrement. L\u2019e\u0301levage porcin, qui repre\u0301sentait pour eux un espoir d\u2019ascension sociale et un levier pour la se\u0301curite\u0301 alimentaire nationale, n\u2019est plus qu\u2019un souvenir douloureux.<\/p>\n<p>Le collectif des e\u0301leveurs de Songon, lasse\u0301 d\u2019attendre, a donc de\u0301cide\u0301 de se faire entendre. Par la voie d\u2019une pe\u0301tition adresse\u0301e au Premier Ministre, ils sollicitent une intervention directe aupre\u0300s du Ministre des Finances et du Budget pour de\u0301bloquer les indemnisations. Une copie a e\u0301te\u0301 officiellement de\u0301pose\u0301e a\u0300 la sous-pre\u0301fecture de Songon, dans le strict respect des proce\u0301dures administratives. Dans ce courrier, a\u0300 la fois digne et poignant, les signataires expriment leur e\u0301puisement, mais aussi leur foi dans l\u2019autorite\u0301 de l\u2019E\u0301tat.<\/p>\n<p>\u00ab Excellence, vous e\u0302tes la seule Haute Autorite\u0301 vers qui nous nous tournons pour faire entendre nos voix \u00bb, e\u0301crivent-ils.<\/p>\n<p>Malgre\u0301 les difficulte\u0301s, les e\u0301leveurs n\u2019ont pas renonce\u0301 a\u0300 leur activite\u0301. Ils affirment e\u0302tre pre\u0302ts a\u0300 relancer l\u2019e\u0301levage porcin dans des conditions se\u0301curise\u0301es, conforme\u0301ment a\u0300 la politique nationale de souverainete\u0301 alimentaire.<\/p>\n<p>Mais sans compensation, ce rede\u0301marrage reste illusoire. \u00ab Nous voulons participer a\u0300 la vision du Pre\u0301sident de la Re\u0301publique, Son Excellence Alassane Ouattara, pour une Co\u0302te d\u2019Ivoire autosuffisante sur le plan alimentaire \u00bb, rappelle le pre\u0301sident du collectif.<\/p>\n<p>Le dossier est de\u0301sormais entre les mains du gouvernement. De sa re\u0301action de\u0301pend l\u2019avenir de centaines de familles, mais aussi d\u2019un secteur strate\u0301gique pour l\u2019e\u0301conomie agricole du pays.<\/p>\n<p><strong>Pour plus d&rsquo;informations et d&rsquo;analyses sur la <span style=\"color: #ff6600\">C\u00f4te d&rsquo;Ivoire<\/span>, suivez <span style=\"color: #ff6600\">Africa-Press<\/span><\/strong><\/p>\n","protected":false},"excerpt":{"rendered":"<p>Africa-Press &#8211; C\u00f4te d&rsquo;Ivoire. Un an apre\u0300s l\u2019abattage massif de porcs ordonne\u0301 pour contenir la propagation de la Peste Porcine Africaine (PPA), les e\u0301leveurs de Songon, dans le district d\u2019Abidjan, n\u2019ont toujours pas rec\u0327u les indemnisations promises par les autorite\u0301s ivoiriennes. Leur de\u0301tresse e\u0301conomique, sociale et morale s\u2019intensifie, et leur patience atteint ses limites. Le [&hellip;]<\/p>\n","protected":false},"author":82,"featured_media":100565,"comment_status":"open","ping_status":"closed","sticky":false,"template":"","format":"standard","meta":{"footnotes":""},"categories":[21,10],"tags":[30,38,29,3643,1900,1287],"class_list":["post-100566","post","type-post","status-publish","format-standard","has-post-thumbnail","hentry","category-communaute","category-toutes-les-actualites","tag-abidjan","tag-alassane-ouattara","tag-cote-divoire","tag-porc","tag-ppa","tag-songon"],"yoast_head":"<!-- This site is optimized with the Yoast SEO Premium plugin v26.1 (Yoast SEO v27.0) - https:\/\/yoast.com\/product\/yoast-seo-premium-wordpress\/ -->\n<title>\u00c9leveurs de porcs de Songon r\u00e9clament justice apr\u00e8s abattage - C\u00f4te d&#039;Ivoire<\/title>\n<meta name=\"description\" content=\"Un an apre\u0300s l\u2019abattage massif de porcs ordonne\u0301 pour contenir la propagation de la Peste Porcine Africaine (PPA), les e ...\" \/>\n<meta name=\"robots\" content=\"index, follow, max-snippet:-1, max-image-preview:large, max-video-preview:-1\" \/>\n<link rel=\"canonical\" href=\"https:\/\/www.africa-press.net\/cotedivoire\/toutes-les-actualites\/eleveurs-de-porcs-de-songon-reclament-justice-apres-abattage\" \/>\n<meta property=\"og:locale\" content=\"fr_FR\" \/>\n<meta property=\"og:type\" content=\"article\" \/>\n<meta property=\"og:title\" content=\"\u00c9leveurs de porcs de Songon r\u00e9clament justice apr\u00e8s abattage\" \/>\n<meta property=\"og:description\" content=\"Un an apre\u0300s l\u2019abattage massif de porcs ordonne\u0301 pour contenir la propagation de la Peste Porcine Africaine (PPA), les e ...\" \/>\n<meta property=\"og:url\" content=\"https:\/\/www.africa-press.net\/cotedivoire\/toutes-les-actualites\/eleveurs-de-porcs-de-songon-reclament-justice-apres-abattage\" \/>\n<meta property=\"og:site_name\" content=\"C\u00f4te d&#039;Ivoire\" \/>\n<meta property=\"article:published_time\" content=\"2025-06-10T16:14:04+00:00\" \/>\n<meta property=\"article:modified_time\" content=\"2025-06-10T16:31:08+00:00\" \/>\n<meta property=\"og:image\" content=\"https:\/\/static.africa-press.net\/cote\/sites\/43\/2025\/06\/sm_1749560437.620405.jpg\" \/>\n\t<meta property=\"og:image:width\" content=\"720\" \/>\n\t<meta property=\"og:image:height\" content=\"480\" \/>\n\t<meta property=\"og:image:type\" content=\"image\/jpeg\" \/>\n<meta name=\"author\" content=\"cfeditorfr\" \/>\n<meta name=\"twitter:card\" content=\"summary_large_image\" \/>\n<meta name=\"twitter:label1\" content=\"\u00c9crit par\" \/>\n\t<meta name=\"twitter:data1\" content=\"cfeditorfr\" \/>\n\t<meta name=\"twitter:label2\" content=\"Dur\u00e9e de lecture estim\u00e9e\" \/>\n\t<meta name=\"twitter:data2\" content=\"3 minutes\" \/>\n<script type=\"application\/ld+json\" class=\"yoast-schema-graph\">{\"@context\":\"https:\/\/schema.org\",\"@graph\":[{\"@type\":\"Article\",\"@id\":\"https:\/\/www.africa-press.net\/cotedivoire\/toutes-les-actualites\/eleveurs-de-porcs-de-songon-reclament-justice-apres-abattage#article\",\"isPartOf\":{\"@id\":\"https:\/\/www.africa-press.net\/cotedivoire\/toutes-les-actualites\/eleveurs-de-porcs-de-songon-reclament-justice-apres-abattage\"},\"author\":{\"name\":\"cfeditorfr\",\"@id\":\"https:\/\/www.africa-press.net\/cotedivoire\/#\/schema\/person\/2b1cf3cd81a31e3cd26889ca66d677f1\"},\"headline\":\"\u00c9leveurs de porcs de Songon r\u00e9clament justice apr\u00e8s abattage\",\"datePublished\":\"2025-06-10T16:14:04+00:00\",\"dateModified\":\"2025-06-10T16:31:08+00:00\",\"mainEntityOfPage\":{\"@id\":\"https:\/\/www.africa-press.net\/cotedivoire\/toutes-les-actualites\/eleveurs-de-porcs-de-songon-reclament-justice-apres-abattage\"},\"wordCount\":552,\"commentCount\":0,\"image\":{\"@id\":\"https:\/\/www.africa-press.net\/cotedivoire\/toutes-les-actualites\/eleveurs-de-porcs-de-songon-reclament-justice-apres-abattage#primaryimage\"},\"thumbnailUrl\":\"https:\/\/static.africa-press.net\/cote\/sites\/43\/2025\/06\/sm_1749560437.620405.jpg\",\"keywords\":[\"Abidjan\",\"Alassane Ouattara\",\"C\u00d4TE D'IVOIRE\",\"porc\",\"PPA\",\"Songon\"],\"articleSection\":[\"Communaut\u00e9\",\"Toutes les actualit\u00e9s\"],\"inLanguage\":\"fr-FR\",\"potentialAction\":[{\"@type\":\"CommentAction\",\"name\":\"Comment\",\"target\":[\"https:\/\/www.africa-press.net\/cotedivoire\/toutes-les-actualites\/eleveurs-de-porcs-de-songon-reclament-justice-apres-abattage#respond\"]}]},{\"@type\":\"WebPage\",\"@id\":\"https:\/\/www.africa-press.net\/cotedivoire\/toutes-les-actualites\/eleveurs-de-porcs-de-songon-reclament-justice-apres-abattage\",\"url\":\"https:\/\/www.africa-press.net\/cotedivoire\/toutes-les-actualites\/eleveurs-de-porcs-de-songon-reclament-justice-apres-abattage\",\"name\":\"\u00c9leveurs de porcs de Songon r\u00e9clament justice apr\u00e8s abattage - C\u00f4te d&#039;Ivoire\",\"isPartOf\":{\"@id\":\"https:\/\/www.africa-press.net\/cotedivoire\/#website\"},\"primaryImageOfPage\":{\"@id\":\"https:\/\/www.africa-press.net\/cotedivoire\/toutes-les-actualites\/eleveurs-de-porcs-de-songon-reclament-justice-apres-abattage#primaryimage\"},\"image\":{\"@id\":\"https:\/\/www.africa-press.net\/cotedivoire\/toutes-les-actualites\/eleveurs-de-porcs-de-songon-reclament-justice-apres-abattage#primaryimage\"},\"thumbnailUrl\":\"https:\/\/static.africa-press.net\/cote\/sites\/43\/2025\/06\/sm_1749560437.620405.jpg\",\"datePublished\":\"2025-06-10T16:14:04+00:00\",\"dateModified\":\"2025-06-10T16:31:08+00:00\",\"author\":{\"@id\":\"https:\/\/www.africa-press.net\/cotedivoire\/#\/schema\/person\/2b1cf3cd81a31e3cd26889ca66d677f1\"},\"description\":\"Un an apre\u0300s l\u2019abattage massif de porcs ordonne\u0301 pour contenir la propagation de la Peste Porcine Africaine (PPA), les e ...\",\"breadcrumb\":{\"@id\":\"https:\/\/www.africa-press.net\/cotedivoire\/toutes-les-actualites\/eleveurs-de-porcs-de-songon-reclament-justice-apres-abattage#breadcrumb\"},\"inLanguage\":\"fr-FR\",\"potentialAction\":[{\"@type\":\"ReadAction\",\"target\":[\"https:\/\/www.africa-press.net\/cotedivoire\/toutes-les-actualites\/eleveurs-de-porcs-de-songon-reclament-justice-apres-abattage\"]}]},{\"@type\":\"ImageObject\",\"inLanguage\":\"fr-FR\",\"@id\":\"https:\/\/www.africa-press.net\/cotedivoire\/toutes-les-actualites\/eleveurs-de-porcs-de-songon-reclament-justice-apres-abattage#primaryimage\",\"url\":\"https:\/\/static.africa-press.net\/cote\/sites\/43\/2025\/06\/sm_1749560437.620405.jpg\",\"contentUrl\":\"https:\/\/static.africa-press.net\/cote\/sites\/43\/2025\/06\/sm_1749560437.620405.jpg\",\"width\":720,\"height\":480,\"caption\":\"\u00c9leveurs de porcs de Songon r\u00e9clament justice apr\u00e8s abattage\"},{\"@type\":\"BreadcrumbList\",\"@id\":\"https:\/\/www.africa-press.net\/cotedivoire\/toutes-les-actualites\/eleveurs-de-porcs-de-songon-reclament-justice-apres-abattage#breadcrumb\",\"itemListElement\":[{\"@type\":\"ListItem\",\"position\":1,\"name\":\"Accueil\",\"item\":\"https:\/\/www.africa-press.net\/cotedivoire\/\"},{\"@type\":\"ListItem\",\"position\":2,\"name\":\"\u00c9leveurs de porcs de Songon r\u00e9clament justice apr\u00e8s abattage\"}]},{\"@type\":\"WebSite\",\"@id\":\"https:\/\/www.africa-press.net\/cotedivoire\/#website\",\"url\":\"https:\/\/www.africa-press.net\/cotedivoire\/\",\"name\":\"C\u00f4te d&#039;Ivoire\",\"description\":\"Just another Africa News Agency Sites site\",\"potentialAction\":[{\"@type\":\"SearchAction\",\"target\":{\"@type\":\"EntryPoint\",\"urlTemplate\":\"https:\/\/www.africa-press.net\/cotedivoire\/?s={search_term_string}\"},\"query-input\":{\"@type\":\"PropertyValueSpecification\",\"valueRequired\":true,\"valueName\":\"search_term_string\"}}],\"inLanguage\":\"fr-FR\"},{\"@type\":\"Person\",\"@id\":\"https:\/\/www.africa-press.net\/cotedivoire\/#\/schema\/person\/2b1cf3cd81a31e3cd26889ca66d677f1\",\"name\":\"cfeditorfr\"}]}<\/script>\n<!-- \/ Yoast SEO Premium plugin. -->","yoast_head_json":{"title":"\u00c9leveurs de porcs de Songon r\u00e9clament justice apr\u00e8s abattage - C\u00f4te d&#039;Ivoire","description":"Un an apre\u0300s l\u2019abattage massif de porcs ordonne\u0301 pour contenir la propagation de la Peste Porcine Africaine (PPA), les e ...","robots":{"index":"index","follow":"follow","max-snippet":"max-snippet:-1","max-image-preview":"max-image-preview:large","max-video-preview":"max-video-preview:-1"},"canonical":"https:\/\/www.africa-press.net\/cotedivoire\/toutes-les-actualites\/eleveurs-de-porcs-de-songon-reclament-justice-apres-abattage","og_locale":"fr_FR","og_type":"article","og_title":"\u00c9leveurs de porcs de Songon r\u00e9clament justice apr\u00e8s abattage","og_description":"Un an apre\u0300s l\u2019abattage massif de porcs ordonne\u0301 pour contenir la propagation de la Peste Porcine Africaine (PPA), les e ...","og_url":"https:\/\/www.africa-press.net\/cotedivoire\/toutes-les-actualites\/eleveurs-de-porcs-de-songon-reclament-justice-apres-abattage","og_site_name":"C\u00f4te d&#039;Ivoire","article_published_time":"2025-06-10T16:14:04+00:00","article_modified_time":"2025-06-10T16:31:08+00:00","og_image":[{"width":720,"height":480,"url":"https:\/\/static.africa-press.net\/cote\/sites\/43\/2025\/06\/sm_1749560437.620405.jpg","type":"image\/jpeg"}],"author":"cfeditorfr","twitter_card":"summary_large_image","twitter_misc":{"\u00c9crit par":"cfeditorfr","Dur\u00e9e de lecture estim\u00e9e":"3 minutes"},"schema":{"@context":"https:\/\/schema.org","@graph":[{"@type":"Article","@id":"https:\/\/www.africa-press.net\/cotedivoire\/toutes-les-actualites\/eleveurs-de-porcs-de-songon-reclament-justice-apres-abattage#article","isPartOf":{"@id":"https:\/\/www.africa-press.net\/cotedivoire\/toutes-les-actualites\/eleveurs-de-porcs-de-songon-reclament-justice-apres-abattage"},"author":{"name":"cfeditorfr","@id":"https:\/\/www.africa-press.net\/cotedivoire\/#\/schema\/person\/2b1cf3cd81a31e3cd26889ca66d677f1"},"headline":"\u00c9leveurs de porcs de Songon r\u00e9clament justice apr\u00e8s abattage","datePublished":"2025-06-10T16:14:04+00:00","dateModified":"2025-06-10T16:31:08+00:00","mainEntityOfPage":{"@id":"https:\/\/www.africa-press.net\/cotedivoire\/toutes-les-actualites\/eleveurs-de-porcs-de-songon-reclament-justice-apres-abattage"},"wordCount":552,"commentCount":0,"image":{"@id":"https:\/\/www.africa-press.net\/cotedivoire\/toutes-les-actualites\/eleveurs-de-porcs-de-songon-reclament-justice-apres-abattage#primaryimage"},"thumbnailUrl":"https:\/\/static.africa-press.net\/cote\/sites\/43\/2025\/06\/sm_1749560437.620405.jpg","keywords":["Abidjan","Alassane Ouattara","C\u00d4TE D'IVOIRE","porc","PPA","Songon"],"articleSection":["Communaut\u00e9","Toutes les actualit\u00e9s"],"inLanguage":"fr-FR","potentialAction":[{"@type":"CommentAction","name":"Comment","target":["https:\/\/www.africa-press.net\/cotedivoire\/toutes-les-actualites\/eleveurs-de-porcs-de-songon-reclament-justice-apres-abattage#respond"]}]},{"@type":"WebPage","@id":"https:\/\/www.africa-press.net\/cotedivoire\/toutes-les-actualites\/eleveurs-de-porcs-de-songon-reclament-justice-apres-abattage","url":"https:\/\/www.africa-press.net\/cotedivoire\/toutes-les-actualites\/eleveurs-de-porcs-de-songon-reclament-justice-apres-abattage","name":"\u00c9leveurs de porcs de Songon r\u00e9clament justice apr\u00e8s abattage - C\u00f4te d&#039;Ivoire","isPartOf":{"@id":"https:\/\/www.africa-press.net\/cotedivoire\/#website"},"primaryImageOfPage":{"@id":"https:\/\/www.africa-press.net\/cotedivoire\/toutes-les-actualites\/eleveurs-de-porcs-de-songon-reclament-justice-apres-abattage#primaryimage"},"image":{"@id":"https:\/\/www.africa-press.net\/cotedivoire\/toutes-les-actualites\/eleveurs-de-porcs-de-songon-reclament-justice-apres-abattage#primaryimage"},"thumbnailUrl":"https:\/\/static.africa-press.net\/cote\/sites\/43\/2025\/06\/sm_1749560437.620405.jpg","datePublished":"2025-06-10T16:14:04+00:00","dateModified":"2025-06-10T16:31:08+00:00","author":{"@id":"https:\/\/www.africa-press.net\/cotedivoire\/#\/schema\/person\/2b1cf3cd81a31e3cd26889ca66d677f1"},"description":"Un an apre\u0300s l\u2019abattage massif de porcs ordonne\u0301 pour contenir la propagation de la Peste Porcine Africaine (PPA), les e ...","breadcrumb":{"@id":"https:\/\/www.africa-press.net\/cotedivoire\/toutes-les-actualites\/eleveurs-de-porcs-de-songon-reclament-justice-apres-abattage#breadcrumb"},"inLanguage":"fr-FR","potentialAction":[{"@type":"ReadAction","target":["https:\/\/www.africa-press.net\/cotedivoire\/toutes-les-actualites\/eleveurs-de-porcs-de-songon-reclament-justice-apres-abattage"]}]},{"@type":"ImageObject","inLanguage":"fr-FR","@id":"https:\/\/www.africa-press.net\/cotedivoire\/toutes-les-actualites\/eleveurs-de-porcs-de-songon-reclament-justice-apres-abattage#primaryimage","url":"https:\/\/static.africa-press.net\/cote\/sites\/43\/2025\/06\/sm_1749560437.620405.jpg","contentUrl":"https:\/\/static.africa-press.net\/cote\/sites\/43\/2025\/06\/sm_1749560437.620405.jpg","width":720,"height":480,"caption":"\u00c9leveurs de porcs de Songon r\u00e9clament justice apr\u00e8s abattage"},{"@type":"BreadcrumbList","@id":"https:\/\/www.africa-press.net\/cotedivoire\/toutes-les-actualites\/eleveurs-de-porcs-de-songon-reclament-justice-apres-abattage#breadcrumb","itemListElement":[{"@type":"ListItem","position":1,"name":"Accueil","item":"https:\/\/www.africa-press.net\/cotedivoire\/"},{"@type":"ListItem","position":2,"name":"\u00c9leveurs de porcs de Songon r\u00e9clament justice apr\u00e8s abattage"}]},{"@type":"WebSite","@id":"https:\/\/www.africa-press.net\/cotedivoire\/#website","url":"https:\/\/www.africa-press.net\/cotedivoire\/","name":"C\u00f4te d&#039;Ivoire","description":"Just another Africa News Agency Sites site","potentialAction":[{"@type":"SearchAction","target":{"@type":"EntryPoint","urlTemplate":"https:\/\/www.africa-press.net\/cotedivoire\/?s={search_term_string}"},"query-input":{"@type":"PropertyValueSpecification","valueRequired":true,"valueName":"search_term_string"}}],"inLanguage":"fr-FR"},{"@type":"Person","@id":"https:\/\/www.africa-press.net\/cotedivoire\/#\/schema\/person\/2b1cf3cd81a31e3cd26889ca66d677f1","name":"cfeditorfr"}]}},"_links":{"self":[{"href":"https:\/\/www.africa-press.net\/cotedivoire\/wp-json\/wp\/v2\/posts\/100566","targetHints":{"allow":["GET"]}}],"collection":[{"href":"https:\/\/www.africa-press.net\/cotedivoire\/wp-json\/wp\/v2\/posts"}],"about":[{"href":"https:\/\/www.africa-press.net\/cotedivoire\/wp-json\/wp\/v2\/types\/post"}],"author":[{"embeddable":true,"href":"https:\/\/www.africa-press.net\/cotedivoire\/wp-json\/wp\/v2\/users\/82"}],"replies":[{"embeddable":true,"href":"https:\/\/www.africa-press.net\/cotedivoire\/wp-json\/wp\/v2\/comments?post=100566"}],"version-history":[{"count":0,"href":"https:\/\/www.africa-press.net\/cotedivoire\/wp-json\/wp\/v2\/posts\/100566\/revisions"}],"wp:featuredmedia":[{"embeddable":true,"href":"https:\/\/www.africa-press.net\/cotedivoire\/wp-json\/wp\/v2\/media\/100565"}],"wp:attachment":[{"href":"https:\/\/www.africa-press.net\/cotedivoire\/wp-json\/wp\/v2\/media?parent=100566"}],"wp:term":[{"taxonomy":"category","embeddable":true,"href":"https:\/\/www.africa-press.net\/cotedivoire\/wp-json\/wp\/v2\/categories?post=100566"},{"taxonomy":"post_tag","embeddable":true,"href":"https:\/\/www.africa-press.net\/cotedivoire\/wp-json\/wp\/v2\/tags?post=100566"}],"curies":[{"name":"wp","href":"https:\/\/api.w.org\/{rel}","templated":true}]}}