{"id":10057,"date":"2021-07-18T15:15:02","date_gmt":"2021-07-18T15:15:02","guid":{"rendered":"https:\/\/www.africa-press.net\/cotedivoire\/?p=10057"},"modified":"2021-07-18T21:06:25","modified_gmt":"2021-07-18T21:06:25","slug":"defense-cote-divoire-tene-birahima-ouattara-en-visite-de-travail-au-maroc","status":"publish","type":"post","link":"https:\/\/www.africa-press.net\/cotedivoire\/politique\/defense-cote-divoire-tene-birahima-ouattara-en-visite-de-travail-au-maroc","title":{"rendered":"D\u00e9fense\/C\u00f4te-d\u2019Ivoire: T\u00e9n\u00e9 Birahima Ouattara en visite de travail au Maroc"},"content":{"rendered":"<p><span style=\"color: #ff6600\"><strong><a href=\"https:\/\/www.africa-press.net\/\">Africa-Press<\/a> &#8211; <a href=\"https:\/\/www.africa-press.net\/cotedivoire\">C\u00f4te d&rsquo;Ivoire<\/a>. <\/strong><\/span>Sur Hautes instructions royales de Sa Majest\u00e9 le Roi du Maroc, Mohammed VI, Que Dieu l\u2019assiste, le Ministre d\u2019Etat, ministre de la D\u00e9fense de C\u00f4te d\u2019Ivoire, a \u00e9t\u00e9 re\u00e7u successivement le vendredi 16 juillet 2021 par les plus hautes autorit\u00e9s militaires du Maroc notamment le Ministre marocain de la D\u00e9fense et le G\u00e9n\u00e9ral de Corps d\u2019Arm\u00e9e, Inspecteur G\u00e9n\u00e9ral des Forces Arm\u00e9es Royales.<\/p>\n<p>Les entretiens entre T\u00e9n\u00e9 Birahima Ouattara et les plus hautes autorit\u00e9s militaires marocaines ont port\u00e9 sur le bilan de la coop\u00e9ration militaire bilat\u00e9rale entre les deux pays, qui englobe l\u2019\u00e9change de visites d\u2019information et la participation aux diff\u00e9rents entra\u00eenements et stages de formation des militaires ivoiriens.<\/p>\n<p>Apr\u00e8s avoir pass\u00e9 en revue les diverses questions de cette coop\u00e9ration bilat\u00e9rale, les 2 ministres de la D\u00e9fense des 2 pays ont exprim\u00e9 leur satisfaction quant au niveau atteint par ces relations sous le leadership \u00e9clair\u00e9 de Son Excellence Monsieur Alassane Ouattara et de Sa Majest\u00e9 le Roi du Maroc, Que Dieu l\u2019assiste.<\/p>\n<p>La visite royale de travail de Photocopie entam\u00e9e le 14 juillet 2021, prend fin ce samedi 17 juillet 2021.<\/p>\n<p>&nbsp;<\/p>\n","protected":false},"excerpt":{"rendered":"<p>Africa-Press &#8211; C\u00f4te d&rsquo;Ivoire. Sur Hautes instructions royales de Sa Majest\u00e9 le Roi du Maroc, Mohammed VI, Que Dieu l\u2019assiste, le Ministre d\u2019Etat, ministre de la D\u00e9fense de C\u00f4te d\u2019Ivoire, a \u00e9t\u00e9 re\u00e7u successivement le vendredi 16 juillet 2021 par les plus hautes autorit\u00e9s militaires du Maroc notamment le Ministre marocain de la D\u00e9fense et [&hellip;]<\/p>\n","protected":false},"author":82,"featured_media":10056,"comment_status":"open","ping_status":"closed","sticky":false,"template":"","format":"standard","meta":{"footnotes":""},"categories":[11,2,10],"tags":[56,63,29],"class_list":["post-10057","post","type-post","status-publish","format-standard","has-post-thumbnail","hentry","category-homepage-french","category-politique","category-toutes-les-actualites","tag-africa-press","tag-africa-press-cote-divoire","tag-cote-divoire"],"yoast_head":"<!-- This site is optimized with the Yoast SEO Premium plugin v26.1 (Yoast SEO v27.0) - https:\/\/yoast.com\/product\/yoast-seo-premium-wordpress\/ -->\n<title>D\u00e9fense\/C\u00f4te-d\u2019Ivoire: T\u00e9n\u00e9 Birahima Ouattara en visite de travail au Maroc - C\u00f4te d&#039;Ivoire<\/title>\n<meta name=\"description\" content=\"Sur Hautes instructions royales de Sa Majest\u00e9 le Roi du Maroc, Mohammed VI, Que Dieu l\u2019assiste, le Ministre d\u2019Etat, mini ...\" \/>\n<meta name=\"robots\" content=\"index, follow, max-snippet:-1, max-image-preview:large, max-video-preview:-1\" \/>\n<link rel=\"canonical\" href=\"https:\/\/www.africa-press.net\/cotedivoire\/politique\/defense-cote-divoire-tene-birahima-ouattara-en-visite-de-travail-au-maroc\" \/>\n<meta property=\"og:locale\" content=\"fr_FR\" \/>\n<meta property=\"og:type\" content=\"article\" \/>\n<meta property=\"og:title\" content=\"D\u00e9fense\/C\u00f4te-d\u2019Ivoire: T\u00e9n\u00e9 Birahima Ouattara en visite de travail au Maroc\" \/>\n<meta property=\"og:description\" content=\"Sur Hautes instructions royales de Sa Majest\u00e9 le Roi du Maroc, Mohammed VI, Que Dieu l\u2019assiste, le Ministre d\u2019Etat, mini ...\" \/>\n<meta property=\"og:url\" content=\"https:\/\/www.africa-press.net\/cotedivoire\/politique\/defense-cote-divoire-tene-birahima-ouattara-en-visite-de-travail-au-maroc\" \/>\n<meta property=\"og:site_name\" content=\"C\u00f4te d&#039;Ivoire\" \/>\n<meta property=\"article:published_time\" content=\"2021-07-18T15:15:02+00:00\" \/>\n<meta property=\"article:modified_time\" content=\"2021-07-18T21:06:25+00:00\" \/>\n<meta property=\"og:image\" content=\"https:\/\/static.africa-press.net\/cote\/sites\/43\/2021\/07\/img-60f4443e283f3.jpg\" \/>\n\t<meta property=\"og:image:width\" content=\"720\" \/>\n\t<meta property=\"og:image:height\" content=\"599\" \/>\n\t<meta property=\"og:image:type\" content=\"image\/jpeg\" \/>\n<meta name=\"author\" content=\"cfeditorfr\" \/>\n<meta name=\"twitter:card\" content=\"summary_large_image\" \/>\n<meta name=\"twitter:label1\" content=\"\u00c9crit par\" \/>\n\t<meta name=\"twitter:data1\" content=\"cfeditorfr\" \/>\n\t<meta name=\"twitter:label2\" content=\"Dur\u00e9e de lecture estim\u00e9e\" \/>\n\t<meta name=\"twitter:data2\" content=\"1 minute\" \/>\n<script type=\"application\/ld+json\" class=\"yoast-schema-graph\">{\"@context\":\"https:\/\/schema.org\",\"@graph\":[{\"@type\":\"Article\",\"@id\":\"https:\/\/www.africa-press.net\/cotedivoire\/politique\/defense-cote-divoire-tene-birahima-ouattara-en-visite-de-travail-au-maroc#article\",\"isPartOf\":{\"@id\":\"https:\/\/www.africa-press.net\/cotedivoire\/politique\/defense-cote-divoire-tene-birahima-ouattara-en-visite-de-travail-au-maroc\"},\"author\":{\"name\":\"cfeditorfr\",\"@id\":\"https:\/\/www.africa-press.net\/cotedivoire\/#\/schema\/person\/2b1cf3cd81a31e3cd26889ca66d677f1\"},\"headline\":\"D\u00e9fense\/C\u00f4te-d\u2019Ivoire: T\u00e9n\u00e9 Birahima Ouattara en visite de travail au Maroc\",\"datePublished\":\"2021-07-18T15:15:02+00:00\",\"dateModified\":\"2021-07-18T21:06:25+00:00\",\"mainEntityOfPage\":{\"@id\":\"https:\/\/www.africa-press.net\/cotedivoire\/politique\/defense-cote-divoire-tene-birahima-ouattara-en-visite-de-travail-au-maroc\"},\"wordCount\":223,\"commentCount\":0,\"image\":{\"@id\":\"https:\/\/www.africa-press.net\/cotedivoire\/politique\/defense-cote-divoire-tene-birahima-ouattara-en-visite-de-travail-au-maroc#primaryimage\"},\"thumbnailUrl\":\"https:\/\/static.africa-press.net\/cote\/sites\/43\/2021\/07\/img-60f4443e283f3.jpg\",\"keywords\":[\"Africa Press\",\"Africa Press-C\u00f4te d'Ivoire\",\"C\u00d4TE D'IVOIRE\"],\"articleSection\":[\"homepage-french\",\"Politique\",\"Toutes les actualit\u00e9s\"],\"inLanguage\":\"fr-FR\",\"potentialAction\":[{\"@type\":\"CommentAction\",\"name\":\"Comment\",\"target\":[\"https:\/\/www.africa-press.net\/cotedivoire\/politique\/defense-cote-divoire-tene-birahima-ouattara-en-visite-de-travail-au-maroc#respond\"]}]},{\"@type\":\"WebPage\",\"@id\":\"https:\/\/www.africa-press.net\/cotedivoire\/politique\/defense-cote-divoire-tene-birahima-ouattara-en-visite-de-travail-au-maroc\",\"url\":\"https:\/\/www.africa-press.net\/cotedivoire\/politique\/defense-cote-divoire-tene-birahima-ouattara-en-visite-de-travail-au-maroc\",\"name\":\"D\u00e9fense\/C\u00f4te-d\u2019Ivoire: T\u00e9n\u00e9 Birahima Ouattara en visite de travail au Maroc - C\u00f4te d&#039;Ivoire\",\"isPartOf\":{\"@id\":\"https:\/\/www.africa-press.net\/cotedivoire\/#website\"},\"primaryImageOfPage\":{\"@id\":\"https:\/\/www.africa-press.net\/cotedivoire\/politique\/defense-cote-divoire-tene-birahima-ouattara-en-visite-de-travail-au-maroc#primaryimage\"},\"image\":{\"@id\":\"https:\/\/www.africa-press.net\/cotedivoire\/politique\/defense-cote-divoire-tene-birahima-ouattara-en-visite-de-travail-au-maroc#primaryimage\"},\"thumbnailUrl\":\"https:\/\/static.africa-press.net\/cote\/sites\/43\/2021\/07\/img-60f4443e283f3.jpg\",\"datePublished\":\"2021-07-18T15:15:02+00:00\",\"dateModified\":\"2021-07-18T21:06:25+00:00\",\"author\":{\"@id\":\"https:\/\/www.africa-press.net\/cotedivoire\/#\/schema\/person\/2b1cf3cd81a31e3cd26889ca66d677f1\"},\"description\":\"Sur Hautes instructions royales de Sa Majest\u00e9 le Roi du Maroc, Mohammed VI, Que Dieu l\u2019assiste, le Ministre d\u2019Etat, mini ...\",\"breadcrumb\":{\"@id\":\"https:\/\/www.africa-press.net\/cotedivoire\/politique\/defense-cote-divoire-tene-birahima-ouattara-en-visite-de-travail-au-maroc#breadcrumb\"},\"inLanguage\":\"fr-FR\",\"potentialAction\":[{\"@type\":\"ReadAction\",\"target\":[\"https:\/\/www.africa-press.net\/cotedivoire\/politique\/defense-cote-divoire-tene-birahima-ouattara-en-visite-de-travail-au-maroc\"]}]},{\"@type\":\"ImageObject\",\"inLanguage\":\"fr-FR\",\"@id\":\"https:\/\/www.africa-press.net\/cotedivoire\/politique\/defense-cote-divoire-tene-birahima-ouattara-en-visite-de-travail-au-maroc#primaryimage\",\"url\":\"https:\/\/static.africa-press.net\/cote\/sites\/43\/2021\/07\/img-60f4443e283f3.jpg\",\"contentUrl\":\"https:\/\/static.africa-press.net\/cote\/sites\/43\/2021\/07\/img-60f4443e283f3.jpg\",\"width\":720,\"height\":599,\"caption\":\"D\u00e9fense\/C\u00f4te-d\u2019Ivoire: T\u00e9n\u00e9 Birahima Ouattara en visite de travail au Maroc\"},{\"@type\":\"BreadcrumbList\",\"@id\":\"https:\/\/www.africa-press.net\/cotedivoire\/politique\/defense-cote-divoire-tene-birahima-ouattara-en-visite-de-travail-au-maroc#breadcrumb\",\"itemListElement\":[{\"@type\":\"ListItem\",\"position\":1,\"name\":\"Accueil\",\"item\":\"https:\/\/www.africa-press.net\/cotedivoire\/\"},{\"@type\":\"ListItem\",\"position\":2,\"name\":\"D\u00e9fense\/C\u00f4te-d\u2019Ivoire: T\u00e9n\u00e9 Birahima Ouattara en visite de travail au Maroc\"}]},{\"@type\":\"WebSite\",\"@id\":\"https:\/\/www.africa-press.net\/cotedivoire\/#website\",\"url\":\"https:\/\/www.africa-press.net\/cotedivoire\/\",\"name\":\"C\u00f4te d&#039;Ivoire\",\"description\":\"Just another Africa News Agency Sites site\",\"potentialAction\":[{\"@type\":\"SearchAction\",\"target\":{\"@type\":\"EntryPoint\",\"urlTemplate\":\"https:\/\/www.africa-press.net\/cotedivoire\/?s={search_term_string}\"},\"query-input\":{\"@type\":\"PropertyValueSpecification\",\"valueRequired\":true,\"valueName\":\"search_term_string\"}}],\"inLanguage\":\"fr-FR\"},{\"@type\":\"Person\",\"@id\":\"https:\/\/www.africa-press.net\/cotedivoire\/#\/schema\/person\/2b1cf3cd81a31e3cd26889ca66d677f1\",\"name\":\"cfeditorfr\"}]}<\/script>\n<!-- \/ Yoast SEO Premium plugin. -->","yoast_head_json":{"title":"D\u00e9fense\/C\u00f4te-d\u2019Ivoire: T\u00e9n\u00e9 Birahima Ouattara en visite de travail au Maroc - C\u00f4te d&#039;Ivoire","description":"Sur Hautes instructions royales de Sa Majest\u00e9 le Roi du Maroc, Mohammed VI, Que Dieu l\u2019assiste, le Ministre d\u2019Etat, mini ...","robots":{"index":"index","follow":"follow","max-snippet":"max-snippet:-1","max-image-preview":"max-image-preview:large","max-video-preview":"max-video-preview:-1"},"canonical":"https:\/\/www.africa-press.net\/cotedivoire\/politique\/defense-cote-divoire-tene-birahima-ouattara-en-visite-de-travail-au-maroc","og_locale":"fr_FR","og_type":"article","og_title":"D\u00e9fense\/C\u00f4te-d\u2019Ivoire: T\u00e9n\u00e9 Birahima Ouattara en visite de travail au Maroc","og_description":"Sur Hautes instructions royales de Sa Majest\u00e9 le Roi du Maroc, Mohammed VI, Que Dieu l\u2019assiste, le Ministre d\u2019Etat, mini ...","og_url":"https:\/\/www.africa-press.net\/cotedivoire\/politique\/defense-cote-divoire-tene-birahima-ouattara-en-visite-de-travail-au-maroc","og_site_name":"C\u00f4te d&#039;Ivoire","article_published_time":"2021-07-18T15:15:02+00:00","article_modified_time":"2021-07-18T21:06:25+00:00","og_image":[{"width":720,"height":599,"url":"https:\/\/static.africa-press.net\/cote\/sites\/43\/2021\/07\/img-60f4443e283f3.jpg","type":"image\/jpeg"}],"author":"cfeditorfr","twitter_card":"summary_large_image","twitter_misc":{"\u00c9crit par":"cfeditorfr","Dur\u00e9e de lecture estim\u00e9e":"1 minute"},"schema":{"@context":"https:\/\/schema.org","@graph":[{"@type":"Article","@id":"https:\/\/www.africa-press.net\/cotedivoire\/politique\/defense-cote-divoire-tene-birahima-ouattara-en-visite-de-travail-au-maroc#article","isPartOf":{"@id":"https:\/\/www.africa-press.net\/cotedivoire\/politique\/defense-cote-divoire-tene-birahima-ouattara-en-visite-de-travail-au-maroc"},"author":{"name":"cfeditorfr","@id":"https:\/\/www.africa-press.net\/cotedivoire\/#\/schema\/person\/2b1cf3cd81a31e3cd26889ca66d677f1"},"headline":"D\u00e9fense\/C\u00f4te-d\u2019Ivoire: T\u00e9n\u00e9 Birahima Ouattara en visite de travail au Maroc","datePublished":"2021-07-18T15:15:02+00:00","dateModified":"2021-07-18T21:06:25+00:00","mainEntityOfPage":{"@id":"https:\/\/www.africa-press.net\/cotedivoire\/politique\/defense-cote-divoire-tene-birahima-ouattara-en-visite-de-travail-au-maroc"},"wordCount":223,"commentCount":0,"image":{"@id":"https:\/\/www.africa-press.net\/cotedivoire\/politique\/defense-cote-divoire-tene-birahima-ouattara-en-visite-de-travail-au-maroc#primaryimage"},"thumbnailUrl":"https:\/\/static.africa-press.net\/cote\/sites\/43\/2021\/07\/img-60f4443e283f3.jpg","keywords":["Africa Press","Africa Press-C\u00f4te d'Ivoire","C\u00d4TE D'IVOIRE"],"articleSection":["homepage-french","Politique","Toutes les actualit\u00e9s"],"inLanguage":"fr-FR","potentialAction":[{"@type":"CommentAction","name":"Comment","target":["https:\/\/www.africa-press.net\/cotedivoire\/politique\/defense-cote-divoire-tene-birahima-ouattara-en-visite-de-travail-au-maroc#respond"]}]},{"@type":"WebPage","@id":"https:\/\/www.africa-press.net\/cotedivoire\/politique\/defense-cote-divoire-tene-birahima-ouattara-en-visite-de-travail-au-maroc","url":"https:\/\/www.africa-press.net\/cotedivoire\/politique\/defense-cote-divoire-tene-birahima-ouattara-en-visite-de-travail-au-maroc","name":"D\u00e9fense\/C\u00f4te-d\u2019Ivoire: T\u00e9n\u00e9 Birahima Ouattara en visite de travail au Maroc - C\u00f4te d&#039;Ivoire","isPartOf":{"@id":"https:\/\/www.africa-press.net\/cotedivoire\/#website"},"primaryImageOfPage":{"@id":"https:\/\/www.africa-press.net\/cotedivoire\/politique\/defense-cote-divoire-tene-birahima-ouattara-en-visite-de-travail-au-maroc#primaryimage"},"image":{"@id":"https:\/\/www.africa-press.net\/cotedivoire\/politique\/defense-cote-divoire-tene-birahima-ouattara-en-visite-de-travail-au-maroc#primaryimage"},"thumbnailUrl":"https:\/\/static.africa-press.net\/cote\/sites\/43\/2021\/07\/img-60f4443e283f3.jpg","datePublished":"2021-07-18T15:15:02+00:00","dateModified":"2021-07-18T21:06:25+00:00","author":{"@id":"https:\/\/www.africa-press.net\/cotedivoire\/#\/schema\/person\/2b1cf3cd81a31e3cd26889ca66d677f1"},"description":"Sur Hautes instructions royales de Sa Majest\u00e9 le Roi du Maroc, Mohammed VI, Que Dieu l\u2019assiste, le Ministre d\u2019Etat, mini ...","breadcrumb":{"@id":"https:\/\/www.africa-press.net\/cotedivoire\/politique\/defense-cote-divoire-tene-birahima-ouattara-en-visite-de-travail-au-maroc#breadcrumb"},"inLanguage":"fr-FR","potentialAction":[{"@type":"ReadAction","target":["https:\/\/www.africa-press.net\/cotedivoire\/politique\/defense-cote-divoire-tene-birahima-ouattara-en-visite-de-travail-au-maroc"]}]},{"@type":"ImageObject","inLanguage":"fr-FR","@id":"https:\/\/www.africa-press.net\/cotedivoire\/politique\/defense-cote-divoire-tene-birahima-ouattara-en-visite-de-travail-au-maroc#primaryimage","url":"https:\/\/static.africa-press.net\/cote\/sites\/43\/2021\/07\/img-60f4443e283f3.jpg","contentUrl":"https:\/\/static.africa-press.net\/cote\/sites\/43\/2021\/07\/img-60f4443e283f3.jpg","width":720,"height":599,"caption":"D\u00e9fense\/C\u00f4te-d\u2019Ivoire: T\u00e9n\u00e9 Birahima Ouattara en visite de travail au Maroc"},{"@type":"BreadcrumbList","@id":"https:\/\/www.africa-press.net\/cotedivoire\/politique\/defense-cote-divoire-tene-birahima-ouattara-en-visite-de-travail-au-maroc#breadcrumb","itemListElement":[{"@type":"ListItem","position":1,"name":"Accueil","item":"https:\/\/www.africa-press.net\/cotedivoire\/"},{"@type":"ListItem","position":2,"name":"D\u00e9fense\/C\u00f4te-d\u2019Ivoire: T\u00e9n\u00e9 Birahima Ouattara en visite de travail au Maroc"}]},{"@type":"WebSite","@id":"https:\/\/www.africa-press.net\/cotedivoire\/#website","url":"https:\/\/www.africa-press.net\/cotedivoire\/","name":"C\u00f4te d&#039;Ivoire","description":"Just another Africa News Agency Sites site","potentialAction":[{"@type":"SearchAction","target":{"@type":"EntryPoint","urlTemplate":"https:\/\/www.africa-press.net\/cotedivoire\/?s={search_term_string}"},"query-input":{"@type":"PropertyValueSpecification","valueRequired":true,"valueName":"search_term_string"}}],"inLanguage":"fr-FR"},{"@type":"Person","@id":"https:\/\/www.africa-press.net\/cotedivoire\/#\/schema\/person\/2b1cf3cd81a31e3cd26889ca66d677f1","name":"cfeditorfr"}]}},"_links":{"self":[{"href":"https:\/\/www.africa-press.net\/cotedivoire\/wp-json\/wp\/v2\/posts\/10057","targetHints":{"allow":["GET"]}}],"collection":[{"href":"https:\/\/www.africa-press.net\/cotedivoire\/wp-json\/wp\/v2\/posts"}],"about":[{"href":"https:\/\/www.africa-press.net\/cotedivoire\/wp-json\/wp\/v2\/types\/post"}],"author":[{"embeddable":true,"href":"https:\/\/www.africa-press.net\/cotedivoire\/wp-json\/wp\/v2\/users\/82"}],"replies":[{"embeddable":true,"href":"https:\/\/www.africa-press.net\/cotedivoire\/wp-json\/wp\/v2\/comments?post=10057"}],"version-history":[{"count":0,"href":"https:\/\/www.africa-press.net\/cotedivoire\/wp-json\/wp\/v2\/posts\/10057\/revisions"}],"wp:featuredmedia":[{"embeddable":true,"href":"https:\/\/www.africa-press.net\/cotedivoire\/wp-json\/wp\/v2\/media\/10056"}],"wp:attachment":[{"href":"https:\/\/www.africa-press.net\/cotedivoire\/wp-json\/wp\/v2\/media?parent=10057"}],"wp:term":[{"taxonomy":"category","embeddable":true,"href":"https:\/\/www.africa-press.net\/cotedivoire\/wp-json\/wp\/v2\/categories?post=10057"},{"taxonomy":"post_tag","embeddable":true,"href":"https:\/\/www.africa-press.net\/cotedivoire\/wp-json\/wp\/v2\/tags?post=10057"}],"curies":[{"name":"wp","href":"https:\/\/api.w.org\/{rel}","templated":true}]}}