{"id":10060,"date":"2021-07-18T15:18:56","date_gmt":"2021-07-18T15:18:56","guid":{"rendered":"https:\/\/www.africa-press.net\/cotedivoire\/?p=10060"},"modified":"2021-07-18T21:06:32","modified_gmt":"2021-07-18T21:06:32","slug":"accident-pk-105-cote-divoire-belmonde-dogo-reconforte-les-blesses-nous-en-sortons-le-coeur-meurtri","status":"publish","type":"post","link":"https:\/\/www.africa-press.net\/cotedivoire\/toutes-les-actualites\/accident-pk-105-cote-divoire-belmonde-dogo-reconforte-les-blesses-nous-en-sortons-le-coeur-meurtri","title":{"rendered":"Accident Pk 105\/C\u00f4te-d\u2019Ivoire: Belmonde Dogo r\u00e9conforte les bless\u00e9s \u00ab\u00a0Nous en sortons le c\u0153ur meurtri\u00a0\u00bb"},"content":{"rendered":"<p><span style=\"color: #ff6600\"><strong><a href=\"https:\/\/www.africa-press.net\/\">Africa-Press<\/a> &#8211; <a href=\"https:\/\/www.africa-press.net\/cotedivoire\">C\u00f4te d&rsquo;Ivoire<\/a>. <\/strong><\/span>Une collision entre un minibus et un car de compagnie de transport dans la nuit du mercredi 14 juillet a fait 23 morts et 34 bless\u00e9s sur l\u2019autoroute du nord PK 105. La Ministre de la Solidarit\u00e9 et de la Lutte contre la Pauvret\u00e9 s\u2019est rendue aussit\u00f4t au chevet des bless\u00e9s \u00e0 l\u2019h\u00f4pital Saint Jean Baptiste de Bodo dans le d\u00e9partement de Tiassal\u00e9). Myss Belmonde Dogo, accompagn\u00e9e d\u2019une d\u00e9l\u00e9gation est venue s\u2019enqu\u00e9rir de l\u2019\u00e9tat de sant\u00e9 des bless\u00e9s et a pr\u00e9sent\u00e9 les condol\u00e9ances du Gouvernement aux familles des personnes d\u00e9c\u00e9d\u00e9es.<\/p>\n<p>\u00ab Sur les 34 bless\u00e9s, nous avons hospitalis\u00e9 16 personnes dont 5 enfants et 11 adultes. Parmi les adultes, nous enregistrons trois dans un \u00e9tat comateux et au niveau des enfants, deux d\u2019entre eux pr\u00e9sentent des fractures qui n\u00e9cessitent une \u00e9vacuation dans une structure dot\u00e9e d\u2019un service de chirurgie p\u00e9diatrique pour leur prise en charge \u00bb selon Ouattara Kypepala, Chef de service p\u00e9diatrie et M\u00e9decin-Chef de l\u2019h\u00f4pital Saint Jean-Baptiste de Bodo. Il a conduit la visite et a fait le point sur l\u2019\u00e9tat de sant\u00e9 des victimes. Pour le m\u00e9decin, sur les 5 enfants hospitalis\u00e9s dont l\u2019\u00e2ge varie de 1 \u00e0 14 ans, 4 n\u2019ont pas encore \u00e9t\u00e9 identifi\u00e9s. Ouattara Kypepala a donc appel\u00e9 les parents victimes ou pas, de se pr\u00e9senter dans le centre hospitalier afin de les identifier.<\/p>\n<p>Face \u00e0 ce triste tableau, c\u2019est avec beaucoup d\u2019\u00e9motions que la ministre de la Solidarit\u00e9 et de la lutte contre la pauvret\u00e9 a, au nom du Pr\u00e9sident de la R\u00e9publique pr\u00e9sent\u00e9 les v\u0153ux de prompt r\u00e9tablissement aux malades.<\/p>\n<p>\u00ab Nous en sortons le c\u0153ur meurtri, d\u2019autant plus que parmi les victimes figurent des enfants. Le Chef de l\u2019Etat s\u2019associe \u00e0 l\u2019immense chagrin des familles endeuill\u00e9es pour pr\u00e9senter ses sinc\u00e8res condol\u00e9ances \u00bb, a l\u00e2ch\u00e9 Myss Belmonde Dogo apr\u00e8s avoir fait le tour des lits d\u2019hospitalisation des bless\u00e9s. La Ministre de la solidarit\u00e9 et de la lutte contre la pauvret\u00e9 a soulign\u00e9 et salu\u00e9 la promptitude des sapeurs-pompiers, du corps m\u00e9dical et des forces de l\u2019ordre.<\/p>\n<p>En recevant la ministre \u00e0 son chevet, Madou Komenan, passager du car d\u2019une compagnie de transport endommag\u00e9 par l\u2019accident, s\u2019est r\u00e9joui du soutien du gouvernement. La victime a m\u00eame tenu \u00e0 donner les circonstances du drame. L\u2019accident aurait eu lieu \u00e0 la suite d\u2019une panne technique du minicar. \u00ab Lorsque le minicar nous a percut\u00e9s suite \u00e0 la crevaison de son pneu, je me suis retrouv\u00e9 dans l\u2019all\u00e9e du car avec des membres fractur\u00e9s \u00bb, a-t-il t\u00e9moign\u00e9.<\/p>\n<p>La visite de la Ministre a \u00e9t\u00e9 appuy\u00e9e par Kon\u00e9 Vakaba, Pr\u00e9fet du d\u00e9partement de Tiassal\u00e9 et de Marcelin Gol\u00e9, Maire de la commune de N\u2019Douci.<\/p>\n<p>&nbsp;<\/p>\n","protected":false},"excerpt":{"rendered":"<p>Africa-Press &#8211; C\u00f4te d&rsquo;Ivoire. Une collision entre un minibus et un car de compagnie de transport dans la nuit du mercredi 14 juillet a fait 23 morts et 34 bless\u00e9s sur l\u2019autoroute du nord PK 105. La Ministre de la Solidarit\u00e9 et de la Lutte contre la Pauvret\u00e9 s\u2019est rendue aussit\u00f4t au chevet des bless\u00e9s [&hellip;]<\/p>\n","protected":false},"author":82,"featured_media":10059,"comment_status":"open","ping_status":"closed","sticky":false,"template":"","format":"standard","meta":{"footnotes":""},"categories":[21,11,10],"tags":[56,63,29],"class_list":["post-10060","post","type-post","status-publish","format-standard","has-post-thumbnail","hentry","category-communaute","category-homepage-french","category-toutes-les-actualites","tag-africa-press","tag-africa-press-cote-divoire","tag-cote-divoire"],"yoast_head":"<!-- This site is optimized with the Yoast SEO Premium plugin v26.1 (Yoast SEO v27.0) - https:\/\/yoast.com\/product\/yoast-seo-premium-wordpress\/ -->\n<title>Accident Pk 105\/C\u00f4te-d\u2019Ivoire: Belmonde Dogo r\u00e9conforte les bless\u00e9s \u00ab\u00a0Nous en sortons le c\u0153ur meurtri\u00a0\u00bb - C\u00f4te d&#039;Ivoire<\/title>\n<meta name=\"description\" content=\"Une collision entre un minibus et un car de compagnie de transport dans la nuit du mercredi 14 juillet a fait 23 morts e ...\" \/>\n<meta name=\"robots\" content=\"index, follow, max-snippet:-1, max-image-preview:large, max-video-preview:-1\" \/>\n<link rel=\"canonical\" href=\"https:\/\/www.africa-press.net\/cotedivoire\/toutes-les-actualites\/accident-pk-105-cote-divoire-belmonde-dogo-reconforte-les-blesses-nous-en-sortons-le-coeur-meurtri\" \/>\n<meta property=\"og:locale\" content=\"fr_FR\" \/>\n<meta property=\"og:type\" content=\"article\" \/>\n<meta property=\"og:title\" content=\"Accident Pk 105\/C\u00f4te-d\u2019Ivoire: Belmonde Dogo r\u00e9conforte les bless\u00e9s \u00ab\u00a0Nous en sortons le c\u0153ur meurtri\u00a0\u00bb\" \/>\n<meta property=\"og:description\" content=\"Une collision entre un minibus et un car de compagnie de transport dans la nuit du mercredi 14 juillet a fait 23 morts e ...\" \/>\n<meta property=\"og:url\" content=\"https:\/\/www.africa-press.net\/cotedivoire\/toutes-les-actualites\/accident-pk-105-cote-divoire-belmonde-dogo-reconforte-les-blesses-nous-en-sortons-le-coeur-meurtri\" \/>\n<meta property=\"og:site_name\" content=\"C\u00f4te d&#039;Ivoire\" \/>\n<meta property=\"article:published_time\" content=\"2021-07-18T15:18:56+00:00\" \/>\n<meta property=\"article:modified_time\" content=\"2021-07-18T21:06:32+00:00\" \/>\n<meta property=\"og:image\" content=\"https:\/\/static.africa-press.net\/cote\/sites\/43\/2021\/07\/img-60f4447391a6f.jpg\" \/>\n\t<meta property=\"og:image:width\" content=\"1080\" \/>\n\t<meta property=\"og:image:height\" content=\"720\" \/>\n\t<meta property=\"og:image:type\" content=\"image\/jpeg\" \/>\n<meta name=\"author\" content=\"cfeditorfr\" \/>\n<meta name=\"twitter:card\" content=\"summary_large_image\" \/>\n<meta name=\"twitter:label1\" content=\"\u00c9crit par\" \/>\n\t<meta name=\"twitter:data1\" content=\"cfeditorfr\" \/>\n\t<meta name=\"twitter:label2\" content=\"Dur\u00e9e de lecture estim\u00e9e\" \/>\n\t<meta name=\"twitter:data2\" content=\"2 minutes\" \/>\n<script type=\"application\/ld+json\" class=\"yoast-schema-graph\">{\"@context\":\"https:\/\/schema.org\",\"@graph\":[{\"@type\":\"Article\",\"@id\":\"https:\/\/www.africa-press.net\/cotedivoire\/toutes-les-actualites\/accident-pk-105-cote-divoire-belmonde-dogo-reconforte-les-blesses-nous-en-sortons-le-coeur-meurtri#article\",\"isPartOf\":{\"@id\":\"https:\/\/www.africa-press.net\/cotedivoire\/toutes-les-actualites\/accident-pk-105-cote-divoire-belmonde-dogo-reconforte-les-blesses-nous-en-sortons-le-coeur-meurtri\"},\"author\":{\"name\":\"cfeditorfr\",\"@id\":\"https:\/\/www.africa-press.net\/cotedivoire\/#\/schema\/person\/2b1cf3cd81a31e3cd26889ca66d677f1\"},\"headline\":\"Accident Pk 105\/C\u00f4te-d\u2019Ivoire: Belmonde Dogo r\u00e9conforte les bless\u00e9s \u00ab\u00a0Nous en sortons le c\u0153ur meurtri\u00a0\u00bb\",\"datePublished\":\"2021-07-18T15:18:56+00:00\",\"dateModified\":\"2021-07-18T21:06:32+00:00\",\"mainEntityOfPage\":{\"@id\":\"https:\/\/www.africa-press.net\/cotedivoire\/toutes-les-actualites\/accident-pk-105-cote-divoire-belmonde-dogo-reconforte-les-blesses-nous-en-sortons-le-coeur-meurtri\"},\"wordCount\":514,\"commentCount\":0,\"image\":{\"@id\":\"https:\/\/www.africa-press.net\/cotedivoire\/toutes-les-actualites\/accident-pk-105-cote-divoire-belmonde-dogo-reconforte-les-blesses-nous-en-sortons-le-coeur-meurtri#primaryimage\"},\"thumbnailUrl\":\"https:\/\/static.africa-press.net\/cote\/sites\/43\/2021\/07\/img-60f4447391a6f.jpg\",\"keywords\":[\"Africa Press\",\"Africa Press-C\u00f4te d'Ivoire\",\"C\u00d4TE D'IVOIRE\"],\"articleSection\":[\"Communaut\u00e9\",\"homepage-french\",\"Toutes les actualit\u00e9s\"],\"inLanguage\":\"fr-FR\",\"potentialAction\":[{\"@type\":\"CommentAction\",\"name\":\"Comment\",\"target\":[\"https:\/\/www.africa-press.net\/cotedivoire\/toutes-les-actualites\/accident-pk-105-cote-divoire-belmonde-dogo-reconforte-les-blesses-nous-en-sortons-le-coeur-meurtri#respond\"]}]},{\"@type\":\"WebPage\",\"@id\":\"https:\/\/www.africa-press.net\/cotedivoire\/toutes-les-actualites\/accident-pk-105-cote-divoire-belmonde-dogo-reconforte-les-blesses-nous-en-sortons-le-coeur-meurtri\",\"url\":\"https:\/\/www.africa-press.net\/cotedivoire\/toutes-les-actualites\/accident-pk-105-cote-divoire-belmonde-dogo-reconforte-les-blesses-nous-en-sortons-le-coeur-meurtri\",\"name\":\"Accident Pk 105\/C\u00f4te-d\u2019Ivoire: Belmonde Dogo r\u00e9conforte les bless\u00e9s \u00ab\u00a0Nous en sortons le c\u0153ur meurtri\u00a0\u00bb - C\u00f4te d&#039;Ivoire\",\"isPartOf\":{\"@id\":\"https:\/\/www.africa-press.net\/cotedivoire\/#website\"},\"primaryImageOfPage\":{\"@id\":\"https:\/\/www.africa-press.net\/cotedivoire\/toutes-les-actualites\/accident-pk-105-cote-divoire-belmonde-dogo-reconforte-les-blesses-nous-en-sortons-le-coeur-meurtri#primaryimage\"},\"image\":{\"@id\":\"https:\/\/www.africa-press.net\/cotedivoire\/toutes-les-actualites\/accident-pk-105-cote-divoire-belmonde-dogo-reconforte-les-blesses-nous-en-sortons-le-coeur-meurtri#primaryimage\"},\"thumbnailUrl\":\"https:\/\/static.africa-press.net\/cote\/sites\/43\/2021\/07\/img-60f4447391a6f.jpg\",\"datePublished\":\"2021-07-18T15:18:56+00:00\",\"dateModified\":\"2021-07-18T21:06:32+00:00\",\"author\":{\"@id\":\"https:\/\/www.africa-press.net\/cotedivoire\/#\/schema\/person\/2b1cf3cd81a31e3cd26889ca66d677f1\"},\"description\":\"Une collision entre un minibus et un car de compagnie de transport dans la nuit du mercredi 14 juillet a fait 23 morts e ...\",\"breadcrumb\":{\"@id\":\"https:\/\/www.africa-press.net\/cotedivoire\/toutes-les-actualites\/accident-pk-105-cote-divoire-belmonde-dogo-reconforte-les-blesses-nous-en-sortons-le-coeur-meurtri#breadcrumb\"},\"inLanguage\":\"fr-FR\",\"potentialAction\":[{\"@type\":\"ReadAction\",\"target\":[\"https:\/\/www.africa-press.net\/cotedivoire\/toutes-les-actualites\/accident-pk-105-cote-divoire-belmonde-dogo-reconforte-les-blesses-nous-en-sortons-le-coeur-meurtri\"]}]},{\"@type\":\"ImageObject\",\"inLanguage\":\"fr-FR\",\"@id\":\"https:\/\/www.africa-press.net\/cotedivoire\/toutes-les-actualites\/accident-pk-105-cote-divoire-belmonde-dogo-reconforte-les-blesses-nous-en-sortons-le-coeur-meurtri#primaryimage\",\"url\":\"https:\/\/static.africa-press.net\/cote\/sites\/43\/2021\/07\/img-60f4447391a6f.jpg\",\"contentUrl\":\"https:\/\/static.africa-press.net\/cote\/sites\/43\/2021\/07\/img-60f4447391a6f.jpg\",\"width\":1080,\"height\":720,\"caption\":\"Accident Pk 105\/C\u00f4te-d\u2019Ivoire: Belmonde Dogo r\u00e9conforte les bless\u00e9s \u00ab\u00a0Nous en sortons le c\u0153ur meurtri\u00a0\u00bb\"},{\"@type\":\"BreadcrumbList\",\"@id\":\"https:\/\/www.africa-press.net\/cotedivoire\/toutes-les-actualites\/accident-pk-105-cote-divoire-belmonde-dogo-reconforte-les-blesses-nous-en-sortons-le-coeur-meurtri#breadcrumb\",\"itemListElement\":[{\"@type\":\"ListItem\",\"position\":1,\"name\":\"Accueil\",\"item\":\"https:\/\/www.africa-press.net\/cotedivoire\/\"},{\"@type\":\"ListItem\",\"position\":2,\"name\":\"Accident Pk 105\/C\u00f4te-d\u2019Ivoire: Belmonde Dogo r\u00e9conforte les bless\u00e9s \u00ab\u00a0Nous en sortons le c\u0153ur meurtri\u00a0\u00bb\"}]},{\"@type\":\"WebSite\",\"@id\":\"https:\/\/www.africa-press.net\/cotedivoire\/#website\",\"url\":\"https:\/\/www.africa-press.net\/cotedivoire\/\",\"name\":\"C\u00f4te d&#039;Ivoire\",\"description\":\"Just another Africa News Agency Sites site\",\"potentialAction\":[{\"@type\":\"SearchAction\",\"target\":{\"@type\":\"EntryPoint\",\"urlTemplate\":\"https:\/\/www.africa-press.net\/cotedivoire\/?s={search_term_string}\"},\"query-input\":{\"@type\":\"PropertyValueSpecification\",\"valueRequired\":true,\"valueName\":\"search_term_string\"}}],\"inLanguage\":\"fr-FR\"},{\"@type\":\"Person\",\"@id\":\"https:\/\/www.africa-press.net\/cotedivoire\/#\/schema\/person\/2b1cf3cd81a31e3cd26889ca66d677f1\",\"name\":\"cfeditorfr\"}]}<\/script>\n<!-- \/ Yoast SEO Premium plugin. -->","yoast_head_json":{"title":"Accident Pk 105\/C\u00f4te-d\u2019Ivoire: Belmonde Dogo r\u00e9conforte les bless\u00e9s \u00ab\u00a0Nous en sortons le c\u0153ur meurtri\u00a0\u00bb - C\u00f4te d&#039;Ivoire","description":"Une collision entre un minibus et un car de compagnie de transport dans la nuit du mercredi 14 juillet a fait 23 morts e ...","robots":{"index":"index","follow":"follow","max-snippet":"max-snippet:-1","max-image-preview":"max-image-preview:large","max-video-preview":"max-video-preview:-1"},"canonical":"https:\/\/www.africa-press.net\/cotedivoire\/toutes-les-actualites\/accident-pk-105-cote-divoire-belmonde-dogo-reconforte-les-blesses-nous-en-sortons-le-coeur-meurtri","og_locale":"fr_FR","og_type":"article","og_title":"Accident Pk 105\/C\u00f4te-d\u2019Ivoire: Belmonde Dogo r\u00e9conforte les bless\u00e9s \u00ab\u00a0Nous en sortons le c\u0153ur meurtri\u00a0\u00bb","og_description":"Une collision entre un minibus et un car de compagnie de transport dans la nuit du mercredi 14 juillet a fait 23 morts e ...","og_url":"https:\/\/www.africa-press.net\/cotedivoire\/toutes-les-actualites\/accident-pk-105-cote-divoire-belmonde-dogo-reconforte-les-blesses-nous-en-sortons-le-coeur-meurtri","og_site_name":"C\u00f4te d&#039;Ivoire","article_published_time":"2021-07-18T15:18:56+00:00","article_modified_time":"2021-07-18T21:06:32+00:00","og_image":[{"width":1080,"height":720,"url":"https:\/\/static.africa-press.net\/cote\/sites\/43\/2021\/07\/img-60f4447391a6f.jpg","type":"image\/jpeg"}],"author":"cfeditorfr","twitter_card":"summary_large_image","twitter_misc":{"\u00c9crit par":"cfeditorfr","Dur\u00e9e de lecture estim\u00e9e":"2 minutes"},"schema":{"@context":"https:\/\/schema.org","@graph":[{"@type":"Article","@id":"https:\/\/www.africa-press.net\/cotedivoire\/toutes-les-actualites\/accident-pk-105-cote-divoire-belmonde-dogo-reconforte-les-blesses-nous-en-sortons-le-coeur-meurtri#article","isPartOf":{"@id":"https:\/\/www.africa-press.net\/cotedivoire\/toutes-les-actualites\/accident-pk-105-cote-divoire-belmonde-dogo-reconforte-les-blesses-nous-en-sortons-le-coeur-meurtri"},"author":{"name":"cfeditorfr","@id":"https:\/\/www.africa-press.net\/cotedivoire\/#\/schema\/person\/2b1cf3cd81a31e3cd26889ca66d677f1"},"headline":"Accident Pk 105\/C\u00f4te-d\u2019Ivoire: Belmonde Dogo r\u00e9conforte les bless\u00e9s \u00ab\u00a0Nous en sortons le c\u0153ur meurtri\u00a0\u00bb","datePublished":"2021-07-18T15:18:56+00:00","dateModified":"2021-07-18T21:06:32+00:00","mainEntityOfPage":{"@id":"https:\/\/www.africa-press.net\/cotedivoire\/toutes-les-actualites\/accident-pk-105-cote-divoire-belmonde-dogo-reconforte-les-blesses-nous-en-sortons-le-coeur-meurtri"},"wordCount":514,"commentCount":0,"image":{"@id":"https:\/\/www.africa-press.net\/cotedivoire\/toutes-les-actualites\/accident-pk-105-cote-divoire-belmonde-dogo-reconforte-les-blesses-nous-en-sortons-le-coeur-meurtri#primaryimage"},"thumbnailUrl":"https:\/\/static.africa-press.net\/cote\/sites\/43\/2021\/07\/img-60f4447391a6f.jpg","keywords":["Africa Press","Africa Press-C\u00f4te d'Ivoire","C\u00d4TE D'IVOIRE"],"articleSection":["Communaut\u00e9","homepage-french","Toutes les actualit\u00e9s"],"inLanguage":"fr-FR","potentialAction":[{"@type":"CommentAction","name":"Comment","target":["https:\/\/www.africa-press.net\/cotedivoire\/toutes-les-actualites\/accident-pk-105-cote-divoire-belmonde-dogo-reconforte-les-blesses-nous-en-sortons-le-coeur-meurtri#respond"]}]},{"@type":"WebPage","@id":"https:\/\/www.africa-press.net\/cotedivoire\/toutes-les-actualites\/accident-pk-105-cote-divoire-belmonde-dogo-reconforte-les-blesses-nous-en-sortons-le-coeur-meurtri","url":"https:\/\/www.africa-press.net\/cotedivoire\/toutes-les-actualites\/accident-pk-105-cote-divoire-belmonde-dogo-reconforte-les-blesses-nous-en-sortons-le-coeur-meurtri","name":"Accident Pk 105\/C\u00f4te-d\u2019Ivoire: Belmonde Dogo r\u00e9conforte les bless\u00e9s \u00ab\u00a0Nous en sortons le c\u0153ur meurtri\u00a0\u00bb - C\u00f4te d&#039;Ivoire","isPartOf":{"@id":"https:\/\/www.africa-press.net\/cotedivoire\/#website"},"primaryImageOfPage":{"@id":"https:\/\/www.africa-press.net\/cotedivoire\/toutes-les-actualites\/accident-pk-105-cote-divoire-belmonde-dogo-reconforte-les-blesses-nous-en-sortons-le-coeur-meurtri#primaryimage"},"image":{"@id":"https:\/\/www.africa-press.net\/cotedivoire\/toutes-les-actualites\/accident-pk-105-cote-divoire-belmonde-dogo-reconforte-les-blesses-nous-en-sortons-le-coeur-meurtri#primaryimage"},"thumbnailUrl":"https:\/\/static.africa-press.net\/cote\/sites\/43\/2021\/07\/img-60f4447391a6f.jpg","datePublished":"2021-07-18T15:18:56+00:00","dateModified":"2021-07-18T21:06:32+00:00","author":{"@id":"https:\/\/www.africa-press.net\/cotedivoire\/#\/schema\/person\/2b1cf3cd81a31e3cd26889ca66d677f1"},"description":"Une collision entre un minibus et un car de compagnie de transport dans la nuit du mercredi 14 juillet a fait 23 morts e ...","breadcrumb":{"@id":"https:\/\/www.africa-press.net\/cotedivoire\/toutes-les-actualites\/accident-pk-105-cote-divoire-belmonde-dogo-reconforte-les-blesses-nous-en-sortons-le-coeur-meurtri#breadcrumb"},"inLanguage":"fr-FR","potentialAction":[{"@type":"ReadAction","target":["https:\/\/www.africa-press.net\/cotedivoire\/toutes-les-actualites\/accident-pk-105-cote-divoire-belmonde-dogo-reconforte-les-blesses-nous-en-sortons-le-coeur-meurtri"]}]},{"@type":"ImageObject","inLanguage":"fr-FR","@id":"https:\/\/www.africa-press.net\/cotedivoire\/toutes-les-actualites\/accident-pk-105-cote-divoire-belmonde-dogo-reconforte-les-blesses-nous-en-sortons-le-coeur-meurtri#primaryimage","url":"https:\/\/static.africa-press.net\/cote\/sites\/43\/2021\/07\/img-60f4447391a6f.jpg","contentUrl":"https:\/\/static.africa-press.net\/cote\/sites\/43\/2021\/07\/img-60f4447391a6f.jpg","width":1080,"height":720,"caption":"Accident Pk 105\/C\u00f4te-d\u2019Ivoire: Belmonde Dogo r\u00e9conforte les bless\u00e9s \u00ab\u00a0Nous en sortons le c\u0153ur meurtri\u00a0\u00bb"},{"@type":"BreadcrumbList","@id":"https:\/\/www.africa-press.net\/cotedivoire\/toutes-les-actualites\/accident-pk-105-cote-divoire-belmonde-dogo-reconforte-les-blesses-nous-en-sortons-le-coeur-meurtri#breadcrumb","itemListElement":[{"@type":"ListItem","position":1,"name":"Accueil","item":"https:\/\/www.africa-press.net\/cotedivoire\/"},{"@type":"ListItem","position":2,"name":"Accident Pk 105\/C\u00f4te-d\u2019Ivoire: Belmonde Dogo r\u00e9conforte les bless\u00e9s \u00ab\u00a0Nous en sortons le c\u0153ur meurtri\u00a0\u00bb"}]},{"@type":"WebSite","@id":"https:\/\/www.africa-press.net\/cotedivoire\/#website","url":"https:\/\/www.africa-press.net\/cotedivoire\/","name":"C\u00f4te d&#039;Ivoire","description":"Just another Africa News Agency Sites site","potentialAction":[{"@type":"SearchAction","target":{"@type":"EntryPoint","urlTemplate":"https:\/\/www.africa-press.net\/cotedivoire\/?s={search_term_string}"},"query-input":{"@type":"PropertyValueSpecification","valueRequired":true,"valueName":"search_term_string"}}],"inLanguage":"fr-FR"},{"@type":"Person","@id":"https:\/\/www.africa-press.net\/cotedivoire\/#\/schema\/person\/2b1cf3cd81a31e3cd26889ca66d677f1","name":"cfeditorfr"}]}},"_links":{"self":[{"href":"https:\/\/www.africa-press.net\/cotedivoire\/wp-json\/wp\/v2\/posts\/10060","targetHints":{"allow":["GET"]}}],"collection":[{"href":"https:\/\/www.africa-press.net\/cotedivoire\/wp-json\/wp\/v2\/posts"}],"about":[{"href":"https:\/\/www.africa-press.net\/cotedivoire\/wp-json\/wp\/v2\/types\/post"}],"author":[{"embeddable":true,"href":"https:\/\/www.africa-press.net\/cotedivoire\/wp-json\/wp\/v2\/users\/82"}],"replies":[{"embeddable":true,"href":"https:\/\/www.africa-press.net\/cotedivoire\/wp-json\/wp\/v2\/comments?post=10060"}],"version-history":[{"count":0,"href":"https:\/\/www.africa-press.net\/cotedivoire\/wp-json\/wp\/v2\/posts\/10060\/revisions"}],"wp:featuredmedia":[{"embeddable":true,"href":"https:\/\/www.africa-press.net\/cotedivoire\/wp-json\/wp\/v2\/media\/10059"}],"wp:attachment":[{"href":"https:\/\/www.africa-press.net\/cotedivoire\/wp-json\/wp\/v2\/media?parent=10060"}],"wp:term":[{"taxonomy":"category","embeddable":true,"href":"https:\/\/www.africa-press.net\/cotedivoire\/wp-json\/wp\/v2\/categories?post=10060"},{"taxonomy":"post_tag","embeddable":true,"href":"https:\/\/www.africa-press.net\/cotedivoire\/wp-json\/wp\/v2\/tags?post=10060"}],"curies":[{"name":"wp","href":"https:\/\/api.w.org\/{rel}","templated":true}]}}