{"id":10066,"date":"2021-07-18T15:37:22","date_gmt":"2021-07-18T15:37:22","guid":{"rendered":"https:\/\/www.africa-press.net\/cotedivoire\/?p=10066"},"modified":"2021-07-18T21:06:59","modified_gmt":"2021-07-18T21:06:59","slug":"150-jeunes-vulnerables-formes-au-centre-de-service-civique-daction-pour-le-developpement-de-bouake","status":"publish","type":"post","link":"https:\/\/www.africa-press.net\/cotedivoire\/culture-et-art\/150-jeunes-vulnerables-formes-au-centre-de-service-civique-daction-pour-le-developpement-de-bouake","title":{"rendered":"150 jeunes \u00ab\u00a0vuln\u00e9rables\u00a0\u00bb form\u00e9s au Centre de service civique d\u2019action pour le D\u00e9veloppement de Bouak\u00e9"},"content":{"rendered":"<p><span style=\"color: #ff6600\"><strong><a href=\"https:\/\/www.africa-press.net\/\">Africa-Press<\/a> &#8211; <a href=\"https:\/\/www.africa-press.net\/cotedivoire\">C\u00f4te d&rsquo;Ivoire<\/a>. <\/strong><\/span>Le Premier Ministre ivoirien, Patrick Achi, a pr\u00e9sid\u00e9 le 17 juillet 2021 \u00e0 Bouak\u00e9, la c\u00e9r\u00e9monie de sortie de la cohorte de 150 stagiaires du Centre de Service Civique d\u2019Action pour le D\u00e9veloppement (CCAD-Bouak\u00e9).<\/p>\n<p>Mis en place par l\u2019Office de Service Civique National (OSCN), le CCAD a pour mission de resocialiser, de former et d\u2019ins\u00e9rer les jeunes en situation de vuln\u00e9rabilit\u00e9. Ils sont recrut\u00e9s selon des crit\u00e8res tels que l\u2019abandon scolaire, l\u2019analphab\u00e9tisme, les addictions \u00e0 la drogue et \u00e0 la l\u2019alcool, l\u2019absence de qualification, le ch\u00f4mage, la marginalisation, la radicalisation, etc\u2026<\/p>\n<p>Les 150 stagiaires (100 gar\u00e7ons et 50 filles) du CCAD ont \u00e9t\u00e9 form\u00e9s aux notions de civisme et de citoyennet\u00e9, avant de recevoir une formation qualifiante dans les domaines de la s\u00e9curit\u00e9 et du commerce. Et ce, pour leur permettre d\u2019apprendre un m\u00e9tier et d\u2019exercer des activit\u00e9s g\u00e9n\u00e9ratrices de revenus apr\u00e8s leur formation.<\/p>\n<p>Patrick Achi a exhort\u00e9 les jeunes \u00e0 prendre des risques, \u00e0 avoir du courage et de l\u2019audace. \u00ab La r\u00e9ussite est li\u00e9e \u00e0 la confiance que nous avons en nous-m\u00eames. C\u2019est elle la premi\u00e8re force. \u00bb, a-t-il conseill\u00e9. Et d\u2019ajouter que le capital humain est primordial, car ce sont les hommes qui transforment et d\u00e9veloppent un pays.<\/p>\n<p>La porte-parole des stagiaires, \u00c9m\u00e9line N\u2019dri Boussi\u00e9, a, au nom de ses condisciples, remerci\u00e9 le gouvernement et tous ses partenaires techniques et financiers pour les bonnes valeurs qui leur ont \u00e9t\u00e9 inculqu\u00e9es. \u00ab Nous prenons l\u2019engagement de travailler pour la paix, la coh\u00e9sion sociale et le d\u00e9veloppement de notre pays \u00bb, a-t-elle assur\u00e9.<\/p>\n<p>Pour Eric N\u2019Guetta Kouam\u00e9, la formation re\u00e7ue au centre va changer sa vie : \u00bb Je remercie le gouvernement pour la formation en s\u00e9curit\u00e9 que j\u2019ai re\u00e7ue, et qui fait de moi un agent de s\u00e9curit\u00e9. Je pourrai travailler et m\u2019occuper de moi-m\u00eame. \u00bb<\/p>\n<p>Quant \u00e0 Aicha Coulibaly, elle dit : \u00bb Je me r\u00e9jouis de la formation re\u00e7ue en commerce. Elle me permettra d\u2019exercer une activit\u00e9, de gagner de l\u2019argent et de me prendre en charge. \u00bb<\/p>\n<p>Auparavant, le Chef du gouvernement s\u2019est r\u00e9joui de l\u2019ouverture du Guichet Emploi Jeune de l\u2019Universit\u00e9 Alassane Ouattara de Bouak\u00e9. \u00bb Ce guichet est un v\u00e9ritable instrument de recherche, de conseil et d\u2019insertion des jeunes dans la vie active et professionnelle. En \u00e9tant sur place, l\u2019\u00e9tudiant \u00e0 la possibilit\u00e9 d\u2019avoir des informations de tous ordres et venant de tous les horizons sur les offres d\u2019emploi \u00bb, a-t-il relev\u00e9.<\/p>\n<p>&nbsp;<\/p>\n<p>&nbsp;<\/p>\n","protected":false},"excerpt":{"rendered":"<p>Africa-Press &#8211; C\u00f4te d&rsquo;Ivoire. Le Premier Ministre ivoirien, Patrick Achi, a pr\u00e9sid\u00e9 le 17 juillet 2021 \u00e0 Bouak\u00e9, la c\u00e9r\u00e9monie de sortie de la cohorte de 150 stagiaires du Centre de Service Civique d\u2019Action pour le D\u00e9veloppement (CCAD-Bouak\u00e9). Mis en place par l\u2019Office de Service Civique National (OSCN), le CCAD a pour mission de resocialiser, [&hellip;]<\/p>\n","protected":false},"author":82,"featured_media":10065,"comment_status":"open","ping_status":"closed","sticky":false,"template":"","format":"standard","meta":{"footnotes":""},"categories":[5,11,10],"tags":[56,63,29],"class_list":["post-10066","post","type-post","status-publish","format-standard","has-post-thumbnail","hentry","category-culture-et-art","category-homepage-french","category-toutes-les-actualites","tag-africa-press","tag-africa-press-cote-divoire","tag-cote-divoire"],"yoast_head":"<!-- This site is optimized with the Yoast SEO Premium plugin v26.1 (Yoast SEO v27.0) - https:\/\/yoast.com\/product\/yoast-seo-premium-wordpress\/ -->\n<title>150 jeunes \u00ab\u00a0vuln\u00e9rables\u00a0\u00bb form\u00e9s au Centre de service civique d\u2019action pour le D\u00e9veloppement de Bouak\u00e9 - C\u00f4te d&#039;Ivoire<\/title>\n<meta name=\"description\" content=\"Le Premier Ministre ivoirien, Patrick Achi, a pr\u00e9sid\u00e9 le 17 juillet 2021 \u00e0 Bouak\u00e9, la c\u00e9r\u00e9monie de sortie de la cohorte ...\" \/>\n<meta name=\"robots\" content=\"index, follow, max-snippet:-1, max-image-preview:large, max-video-preview:-1\" \/>\n<link rel=\"canonical\" href=\"https:\/\/www.africa-press.net\/cotedivoire\/culture-et-art\/150-jeunes-vulnerables-formes-au-centre-de-service-civique-daction-pour-le-developpement-de-bouake\" \/>\n<meta property=\"og:locale\" content=\"fr_FR\" \/>\n<meta property=\"og:type\" content=\"article\" \/>\n<meta property=\"og:title\" content=\"150 jeunes \u00ab\u00a0vuln\u00e9rables\u00a0\u00bb form\u00e9s au Centre de service civique d\u2019action pour le D\u00e9veloppement de Bouak\u00e9\" \/>\n<meta property=\"og:description\" content=\"Le Premier Ministre ivoirien, Patrick Achi, a pr\u00e9sid\u00e9 le 17 juillet 2021 \u00e0 Bouak\u00e9, la c\u00e9r\u00e9monie de sortie de la cohorte ...\" \/>\n<meta property=\"og:url\" content=\"https:\/\/www.africa-press.net\/cotedivoire\/culture-et-art\/150-jeunes-vulnerables-formes-au-centre-de-service-civique-daction-pour-le-developpement-de-bouake\" \/>\n<meta property=\"og:site_name\" content=\"C\u00f4te d&#039;Ivoire\" \/>\n<meta property=\"article:published_time\" content=\"2021-07-18T15:37:22+00:00\" \/>\n<meta property=\"article:modified_time\" content=\"2021-07-18T21:06:59+00:00\" \/>\n<meta property=\"og:image\" content=\"https:\/\/static.africa-press.net\/cote\/sites\/43\/2021\/07\/img-60f444c8cbfaa.jpg\" \/>\n\t<meta property=\"og:image:width\" content=\"1024\" \/>\n\t<meta property=\"og:image:height\" content=\"683\" \/>\n\t<meta property=\"og:image:type\" content=\"image\/jpeg\" \/>\n<meta name=\"author\" content=\"cfeditorfr\" \/>\n<meta name=\"twitter:card\" content=\"summary_large_image\" \/>\n<meta name=\"twitter:label1\" content=\"\u00c9crit par\" \/>\n\t<meta name=\"twitter:data1\" content=\"cfeditorfr\" \/>\n\t<meta name=\"twitter:label2\" content=\"Dur\u00e9e de lecture estim\u00e9e\" \/>\n\t<meta name=\"twitter:data2\" content=\"2 minutes\" \/>\n<script type=\"application\/ld+json\" class=\"yoast-schema-graph\">{\"@context\":\"https:\/\/schema.org\",\"@graph\":[{\"@type\":\"Article\",\"@id\":\"https:\/\/www.africa-press.net\/cotedivoire\/culture-et-art\/150-jeunes-vulnerables-formes-au-centre-de-service-civique-daction-pour-le-developpement-de-bouake#article\",\"isPartOf\":{\"@id\":\"https:\/\/www.africa-press.net\/cotedivoire\/culture-et-art\/150-jeunes-vulnerables-formes-au-centre-de-service-civique-daction-pour-le-developpement-de-bouake\"},\"author\":{\"name\":\"cfeditorfr\",\"@id\":\"https:\/\/www.africa-press.net\/cotedivoire\/#\/schema\/person\/2b1cf3cd81a31e3cd26889ca66d677f1\"},\"headline\":\"150 jeunes \u00ab\u00a0vuln\u00e9rables\u00a0\u00bb form\u00e9s au Centre de service civique d\u2019action pour le D\u00e9veloppement de Bouak\u00e9\",\"datePublished\":\"2021-07-18T15:37:22+00:00\",\"dateModified\":\"2021-07-18T21:06:59+00:00\",\"mainEntityOfPage\":{\"@id\":\"https:\/\/www.africa-press.net\/cotedivoire\/culture-et-art\/150-jeunes-vulnerables-formes-au-centre-de-service-civique-daction-pour-le-developpement-de-bouake\"},\"wordCount\":461,\"commentCount\":0,\"image\":{\"@id\":\"https:\/\/www.africa-press.net\/cotedivoire\/culture-et-art\/150-jeunes-vulnerables-formes-au-centre-de-service-civique-daction-pour-le-developpement-de-bouake#primaryimage\"},\"thumbnailUrl\":\"https:\/\/static.africa-press.net\/cote\/sites\/43\/2021\/07\/img-60f444c8cbfaa.jpg\",\"keywords\":[\"Africa Press\",\"Africa Press-C\u00f4te d'Ivoire\",\"C\u00d4TE D'IVOIRE\"],\"articleSection\":[\"Culture et Art\",\"homepage-french\",\"Toutes les actualit\u00e9s\"],\"inLanguage\":\"fr-FR\",\"potentialAction\":[{\"@type\":\"CommentAction\",\"name\":\"Comment\",\"target\":[\"https:\/\/www.africa-press.net\/cotedivoire\/culture-et-art\/150-jeunes-vulnerables-formes-au-centre-de-service-civique-daction-pour-le-developpement-de-bouake#respond\"]}]},{\"@type\":\"WebPage\",\"@id\":\"https:\/\/www.africa-press.net\/cotedivoire\/culture-et-art\/150-jeunes-vulnerables-formes-au-centre-de-service-civique-daction-pour-le-developpement-de-bouake\",\"url\":\"https:\/\/www.africa-press.net\/cotedivoire\/culture-et-art\/150-jeunes-vulnerables-formes-au-centre-de-service-civique-daction-pour-le-developpement-de-bouake\",\"name\":\"150 jeunes \u00ab\u00a0vuln\u00e9rables\u00a0\u00bb form\u00e9s au Centre de service civique d\u2019action pour le D\u00e9veloppement de Bouak\u00e9 - C\u00f4te d&#039;Ivoire\",\"isPartOf\":{\"@id\":\"https:\/\/www.africa-press.net\/cotedivoire\/#website\"},\"primaryImageOfPage\":{\"@id\":\"https:\/\/www.africa-press.net\/cotedivoire\/culture-et-art\/150-jeunes-vulnerables-formes-au-centre-de-service-civique-daction-pour-le-developpement-de-bouake#primaryimage\"},\"image\":{\"@id\":\"https:\/\/www.africa-press.net\/cotedivoire\/culture-et-art\/150-jeunes-vulnerables-formes-au-centre-de-service-civique-daction-pour-le-developpement-de-bouake#primaryimage\"},\"thumbnailUrl\":\"https:\/\/static.africa-press.net\/cote\/sites\/43\/2021\/07\/img-60f444c8cbfaa.jpg\",\"datePublished\":\"2021-07-18T15:37:22+00:00\",\"dateModified\":\"2021-07-18T21:06:59+00:00\",\"author\":{\"@id\":\"https:\/\/www.africa-press.net\/cotedivoire\/#\/schema\/person\/2b1cf3cd81a31e3cd26889ca66d677f1\"},\"description\":\"Le Premier Ministre ivoirien, Patrick Achi, a pr\u00e9sid\u00e9 le 17 juillet 2021 \u00e0 Bouak\u00e9, la c\u00e9r\u00e9monie de sortie de la cohorte ...\",\"breadcrumb\":{\"@id\":\"https:\/\/www.africa-press.net\/cotedivoire\/culture-et-art\/150-jeunes-vulnerables-formes-au-centre-de-service-civique-daction-pour-le-developpement-de-bouake#breadcrumb\"},\"inLanguage\":\"fr-FR\",\"potentialAction\":[{\"@type\":\"ReadAction\",\"target\":[\"https:\/\/www.africa-press.net\/cotedivoire\/culture-et-art\/150-jeunes-vulnerables-formes-au-centre-de-service-civique-daction-pour-le-developpement-de-bouake\"]}]},{\"@type\":\"ImageObject\",\"inLanguage\":\"fr-FR\",\"@id\":\"https:\/\/www.africa-press.net\/cotedivoire\/culture-et-art\/150-jeunes-vulnerables-formes-au-centre-de-service-civique-daction-pour-le-developpement-de-bouake#primaryimage\",\"url\":\"https:\/\/static.africa-press.net\/cote\/sites\/43\/2021\/07\/img-60f444c8cbfaa.jpg\",\"contentUrl\":\"https:\/\/static.africa-press.net\/cote\/sites\/43\/2021\/07\/img-60f444c8cbfaa.jpg\",\"width\":1024,\"height\":683,\"caption\":\"150 jeunes \u00ab\u00a0vuln\u00e9rables\u00a0\u00bb form\u00e9s au Centre de service civique d\u2019action pour le D\u00e9veloppement de Bouak\u00e9\"},{\"@type\":\"BreadcrumbList\",\"@id\":\"https:\/\/www.africa-press.net\/cotedivoire\/culture-et-art\/150-jeunes-vulnerables-formes-au-centre-de-service-civique-daction-pour-le-developpement-de-bouake#breadcrumb\",\"itemListElement\":[{\"@type\":\"ListItem\",\"position\":1,\"name\":\"Accueil\",\"item\":\"https:\/\/www.africa-press.net\/cotedivoire\/\"},{\"@type\":\"ListItem\",\"position\":2,\"name\":\"150 jeunes \u00ab\u00a0vuln\u00e9rables\u00a0\u00bb form\u00e9s au Centre de service civique d\u2019action pour le D\u00e9veloppement de Bouak\u00e9\"}]},{\"@type\":\"WebSite\",\"@id\":\"https:\/\/www.africa-press.net\/cotedivoire\/#website\",\"url\":\"https:\/\/www.africa-press.net\/cotedivoire\/\",\"name\":\"C\u00f4te d&#039;Ivoire\",\"description\":\"Just another Africa News Agency Sites site\",\"potentialAction\":[{\"@type\":\"SearchAction\",\"target\":{\"@type\":\"EntryPoint\",\"urlTemplate\":\"https:\/\/www.africa-press.net\/cotedivoire\/?s={search_term_string}\"},\"query-input\":{\"@type\":\"PropertyValueSpecification\",\"valueRequired\":true,\"valueName\":\"search_term_string\"}}],\"inLanguage\":\"fr-FR\"},{\"@type\":\"Person\",\"@id\":\"https:\/\/www.africa-press.net\/cotedivoire\/#\/schema\/person\/2b1cf3cd81a31e3cd26889ca66d677f1\",\"name\":\"cfeditorfr\"}]}<\/script>\n<!-- \/ Yoast SEO Premium plugin. -->","yoast_head_json":{"title":"150 jeunes \u00ab\u00a0vuln\u00e9rables\u00a0\u00bb form\u00e9s au Centre de service civique d\u2019action pour le D\u00e9veloppement de Bouak\u00e9 - C\u00f4te d&#039;Ivoire","description":"Le Premier Ministre ivoirien, Patrick Achi, a pr\u00e9sid\u00e9 le 17 juillet 2021 \u00e0 Bouak\u00e9, la c\u00e9r\u00e9monie de sortie de la cohorte ...","robots":{"index":"index","follow":"follow","max-snippet":"max-snippet:-1","max-image-preview":"max-image-preview:large","max-video-preview":"max-video-preview:-1"},"canonical":"https:\/\/www.africa-press.net\/cotedivoire\/culture-et-art\/150-jeunes-vulnerables-formes-au-centre-de-service-civique-daction-pour-le-developpement-de-bouake","og_locale":"fr_FR","og_type":"article","og_title":"150 jeunes \u00ab\u00a0vuln\u00e9rables\u00a0\u00bb form\u00e9s au Centre de service civique d\u2019action pour le D\u00e9veloppement de Bouak\u00e9","og_description":"Le Premier Ministre ivoirien, Patrick Achi, a pr\u00e9sid\u00e9 le 17 juillet 2021 \u00e0 Bouak\u00e9, la c\u00e9r\u00e9monie de sortie de la cohorte ...","og_url":"https:\/\/www.africa-press.net\/cotedivoire\/culture-et-art\/150-jeunes-vulnerables-formes-au-centre-de-service-civique-daction-pour-le-developpement-de-bouake","og_site_name":"C\u00f4te d&#039;Ivoire","article_published_time":"2021-07-18T15:37:22+00:00","article_modified_time":"2021-07-18T21:06:59+00:00","og_image":[{"width":1024,"height":683,"url":"https:\/\/static.africa-press.net\/cote\/sites\/43\/2021\/07\/img-60f444c8cbfaa.jpg","type":"image\/jpeg"}],"author":"cfeditorfr","twitter_card":"summary_large_image","twitter_misc":{"\u00c9crit par":"cfeditorfr","Dur\u00e9e de lecture estim\u00e9e":"2 minutes"},"schema":{"@context":"https:\/\/schema.org","@graph":[{"@type":"Article","@id":"https:\/\/www.africa-press.net\/cotedivoire\/culture-et-art\/150-jeunes-vulnerables-formes-au-centre-de-service-civique-daction-pour-le-developpement-de-bouake#article","isPartOf":{"@id":"https:\/\/www.africa-press.net\/cotedivoire\/culture-et-art\/150-jeunes-vulnerables-formes-au-centre-de-service-civique-daction-pour-le-developpement-de-bouake"},"author":{"name":"cfeditorfr","@id":"https:\/\/www.africa-press.net\/cotedivoire\/#\/schema\/person\/2b1cf3cd81a31e3cd26889ca66d677f1"},"headline":"150 jeunes \u00ab\u00a0vuln\u00e9rables\u00a0\u00bb form\u00e9s au Centre de service civique d\u2019action pour le D\u00e9veloppement de Bouak\u00e9","datePublished":"2021-07-18T15:37:22+00:00","dateModified":"2021-07-18T21:06:59+00:00","mainEntityOfPage":{"@id":"https:\/\/www.africa-press.net\/cotedivoire\/culture-et-art\/150-jeunes-vulnerables-formes-au-centre-de-service-civique-daction-pour-le-developpement-de-bouake"},"wordCount":461,"commentCount":0,"image":{"@id":"https:\/\/www.africa-press.net\/cotedivoire\/culture-et-art\/150-jeunes-vulnerables-formes-au-centre-de-service-civique-daction-pour-le-developpement-de-bouake#primaryimage"},"thumbnailUrl":"https:\/\/static.africa-press.net\/cote\/sites\/43\/2021\/07\/img-60f444c8cbfaa.jpg","keywords":["Africa Press","Africa Press-C\u00f4te d'Ivoire","C\u00d4TE D'IVOIRE"],"articleSection":["Culture et Art","homepage-french","Toutes les actualit\u00e9s"],"inLanguage":"fr-FR","potentialAction":[{"@type":"CommentAction","name":"Comment","target":["https:\/\/www.africa-press.net\/cotedivoire\/culture-et-art\/150-jeunes-vulnerables-formes-au-centre-de-service-civique-daction-pour-le-developpement-de-bouake#respond"]}]},{"@type":"WebPage","@id":"https:\/\/www.africa-press.net\/cotedivoire\/culture-et-art\/150-jeunes-vulnerables-formes-au-centre-de-service-civique-daction-pour-le-developpement-de-bouake","url":"https:\/\/www.africa-press.net\/cotedivoire\/culture-et-art\/150-jeunes-vulnerables-formes-au-centre-de-service-civique-daction-pour-le-developpement-de-bouake","name":"150 jeunes \u00ab\u00a0vuln\u00e9rables\u00a0\u00bb form\u00e9s au Centre de service civique d\u2019action pour le D\u00e9veloppement de Bouak\u00e9 - C\u00f4te d&#039;Ivoire","isPartOf":{"@id":"https:\/\/www.africa-press.net\/cotedivoire\/#website"},"primaryImageOfPage":{"@id":"https:\/\/www.africa-press.net\/cotedivoire\/culture-et-art\/150-jeunes-vulnerables-formes-au-centre-de-service-civique-daction-pour-le-developpement-de-bouake#primaryimage"},"image":{"@id":"https:\/\/www.africa-press.net\/cotedivoire\/culture-et-art\/150-jeunes-vulnerables-formes-au-centre-de-service-civique-daction-pour-le-developpement-de-bouake#primaryimage"},"thumbnailUrl":"https:\/\/static.africa-press.net\/cote\/sites\/43\/2021\/07\/img-60f444c8cbfaa.jpg","datePublished":"2021-07-18T15:37:22+00:00","dateModified":"2021-07-18T21:06:59+00:00","author":{"@id":"https:\/\/www.africa-press.net\/cotedivoire\/#\/schema\/person\/2b1cf3cd81a31e3cd26889ca66d677f1"},"description":"Le Premier Ministre ivoirien, Patrick Achi, a pr\u00e9sid\u00e9 le 17 juillet 2021 \u00e0 Bouak\u00e9, la c\u00e9r\u00e9monie de sortie de la cohorte ...","breadcrumb":{"@id":"https:\/\/www.africa-press.net\/cotedivoire\/culture-et-art\/150-jeunes-vulnerables-formes-au-centre-de-service-civique-daction-pour-le-developpement-de-bouake#breadcrumb"},"inLanguage":"fr-FR","potentialAction":[{"@type":"ReadAction","target":["https:\/\/www.africa-press.net\/cotedivoire\/culture-et-art\/150-jeunes-vulnerables-formes-au-centre-de-service-civique-daction-pour-le-developpement-de-bouake"]}]},{"@type":"ImageObject","inLanguage":"fr-FR","@id":"https:\/\/www.africa-press.net\/cotedivoire\/culture-et-art\/150-jeunes-vulnerables-formes-au-centre-de-service-civique-daction-pour-le-developpement-de-bouake#primaryimage","url":"https:\/\/static.africa-press.net\/cote\/sites\/43\/2021\/07\/img-60f444c8cbfaa.jpg","contentUrl":"https:\/\/static.africa-press.net\/cote\/sites\/43\/2021\/07\/img-60f444c8cbfaa.jpg","width":1024,"height":683,"caption":"150 jeunes \u00ab\u00a0vuln\u00e9rables\u00a0\u00bb form\u00e9s au Centre de service civique d\u2019action pour le D\u00e9veloppement de Bouak\u00e9"},{"@type":"BreadcrumbList","@id":"https:\/\/www.africa-press.net\/cotedivoire\/culture-et-art\/150-jeunes-vulnerables-formes-au-centre-de-service-civique-daction-pour-le-developpement-de-bouake#breadcrumb","itemListElement":[{"@type":"ListItem","position":1,"name":"Accueil","item":"https:\/\/www.africa-press.net\/cotedivoire\/"},{"@type":"ListItem","position":2,"name":"150 jeunes \u00ab\u00a0vuln\u00e9rables\u00a0\u00bb form\u00e9s au Centre de service civique d\u2019action pour le D\u00e9veloppement de Bouak\u00e9"}]},{"@type":"WebSite","@id":"https:\/\/www.africa-press.net\/cotedivoire\/#website","url":"https:\/\/www.africa-press.net\/cotedivoire\/","name":"C\u00f4te d&#039;Ivoire","description":"Just another Africa News Agency Sites site","potentialAction":[{"@type":"SearchAction","target":{"@type":"EntryPoint","urlTemplate":"https:\/\/www.africa-press.net\/cotedivoire\/?s={search_term_string}"},"query-input":{"@type":"PropertyValueSpecification","valueRequired":true,"valueName":"search_term_string"}}],"inLanguage":"fr-FR"},{"@type":"Person","@id":"https:\/\/www.africa-press.net\/cotedivoire\/#\/schema\/person\/2b1cf3cd81a31e3cd26889ca66d677f1","name":"cfeditorfr"}]}},"_links":{"self":[{"href":"https:\/\/www.africa-press.net\/cotedivoire\/wp-json\/wp\/v2\/posts\/10066","targetHints":{"allow":["GET"]}}],"collection":[{"href":"https:\/\/www.africa-press.net\/cotedivoire\/wp-json\/wp\/v2\/posts"}],"about":[{"href":"https:\/\/www.africa-press.net\/cotedivoire\/wp-json\/wp\/v2\/types\/post"}],"author":[{"embeddable":true,"href":"https:\/\/www.africa-press.net\/cotedivoire\/wp-json\/wp\/v2\/users\/82"}],"replies":[{"embeddable":true,"href":"https:\/\/www.africa-press.net\/cotedivoire\/wp-json\/wp\/v2\/comments?post=10066"}],"version-history":[{"count":0,"href":"https:\/\/www.africa-press.net\/cotedivoire\/wp-json\/wp\/v2\/posts\/10066\/revisions"}],"wp:featuredmedia":[{"embeddable":true,"href":"https:\/\/www.africa-press.net\/cotedivoire\/wp-json\/wp\/v2\/media\/10065"}],"wp:attachment":[{"href":"https:\/\/www.africa-press.net\/cotedivoire\/wp-json\/wp\/v2\/media?parent=10066"}],"wp:term":[{"taxonomy":"category","embeddable":true,"href":"https:\/\/www.africa-press.net\/cotedivoire\/wp-json\/wp\/v2\/categories?post=10066"},{"taxonomy":"post_tag","embeddable":true,"href":"https:\/\/www.africa-press.net\/cotedivoire\/wp-json\/wp\/v2\/tags?post=10066"}],"curies":[{"name":"wp","href":"https:\/\/api.w.org\/{rel}","templated":true}]}}