{"id":100700,"date":"2025-06-14T07:07:11","date_gmt":"2025-06-14T07:07:11","guid":{"rendered":"https:\/\/www.africa-press.net\/cotedivoire\/politique\/emissaire-de-lua-pour-eviter-une-crise-en-cote-divoire"},"modified":"2025-06-14T07:25:57","modified_gmt":"2025-06-14T07:25:57","slug":"emissaire-de-lua-pour-eviter-une-crise-en-cote-divoire","status":"publish","type":"post","link":"https:\/\/www.africa-press.net\/cotedivoire\/politique\/emissaire-de-lua-pour-eviter-une-crise-en-cote-divoire","title":{"rendered":"\u00c9missaire de l&rsquo;UA pour \u00e9viter une crise en C\u00f4te d&rsquo;Ivoire"},"content":{"rendered":"<p><span style=\"color: #ff6600\"><strong>Africa-Press &#8211; C\u00f4te d&rsquo;Ivoire. <\/strong><\/span>Pre\u0301sente en Co\u0302te d\u2019Ivoire dans le cadre d\u2019une mission d\u2019e\u0301valuation pre\u0301e\u0301lectorale, une de\u0301le\u0301gation de l\u2019Union africaine, conduite par SEM, Mahamat Saleh Annadif, ancien ministre des Affaires e\u0301trange\u0300res de la Re\u0301publique du Tchad, a e\u0301change\u0301 avec les autorite\u0301s du Conseil National des Droits de l\u2019homme (CNDH), rapporte une note de l\u2019institution.<\/p>\n<p>A l\u2019occasion de cette rencontre, la premie\u0300re d\u2019une se\u0301rie de rendez-vous, l\u2019e\u0301missaire de l\u2019UA, a indique\u0301 a\u0300 l\u2019entame que l\u2019Union africaine suit de pre\u0300s ce qui se passe en Co\u0302te d\u2019Ivoire avec une attention particulie\u0300re.<\/p>\n<p>\u00ab Nous sommes venus pour voir comment faire pour e\u0301viter que la Co\u0302te d\u2019Ivoire ne revive, ce qu\u2019elle a de\u0301ja\u0300 ve\u0301cu par le passe\u0301. Et voir en quoi nous pouvons e\u0302tre encore plus utiles pour trouver un compromis entre les diffe\u0301rents acteurs pour des e\u0301lections apaise\u0301es en Co\u0302te d\u2019Ivoire. \u00bb<\/p>\n<p>Au terme de ces e\u0301changes, la pre\u0301sidente du Conseil National des Droits de l\u2019Homme (CNDH) s\u2019est fe\u0301licite\u0301e du de\u0301ploiement de cette mission, en ce qu\u2019elle pourrait contribuer efficacement a\u0300 des e\u0301lections apaise\u0301es en Co\u0302te d\u2019Ivoire.<\/p>\n<p>Notons qu\u2019a\u0300 l\u2019occasion de cette mission qui se tiendra du 10 au 15 juin, il est pre\u0301vu sur l\u2019agenda de cette de\u0301le\u0301gation de l\u2019Union Africaine, une se\u0301rie de rencontres avec les autorite\u0301s e\u0301tatiques, les responsables d\u2019institution, les acteurs politiques et ceux de la socie\u0301te\u0301 civile.<\/p>\n<p><strong>Pour plus d&rsquo;informations et d&rsquo;analyses sur la <span style=\"color: #ff6600\">C\u00f4te d&rsquo;Ivoire<\/span>, suivez <span style=\"color: #ff6600\">Africa-Press<\/span><\/strong><\/p>\n","protected":false},"excerpt":{"rendered":"<p>Africa-Press &#8211; C\u00f4te d&rsquo;Ivoire. Pre\u0301sente en Co\u0302te d\u2019Ivoire dans le cadre d\u2019une mission d\u2019e\u0301valuation pre\u0301e\u0301lectorale, une de\u0301le\u0301gation de l\u2019Union africaine, conduite par SEM, Mahamat Saleh Annadif, ancien ministre des Affaires e\u0301trange\u0300res de la Re\u0301publique du Tchad, a e\u0301change\u0301 avec les autorite\u0301s du Conseil National des Droits de l\u2019homme (CNDH), rapporte une note de l\u2019institution. A [&hellip;]<\/p>\n","protected":false},"author":82,"featured_media":100699,"comment_status":"open","ping_status":"closed","sticky":false,"template":"","format":"standard","meta":{"footnotes":""},"categories":[2,10],"tags":[519,29,7999,312],"class_list":["post-100700","post","type-post","status-publish","format-standard","has-post-thumbnail","hentry","category-politique","category-toutes-les-actualites","tag-cndh","tag-cote-divoire","tag-mahamat-saleh-annadif","tag-presidentielle"],"yoast_head":"<!-- This site is optimized with the Yoast SEO Premium plugin v26.1 (Yoast SEO v27.0) - https:\/\/yoast.com\/product\/yoast-seo-premium-wordpress\/ -->\n<title>\u00c9missaire de l&#039;UA pour \u00e9viter une crise en C\u00f4te d&#039;Ivoire - C\u00f4te d&#039;Ivoire<\/title>\n<meta name=\"description\" content=\"Pre\u0301sente en Co\u0302te d\u2019Ivoire dans le cadre d\u2019une mission d\u2019e\u0301valuation pre\u0301e\u0301lectorale, une de\u0301le\u0301gation de l\u2019Union afric ...\" \/>\n<meta name=\"robots\" content=\"index, follow, max-snippet:-1, max-image-preview:large, max-video-preview:-1\" \/>\n<link rel=\"canonical\" href=\"https:\/\/www.africa-press.net\/cotedivoire\/politique\/emissaire-de-lua-pour-eviter-une-crise-en-cote-divoire\" \/>\n<meta property=\"og:locale\" content=\"fr_FR\" \/>\n<meta property=\"og:type\" content=\"article\" \/>\n<meta property=\"og:title\" content=\"\u00c9missaire de l&#039;UA pour \u00e9viter une crise en C\u00f4te d&#039;Ivoire\" \/>\n<meta property=\"og:description\" content=\"Pre\u0301sente en Co\u0302te d\u2019Ivoire dans le cadre d\u2019une mission d\u2019e\u0301valuation pre\u0301e\u0301lectorale, une de\u0301le\u0301gation de l\u2019Union afric ...\" \/>\n<meta property=\"og:url\" content=\"https:\/\/www.africa-press.net\/cotedivoire\/politique\/emissaire-de-lua-pour-eviter-une-crise-en-cote-divoire\" \/>\n<meta property=\"og:site_name\" content=\"C\u00f4te d&#039;Ivoire\" \/>\n<meta property=\"article:published_time\" content=\"2025-06-14T07:07:11+00:00\" \/>\n<meta property=\"article:modified_time\" content=\"2025-06-14T07:25:57+00:00\" \/>\n<meta property=\"og:image\" content=\"https:\/\/static.africa-press.net\/cote\/sites\/43\/2025\/06\/sm_1749873246.987478.jpg\" \/>\n\t<meta property=\"og:image:width\" content=\"720\" \/>\n\t<meta property=\"og:image:height\" content=\"546\" \/>\n\t<meta property=\"og:image:type\" content=\"image\/jpeg\" \/>\n<meta name=\"author\" content=\"cfeditorfr\" \/>\n<meta name=\"twitter:card\" content=\"summary_large_image\" \/>\n<meta name=\"twitter:label1\" content=\"\u00c9crit par\" \/>\n\t<meta name=\"twitter:data1\" content=\"cfeditorfr\" \/>\n\t<meta name=\"twitter:label2\" content=\"Dur\u00e9e de lecture estim\u00e9e\" \/>\n\t<meta name=\"twitter:data2\" content=\"1 minute\" \/>\n<script type=\"application\/ld+json\" class=\"yoast-schema-graph\">{\"@context\":\"https:\/\/schema.org\",\"@graph\":[{\"@type\":\"Article\",\"@id\":\"https:\/\/www.africa-press.net\/cotedivoire\/politique\/emissaire-de-lua-pour-eviter-une-crise-en-cote-divoire#article\",\"isPartOf\":{\"@id\":\"https:\/\/www.africa-press.net\/cotedivoire\/politique\/emissaire-de-lua-pour-eviter-une-crise-en-cote-divoire\"},\"author\":{\"name\":\"cfeditorfr\",\"@id\":\"https:\/\/www.africa-press.net\/cotedivoire\/#\/schema\/person\/2b1cf3cd81a31e3cd26889ca66d677f1\"},\"headline\":\"\u00c9missaire de l&rsquo;UA pour \u00e9viter une crise en C\u00f4te d&rsquo;Ivoire\",\"datePublished\":\"2025-06-14T07:07:11+00:00\",\"dateModified\":\"2025-06-14T07:25:57+00:00\",\"mainEntityOfPage\":{\"@id\":\"https:\/\/www.africa-press.net\/cotedivoire\/politique\/emissaire-de-lua-pour-eviter-une-crise-en-cote-divoire\"},\"wordCount\":312,\"commentCount\":0,\"image\":{\"@id\":\"https:\/\/www.africa-press.net\/cotedivoire\/politique\/emissaire-de-lua-pour-eviter-une-crise-en-cote-divoire#primaryimage\"},\"thumbnailUrl\":\"https:\/\/static.africa-press.net\/cote\/sites\/43\/2025\/06\/sm_1749873246.987478.jpg\",\"keywords\":[\"CNDH\",\"C\u00d4TE D'IVOIRE\",\"Mahamat Saleh Annadif\",\"pr\u00e9sidentielle\"],\"articleSection\":[\"Politique\",\"Toutes les actualit\u00e9s\"],\"inLanguage\":\"fr-FR\",\"potentialAction\":[{\"@type\":\"CommentAction\",\"name\":\"Comment\",\"target\":[\"https:\/\/www.africa-press.net\/cotedivoire\/politique\/emissaire-de-lua-pour-eviter-une-crise-en-cote-divoire#respond\"]}]},{\"@type\":\"WebPage\",\"@id\":\"https:\/\/www.africa-press.net\/cotedivoire\/politique\/emissaire-de-lua-pour-eviter-une-crise-en-cote-divoire\",\"url\":\"https:\/\/www.africa-press.net\/cotedivoire\/politique\/emissaire-de-lua-pour-eviter-une-crise-en-cote-divoire\",\"name\":\"\u00c9missaire de l'UA pour \u00e9viter une crise en C\u00f4te d'Ivoire - C\u00f4te d&#039;Ivoire\",\"isPartOf\":{\"@id\":\"https:\/\/www.africa-press.net\/cotedivoire\/#website\"},\"primaryImageOfPage\":{\"@id\":\"https:\/\/www.africa-press.net\/cotedivoire\/politique\/emissaire-de-lua-pour-eviter-une-crise-en-cote-divoire#primaryimage\"},\"image\":{\"@id\":\"https:\/\/www.africa-press.net\/cotedivoire\/politique\/emissaire-de-lua-pour-eviter-une-crise-en-cote-divoire#primaryimage\"},\"thumbnailUrl\":\"https:\/\/static.africa-press.net\/cote\/sites\/43\/2025\/06\/sm_1749873246.987478.jpg\",\"datePublished\":\"2025-06-14T07:07:11+00:00\",\"dateModified\":\"2025-06-14T07:25:57+00:00\",\"author\":{\"@id\":\"https:\/\/www.africa-press.net\/cotedivoire\/#\/schema\/person\/2b1cf3cd81a31e3cd26889ca66d677f1\"},\"description\":\"Pre\u0301sente en Co\u0302te d\u2019Ivoire dans le cadre d\u2019une mission d\u2019e\u0301valuation pre\u0301e\u0301lectorale, une de\u0301le\u0301gation de l\u2019Union afric ...\",\"breadcrumb\":{\"@id\":\"https:\/\/www.africa-press.net\/cotedivoire\/politique\/emissaire-de-lua-pour-eviter-une-crise-en-cote-divoire#breadcrumb\"},\"inLanguage\":\"fr-FR\",\"potentialAction\":[{\"@type\":\"ReadAction\",\"target\":[\"https:\/\/www.africa-press.net\/cotedivoire\/politique\/emissaire-de-lua-pour-eviter-une-crise-en-cote-divoire\"]}]},{\"@type\":\"ImageObject\",\"inLanguage\":\"fr-FR\",\"@id\":\"https:\/\/www.africa-press.net\/cotedivoire\/politique\/emissaire-de-lua-pour-eviter-une-crise-en-cote-divoire#primaryimage\",\"url\":\"https:\/\/static.africa-press.net\/cote\/sites\/43\/2025\/06\/sm_1749873246.987478.jpg\",\"contentUrl\":\"https:\/\/static.africa-press.net\/cote\/sites\/43\/2025\/06\/sm_1749873246.987478.jpg\",\"width\":720,\"height\":546,\"caption\":\"\u00c9missaire de l'UA pour \u00e9viter une crise en C\u00f4te d'Ivoire\"},{\"@type\":\"BreadcrumbList\",\"@id\":\"https:\/\/www.africa-press.net\/cotedivoire\/politique\/emissaire-de-lua-pour-eviter-une-crise-en-cote-divoire#breadcrumb\",\"itemListElement\":[{\"@type\":\"ListItem\",\"position\":1,\"name\":\"Accueil\",\"item\":\"https:\/\/www.africa-press.net\/cotedivoire\/\"},{\"@type\":\"ListItem\",\"position\":2,\"name\":\"\u00c9missaire de l&#8217;UA pour \u00e9viter une crise en C\u00f4te d&#8217;Ivoire\"}]},{\"@type\":\"WebSite\",\"@id\":\"https:\/\/www.africa-press.net\/cotedivoire\/#website\",\"url\":\"https:\/\/www.africa-press.net\/cotedivoire\/\",\"name\":\"C\u00f4te d&#039;Ivoire\",\"description\":\"Just another Africa News Agency Sites site\",\"potentialAction\":[{\"@type\":\"SearchAction\",\"target\":{\"@type\":\"EntryPoint\",\"urlTemplate\":\"https:\/\/www.africa-press.net\/cotedivoire\/?s={search_term_string}\"},\"query-input\":{\"@type\":\"PropertyValueSpecification\",\"valueRequired\":true,\"valueName\":\"search_term_string\"}}],\"inLanguage\":\"fr-FR\"},{\"@type\":\"Person\",\"@id\":\"https:\/\/www.africa-press.net\/cotedivoire\/#\/schema\/person\/2b1cf3cd81a31e3cd26889ca66d677f1\",\"name\":\"cfeditorfr\"}]}<\/script>\n<!-- \/ Yoast SEO Premium plugin. -->","yoast_head_json":{"title":"\u00c9missaire de l'UA pour \u00e9viter une crise en C\u00f4te d'Ivoire - C\u00f4te d&#039;Ivoire","description":"Pre\u0301sente en Co\u0302te d\u2019Ivoire dans le cadre d\u2019une mission d\u2019e\u0301valuation pre\u0301e\u0301lectorale, une de\u0301le\u0301gation de l\u2019Union afric ...","robots":{"index":"index","follow":"follow","max-snippet":"max-snippet:-1","max-image-preview":"max-image-preview:large","max-video-preview":"max-video-preview:-1"},"canonical":"https:\/\/www.africa-press.net\/cotedivoire\/politique\/emissaire-de-lua-pour-eviter-une-crise-en-cote-divoire","og_locale":"fr_FR","og_type":"article","og_title":"\u00c9missaire de l'UA pour \u00e9viter une crise en C\u00f4te d'Ivoire","og_description":"Pre\u0301sente en Co\u0302te d\u2019Ivoire dans le cadre d\u2019une mission d\u2019e\u0301valuation pre\u0301e\u0301lectorale, une de\u0301le\u0301gation de l\u2019Union afric ...","og_url":"https:\/\/www.africa-press.net\/cotedivoire\/politique\/emissaire-de-lua-pour-eviter-une-crise-en-cote-divoire","og_site_name":"C\u00f4te d&#039;Ivoire","article_published_time":"2025-06-14T07:07:11+00:00","article_modified_time":"2025-06-14T07:25:57+00:00","og_image":[{"width":720,"height":546,"url":"https:\/\/static.africa-press.net\/cote\/sites\/43\/2025\/06\/sm_1749873246.987478.jpg","type":"image\/jpeg"}],"author":"cfeditorfr","twitter_card":"summary_large_image","twitter_misc":{"\u00c9crit par":"cfeditorfr","Dur\u00e9e de lecture estim\u00e9e":"1 minute"},"schema":{"@context":"https:\/\/schema.org","@graph":[{"@type":"Article","@id":"https:\/\/www.africa-press.net\/cotedivoire\/politique\/emissaire-de-lua-pour-eviter-une-crise-en-cote-divoire#article","isPartOf":{"@id":"https:\/\/www.africa-press.net\/cotedivoire\/politique\/emissaire-de-lua-pour-eviter-une-crise-en-cote-divoire"},"author":{"name":"cfeditorfr","@id":"https:\/\/www.africa-press.net\/cotedivoire\/#\/schema\/person\/2b1cf3cd81a31e3cd26889ca66d677f1"},"headline":"\u00c9missaire de l&rsquo;UA pour \u00e9viter une crise en C\u00f4te d&rsquo;Ivoire","datePublished":"2025-06-14T07:07:11+00:00","dateModified":"2025-06-14T07:25:57+00:00","mainEntityOfPage":{"@id":"https:\/\/www.africa-press.net\/cotedivoire\/politique\/emissaire-de-lua-pour-eviter-une-crise-en-cote-divoire"},"wordCount":312,"commentCount":0,"image":{"@id":"https:\/\/www.africa-press.net\/cotedivoire\/politique\/emissaire-de-lua-pour-eviter-une-crise-en-cote-divoire#primaryimage"},"thumbnailUrl":"https:\/\/static.africa-press.net\/cote\/sites\/43\/2025\/06\/sm_1749873246.987478.jpg","keywords":["CNDH","C\u00d4TE D'IVOIRE","Mahamat Saleh Annadif","pr\u00e9sidentielle"],"articleSection":["Politique","Toutes les actualit\u00e9s"],"inLanguage":"fr-FR","potentialAction":[{"@type":"CommentAction","name":"Comment","target":["https:\/\/www.africa-press.net\/cotedivoire\/politique\/emissaire-de-lua-pour-eviter-une-crise-en-cote-divoire#respond"]}]},{"@type":"WebPage","@id":"https:\/\/www.africa-press.net\/cotedivoire\/politique\/emissaire-de-lua-pour-eviter-une-crise-en-cote-divoire","url":"https:\/\/www.africa-press.net\/cotedivoire\/politique\/emissaire-de-lua-pour-eviter-une-crise-en-cote-divoire","name":"\u00c9missaire de l'UA pour \u00e9viter une crise en C\u00f4te d'Ivoire - C\u00f4te d&#039;Ivoire","isPartOf":{"@id":"https:\/\/www.africa-press.net\/cotedivoire\/#website"},"primaryImageOfPage":{"@id":"https:\/\/www.africa-press.net\/cotedivoire\/politique\/emissaire-de-lua-pour-eviter-une-crise-en-cote-divoire#primaryimage"},"image":{"@id":"https:\/\/www.africa-press.net\/cotedivoire\/politique\/emissaire-de-lua-pour-eviter-une-crise-en-cote-divoire#primaryimage"},"thumbnailUrl":"https:\/\/static.africa-press.net\/cote\/sites\/43\/2025\/06\/sm_1749873246.987478.jpg","datePublished":"2025-06-14T07:07:11+00:00","dateModified":"2025-06-14T07:25:57+00:00","author":{"@id":"https:\/\/www.africa-press.net\/cotedivoire\/#\/schema\/person\/2b1cf3cd81a31e3cd26889ca66d677f1"},"description":"Pre\u0301sente en Co\u0302te d\u2019Ivoire dans le cadre d\u2019une mission d\u2019e\u0301valuation pre\u0301e\u0301lectorale, une de\u0301le\u0301gation de l\u2019Union afric ...","breadcrumb":{"@id":"https:\/\/www.africa-press.net\/cotedivoire\/politique\/emissaire-de-lua-pour-eviter-une-crise-en-cote-divoire#breadcrumb"},"inLanguage":"fr-FR","potentialAction":[{"@type":"ReadAction","target":["https:\/\/www.africa-press.net\/cotedivoire\/politique\/emissaire-de-lua-pour-eviter-une-crise-en-cote-divoire"]}]},{"@type":"ImageObject","inLanguage":"fr-FR","@id":"https:\/\/www.africa-press.net\/cotedivoire\/politique\/emissaire-de-lua-pour-eviter-une-crise-en-cote-divoire#primaryimage","url":"https:\/\/static.africa-press.net\/cote\/sites\/43\/2025\/06\/sm_1749873246.987478.jpg","contentUrl":"https:\/\/static.africa-press.net\/cote\/sites\/43\/2025\/06\/sm_1749873246.987478.jpg","width":720,"height":546,"caption":"\u00c9missaire de l'UA pour \u00e9viter une crise en C\u00f4te d'Ivoire"},{"@type":"BreadcrumbList","@id":"https:\/\/www.africa-press.net\/cotedivoire\/politique\/emissaire-de-lua-pour-eviter-une-crise-en-cote-divoire#breadcrumb","itemListElement":[{"@type":"ListItem","position":1,"name":"Accueil","item":"https:\/\/www.africa-press.net\/cotedivoire\/"},{"@type":"ListItem","position":2,"name":"\u00c9missaire de l&#8217;UA pour \u00e9viter une crise en C\u00f4te d&#8217;Ivoire"}]},{"@type":"WebSite","@id":"https:\/\/www.africa-press.net\/cotedivoire\/#website","url":"https:\/\/www.africa-press.net\/cotedivoire\/","name":"C\u00f4te d&#039;Ivoire","description":"Just another Africa News Agency Sites site","potentialAction":[{"@type":"SearchAction","target":{"@type":"EntryPoint","urlTemplate":"https:\/\/www.africa-press.net\/cotedivoire\/?s={search_term_string}"},"query-input":{"@type":"PropertyValueSpecification","valueRequired":true,"valueName":"search_term_string"}}],"inLanguage":"fr-FR"},{"@type":"Person","@id":"https:\/\/www.africa-press.net\/cotedivoire\/#\/schema\/person\/2b1cf3cd81a31e3cd26889ca66d677f1","name":"cfeditorfr"}]}},"_links":{"self":[{"href":"https:\/\/www.africa-press.net\/cotedivoire\/wp-json\/wp\/v2\/posts\/100700","targetHints":{"allow":["GET"]}}],"collection":[{"href":"https:\/\/www.africa-press.net\/cotedivoire\/wp-json\/wp\/v2\/posts"}],"about":[{"href":"https:\/\/www.africa-press.net\/cotedivoire\/wp-json\/wp\/v2\/types\/post"}],"author":[{"embeddable":true,"href":"https:\/\/www.africa-press.net\/cotedivoire\/wp-json\/wp\/v2\/users\/82"}],"replies":[{"embeddable":true,"href":"https:\/\/www.africa-press.net\/cotedivoire\/wp-json\/wp\/v2\/comments?post=100700"}],"version-history":[{"count":0,"href":"https:\/\/www.africa-press.net\/cotedivoire\/wp-json\/wp\/v2\/posts\/100700\/revisions"}],"wp:featuredmedia":[{"embeddable":true,"href":"https:\/\/www.africa-press.net\/cotedivoire\/wp-json\/wp\/v2\/media\/100699"}],"wp:attachment":[{"href":"https:\/\/www.africa-press.net\/cotedivoire\/wp-json\/wp\/v2\/media?parent=100700"}],"wp:term":[{"taxonomy":"category","embeddable":true,"href":"https:\/\/www.africa-press.net\/cotedivoire\/wp-json\/wp\/v2\/categories?post=100700"},{"taxonomy":"post_tag","embeddable":true,"href":"https:\/\/www.africa-press.net\/cotedivoire\/wp-json\/wp\/v2\/tags?post=100700"}],"curies":[{"name":"wp","href":"https:\/\/api.w.org\/{rel}","templated":true}]}}